{"id":109219,"date":"2024-04-12T15:40:56","date_gmt":"2024-04-12T15:40:56","guid":{"rendered":"https:\/\/quehacerpolitico.mx\/?p=109219"},"modified":"2024-04-12T15:40:58","modified_gmt":"2024-04-12T15:40:58","slug":"muere-la-actriz-lorena-velazquez-a-los-86-anos-de-edad","status":"publish","type":"post","link":"https:\/\/quehacerpolitico.mx\/?p=109219","title":{"rendered":"Muere la actriz Lorena Vel\u00e1zquez a los 86 a\u00f1os de edad"},"content":{"rendered":"\n<p>Por Redacci\u00f3n QP<\/p>\n\n\n\n<p>La primera actriz Lorena Vel\u00e1zquez muri\u00f3 a los 86 a\u00f1os dejando un legado \u00fanico en el mundo del cine mexicano y la televisi\u00f3n<\/p>\n\n\n\n<p>La actriz&nbsp;<strong>Lorena Vel\u00e1zquez<\/strong>, conocida como la<strong>&nbsp;\u2018Reina del cine fant\u00e1stico\u2019&nbsp;<\/strong>muri\u00f3 a los 86 a\u00f1os dejando un legado \u00fanico en el mundo del cine mexicano y la televisi\u00f3n.<\/p>\n\n\n\n<p>Conocida por sus participaciones en el cine de luchadores junto a estrellas como\u00a0<strong>El Santo<\/strong>, Vel\u00e1zquez logr\u00f3 convertirse en una de las figuras m\u00edticas del cine de culto.<\/p>\n\n\n\n<figure class=\"wp-block-embed is-type-rich is-provider-twitter wp-block-embed-twitter\"><div class=\"wp-block-embed__wrapper\">\n<blockquote class=\"twitter-tweet\" data-width=\"550\" data-dnt=\"true\"><p lang=\"es\" dir=\"ltr\">La Asociaci\u00f3n Nacional de Actores lamenta profundamente el fallecimiento de nuestra compa\u00f1era Lorena Vel\u00e1zquez. Nuestras condolencias a sus familiares, amigos y compa\u00f1eros. Descanse en Paz. <a href=\"https:\/\/t.co\/9NqTlcVtou\">pic.twitter.com\/9NqTlcVtou<\/a><\/p>&mdash; Asociaci\u00f3n Nacional de Actores (@andactores) <a href=\"https:\/\/twitter.com\/andactores\/status\/1778644569153761654?ref_src=twsrc%5Etfw\">April 12, 2024<\/a><\/blockquote><script async src=\"https:\/\/platform.twitter.com\/widgets.js\" charset=\"utf-8\"><\/script>\n<\/div><\/figure>\n\n\n\n<p>Originaria de la Ciudad de M\u00e9xico,&nbsp;<strong>Lorena Vel\u00e1zquez<\/strong>&nbsp;estudi\u00f3 ballet y arte dram\u00e1tico en Bellas Artes para incursionar en el mundo del cine en 1956 con la cinta \u2018Caras Nuevas\u2019.<\/p>\n\n\n\n<p>Junto a su hermana,&nbsp;<strong>Teresa Vel\u00e1zquez<\/strong>, se convirti\u00f3 en una de las caras m\u00e1s famosas del mundo del Cine de la \u00c9poca de Oro y logr\u00f3 trabajar junto a figuras como<strong>&nbsp;Germ\u00e1n Vald\u00e9s \u2018Tin Tan\u2019<\/strong>,&nbsp;<strong>Adalberto Mart\u00ednez \u2018Resortes\u2019<\/strong>&nbsp;y&nbsp;<strong>\u2018Viruta y Capulina<\/strong>\u2018 en papeles c\u00f3micos.<\/p>\n\n\n\n<p>Sin embargo, su\u00a0 figura se convertir\u00eda en una de las m\u00e1s famosas del cine fant\u00e1stico en 1962 cuando protagoniza \u2018<strong>Santo contra las mujeres vampiro<\/strong>\u2018 en la que aparece como la l\u00edder de un grupo de\u00a0<strong>vampiras<\/strong>\u00a0que luchan contra el\u00a0<strong>enmascarado<\/strong>.<\/p>\n\n\n\n<figure class=\"wp-block-embed is-type-video is-provider-youtube wp-block-embed-youtube wp-embed-aspect-4-3 wp-has-aspect-ratio\"><div class=\"wp-block-embed__wrapper\">\n<iframe loading=\"lazy\" title=\"Santo vs Las Mujeres Vampiro\" width=\"640\" height=\"480\" src=\"https:\/\/www.youtube.com\/embed\/YpMHJm3EIHk?feature=oembed\" frameborder=\"0\" allow=\"accelerometer; autoplay; clipboard-write; encrypted-media; gyroscope; picture-in-picture; web-share\" referrerpolicy=\"strict-origin-when-cross-origin\" allowfullscreen><\/iframe>\n<\/div><\/figure>\n\n\n\n<p>Entre sus \u00e9xitos cinematogr\u00e1ficos se encuentran cintas como \u2018Estafa de amor\u2019, \u2018Fray don Juan\u2019, \u2018Ya somos hombres\u2019, \u2018Ca\u00edn, Abel y el otro\u2019 y su famosa \u2018Cinco mil d\u00f3lares de recompensa\u2019.<\/p>\n\n\n\n<figure class=\"wp-block-embed is-type-rich is-provider-twitter wp-block-embed-twitter\"><div class=\"wp-block-embed__wrapper\">\n<blockquote class=\"twitter-tweet\" data-width=\"550\" data-dnt=\"true\"><p lang=\"es\" dir=\"ltr\">Lamento profundamente el fallecimiento de la hermosa y querida  primera actriz <a href=\"https:\/\/twitter.com\/hashtag\/LorenaVel%C3%A1zquez?src=hash&amp;ref_src=twsrc%5Etfw\">#LorenaVel\u00e1zquez<\/a> compa\u00f1era y amiga de mi padre <a href=\"https:\/\/twitter.com\/hashtag\/ElSanto?src=hash&amp;ref_src=twsrc%5Etfw\">#ElSanto<\/a> y m\u00eda Considerada la reina del &quot;Cine Fant\u00e1stico. Un abrazo a su hijo Eduardo, familiares y amigos. <a href=\"https:\/\/twitter.com\/lopezdoriga?ref_src=twsrc%5Etfw\">@lopezdoriga<\/a> <a href=\"https:\/\/t.co\/N4DUyE0j2K\">pic.twitter.com\/N4DUyE0j2K<\/a><\/p>&mdash; El Hijo del Santo (@ElHijodelSanto) <a href=\"https:\/\/twitter.com\/ElHijodelSanto\/status\/1778642014072082739?ref_src=twsrc%5Etfw\">April 12, 2024<\/a><\/blockquote><script async src=\"https:\/\/platform.twitter.com\/widgets.js\" charset=\"utf-8\"><\/script>\n<\/div><\/figure>\n\n\n\n<p>En a\u00f1os recientes se dedic\u00f3 al teatro as\u00ed como participaciones en telenovelas y programas de televisi\u00f3n.<\/p>\n","protected":false},"excerpt":{"rendered":"<p>Por Redacci\u00f3n QP La primera actriz Lorena Vel\u00e1zquez muri\u00f3 a los 86 a\u00f1os dejando un&#8230;<\/p>\n","protected":false},"author":2,"featured_media":109220,"comment_status":"open","ping_status":"open","sticky":false,"template":"","format":"standard","meta":{"_monsterinsights_skip_tracking":false,"_monsterinsights_sitenote_active":false,"_monsterinsights_sitenote_note":"","_monsterinsights_sitenote_category":0,"footnotes":""},"categories":[58],"tags":[],"class_list":["post-109219","post","type-post","status-publish","format-standard","has-post-thumbnail","hentry","category-cultura"],"yoast_head":"<!-- This site is optimized with the Yoast SEO plugin v27.3 - https:\/\/yoast.com\/product\/yoast-seo-wordpress\/ -->\n<title>Muere la actriz Lorena Vel\u00e1zquez a los 86 a\u00f1os de edad -<\/title>\n<meta name=\"robots\" content=\"index, follow, max-snippet:-1, max-image-preview:large, max-video-preview:-1\" \/>\n<link rel=\"canonical\" href=\"https:\/\/quehacerpolitico.mx\/?p=109219\" \/>\n<meta property=\"og:locale\" content=\"es_MX\" \/>\n<meta property=\"og:type\" content=\"article\" \/>\n<meta property=\"og:title\" content=\"Muere la actriz Lorena Vel\u00e1zquez a los 86 a\u00f1os de edad -\" \/>\n<meta property=\"og:description\" content=\"Por Redacci\u00f3n QP La primera actriz Lorena Vel\u00e1zquez muri\u00f3 a los 86 a\u00f1os dejando un...\" \/>\n<meta property=\"og:url\" content=\"https:\/\/quehacerpolitico.mx\/?p=109219\" \/>\n<meta property=\"article:published_time\" content=\"2024-04-12T15:40:56+00:00\" \/>\n<meta property=\"article:modified_time\" content=\"2024-04-12T15:40:58+00:00\" \/>\n<meta property=\"og:image\" content=\"https:\/\/quehacerpolitico.mx\/wp-content\/uploads\/2024\/04\/IMG_4793.jpeg\" \/>\n\t<meta property=\"og:image:width\" content=\"739\" \/>\n\t<meta property=\"og:image:height\" content=\"415\" \/>\n\t<meta property=\"og:image:type\" content=\"image\/jpeg\" \/>\n<meta name=\"author\" content=\"Redacci\u00f3n QP\" \/>\n<meta name=\"twitter:card\" content=\"summary_large_image\" \/>\n<meta name=\"twitter:label1\" content=\"Escrito por\" \/>\n\t<meta name=\"twitter:data1\" content=\"Redacci\u00f3n QP\" \/>\n\t<meta name=\"twitter:label2\" content=\"Tiempo de lectura\" \/>\n\t<meta name=\"twitter:data2\" content=\"2 minutos\" \/>\n<script type=\"application\/ld+json\" class=\"yoast-schema-graph\">{\"@context\":\"https:\\\/\\\/schema.org\",\"@graph\":[{\"@type\":\"Article\",\"@id\":\"https:\\\/\\\/quehacerpolitico.mx\\\/?p=109219#article\",\"isPartOf\":{\"@id\":\"https:\\\/\\\/quehacerpolitico.mx\\\/?p=109219\"},\"author\":{\"name\":\"Redacci\u00f3n QP\",\"@id\":\"https:\\\/\\\/quehacerpolitico.mx\\\/#\\\/schema\\\/person\\\/496d8ad2d1d3f8036101dca7ee39e585\"},\"headline\":\"Muere la actriz Lorena Vel\u00e1zquez a los 86 a\u00f1os de edad\",\"datePublished\":\"2024-04-12T15:40:56+00:00\",\"dateModified\":\"2024-04-12T15:40:58+00:00\",\"mainEntityOfPage\":{\"@id\":\"https:\\\/\\\/quehacerpolitico.mx\\\/?p=109219\"},\"wordCount\":322,\"commentCount\":0,\"image\":{\"@id\":\"https:\\\/\\\/quehacerpolitico.mx\\\/?p=109219#primaryimage\"},\"thumbnailUrl\":\"https:\\\/\\\/quehacerpolitico.mx\\\/wp-content\\\/uploads\\\/2024\\\/04\\\/IMG_4793.jpeg\",\"articleSection\":[\"Cultura y Entretenimiento\"],\"inLanguage\":\"es\",\"potentialAction\":[{\"@type\":\"CommentAction\",\"name\":\"Comment\",\"target\":[\"https:\\\/\\\/quehacerpolitico.mx\\\/?p=109219#respond\"]}]},{\"@type\":\"WebPage\",\"@id\":\"https:\\\/\\\/quehacerpolitico.mx\\\/?p=109219\",\"url\":\"https:\\\/\\\/quehacerpolitico.mx\\\/?p=109219\",\"name\":\"Muere la actriz Lorena Vel\u00e1zquez a los 86 a\u00f1os de edad -\",\"isPartOf\":{\"@id\":\"https:\\\/\\\/quehacerpolitico.mx\\\/#website\"},\"primaryImageOfPage\":{\"@id\":\"https:\\\/\\\/quehacerpolitico.mx\\\/?p=109219#primaryimage\"},\"image\":{\"@id\":\"https:\\\/\\\/quehacerpolitico.mx\\\/?p=109219#primaryimage\"},\"thumbnailUrl\":\"https:\\\/\\\/quehacerpolitico.mx\\\/wp-content\\\/uploads\\\/2024\\\/04\\\/IMG_4793.jpeg\",\"datePublished\":\"2024-04-12T15:40:56+00:00\",\"dateModified\":\"2024-04-12T15:40:58+00:00\",\"author\":{\"@id\":\"https:\\\/\\\/quehacerpolitico.mx\\\/#\\\/schema\\\/person\\\/496d8ad2d1d3f8036101dca7ee39e585\"},\"breadcrumb\":{\"@id\":\"https:\\\/\\\/quehacerpolitico.mx\\\/?p=109219#breadcrumb\"},\"inLanguage\":\"es\",\"potentialAction\":[{\"@type\":\"ReadAction\",\"target\":[\"https:\\\/\\\/quehacerpolitico.mx\\\/?p=109219\"]}]},{\"@type\":\"ImageObject\",\"inLanguage\":\"es\",\"@id\":\"https:\\\/\\\/quehacerpolitico.mx\\\/?p=109219#primaryimage\",\"url\":\"https:\\\/\\\/quehacerpolitico.mx\\\/wp-content\\\/uploads\\\/2024\\\/04\\\/IMG_4793.jpeg\",\"contentUrl\":\"https:\\\/\\\/quehacerpolitico.mx\\\/wp-content\\\/uploads\\\/2024\\\/04\\\/IMG_4793.jpeg\",\"width\":739,\"height\":415},{\"@type\":\"BreadcrumbList\",\"@id\":\"https:\\\/\\\/quehacerpolitico.mx\\\/?p=109219#breadcrumb\",\"itemListElement\":[{\"@type\":\"ListItem\",\"position\":1,\"name\":\"Inicio\",\"item\":\"https:\\\/\\\/quehacerpolitico.mx\\\/\"},{\"@type\":\"ListItem\",\"position\":2,\"name\":\"Muere la actriz Lorena Vel\u00e1zquez a los 86 a\u00f1os de edad\"}]},{\"@type\":\"WebSite\",\"@id\":\"https:\\\/\\\/quehacerpolitico.mx\\\/#website\",\"url\":\"https:\\\/\\\/quehacerpolitico.mx\\\/\",\"name\":\"\",\"description\":\"\",\"potentialAction\":[{\"@type\":\"SearchAction\",\"target\":{\"@type\":\"EntryPoint\",\"urlTemplate\":\"https:\\\/\\\/quehacerpolitico.mx\\\/?s={search_term_string}\"},\"query-input\":{\"@type\":\"PropertyValueSpecification\",\"valueRequired\":true,\"valueName\":\"search_term_string\"}}],\"inLanguage\":\"es\"},{\"@type\":\"Person\",\"@id\":\"https:\\\/\\\/quehacerpolitico.mx\\\/#\\\/schema\\\/person\\\/496d8ad2d1d3f8036101dca7ee39e585\",\"name\":\"Redacci\u00f3n QP\",\"image\":{\"@type\":\"ImageObject\",\"inLanguage\":\"es\",\"@id\":\"https:\\\/\\\/secure.gravatar.com\\\/avatar\\\/c7164ed6fdec453195284ad24a5ae5b6e1eed2b848477fa2a4787ba9adf39a41?s=96&d=mm&r=g\",\"url\":\"https:\\\/\\\/secure.gravatar.com\\\/avatar\\\/c7164ed6fdec453195284ad24a5ae5b6e1eed2b848477fa2a4787ba9adf39a41?s=96&d=mm&r=g\",\"contentUrl\":\"https:\\\/\\\/secure.gravatar.com\\\/avatar\\\/c7164ed6fdec453195284ad24a5ae5b6e1eed2b848477fa2a4787ba9adf39a41?s=96&d=mm&r=g\",\"caption\":\"Redacci\u00f3n QP\"},\"url\":\"https:\\\/\\\/quehacerpolitico.mx\\\/?author=2\"}]}<\/script>\n<!-- \/ Yoast SEO plugin. -->","yoast_head_json":{"title":"Muere la actriz Lorena Vel\u00e1zquez a los 86 a\u00f1os de edad -","robots":{"index":"index","follow":"follow","max-snippet":"max-snippet:-1","max-image-preview":"max-image-preview:large","max-video-preview":"max-video-preview:-1"},"canonical":"https:\/\/quehacerpolitico.mx\/?p=109219","og_locale":"es_MX","og_type":"article","og_title":"Muere la actriz Lorena Vel\u00e1zquez a los 86 a\u00f1os de edad -","og_description":"Por Redacci\u00f3n QP La primera actriz Lorena Vel\u00e1zquez muri\u00f3 a los 86 a\u00f1os dejando un...","og_url":"https:\/\/quehacerpolitico.mx\/?p=109219","article_published_time":"2024-04-12T15:40:56+00:00","article_modified_time":"2024-04-12T15:40:58+00:00","og_image":[{"width":739,"height":415,"url":"https:\/\/quehacerpolitico.mx\/wp-content\/uploads\/2024\/04\/IMG_4793.jpeg","type":"image\/jpeg"}],"author":"Redacci\u00f3n QP","twitter_card":"summary_large_image","twitter_misc":{"Escrito por":"Redacci\u00f3n QP","Tiempo de lectura":"2 minutos"},"schema":{"@context":"https:\/\/schema.org","@graph":[{"@type":"Article","@id":"https:\/\/quehacerpolitico.mx\/?p=109219#article","isPartOf":{"@id":"https:\/\/quehacerpolitico.mx\/?p=109219"},"author":{"name":"Redacci\u00f3n QP","@id":"https:\/\/quehacerpolitico.mx\/#\/schema\/person\/496d8ad2d1d3f8036101dca7ee39e585"},"headline":"Muere la actriz Lorena Vel\u00e1zquez a los 86 a\u00f1os de edad","datePublished":"2024-04-12T15:40:56+00:00","dateModified":"2024-04-12T15:40:58+00:00","mainEntityOfPage":{"@id":"https:\/\/quehacerpolitico.mx\/?p=109219"},"wordCount":322,"commentCount":0,"image":{"@id":"https:\/\/quehacerpolitico.mx\/?p=109219#primaryimage"},"thumbnailUrl":"https:\/\/quehacerpolitico.mx\/wp-content\/uploads\/2024\/04\/IMG_4793.jpeg","articleSection":["Cultura y Entretenimiento"],"inLanguage":"es","potentialAction":[{"@type":"CommentAction","name":"Comment","target":["https:\/\/quehacerpolitico.mx\/?p=109219#respond"]}]},{"@type":"WebPage","@id":"https:\/\/quehacerpolitico.mx\/?p=109219","url":"https:\/\/quehacerpolitico.mx\/?p=109219","name":"Muere la actriz Lorena Vel\u00e1zquez a los 86 a\u00f1os de edad -","isPartOf":{"@id":"https:\/\/quehacerpolitico.mx\/#website"},"primaryImageOfPage":{"@id":"https:\/\/quehacerpolitico.mx\/?p=109219#primaryimage"},"image":{"@id":"https:\/\/quehacerpolitico.mx\/?p=109219#primaryimage"},"thumbnailUrl":"https:\/\/quehacerpolitico.mx\/wp-content\/uploads\/2024\/04\/IMG_4793.jpeg","datePublished":"2024-04-12T15:40:56+00:00","dateModified":"2024-04-12T15:40:58+00:00","author":{"@id":"https:\/\/quehacerpolitico.mx\/#\/schema\/person\/496d8ad2d1d3f8036101dca7ee39e585"},"breadcrumb":{"@id":"https:\/\/quehacerpolitico.mx\/?p=109219#breadcrumb"},"inLanguage":"es","potentialAction":[{"@type":"ReadAction","target":["https:\/\/quehacerpolitico.mx\/?p=109219"]}]},{"@type":"ImageObject","inLanguage":"es","@id":"https:\/\/quehacerpolitico.mx\/?p=109219#primaryimage","url":"https:\/\/quehacerpolitico.mx\/wp-content\/uploads\/2024\/04\/IMG_4793.jpeg","contentUrl":"https:\/\/quehacerpolitico.mx\/wp-content\/uploads\/2024\/04\/IMG_4793.jpeg","width":739,"height":415},{"@type":"BreadcrumbList","@id":"https:\/\/quehacerpolitico.mx\/?p=109219#breadcrumb","itemListElement":[{"@type":"ListItem","position":1,"name":"Inicio","item":"https:\/\/quehacerpolitico.mx\/"},{"@type":"ListItem","position":2,"name":"Muere la actriz Lorena Vel\u00e1zquez a los 86 a\u00f1os de edad"}]},{"@type":"WebSite","@id":"https:\/\/quehacerpolitico.mx\/#website","url":"https:\/\/quehacerpolitico.mx\/","name":"","description":"","potentialAction":[{"@type":"SearchAction","target":{"@type":"EntryPoint","urlTemplate":"https:\/\/quehacerpolitico.mx\/?s={search_term_string}"},"query-input":{"@type":"PropertyValueSpecification","valueRequired":true,"valueName":"search_term_string"}}],"inLanguage":"es"},{"@type":"Person","@id":"https:\/\/quehacerpolitico.mx\/#\/schema\/person\/496d8ad2d1d3f8036101dca7ee39e585","name":"Redacci\u00f3n QP","image":{"@type":"ImageObject","inLanguage":"es","@id":"https:\/\/secure.gravatar.com\/avatar\/c7164ed6fdec453195284ad24a5ae5b6e1eed2b848477fa2a4787ba9adf39a41?s=96&d=mm&r=g","url":"https:\/\/secure.gravatar.com\/avatar\/c7164ed6fdec453195284ad24a5ae5b6e1eed2b848477fa2a4787ba9adf39a41?s=96&d=mm&r=g","contentUrl":"https:\/\/secure.gravatar.com\/avatar\/c7164ed6fdec453195284ad24a5ae5b6e1eed2b848477fa2a4787ba9adf39a41?s=96&d=mm&r=g","caption":"Redacci\u00f3n QP"},"url":"https:\/\/quehacerpolitico.mx\/?author=2"}]}},"featured_image_urls":{"full":["https:\/\/quehacerpolitico.mx\/wp-content\/uploads\/2024\/04\/IMG_4793.jpeg",739,415,false],"thumbnail":["https:\/\/quehacerpolitico.mx\/wp-content\/uploads\/2024\/04\/IMG_4793-150x150.jpeg",150,150,true],"medium":["https:\/\/quehacerpolitico.mx\/wp-content\/uploads\/2024\/04\/IMG_4793-300x168.jpeg",300,168,true],"medium_large":["https:\/\/quehacerpolitico.mx\/wp-content\/uploads\/2024\/04\/IMG_4793.jpeg",640,359,false],"large":["https:\/\/quehacerpolitico.mx\/wp-content\/uploads\/2024\/04\/IMG_4793.jpeg",640,359,false],"1536x1536":["https:\/\/quehacerpolitico.mx\/wp-content\/uploads\/2024\/04\/IMG_4793.jpeg",739,415,false],"2048x2048":["https:\/\/quehacerpolitico.mx\/wp-content\/uploads\/2024\/04\/IMG_4793.jpeg",739,415,false],"covernews-featured":["https:\/\/quehacerpolitico.mx\/wp-content\/uploads\/2024\/04\/IMG_4793.jpeg",739,415,false],"covernews-medium":["https:\/\/quehacerpolitico.mx\/wp-content\/uploads\/2024\/04\/IMG_4793.jpeg",540,303,false]},"author_info":{"display_name":"Redacci\u00f3n QP","author_link":"https:\/\/quehacerpolitico.mx\/?author=2"},"category_info":"<a href=\"https:\/\/quehacerpolitico.mx\/?cat=58\" rel=\"category\">Cultura y Entretenimiento<\/a>","tag_info":"Cultura y Entretenimiento","comment_count":"0","_links":{"self":[{"href":"https:\/\/quehacerpolitico.mx\/index.php?rest_route=\/wp\/v2\/posts\/109219","targetHints":{"allow":["GET"]}}],"collection":[{"href":"https:\/\/quehacerpolitico.mx\/index.php?rest_route=\/wp\/v2\/posts"}],"about":[{"href":"https:\/\/quehacerpolitico.mx\/index.php?rest_route=\/wp\/v2\/types\/post"}],"author":[{"embeddable":true,"href":"https:\/\/quehacerpolitico.mx\/index.php?rest_route=\/wp\/v2\/users\/2"}],"replies":[{"embeddable":true,"href":"https:\/\/quehacerpolitico.mx\/index.php?rest_route=%2Fwp%2Fv2%2Fcomments&post=109219"}],"version-history":[{"count":1,"href":"https:\/\/quehacerpolitico.mx\/index.php?rest_route=\/wp\/v2\/posts\/109219\/revisions"}],"predecessor-version":[{"id":109221,"href":"https:\/\/quehacerpolitico.mx\/index.php?rest_route=\/wp\/v2\/posts\/109219\/revisions\/109221"}],"wp:featuredmedia":[{"embeddable":true,"href":"https:\/\/quehacerpolitico.mx\/index.php?rest_route=\/wp\/v2\/media\/109220"}],"wp:attachment":[{"href":"https:\/\/quehacerpolitico.mx\/index.php?rest_route=%2Fwp%2Fv2%2Fmedia&parent=109219"}],"wp:term":[{"taxonomy":"category","embeddable":true,"href":"https:\/\/quehacerpolitico.mx\/index.php?rest_route=%2Fwp%2Fv2%2Fcategories&post=109219"},{"taxonomy":"post_tag","embeddable":true,"href":"https:\/\/quehacerpolitico.mx\/index.php?rest_route=%2Fwp%2Fv2%2Ftags&post=109219"}],"curies":[{"name":"wp","href":"https:\/\/api.w.org\/{rel}","templated":true}]}}