{"id":109211,"date":"2024-04-11T20:27:43","date_gmt":"2024-04-11T20:27:43","guid":{"rendered":"https:\/\/quehacerpolitico.mx\/?p=109211"},"modified":"2024-04-11T20:27:46","modified_gmt":"2024-04-11T20:27:46","slug":"en-iztacalco-habra-tregua-con-todos-los-establecimientos-mercantiles-y-no-se-les-clausurara-durante-un-par-de-anos","status":"publish","type":"post","link":"https:\/\/quehacerpolitico.mx\/?p=109211","title":{"rendered":"En Iztacalco habr\u00e1 \u201ctregua\u201d con todos los establecimientos mercantiles y no se les clausurar\u00e1 durante un par de a\u00f1os"},"content":{"rendered":"\n<p>Por Redacci\u00f3n QP<\/p>\n\n\n\n<p>\uf0b7 M\u00e9xico necesita empleos, no clausuras.<\/p>\n\n\n\n<p>\uf0b7 As\u00ed se combatir\u00e1 la extorsi\u00f3n que acosa a todos los giros mercantiles.<\/p>\n\n\n\n<p>Daniel Ordo\u00f1ez, candidato a Iztacalco por la coalici\u00f3n PAN-PRI-PRD y sociedad civil \u201cVa X la CDMX\u201d, se comprometi\u00f3 a aplicar una \u201ctregua\u201d con todos los establecimientos mercantiles y la industria de la demarcaci\u00f3n, para que en vez<br>de clausurarlos, se les ayude a ponerse en regla, y as\u00ed se haga frente a las extorsiones que actualmente padecen por parte del gobierno de la ciudad y la autoridad de la alcald\u00eda.<\/p>\n\n\n\n<figure class=\"wp-block-embed is-type-video is-provider-youtube wp-block-embed-youtube wp-embed-aspect-4-3 wp-has-aspect-ratio\"><div class=\"wp-block-embed__wrapper\">\n<iframe loading=\"lazy\" title=\"En Iztacalco habr\u00e1 \u201ctregua\u201d con todos los giros mercantiles no se les clausurar\u00e1 en dos a\u00f1os\" width=\"640\" height=\"480\" src=\"https:\/\/www.youtube.com\/embed\/w5DuSJivOnk?feature=oembed\" frameborder=\"0\" allow=\"accelerometer; autoplay; clipboard-write; encrypted-media; gyroscope; picture-in-picture; web-share\" referrerpolicy=\"strict-origin-when-cross-origin\" allowfullscreen><\/iframe>\n<\/div><\/figure>\n\n\n\n<p>\u201cYo voy a decretar una tregua de un par de a\u00f1os con ellos, cero clausuras, necesitamos que estas empresas sigan generando empleos. M\u00e9xico necesita empleos, M\u00e9xico necesita trabajo, y por ello necesitamos que la gente tenga trabajo. No hay que eliminar fuentes de empleo, por eso hay que ayudarles a que se pongan en orden\u201d, dijo el candidato.<\/p>\n\n\n\n<p>Iztacalco es la segunda alcald\u00eda con m\u00e1s industria en la Ciudad de M\u00e9xico, despu\u00e9s de Azcapotzalco, por lo cual desde su administraci\u00f3n Daniel Ordo\u00f1ez<br>dijo que crear\u00e1 un \u00e1rea de facilitadores que lleven de la mano a los empresarios, comerciantes y emprendedores, para ayudarlos a ponerse en orden, tanto en nuevos negocios como en los ya instalados.<\/p>\n\n\n\n<figure class=\"wp-block-image size-large\"><img loading=\"lazy\" decoding=\"async\" width=\"1024\" height=\"768\" src=\"https:\/\/quehacerpolitico.mx\/wp-content\/uploads\/2024\/04\/image-15-1024x768.jpeg\" alt=\"\" class=\"wp-image-109213\" srcset=\"https:\/\/quehacerpolitico.mx\/wp-content\/uploads\/2024\/04\/image-15-1024x768.jpeg 1024w, https:\/\/quehacerpolitico.mx\/wp-content\/uploads\/2024\/04\/image-15-300x225.jpeg 300w, https:\/\/quehacerpolitico.mx\/wp-content\/uploads\/2024\/04\/image-15-768x576.jpeg 768w, https:\/\/quehacerpolitico.mx\/wp-content\/uploads\/2024\/04\/image-15-1536x1152.jpeg 1536w, https:\/\/quehacerpolitico.mx\/wp-content\/uploads\/2024\/04\/image-15-195x146.jpeg 195w, https:\/\/quehacerpolitico.mx\/wp-content\/uploads\/2024\/04\/image-15-50x38.jpeg 50w, https:\/\/quehacerpolitico.mx\/wp-content\/uploads\/2024\/04\/image-15-100x75.jpeg 100w, https:\/\/quehacerpolitico.mx\/wp-content\/uploads\/2024\/04\/image-15-960x720.jpeg 960w, https:\/\/quehacerpolitico.mx\/wp-content\/uploads\/2024\/04\/image-15.jpeg 1600w\" sizes=\"auto, (max-width: 1024px) 100vw, 1024px\" \/><\/figure>\n\n\n\n<figure class=\"wp-block-image size-large\"><img loading=\"lazy\" decoding=\"async\" width=\"1024\" height=\"768\" src=\"https:\/\/quehacerpolitico.mx\/wp-content\/uploads\/2024\/04\/image-14-1024x768.jpeg\" alt=\"\" class=\"wp-image-109212\" srcset=\"https:\/\/quehacerpolitico.mx\/wp-content\/uploads\/2024\/04\/image-14-1024x768.jpeg 1024w, https:\/\/quehacerpolitico.mx\/wp-content\/uploads\/2024\/04\/image-14-300x225.jpeg 300w, https:\/\/quehacerpolitico.mx\/wp-content\/uploads\/2024\/04\/image-14-768x576.jpeg 768w, https:\/\/quehacerpolitico.mx\/wp-content\/uploads\/2024\/04\/image-14-1536x1152.jpeg 1536w, https:\/\/quehacerpolitico.mx\/wp-content\/uploads\/2024\/04\/image-14-195x146.jpeg 195w, https:\/\/quehacerpolitico.mx\/wp-content\/uploads\/2024\/04\/image-14-50x38.jpeg 50w, https:\/\/quehacerpolitico.mx\/wp-content\/uploads\/2024\/04\/image-14-100x75.jpeg 100w, https:\/\/quehacerpolitico.mx\/wp-content\/uploads\/2024\/04\/image-14-960x720.jpeg 960w, https:\/\/quehacerpolitico.mx\/wp-content\/uploads\/2024\/04\/image-14.jpeg 1600w\" sizes=\"auto, (max-width: 1024px) 100vw, 1024px\" \/><\/figure>\n\n\n\n<p>\u201cTanto la industria como los establecimientos mercantiles sufren el acoso del Gobierno de la Ciudad de M\u00e9xico y de la alcald\u00eda. Es un acoso permanente en el que te traen a Protecci\u00f3n Civil como amenaza, y a las personas las est\u00e1n<br>molestando en los establecimientos mercantiles, independientemente del giro y de las empresas\u201d, explic\u00f3 el aspirante de \u201cVa X la CDMX\u201d.<\/p>\n\n\n\n<p>Daniel Ordo\u00f1ez a\u00f1adi\u00f3: \u201cLa idea es que si te falta alg\u00fan documento durante una verificaci\u00f3n y te dicen que tienes tantos d\u00edas para que te clausuraren, m\u00e1s bien yo te ayudo a que lo resuelvas, porque esa es la vocaci\u00f3n de quien gobierna. De esta manera, est\u00e1s en regla cumpliendo tus obligaciones y al mismo tiempo evitas la extorsi\u00f3n, que es el motivo por el que los empresarios locales se sienten lastimados y no invierten, se retiran, no tiene identificaci\u00f3n con su colonia, y finalmente, no la cuidan\u201d.<\/p>\n\n\n\n<p>SOMOS IZTACALCO, SOMOS CAMBIO, SOMOS EL FUTURO.<\/p>\n","protected":false},"excerpt":{"rendered":"<p>Por Redacci\u00f3n QP \uf0b7 M\u00e9xico necesita empleos, no clausuras. \uf0b7 As\u00ed se combatir\u00e1 la extorsi\u00f3n&#8230;<\/p>\n","protected":false},"author":2,"featured_media":109214,"comment_status":"open","ping_status":"open","sticky":false,"template":"","format":"standard","meta":{"_monsterinsights_skip_tracking":false,"_monsterinsights_sitenote_active":false,"_monsterinsights_sitenote_note":"","_monsterinsights_sitenote_category":0,"footnotes":""},"categories":[55],"tags":[],"class_list":["post-109211","post","type-post","status-publish","format-standard","has-post-thumbnail","hentry","category-cdmx"],"yoast_head":"<!-- This site is optimized with the Yoast SEO plugin v27.3 - https:\/\/yoast.com\/product\/yoast-seo-wordpress\/ -->\n<title>En Iztacalco habr\u00e1 \u201ctregua\u201d con todos los establecimientos mercantiles y no se les clausurar\u00e1 durante un par de a\u00f1os -<\/title>\n<meta name=\"robots\" content=\"index, follow, max-snippet:-1, max-image-preview:large, max-video-preview:-1\" \/>\n<link rel=\"canonical\" href=\"https:\/\/quehacerpolitico.mx\/?p=109211\" \/>\n<meta property=\"og:locale\" content=\"es_MX\" \/>\n<meta property=\"og:type\" content=\"article\" \/>\n<meta property=\"og:title\" content=\"En Iztacalco habr\u00e1 \u201ctregua\u201d con todos los establecimientos mercantiles y no se les clausurar\u00e1 durante un par de a\u00f1os -\" \/>\n<meta property=\"og:description\" content=\"Por Redacci\u00f3n QP \uf0b7 M\u00e9xico necesita empleos, no clausuras. \uf0b7 As\u00ed se combatir\u00e1 la extorsi\u00f3n...\" \/>\n<meta property=\"og:url\" content=\"https:\/\/quehacerpolitico.mx\/?p=109211\" \/>\n<meta property=\"article:published_time\" content=\"2024-04-11T20:27:43+00:00\" \/>\n<meta property=\"article:modified_time\" content=\"2024-04-11T20:27:46+00:00\" \/>\n<meta property=\"og:image\" content=\"https:\/\/quehacerpolitico.mx\/wp-content\/uploads\/2024\/04\/30c497d4-b667-42cd-8ba8-15ca1b9fa40a.jpeg\" \/>\n\t<meta property=\"og:image:width\" content=\"1600\" \/>\n\t<meta property=\"og:image:height\" content=\"1200\" \/>\n\t<meta property=\"og:image:type\" content=\"image\/jpeg\" \/>\n<meta name=\"author\" content=\"Redacci\u00f3n QP\" \/>\n<meta name=\"twitter:card\" content=\"summary_large_image\" \/>\n<meta name=\"twitter:label1\" content=\"Escrito por\" \/>\n\t<meta name=\"twitter:data1\" content=\"Redacci\u00f3n QP\" \/>\n\t<meta name=\"twitter:label2\" content=\"Tiempo de lectura\" \/>\n\t<meta name=\"twitter:data2\" content=\"2 minutos\" \/>\n<script type=\"application\/ld+json\" class=\"yoast-schema-graph\">{\"@context\":\"https:\\\/\\\/schema.org\",\"@graph\":[{\"@type\":\"Article\",\"@id\":\"https:\\\/\\\/quehacerpolitico.mx\\\/?p=109211#article\",\"isPartOf\":{\"@id\":\"https:\\\/\\\/quehacerpolitico.mx\\\/?p=109211\"},\"author\":{\"name\":\"Redacci\u00f3n QP\",\"@id\":\"https:\\\/\\\/quehacerpolitico.mx\\\/#\\\/schema\\\/person\\\/496d8ad2d1d3f8036101dca7ee39e585\"},\"headline\":\"En Iztacalco habr\u00e1 \u201ctregua\u201d con todos los establecimientos mercantiles y no se les clausurar\u00e1 durante un par de a\u00f1os\",\"datePublished\":\"2024-04-11T20:27:43+00:00\",\"dateModified\":\"2024-04-11T20:27:46+00:00\",\"mainEntityOfPage\":{\"@id\":\"https:\\\/\\\/quehacerpolitico.mx\\\/?p=109211\"},\"wordCount\":418,\"commentCount\":0,\"image\":{\"@id\":\"https:\\\/\\\/quehacerpolitico.mx\\\/?p=109211#primaryimage\"},\"thumbnailUrl\":\"https:\\\/\\\/quehacerpolitico.mx\\\/wp-content\\\/uploads\\\/2024\\\/04\\\/30c497d4-b667-42cd-8ba8-15ca1b9fa40a.jpeg\",\"articleSection\":[\"CDMX\"],\"inLanguage\":\"es\",\"potentialAction\":[{\"@type\":\"CommentAction\",\"name\":\"Comment\",\"target\":[\"https:\\\/\\\/quehacerpolitico.mx\\\/?p=109211#respond\"]}]},{\"@type\":\"WebPage\",\"@id\":\"https:\\\/\\\/quehacerpolitico.mx\\\/?p=109211\",\"url\":\"https:\\\/\\\/quehacerpolitico.mx\\\/?p=109211\",\"name\":\"En Iztacalco habr\u00e1 \u201ctregua\u201d con todos los establecimientos mercantiles y no se les clausurar\u00e1 durante un par de a\u00f1os -\",\"isPartOf\":{\"@id\":\"https:\\\/\\\/quehacerpolitico.mx\\\/#website\"},\"primaryImageOfPage\":{\"@id\":\"https:\\\/\\\/quehacerpolitico.mx\\\/?p=109211#primaryimage\"},\"image\":{\"@id\":\"https:\\\/\\\/quehacerpolitico.mx\\\/?p=109211#primaryimage\"},\"thumbnailUrl\":\"https:\\\/\\\/quehacerpolitico.mx\\\/wp-content\\\/uploads\\\/2024\\\/04\\\/30c497d4-b667-42cd-8ba8-15ca1b9fa40a.jpeg\",\"datePublished\":\"2024-04-11T20:27:43+00:00\",\"dateModified\":\"2024-04-11T20:27:46+00:00\",\"author\":{\"@id\":\"https:\\\/\\\/quehacerpolitico.mx\\\/#\\\/schema\\\/person\\\/496d8ad2d1d3f8036101dca7ee39e585\"},\"breadcrumb\":{\"@id\":\"https:\\\/\\\/quehacerpolitico.mx\\\/?p=109211#breadcrumb\"},\"inLanguage\":\"es\",\"potentialAction\":[{\"@type\":\"ReadAction\",\"target\":[\"https:\\\/\\\/quehacerpolitico.mx\\\/?p=109211\"]}]},{\"@type\":\"ImageObject\",\"inLanguage\":\"es\",\"@id\":\"https:\\\/\\\/quehacerpolitico.mx\\\/?p=109211#primaryimage\",\"url\":\"https:\\\/\\\/quehacerpolitico.mx\\\/wp-content\\\/uploads\\\/2024\\\/04\\\/30c497d4-b667-42cd-8ba8-15ca1b9fa40a.jpeg\",\"contentUrl\":\"https:\\\/\\\/quehacerpolitico.mx\\\/wp-content\\\/uploads\\\/2024\\\/04\\\/30c497d4-b667-42cd-8ba8-15ca1b9fa40a.jpeg\",\"width\":1600,\"height\":1200},{\"@type\":\"BreadcrumbList\",\"@id\":\"https:\\\/\\\/quehacerpolitico.mx\\\/?p=109211#breadcrumb\",\"itemListElement\":[{\"@type\":\"ListItem\",\"position\":1,\"name\":\"Inicio\",\"item\":\"https:\\\/\\\/quehacerpolitico.mx\\\/\"},{\"@type\":\"ListItem\",\"position\":2,\"name\":\"En Iztacalco habr\u00e1 \u201ctregua\u201d con todos los establecimientos mercantiles y no se les clausurar\u00e1 durante un par de a\u00f1os\"}]},{\"@type\":\"WebSite\",\"@id\":\"https:\\\/\\\/quehacerpolitico.mx\\\/#website\",\"url\":\"https:\\\/\\\/quehacerpolitico.mx\\\/\",\"name\":\"\",\"description\":\"\",\"potentialAction\":[{\"@type\":\"SearchAction\",\"target\":{\"@type\":\"EntryPoint\",\"urlTemplate\":\"https:\\\/\\\/quehacerpolitico.mx\\\/?s={search_term_string}\"},\"query-input\":{\"@type\":\"PropertyValueSpecification\",\"valueRequired\":true,\"valueName\":\"search_term_string\"}}],\"inLanguage\":\"es\"},{\"@type\":\"Person\",\"@id\":\"https:\\\/\\\/quehacerpolitico.mx\\\/#\\\/schema\\\/person\\\/496d8ad2d1d3f8036101dca7ee39e585\",\"name\":\"Redacci\u00f3n QP\",\"image\":{\"@type\":\"ImageObject\",\"inLanguage\":\"es\",\"@id\":\"https:\\\/\\\/secure.gravatar.com\\\/avatar\\\/c7164ed6fdec453195284ad24a5ae5b6e1eed2b848477fa2a4787ba9adf39a41?s=96&d=mm&r=g\",\"url\":\"https:\\\/\\\/secure.gravatar.com\\\/avatar\\\/c7164ed6fdec453195284ad24a5ae5b6e1eed2b848477fa2a4787ba9adf39a41?s=96&d=mm&r=g\",\"contentUrl\":\"https:\\\/\\\/secure.gravatar.com\\\/avatar\\\/c7164ed6fdec453195284ad24a5ae5b6e1eed2b848477fa2a4787ba9adf39a41?s=96&d=mm&r=g\",\"caption\":\"Redacci\u00f3n QP\"},\"url\":\"https:\\\/\\\/quehacerpolitico.mx\\\/?author=2\"}]}<\/script>\n<!-- \/ Yoast SEO plugin. -->","yoast_head_json":{"title":"En Iztacalco habr\u00e1 \u201ctregua\u201d con todos los establecimientos mercantiles y no se les clausurar\u00e1 durante un par de a\u00f1os -","robots":{"index":"index","follow":"follow","max-snippet":"max-snippet:-1","max-image-preview":"max-image-preview:large","max-video-preview":"max-video-preview:-1"},"canonical":"https:\/\/quehacerpolitico.mx\/?p=109211","og_locale":"es_MX","og_type":"article","og_title":"En Iztacalco habr\u00e1 \u201ctregua\u201d con todos los establecimientos mercantiles y no se les clausurar\u00e1 durante un par de a\u00f1os -","og_description":"Por Redacci\u00f3n QP \uf0b7 M\u00e9xico necesita empleos, no clausuras. \uf0b7 As\u00ed se combatir\u00e1 la extorsi\u00f3n...","og_url":"https:\/\/quehacerpolitico.mx\/?p=109211","article_published_time":"2024-04-11T20:27:43+00:00","article_modified_time":"2024-04-11T20:27:46+00:00","og_image":[{"width":1600,"height":1200,"url":"https:\/\/quehacerpolitico.mx\/wp-content\/uploads\/2024\/04\/30c497d4-b667-42cd-8ba8-15ca1b9fa40a.jpeg","type":"image\/jpeg"}],"author":"Redacci\u00f3n QP","twitter_card":"summary_large_image","twitter_misc":{"Escrito por":"Redacci\u00f3n QP","Tiempo de lectura":"2 minutos"},"schema":{"@context":"https:\/\/schema.org","@graph":[{"@type":"Article","@id":"https:\/\/quehacerpolitico.mx\/?p=109211#article","isPartOf":{"@id":"https:\/\/quehacerpolitico.mx\/?p=109211"},"author":{"name":"Redacci\u00f3n QP","@id":"https:\/\/quehacerpolitico.mx\/#\/schema\/person\/496d8ad2d1d3f8036101dca7ee39e585"},"headline":"En Iztacalco habr\u00e1 \u201ctregua\u201d con todos los establecimientos mercantiles y no se les clausurar\u00e1 durante un par de a\u00f1os","datePublished":"2024-04-11T20:27:43+00:00","dateModified":"2024-04-11T20:27:46+00:00","mainEntityOfPage":{"@id":"https:\/\/quehacerpolitico.mx\/?p=109211"},"wordCount":418,"commentCount":0,"image":{"@id":"https:\/\/quehacerpolitico.mx\/?p=109211#primaryimage"},"thumbnailUrl":"https:\/\/quehacerpolitico.mx\/wp-content\/uploads\/2024\/04\/30c497d4-b667-42cd-8ba8-15ca1b9fa40a.jpeg","articleSection":["CDMX"],"inLanguage":"es","potentialAction":[{"@type":"CommentAction","name":"Comment","target":["https:\/\/quehacerpolitico.mx\/?p=109211#respond"]}]},{"@type":"WebPage","@id":"https:\/\/quehacerpolitico.mx\/?p=109211","url":"https:\/\/quehacerpolitico.mx\/?p=109211","name":"En Iztacalco habr\u00e1 \u201ctregua\u201d con todos los establecimientos mercantiles y no se les clausurar\u00e1 durante un par de a\u00f1os -","isPartOf":{"@id":"https:\/\/quehacerpolitico.mx\/#website"},"primaryImageOfPage":{"@id":"https:\/\/quehacerpolitico.mx\/?p=109211#primaryimage"},"image":{"@id":"https:\/\/quehacerpolitico.mx\/?p=109211#primaryimage"},"thumbnailUrl":"https:\/\/quehacerpolitico.mx\/wp-content\/uploads\/2024\/04\/30c497d4-b667-42cd-8ba8-15ca1b9fa40a.jpeg","datePublished":"2024-04-11T20:27:43+00:00","dateModified":"2024-04-11T20:27:46+00:00","author":{"@id":"https:\/\/quehacerpolitico.mx\/#\/schema\/person\/496d8ad2d1d3f8036101dca7ee39e585"},"breadcrumb":{"@id":"https:\/\/quehacerpolitico.mx\/?p=109211#breadcrumb"},"inLanguage":"es","potentialAction":[{"@type":"ReadAction","target":["https:\/\/quehacerpolitico.mx\/?p=109211"]}]},{"@type":"ImageObject","inLanguage":"es","@id":"https:\/\/quehacerpolitico.mx\/?p=109211#primaryimage","url":"https:\/\/quehacerpolitico.mx\/wp-content\/uploads\/2024\/04\/30c497d4-b667-42cd-8ba8-15ca1b9fa40a.jpeg","contentUrl":"https:\/\/quehacerpolitico.mx\/wp-content\/uploads\/2024\/04\/30c497d4-b667-42cd-8ba8-15ca1b9fa40a.jpeg","width":1600,"height":1200},{"@type":"BreadcrumbList","@id":"https:\/\/quehacerpolitico.mx\/?p=109211#breadcrumb","itemListElement":[{"@type":"ListItem","position":1,"name":"Inicio","item":"https:\/\/quehacerpolitico.mx\/"},{"@type":"ListItem","position":2,"name":"En Iztacalco habr\u00e1 \u201ctregua\u201d con todos los establecimientos mercantiles y no se les clausurar\u00e1 durante un par de a\u00f1os"}]},{"@type":"WebSite","@id":"https:\/\/quehacerpolitico.mx\/#website","url":"https:\/\/quehacerpolitico.mx\/","name":"","description":"","potentialAction":[{"@type":"SearchAction","target":{"@type":"EntryPoint","urlTemplate":"https:\/\/quehacerpolitico.mx\/?s={search_term_string}"},"query-input":{"@type":"PropertyValueSpecification","valueRequired":true,"valueName":"search_term_string"}}],"inLanguage":"es"},{"@type":"Person","@id":"https:\/\/quehacerpolitico.mx\/#\/schema\/person\/496d8ad2d1d3f8036101dca7ee39e585","name":"Redacci\u00f3n QP","image":{"@type":"ImageObject","inLanguage":"es","@id":"https:\/\/secure.gravatar.com\/avatar\/c7164ed6fdec453195284ad24a5ae5b6e1eed2b848477fa2a4787ba9adf39a41?s=96&d=mm&r=g","url":"https:\/\/secure.gravatar.com\/avatar\/c7164ed6fdec453195284ad24a5ae5b6e1eed2b848477fa2a4787ba9adf39a41?s=96&d=mm&r=g","contentUrl":"https:\/\/secure.gravatar.com\/avatar\/c7164ed6fdec453195284ad24a5ae5b6e1eed2b848477fa2a4787ba9adf39a41?s=96&d=mm&r=g","caption":"Redacci\u00f3n QP"},"url":"https:\/\/quehacerpolitico.mx\/?author=2"}]}},"featured_image_urls":{"full":["https:\/\/quehacerpolitico.mx\/wp-content\/uploads\/2024\/04\/30c497d4-b667-42cd-8ba8-15ca1b9fa40a.jpeg",1600,1200,false],"thumbnail":["https:\/\/quehacerpolitico.mx\/wp-content\/uploads\/2024\/04\/30c497d4-b667-42cd-8ba8-15ca1b9fa40a-150x150.jpeg",150,150,true],"medium":["https:\/\/quehacerpolitico.mx\/wp-content\/uploads\/2024\/04\/30c497d4-b667-42cd-8ba8-15ca1b9fa40a-300x225.jpeg",300,225,true],"medium_large":["https:\/\/quehacerpolitico.mx\/wp-content\/uploads\/2024\/04\/30c497d4-b667-42cd-8ba8-15ca1b9fa40a-768x576.jpeg",640,480,true],"large":["https:\/\/quehacerpolitico.mx\/wp-content\/uploads\/2024\/04\/30c497d4-b667-42cd-8ba8-15ca1b9fa40a-1024x768.jpeg",640,480,true],"1536x1536":["https:\/\/quehacerpolitico.mx\/wp-content\/uploads\/2024\/04\/30c497d4-b667-42cd-8ba8-15ca1b9fa40a-1536x1152.jpeg",1536,1152,true],"2048x2048":["https:\/\/quehacerpolitico.mx\/wp-content\/uploads\/2024\/04\/30c497d4-b667-42cd-8ba8-15ca1b9fa40a.jpeg",1600,1200,false],"covernews-featured":["https:\/\/quehacerpolitico.mx\/wp-content\/uploads\/2024\/04\/30c497d4-b667-42cd-8ba8-15ca1b9fa40a.jpeg",1024,768,false],"covernews-medium":["https:\/\/quehacerpolitico.mx\/wp-content\/uploads\/2024\/04\/30c497d4-b667-42cd-8ba8-15ca1b9fa40a.jpeg",453,340,false]},"author_info":{"display_name":"Redacci\u00f3n QP","author_link":"https:\/\/quehacerpolitico.mx\/?author=2"},"category_info":"<a href=\"https:\/\/quehacerpolitico.mx\/?cat=55\" rel=\"category\">CDMX<\/a>","tag_info":"CDMX","comment_count":"0","_links":{"self":[{"href":"https:\/\/quehacerpolitico.mx\/index.php?rest_route=\/wp\/v2\/posts\/109211","targetHints":{"allow":["GET"]}}],"collection":[{"href":"https:\/\/quehacerpolitico.mx\/index.php?rest_route=\/wp\/v2\/posts"}],"about":[{"href":"https:\/\/quehacerpolitico.mx\/index.php?rest_route=\/wp\/v2\/types\/post"}],"author":[{"embeddable":true,"href":"https:\/\/quehacerpolitico.mx\/index.php?rest_route=\/wp\/v2\/users\/2"}],"replies":[{"embeddable":true,"href":"https:\/\/quehacerpolitico.mx\/index.php?rest_route=%2Fwp%2Fv2%2Fcomments&post=109211"}],"version-history":[{"count":1,"href":"https:\/\/quehacerpolitico.mx\/index.php?rest_route=\/wp\/v2\/posts\/109211\/revisions"}],"predecessor-version":[{"id":109215,"href":"https:\/\/quehacerpolitico.mx\/index.php?rest_route=\/wp\/v2\/posts\/109211\/revisions\/109215"}],"wp:featuredmedia":[{"embeddable":true,"href":"https:\/\/quehacerpolitico.mx\/index.php?rest_route=\/wp\/v2\/media\/109214"}],"wp:attachment":[{"href":"https:\/\/quehacerpolitico.mx\/index.php?rest_route=%2Fwp%2Fv2%2Fmedia&parent=109211"}],"wp:term":[{"taxonomy":"category","embeddable":true,"href":"https:\/\/quehacerpolitico.mx\/index.php?rest_route=%2Fwp%2Fv2%2Fcategories&post=109211"},{"taxonomy":"post_tag","embeddable":true,"href":"https:\/\/quehacerpolitico.mx\/index.php?rest_route=%2Fwp%2Fv2%2Ftags&post=109211"}],"curies":[{"name":"wp","href":"https:\/\/api.w.org\/{rel}","templated":true}]}}