{"id":109205,"date":"2024-04-11T16:02:56","date_gmt":"2024-04-11T16:02:56","guid":{"rendered":"https:\/\/quehacerpolitico.mx\/?p=109205"},"modified":"2024-04-11T16:03:00","modified_gmt":"2024-04-11T16:03:00","slug":"el-gobierno-de-mexico-presento-la-demanda-contra-ecuador-ante-la-corte-internacional-de-justicia-tras-el-allanamiento-a-la-embajada-mexicana-en-quito","status":"publish","type":"post","link":"https:\/\/quehacerpolitico.mx\/?p=109205","title":{"rendered":"El\u00a0gobierno de M\u00e9xico\u00a0present\u00f3 la\u00a0demanda\u00a0contra\u00a0Ecuador\u00a0ante la\u00a0Corte Internacional de Justicia, tras el\u00a0allanamiento\u00a0a la\u00a0Embajada mexicana en Quito"},"content":{"rendered":"\n<p>Por Redacci\u00f3n QP<\/p>\n\n\n\n<p>El Gobierno de M\u00e9xico dio los pormenores de la demanda que present\u00f3 contra Ecuador en la Corte Internacional de Justicia<\/p>\n\n\n\n<p>El\u00a0<strong>gobierno de M\u00e9xico<\/strong>\u00a0present\u00f3 la\u00a0<strong>demanda<\/strong>\u00a0contra\u00a0<strong>Ecuador<\/strong>\u00a0ante la\u00a0<strong>Corte Internacional de Justicia<\/strong>, tras el\u00a0<strong>allanamiento<\/strong>\u00a0a la\u00a0<strong>Embajada mexicana en Quito<\/strong>, ocurrido la noche del 5 de abril.<\/p>\n\n\n\n<p>En la conferencia matutina de Palacio Nacional, la canciller\u00a0<strong>Alicia B\u00e1rcena<\/strong>\u00a0y\u00a0<strong>Alejandro Celorio Alc\u00e1ntara<\/strong>, consultor jur\u00eddico de<strong>\u00a0Relaciones Exteriores<\/strong>\u00a0(<strong>SRE<\/strong>), fueron los encargados de presentar los puntos en los cuales est\u00e1 basada dicha demanda, la cual ya se present\u00f3 ante el organismo internacional.<\/p>\n\n\n\n<figure class=\"wp-block-embed is-type-rich is-provider-twitter wp-block-embed-twitter\"><div class=\"wp-block-embed__wrapper\">\n<blockquote class=\"twitter-tweet\" data-width=\"550\" data-dnt=\"true\"><p lang=\"es\" dir=\"ltr\">M\u00e9xico \ud83c\uddf2\ud83c\uddfd pide suspensi\u00f3n de Ecuador \ud83c\uddea\ud83c\udde8 en la ONU, hasta que ofrezca una disculpa p\u00fablica<br><br>La canciller Alicia B\u00e1rcena presenta los 5 reclamos de la denuncia que se presentar\u00e1 ante la Corte Internacional de Justicia <a href=\"https:\/\/t.co\/wQBj0VOvco\">pic.twitter.com\/wQBj0VOvco<\/a><\/p>&mdash; Manuel Lopez San Martin (@MLopezSanMartin) <a href=\"https:\/\/twitter.com\/MLopezSanMartin\/status\/1778427956718919761?ref_src=twsrc%5Etfw\">April 11, 2024<\/a><\/blockquote><script async src=\"https:\/\/platform.twitter.com\/widgets.js\" charset=\"utf-8\"><\/script>\n<\/div><\/figure>\n\n\n\n<p>El presidente\u00a0<strong>Andres Manuel L\u00f3pez Obrador\u00a0<\/strong>dej\u00f3 en claro que lo que se busca con esta acci\u00f3n ante la corte Internacional de Justicia es \u201cque no se repita un hecho deleznable como el que sufri\u00f3, padeci\u00f3 M\u00e9xico y en especial su representaci\u00f3n diplom\u00e1tica\u201d<\/p>\n\n\n\n<p>Que no se repita en ning\u00fan pa\u00eds del mundo, que se garantice el derecho internacional, que no se violen los locales, las embajadas de pa\u00edses en ninguna naci\u00f3n, y que los estados donde est\u00e1n ubicadas las embajadas tengan el compromiso de proteger la independencia y garantizar la soberan\u00eda de esos espacios, eso es lo que se busca\u201d, dijo.<\/p>\n\n\n\n<p>\u201cEs un asunto tan delicado que no se limita a lo sucedido en M\u00e9xico, sino que debemos todos en garantizar la paz, la tranquilidad, el principio de la soluci\u00f3n pac\u00edfica de las controversias y eso ata\u00f1e a todos los pueblos de mundo. M\u00e9xico tiene una amplia, importante, tradici\u00f3n en cuanto a la protecci\u00f3n a perseguidos, al derecho de asilo\u201d, expuso.<\/p>\n\n\n\n<p>En los reclamos, se declara que Ecuador es responsable \u201cdel da\u00f1o que las violaciones de sus obligaciones internacionales han causado y siguen causando a M\u00e9xico\u201d.<\/p>\n\n\n\n<p>Se exige la suspensi\u00f3n de Ecuador como integrante de las naciones Unidas en tanto no se emita una disculpa p\u00fablica, reconociendo las violaciones a los principios y normas fundamentales del derecho internacional, con la finalidad de garantizar la reparaci\u00f3n del da\u00f1o moral inflingido al Estado mexicano<\/p>\n\n\n\n<figure class=\"wp-block-embed is-type-rich is-provider-twitter wp-block-embed-twitter\"><div class=\"wp-block-embed__wrapper\">\n<blockquote class=\"twitter-tweet\" data-width=\"550\" data-dnt=\"true\"><p lang=\"es\" dir=\"ltr\">AMLO (<a href=\"https:\/\/twitter.com\/lopezobrador_?ref_src=twsrc%5Etfw\">@lopezobrador_<\/a>) dijo que pudo tratarse de un mal entendido que Jorge Glas podr\u00eda fugarse y salir de Ecuador con ayuda de M\u00e9xico.<br><br>&quot;Yo creo que hubo una mala informaci\u00f3n, no s\u00e9 que le dijeron al presidente (<a href=\"https:\/\/twitter.com\/DanielNoboaOk?ref_src=twsrc%5Etfw\">@DanielNoboaOk<\/a>)&quot; <a href=\"https:\/\/t.co\/KdYwhXxK3P\">pic.twitter.com\/KdYwhXxK3P<\/a><\/p>&mdash; Ruido en la Red (@RuidoEnLaRed) <a href=\"https:\/\/twitter.com\/RuidoEnLaRed\/status\/1778434644897095994?ref_src=twsrc%5Etfw\">April 11, 2024<\/a><\/blockquote><script async src=\"https:\/\/platform.twitter.com\/widgets.js\" charset=\"utf-8\"><\/script>\n<\/div><\/figure>\n\n\n\n<p>Juzgar y declarar que en caso de una violaci\u00f3n de los principios de la Carta de las naciones Unidas similar a la compartida por Ecuador, La Corte Internacional de Justicia es el \u00f3rgano judicial adecuado para determinar la responsabilidad de un Estado, a fin de iniciar el proceso de expulsi\u00f3n en virtud del art\u00edculo 6 de dicha Carta<\/p>\n\n\n\n<p>Tambi\u00e9n se pide establecer el precedente que cualquier Estado o naci\u00f3n que act\u00fae como lo hizo Ecuador, ser\u00e1 expulsado en definitiva de la ONU con base en la evaluaci\u00f3n prevista en el art\u00edculo 6 del mismo instrumento, la Carta de Naciones Unidas.<\/p>\n\n\n\n<p>\u201cEs tan importante evitar la repetici\u00f3n de estos casos que el Tribunal Internacional de Justicia podr\u00e1 presentar la expulsi\u00f3n del Estado que viole el derecho internacional de manera r\u00e1pida y expedita ante el Consejo de Seguridad de la ONU, evitando el veto de sus miembros\u201d, se lee en el documento\u00a0presentado esta ma\u00f1ana.<\/p>\n","protected":false},"excerpt":{"rendered":"<p>Por Redacci\u00f3n QP El Gobierno de M\u00e9xico dio los pormenores de la demanda que present\u00f3&#8230;<\/p>\n","protected":false},"author":2,"featured_media":109206,"comment_status":"open","ping_status":"open","sticky":false,"template":"","format":"standard","meta":{"_monsterinsights_skip_tracking":false,"_monsterinsights_sitenote_active":false,"_monsterinsights_sitenote_note":"","_monsterinsights_sitenote_category":0,"footnotes":""},"categories":[2],"tags":[],"class_list":["post-109205","post","type-post","status-publish","format-standard","has-post-thumbnail","hentry","category-noticias"],"yoast_head":"<!-- This site is optimized with the Yoast SEO plugin v27.3 - https:\/\/yoast.com\/product\/yoast-seo-wordpress\/ -->\n<title>El\u00a0gobierno de M\u00e9xico\u00a0present\u00f3 la\u00a0demanda\u00a0contra\u00a0Ecuador\u00a0ante la\u00a0Corte Internacional de Justicia, tras el\u00a0allanamiento\u00a0a la\u00a0Embajada mexicana en Quito -<\/title>\n<meta name=\"robots\" content=\"index, follow, max-snippet:-1, max-image-preview:large, max-video-preview:-1\" \/>\n<link rel=\"canonical\" href=\"https:\/\/quehacerpolitico.mx\/?p=109205\" \/>\n<meta property=\"og:locale\" content=\"es_MX\" \/>\n<meta property=\"og:type\" content=\"article\" \/>\n<meta property=\"og:title\" content=\"El\u00a0gobierno de M\u00e9xico\u00a0present\u00f3 la\u00a0demanda\u00a0contra\u00a0Ecuador\u00a0ante la\u00a0Corte Internacional de Justicia, tras el\u00a0allanamiento\u00a0a la\u00a0Embajada mexicana en Quito -\" \/>\n<meta property=\"og:description\" content=\"Por Redacci\u00f3n QP El Gobierno de M\u00e9xico dio los pormenores de la demanda que present\u00f3...\" \/>\n<meta property=\"og:url\" content=\"https:\/\/quehacerpolitico.mx\/?p=109205\" \/>\n<meta property=\"article:published_time\" content=\"2024-04-11T16:02:56+00:00\" \/>\n<meta property=\"article:modified_time\" content=\"2024-04-11T16:03:00+00:00\" \/>\n<meta property=\"og:image\" content=\"https:\/\/quehacerpolitico.mx\/wp-content\/uploads\/2024\/04\/IMG_4783.jpeg\" \/>\n\t<meta property=\"og:image:width\" content=\"1044\" \/>\n\t<meta property=\"og:image:height\" content=\"675\" \/>\n\t<meta property=\"og:image:type\" content=\"image\/jpeg\" \/>\n<meta name=\"author\" content=\"Redacci\u00f3n QP\" \/>\n<meta name=\"twitter:card\" content=\"summary_large_image\" \/>\n<meta name=\"twitter:label1\" content=\"Escrito por\" \/>\n\t<meta name=\"twitter:data1\" content=\"Redacci\u00f3n QP\" \/>\n\t<meta name=\"twitter:label2\" content=\"Tiempo de lectura\" \/>\n\t<meta name=\"twitter:data2\" content=\"3 minutos\" \/>\n<script type=\"application\/ld+json\" class=\"yoast-schema-graph\">{\"@context\":\"https:\\\/\\\/schema.org\",\"@graph\":[{\"@type\":\"Article\",\"@id\":\"https:\\\/\\\/quehacerpolitico.mx\\\/?p=109205#article\",\"isPartOf\":{\"@id\":\"https:\\\/\\\/quehacerpolitico.mx\\\/?p=109205\"},\"author\":{\"name\":\"Redacci\u00f3n QP\",\"@id\":\"https:\\\/\\\/quehacerpolitico.mx\\\/#\\\/schema\\\/person\\\/496d8ad2d1d3f8036101dca7ee39e585\"},\"headline\":\"El\u00a0gobierno de M\u00e9xico\u00a0present\u00f3 la\u00a0demanda\u00a0contra\u00a0Ecuador\u00a0ante la\u00a0Corte Internacional de Justicia, tras el\u00a0allanamiento\u00a0a la\u00a0Embajada mexicana en Quito\",\"datePublished\":\"2024-04-11T16:02:56+00:00\",\"dateModified\":\"2024-04-11T16:03:00+00:00\",\"mainEntityOfPage\":{\"@id\":\"https:\\\/\\\/quehacerpolitico.mx\\\/?p=109205\"},\"wordCount\":569,\"commentCount\":0,\"image\":{\"@id\":\"https:\\\/\\\/quehacerpolitico.mx\\\/?p=109205#primaryimage\"},\"thumbnailUrl\":\"https:\\\/\\\/quehacerpolitico.mx\\\/wp-content\\\/uploads\\\/2024\\\/04\\\/IMG_4783.jpeg\",\"articleSection\":[\"Noticias\"],\"inLanguage\":\"es\",\"potentialAction\":[{\"@type\":\"CommentAction\",\"name\":\"Comment\",\"target\":[\"https:\\\/\\\/quehacerpolitico.mx\\\/?p=109205#respond\"]}]},{\"@type\":\"WebPage\",\"@id\":\"https:\\\/\\\/quehacerpolitico.mx\\\/?p=109205\",\"url\":\"https:\\\/\\\/quehacerpolitico.mx\\\/?p=109205\",\"name\":\"El\u00a0gobierno de M\u00e9xico\u00a0present\u00f3 la\u00a0demanda\u00a0contra\u00a0Ecuador\u00a0ante la\u00a0Corte Internacional de Justicia, tras el\u00a0allanamiento\u00a0a la\u00a0Embajada mexicana en Quito -\",\"isPartOf\":{\"@id\":\"https:\\\/\\\/quehacerpolitico.mx\\\/#website\"},\"primaryImageOfPage\":{\"@id\":\"https:\\\/\\\/quehacerpolitico.mx\\\/?p=109205#primaryimage\"},\"image\":{\"@id\":\"https:\\\/\\\/quehacerpolitico.mx\\\/?p=109205#primaryimage\"},\"thumbnailUrl\":\"https:\\\/\\\/quehacerpolitico.mx\\\/wp-content\\\/uploads\\\/2024\\\/04\\\/IMG_4783.jpeg\",\"datePublished\":\"2024-04-11T16:02:56+00:00\",\"dateModified\":\"2024-04-11T16:03:00+00:00\",\"author\":{\"@id\":\"https:\\\/\\\/quehacerpolitico.mx\\\/#\\\/schema\\\/person\\\/496d8ad2d1d3f8036101dca7ee39e585\"},\"breadcrumb\":{\"@id\":\"https:\\\/\\\/quehacerpolitico.mx\\\/?p=109205#breadcrumb\"},\"inLanguage\":\"es\",\"potentialAction\":[{\"@type\":\"ReadAction\",\"target\":[\"https:\\\/\\\/quehacerpolitico.mx\\\/?p=109205\"]}]},{\"@type\":\"ImageObject\",\"inLanguage\":\"es\",\"@id\":\"https:\\\/\\\/quehacerpolitico.mx\\\/?p=109205#primaryimage\",\"url\":\"https:\\\/\\\/quehacerpolitico.mx\\\/wp-content\\\/uploads\\\/2024\\\/04\\\/IMG_4783.jpeg\",\"contentUrl\":\"https:\\\/\\\/quehacerpolitico.mx\\\/wp-content\\\/uploads\\\/2024\\\/04\\\/IMG_4783.jpeg\",\"width\":1044,\"height\":675},{\"@type\":\"BreadcrumbList\",\"@id\":\"https:\\\/\\\/quehacerpolitico.mx\\\/?p=109205#breadcrumb\",\"itemListElement\":[{\"@type\":\"ListItem\",\"position\":1,\"name\":\"Inicio\",\"item\":\"https:\\\/\\\/quehacerpolitico.mx\\\/\"},{\"@type\":\"ListItem\",\"position\":2,\"name\":\"El\u00a0gobierno de M\u00e9xico\u00a0present\u00f3 la\u00a0demanda\u00a0contra\u00a0Ecuador\u00a0ante la\u00a0Corte Internacional de Justicia, tras el\u00a0allanamiento\u00a0a la\u00a0Embajada mexicana en Quito\"}]},{\"@type\":\"WebSite\",\"@id\":\"https:\\\/\\\/quehacerpolitico.mx\\\/#website\",\"url\":\"https:\\\/\\\/quehacerpolitico.mx\\\/\",\"name\":\"\",\"description\":\"\",\"potentialAction\":[{\"@type\":\"SearchAction\",\"target\":{\"@type\":\"EntryPoint\",\"urlTemplate\":\"https:\\\/\\\/quehacerpolitico.mx\\\/?s={search_term_string}\"},\"query-input\":{\"@type\":\"PropertyValueSpecification\",\"valueRequired\":true,\"valueName\":\"search_term_string\"}}],\"inLanguage\":\"es\"},{\"@type\":\"Person\",\"@id\":\"https:\\\/\\\/quehacerpolitico.mx\\\/#\\\/schema\\\/person\\\/496d8ad2d1d3f8036101dca7ee39e585\",\"name\":\"Redacci\u00f3n QP\",\"image\":{\"@type\":\"ImageObject\",\"inLanguage\":\"es\",\"@id\":\"https:\\\/\\\/secure.gravatar.com\\\/avatar\\\/c7164ed6fdec453195284ad24a5ae5b6e1eed2b848477fa2a4787ba9adf39a41?s=96&d=mm&r=g\",\"url\":\"https:\\\/\\\/secure.gravatar.com\\\/avatar\\\/c7164ed6fdec453195284ad24a5ae5b6e1eed2b848477fa2a4787ba9adf39a41?s=96&d=mm&r=g\",\"contentUrl\":\"https:\\\/\\\/secure.gravatar.com\\\/avatar\\\/c7164ed6fdec453195284ad24a5ae5b6e1eed2b848477fa2a4787ba9adf39a41?s=96&d=mm&r=g\",\"caption\":\"Redacci\u00f3n QP\"},\"url\":\"https:\\\/\\\/quehacerpolitico.mx\\\/?author=2\"}]}<\/script>\n<!-- \/ Yoast SEO plugin. -->","yoast_head_json":{"title":"El\u00a0gobierno de M\u00e9xico\u00a0present\u00f3 la\u00a0demanda\u00a0contra\u00a0Ecuador\u00a0ante la\u00a0Corte Internacional de Justicia, tras el\u00a0allanamiento\u00a0a la\u00a0Embajada mexicana en Quito -","robots":{"index":"index","follow":"follow","max-snippet":"max-snippet:-1","max-image-preview":"max-image-preview:large","max-video-preview":"max-video-preview:-1"},"canonical":"https:\/\/quehacerpolitico.mx\/?p=109205","og_locale":"es_MX","og_type":"article","og_title":"El\u00a0gobierno de M\u00e9xico\u00a0present\u00f3 la\u00a0demanda\u00a0contra\u00a0Ecuador\u00a0ante la\u00a0Corte Internacional de Justicia, tras el\u00a0allanamiento\u00a0a la\u00a0Embajada mexicana en Quito -","og_description":"Por Redacci\u00f3n QP El Gobierno de M\u00e9xico dio los pormenores de la demanda que present\u00f3...","og_url":"https:\/\/quehacerpolitico.mx\/?p=109205","article_published_time":"2024-04-11T16:02:56+00:00","article_modified_time":"2024-04-11T16:03:00+00:00","og_image":[{"width":1044,"height":675,"url":"https:\/\/quehacerpolitico.mx\/wp-content\/uploads\/2024\/04\/IMG_4783.jpeg","type":"image\/jpeg"}],"author":"Redacci\u00f3n QP","twitter_card":"summary_large_image","twitter_misc":{"Escrito por":"Redacci\u00f3n QP","Tiempo de lectura":"3 minutos"},"schema":{"@context":"https:\/\/schema.org","@graph":[{"@type":"Article","@id":"https:\/\/quehacerpolitico.mx\/?p=109205#article","isPartOf":{"@id":"https:\/\/quehacerpolitico.mx\/?p=109205"},"author":{"name":"Redacci\u00f3n QP","@id":"https:\/\/quehacerpolitico.mx\/#\/schema\/person\/496d8ad2d1d3f8036101dca7ee39e585"},"headline":"El\u00a0gobierno de M\u00e9xico\u00a0present\u00f3 la\u00a0demanda\u00a0contra\u00a0Ecuador\u00a0ante la\u00a0Corte Internacional de Justicia, tras el\u00a0allanamiento\u00a0a la\u00a0Embajada mexicana en Quito","datePublished":"2024-04-11T16:02:56+00:00","dateModified":"2024-04-11T16:03:00+00:00","mainEntityOfPage":{"@id":"https:\/\/quehacerpolitico.mx\/?p=109205"},"wordCount":569,"commentCount":0,"image":{"@id":"https:\/\/quehacerpolitico.mx\/?p=109205#primaryimage"},"thumbnailUrl":"https:\/\/quehacerpolitico.mx\/wp-content\/uploads\/2024\/04\/IMG_4783.jpeg","articleSection":["Noticias"],"inLanguage":"es","potentialAction":[{"@type":"CommentAction","name":"Comment","target":["https:\/\/quehacerpolitico.mx\/?p=109205#respond"]}]},{"@type":"WebPage","@id":"https:\/\/quehacerpolitico.mx\/?p=109205","url":"https:\/\/quehacerpolitico.mx\/?p=109205","name":"El\u00a0gobierno de M\u00e9xico\u00a0present\u00f3 la\u00a0demanda\u00a0contra\u00a0Ecuador\u00a0ante la\u00a0Corte Internacional de Justicia, tras el\u00a0allanamiento\u00a0a la\u00a0Embajada mexicana en Quito -","isPartOf":{"@id":"https:\/\/quehacerpolitico.mx\/#website"},"primaryImageOfPage":{"@id":"https:\/\/quehacerpolitico.mx\/?p=109205#primaryimage"},"image":{"@id":"https:\/\/quehacerpolitico.mx\/?p=109205#primaryimage"},"thumbnailUrl":"https:\/\/quehacerpolitico.mx\/wp-content\/uploads\/2024\/04\/IMG_4783.jpeg","datePublished":"2024-04-11T16:02:56+00:00","dateModified":"2024-04-11T16:03:00+00:00","author":{"@id":"https:\/\/quehacerpolitico.mx\/#\/schema\/person\/496d8ad2d1d3f8036101dca7ee39e585"},"breadcrumb":{"@id":"https:\/\/quehacerpolitico.mx\/?p=109205#breadcrumb"},"inLanguage":"es","potentialAction":[{"@type":"ReadAction","target":["https:\/\/quehacerpolitico.mx\/?p=109205"]}]},{"@type":"ImageObject","inLanguage":"es","@id":"https:\/\/quehacerpolitico.mx\/?p=109205#primaryimage","url":"https:\/\/quehacerpolitico.mx\/wp-content\/uploads\/2024\/04\/IMG_4783.jpeg","contentUrl":"https:\/\/quehacerpolitico.mx\/wp-content\/uploads\/2024\/04\/IMG_4783.jpeg","width":1044,"height":675},{"@type":"BreadcrumbList","@id":"https:\/\/quehacerpolitico.mx\/?p=109205#breadcrumb","itemListElement":[{"@type":"ListItem","position":1,"name":"Inicio","item":"https:\/\/quehacerpolitico.mx\/"},{"@type":"ListItem","position":2,"name":"El\u00a0gobierno de M\u00e9xico\u00a0present\u00f3 la\u00a0demanda\u00a0contra\u00a0Ecuador\u00a0ante la\u00a0Corte Internacional de Justicia, tras el\u00a0allanamiento\u00a0a la\u00a0Embajada mexicana en Quito"}]},{"@type":"WebSite","@id":"https:\/\/quehacerpolitico.mx\/#website","url":"https:\/\/quehacerpolitico.mx\/","name":"","description":"","potentialAction":[{"@type":"SearchAction","target":{"@type":"EntryPoint","urlTemplate":"https:\/\/quehacerpolitico.mx\/?s={search_term_string}"},"query-input":{"@type":"PropertyValueSpecification","valueRequired":true,"valueName":"search_term_string"}}],"inLanguage":"es"},{"@type":"Person","@id":"https:\/\/quehacerpolitico.mx\/#\/schema\/person\/496d8ad2d1d3f8036101dca7ee39e585","name":"Redacci\u00f3n QP","image":{"@type":"ImageObject","inLanguage":"es","@id":"https:\/\/secure.gravatar.com\/avatar\/c7164ed6fdec453195284ad24a5ae5b6e1eed2b848477fa2a4787ba9adf39a41?s=96&d=mm&r=g","url":"https:\/\/secure.gravatar.com\/avatar\/c7164ed6fdec453195284ad24a5ae5b6e1eed2b848477fa2a4787ba9adf39a41?s=96&d=mm&r=g","contentUrl":"https:\/\/secure.gravatar.com\/avatar\/c7164ed6fdec453195284ad24a5ae5b6e1eed2b848477fa2a4787ba9adf39a41?s=96&d=mm&r=g","caption":"Redacci\u00f3n QP"},"url":"https:\/\/quehacerpolitico.mx\/?author=2"}]}},"featured_image_urls":{"full":["https:\/\/quehacerpolitico.mx\/wp-content\/uploads\/2024\/04\/IMG_4783.jpeg",1044,675,false],"thumbnail":["https:\/\/quehacerpolitico.mx\/wp-content\/uploads\/2024\/04\/IMG_4783-150x150.jpeg",150,150,true],"medium":["https:\/\/quehacerpolitico.mx\/wp-content\/uploads\/2024\/04\/IMG_4783-300x194.jpeg",300,194,true],"medium_large":["https:\/\/quehacerpolitico.mx\/wp-content\/uploads\/2024\/04\/IMG_4783-768x497.jpeg",640,414,true],"large":["https:\/\/quehacerpolitico.mx\/wp-content\/uploads\/2024\/04\/IMG_4783-1024x662.jpeg",640,414,true],"1536x1536":["https:\/\/quehacerpolitico.mx\/wp-content\/uploads\/2024\/04\/IMG_4783.jpeg",1044,675,false],"2048x2048":["https:\/\/quehacerpolitico.mx\/wp-content\/uploads\/2024\/04\/IMG_4783.jpeg",1044,675,false],"covernews-featured":["https:\/\/quehacerpolitico.mx\/wp-content\/uploads\/2024\/04\/IMG_4783.jpeg",1024,662,false],"covernews-medium":["https:\/\/quehacerpolitico.mx\/wp-content\/uploads\/2024\/04\/IMG_4783.jpeg",526,340,false]},"author_info":{"display_name":"Redacci\u00f3n QP","author_link":"https:\/\/quehacerpolitico.mx\/?author=2"},"category_info":"<a href=\"https:\/\/quehacerpolitico.mx\/?cat=2\" rel=\"category\">Noticias<\/a>","tag_info":"Noticias","comment_count":"0","_links":{"self":[{"href":"https:\/\/quehacerpolitico.mx\/index.php?rest_route=\/wp\/v2\/posts\/109205","targetHints":{"allow":["GET"]}}],"collection":[{"href":"https:\/\/quehacerpolitico.mx\/index.php?rest_route=\/wp\/v2\/posts"}],"about":[{"href":"https:\/\/quehacerpolitico.mx\/index.php?rest_route=\/wp\/v2\/types\/post"}],"author":[{"embeddable":true,"href":"https:\/\/quehacerpolitico.mx\/index.php?rest_route=\/wp\/v2\/users\/2"}],"replies":[{"embeddable":true,"href":"https:\/\/quehacerpolitico.mx\/index.php?rest_route=%2Fwp%2Fv2%2Fcomments&post=109205"}],"version-history":[{"count":1,"href":"https:\/\/quehacerpolitico.mx\/index.php?rest_route=\/wp\/v2\/posts\/109205\/revisions"}],"predecessor-version":[{"id":109207,"href":"https:\/\/quehacerpolitico.mx\/index.php?rest_route=\/wp\/v2\/posts\/109205\/revisions\/109207"}],"wp:featuredmedia":[{"embeddable":true,"href":"https:\/\/quehacerpolitico.mx\/index.php?rest_route=\/wp\/v2\/media\/109206"}],"wp:attachment":[{"href":"https:\/\/quehacerpolitico.mx\/index.php?rest_route=%2Fwp%2Fv2%2Fmedia&parent=109205"}],"wp:term":[{"taxonomy":"category","embeddable":true,"href":"https:\/\/quehacerpolitico.mx\/index.php?rest_route=%2Fwp%2Fv2%2Fcategories&post=109205"},{"taxonomy":"post_tag","embeddable":true,"href":"https:\/\/quehacerpolitico.mx\/index.php?rest_route=%2Fwp%2Fv2%2Ftags&post=109205"}],"curies":[{"name":"wp","href":"https:\/\/api.w.org\/{rel}","templated":true}]}}