{"id":109193,"date":"2024-04-10T21:41:36","date_gmt":"2024-04-10T21:41:36","guid":{"rendered":"https:\/\/quehacerpolitico.mx\/?p=109193"},"modified":"2024-04-10T21:41:38","modified_gmt":"2024-04-10T21:41:38","slug":"la-invasion-de-casas-abandonadas-y-de-personas-adultas-mayores-sera-combatida-durante-la-administracion-de-daniel-ordonez-en-iztacalco","status":"publish","type":"post","link":"https:\/\/quehacerpolitico.mx\/?p=109193","title":{"rendered":"La invasi\u00f3n de casas abandonadas y de personas adultas mayores ser\u00e1 combatida durante la administraci\u00f3n de Daniel Ordo\u00f1ez en Iztacalco"},"content":{"rendered":"\n<p>Por Redacci\u00f3n QP<\/p>\n\n\n\n<p>\uf0b7 En recorrido, el candidato recibi\u00f3 cinco denuncias de vecinos por la incursi\u00f3n en viviendas.<\/p>\n\n\n\n<p>\uf0b7 Residentes de colonias como Reforma Iztacihuatl dicen que han participado polic\u00edas y hasta gente de Tepito y Tl\u00e1huac, en la ocupaci\u00f3n ilegal de las propiedades.<\/p>\n\n\n\n<p>Daniel Ordo\u00f1ez, candidato a Iztacalco por la coalici\u00f3n PAN-PRI-PRD y sociedad civil \u201cVamos X la CDMX\u201d combatir\u00e1 la invasi\u00f3n de viviendas en esta demarcaci\u00f3n, ya que ha incrementado el n\u00famero de despojos de casas contra personas adultas mayores, por parte de polic\u00edas, vecinos, as\u00ed como de organizaciones de vivienda y criminales provenientes de Tl\u00e1huac y Tepito.<\/p>\n\n\n\n<figure class=\"wp-block-image size-large\"><img loading=\"lazy\" decoding=\"async\" width=\"1024\" height=\"768\" src=\"https:\/\/quehacerpolitico.mx\/wp-content\/uploads\/2024\/04\/image-12-1024x768.jpeg\" alt=\"\" class=\"wp-image-109194\" srcset=\"https:\/\/quehacerpolitico.mx\/wp-content\/uploads\/2024\/04\/image-12-1024x768.jpeg 1024w, https:\/\/quehacerpolitico.mx\/wp-content\/uploads\/2024\/04\/image-12-300x225.jpeg 300w, https:\/\/quehacerpolitico.mx\/wp-content\/uploads\/2024\/04\/image-12-768x576.jpeg 768w, https:\/\/quehacerpolitico.mx\/wp-content\/uploads\/2024\/04\/image-12-1536x1152.jpeg 1536w, https:\/\/quehacerpolitico.mx\/wp-content\/uploads\/2024\/04\/image-12-195x146.jpeg 195w, https:\/\/quehacerpolitico.mx\/wp-content\/uploads\/2024\/04\/image-12-50x38.jpeg 50w, https:\/\/quehacerpolitico.mx\/wp-content\/uploads\/2024\/04\/image-12-100x75.jpeg 100w, https:\/\/quehacerpolitico.mx\/wp-content\/uploads\/2024\/04\/image-12-960x720.jpeg 960w, https:\/\/quehacerpolitico.mx\/wp-content\/uploads\/2024\/04\/image-12.jpeg 1600w\" sizes=\"auto, (max-width: 1024px) 100vw, 1024px\" \/><\/figure>\n\n\n\n<p>\u201cY aqu\u00ed particularmente se est\u00e1n quejando de invasiones a las casas que est\u00e1n abandonadas. Llevamos como cinco vecinos que se quejan de esa parte\u201d, dijo Daniel Ordo\u00f1ez al recorrer junto con su brigada la colonia Reforma Iztacihuatl Norte, identificada como una zona de clase media en la que habitan personas de la tercera edad, que pese a encontrarse bien cuidada, adolece de falta de servicios y de seguridad, lo que ha llevado a la invasi\u00f3n inmobiliaria.<\/p>\n\n\n\n<figure class=\"wp-block-embed is-type-rich is-provider-twitter wp-block-embed-twitter\"><div class=\"wp-block-embed__wrapper\">\n<blockquote class=\"twitter-tweet\" data-width=\"550\" data-dnt=\"true\"><p lang=\"es\" dir=\"ltr\"><a href=\"https:\/\/twitter.com\/hashtag\/QPMX?src=hash&amp;ref_src=twsrc%5Etfw\">#QPMX<\/a> <a href=\"https:\/\/twitter.com\/hashtag\/QuehacerPolitico?src=hash&amp;ref_src=twsrc%5Etfw\">#QuehacerPolitico<\/a> <a href=\"https:\/\/twitter.com\/hashtag\/InquiriendoLaNoticia?src=hash&amp;ref_src=twsrc%5Etfw\">#InquiriendoLaNoticia<\/a> <a href=\"https:\/\/twitter.com\/Ordonez_Mx?ref_src=twsrc%5Etfw\">@Ordonez_Mx<\/a> un hombre con Visi\u00f3n de Cambio recorre d\u00eda a d\u00eda las calles de <a href=\"https:\/\/twitter.com\/IztacalcoAl?ref_src=twsrc%5Etfw\">@IztacalcoAl<\/a> <br><br>La invasi\u00f3n de casas abandonadas y de personas adultas mayores ser\u00e1<br>combatida durante la administraci\u00f3n de Daniel Ordo\u00f1ez en Iztacalco. <a href=\"https:\/\/t.co\/hUwJ4k5W8f\">pic.twitter.com\/hUwJ4k5W8f<\/a><\/p>&mdash; Quehacer Pol\u00edtico (@QueHacerPolitic) <a href=\"https:\/\/twitter.com\/QueHacerPolitic\/status\/1778169699450397086?ref_src=twsrc%5Etfw\">April 10, 2024<\/a><\/blockquote><script async src=\"https:\/\/platform.twitter.com\/widgets.js\" charset=\"utf-8\"><\/script>\n<\/div><\/figure>\n\n\n\n<p>\u201cEstas colonias son de gente adulta, entonces viven solas. A veces llegan, les hacen limpieza, les invaden y los privan de su libertad. Eso pas\u00f3 en lo que son las Torres, entre Caletilla y Santiago, y fue casa de seguridad, hasta que fueron y denunciaron.Ya tenemos varios a\u00f1os, pero en \u00e9ste se ha incrementado, y que yo conozca han invadido como seis o siete casas\u201d, dijo Joelia, residente de la zona quien asegur\u00f3 que las autoridades de la alcald\u00eda Iztacalco no les han hecho caso, por lo que han tenido que organizarse para denunciar y tratar de sacar a los invasores.<\/p>\n\n\n\n<figure class=\"wp-block-image size-large\"><img loading=\"lazy\" decoding=\"async\" width=\"768\" height=\"1024\" src=\"https:\/\/quehacerpolitico.mx\/wp-content\/uploads\/2024\/04\/image-13-768x1024.jpeg\" alt=\"\" class=\"wp-image-109195\" srcset=\"https:\/\/quehacerpolitico.mx\/wp-content\/uploads\/2024\/04\/image-13-768x1024.jpeg 768w, https:\/\/quehacerpolitico.mx\/wp-content\/uploads\/2024\/04\/image-13-225x300.jpeg 225w, https:\/\/quehacerpolitico.mx\/wp-content\/uploads\/2024\/04\/image-13-1152x1536.jpeg 1152w, https:\/\/quehacerpolitico.mx\/wp-content\/uploads\/2024\/04\/image-13-110x146.jpeg 110w, https:\/\/quehacerpolitico.mx\/wp-content\/uploads\/2024\/04\/image-13-38x50.jpeg 38w, https:\/\/quehacerpolitico.mx\/wp-content\/uploads\/2024\/04\/image-13-56x75.jpeg 56w, https:\/\/quehacerpolitico.mx\/wp-content\/uploads\/2024\/04\/image-13.jpeg 1200w\" sizes=\"auto, (max-width: 768px) 100vw, 768px\" \/><\/figure>\n\n\n\n<p>Esta residente supone que debe haber colusi\u00f3n entre varios niveles de funcionarios de gobierno, porque se ha detectado que en estas invasiones<br>participan polic\u00edas, adem\u00e1s de que alguien, en alguna oficina gubernamental, les debe ayudar con los tr\u00e1mites administrativos para expedir documentaciones, ya que al final, se ha encontrado que muchas de las viviendas son rematadas entre el medio mill\u00f3n y los 700 mil pesos, en portales de internet.<\/p>\n","protected":false},"excerpt":{"rendered":"<p>Por Redacci\u00f3n QP \uf0b7 En recorrido, el candidato recibi\u00f3 cinco denuncias de vecinos por la&#8230;<\/p>\n","protected":false},"author":2,"featured_media":109196,"comment_status":"open","ping_status":"open","sticky":false,"template":"","format":"standard","meta":{"_monsterinsights_skip_tracking":false,"_monsterinsights_sitenote_active":false,"_monsterinsights_sitenote_note":"","_monsterinsights_sitenote_category":0,"footnotes":""},"categories":[55],"tags":[],"class_list":["post-109193","post","type-post","status-publish","format-standard","has-post-thumbnail","hentry","category-cdmx"],"yoast_head":"<!-- This site is optimized with the Yoast SEO plugin v27.3 - https:\/\/yoast.com\/product\/yoast-seo-wordpress\/ -->\n<title>La invasi\u00f3n de casas abandonadas y de personas adultas mayores ser\u00e1 combatida durante la administraci\u00f3n de Daniel Ordo\u00f1ez en Iztacalco -<\/title>\n<meta name=\"robots\" content=\"index, follow, max-snippet:-1, max-image-preview:large, max-video-preview:-1\" \/>\n<link rel=\"canonical\" href=\"https:\/\/quehacerpolitico.mx\/?p=109193\" \/>\n<meta property=\"og:locale\" content=\"es_MX\" \/>\n<meta property=\"og:type\" content=\"article\" \/>\n<meta property=\"og:title\" content=\"La invasi\u00f3n de casas abandonadas y de personas adultas mayores ser\u00e1 combatida durante la administraci\u00f3n de Daniel Ordo\u00f1ez en Iztacalco -\" \/>\n<meta property=\"og:description\" content=\"Por Redacci\u00f3n QP \uf0b7 En recorrido, el candidato recibi\u00f3 cinco denuncias de vecinos por la...\" \/>\n<meta property=\"og:url\" content=\"https:\/\/quehacerpolitico.mx\/?p=109193\" \/>\n<meta property=\"article:published_time\" content=\"2024-04-10T21:41:36+00:00\" \/>\n<meta property=\"article:modified_time\" content=\"2024-04-10T21:41:38+00:00\" \/>\n<meta property=\"og:image\" content=\"https:\/\/quehacerpolitico.mx\/wp-content\/uploads\/2024\/04\/e4b75e8a-c368-4d24-a00f-ff3f02a75dbc.jpeg\" \/>\n\t<meta property=\"og:image:width\" content=\"1600\" \/>\n\t<meta property=\"og:image:height\" content=\"1200\" \/>\n\t<meta property=\"og:image:type\" content=\"image\/jpeg\" \/>\n<meta name=\"author\" content=\"Redacci\u00f3n QP\" \/>\n<meta name=\"twitter:card\" content=\"summary_large_image\" \/>\n<meta name=\"twitter:label1\" content=\"Escrito por\" \/>\n\t<meta name=\"twitter:data1\" content=\"Redacci\u00f3n QP\" \/>\n\t<meta name=\"twitter:label2\" content=\"Tiempo de lectura\" \/>\n\t<meta name=\"twitter:data2\" content=\"2 minutos\" \/>\n<script type=\"application\/ld+json\" class=\"yoast-schema-graph\">{\"@context\":\"https:\\\/\\\/schema.org\",\"@graph\":[{\"@type\":\"Article\",\"@id\":\"https:\\\/\\\/quehacerpolitico.mx\\\/?p=109193#article\",\"isPartOf\":{\"@id\":\"https:\\\/\\\/quehacerpolitico.mx\\\/?p=109193\"},\"author\":{\"name\":\"Redacci\u00f3n QP\",\"@id\":\"https:\\\/\\\/quehacerpolitico.mx\\\/#\\\/schema\\\/person\\\/496d8ad2d1d3f8036101dca7ee39e585\"},\"headline\":\"La invasi\u00f3n de casas abandonadas y de personas adultas mayores ser\u00e1 combatida durante la administraci\u00f3n de Daniel Ordo\u00f1ez en Iztacalco\",\"datePublished\":\"2024-04-10T21:41:36+00:00\",\"dateModified\":\"2024-04-10T21:41:38+00:00\",\"mainEntityOfPage\":{\"@id\":\"https:\\\/\\\/quehacerpolitico.mx\\\/?p=109193\"},\"wordCount\":400,\"commentCount\":0,\"image\":{\"@id\":\"https:\\\/\\\/quehacerpolitico.mx\\\/?p=109193#primaryimage\"},\"thumbnailUrl\":\"https:\\\/\\\/quehacerpolitico.mx\\\/wp-content\\\/uploads\\\/2024\\\/04\\\/e4b75e8a-c368-4d24-a00f-ff3f02a75dbc.jpeg\",\"articleSection\":[\"CDMX\"],\"inLanguage\":\"es\",\"potentialAction\":[{\"@type\":\"CommentAction\",\"name\":\"Comment\",\"target\":[\"https:\\\/\\\/quehacerpolitico.mx\\\/?p=109193#respond\"]}]},{\"@type\":\"WebPage\",\"@id\":\"https:\\\/\\\/quehacerpolitico.mx\\\/?p=109193\",\"url\":\"https:\\\/\\\/quehacerpolitico.mx\\\/?p=109193\",\"name\":\"La invasi\u00f3n de casas abandonadas y de personas adultas mayores ser\u00e1 combatida durante la administraci\u00f3n de Daniel Ordo\u00f1ez en Iztacalco -\",\"isPartOf\":{\"@id\":\"https:\\\/\\\/quehacerpolitico.mx\\\/#website\"},\"primaryImageOfPage\":{\"@id\":\"https:\\\/\\\/quehacerpolitico.mx\\\/?p=109193#primaryimage\"},\"image\":{\"@id\":\"https:\\\/\\\/quehacerpolitico.mx\\\/?p=109193#primaryimage\"},\"thumbnailUrl\":\"https:\\\/\\\/quehacerpolitico.mx\\\/wp-content\\\/uploads\\\/2024\\\/04\\\/e4b75e8a-c368-4d24-a00f-ff3f02a75dbc.jpeg\",\"datePublished\":\"2024-04-10T21:41:36+00:00\",\"dateModified\":\"2024-04-10T21:41:38+00:00\",\"author\":{\"@id\":\"https:\\\/\\\/quehacerpolitico.mx\\\/#\\\/schema\\\/person\\\/496d8ad2d1d3f8036101dca7ee39e585\"},\"breadcrumb\":{\"@id\":\"https:\\\/\\\/quehacerpolitico.mx\\\/?p=109193#breadcrumb\"},\"inLanguage\":\"es\",\"potentialAction\":[{\"@type\":\"ReadAction\",\"target\":[\"https:\\\/\\\/quehacerpolitico.mx\\\/?p=109193\"]}]},{\"@type\":\"ImageObject\",\"inLanguage\":\"es\",\"@id\":\"https:\\\/\\\/quehacerpolitico.mx\\\/?p=109193#primaryimage\",\"url\":\"https:\\\/\\\/quehacerpolitico.mx\\\/wp-content\\\/uploads\\\/2024\\\/04\\\/e4b75e8a-c368-4d24-a00f-ff3f02a75dbc.jpeg\",\"contentUrl\":\"https:\\\/\\\/quehacerpolitico.mx\\\/wp-content\\\/uploads\\\/2024\\\/04\\\/e4b75e8a-c368-4d24-a00f-ff3f02a75dbc.jpeg\",\"width\":1600,\"height\":1200},{\"@type\":\"BreadcrumbList\",\"@id\":\"https:\\\/\\\/quehacerpolitico.mx\\\/?p=109193#breadcrumb\",\"itemListElement\":[{\"@type\":\"ListItem\",\"position\":1,\"name\":\"Inicio\",\"item\":\"https:\\\/\\\/quehacerpolitico.mx\\\/\"},{\"@type\":\"ListItem\",\"position\":2,\"name\":\"La invasi\u00f3n de casas abandonadas y de personas adultas mayores ser\u00e1 combatida durante la administraci\u00f3n de Daniel Ordo\u00f1ez en Iztacalco\"}]},{\"@type\":\"WebSite\",\"@id\":\"https:\\\/\\\/quehacerpolitico.mx\\\/#website\",\"url\":\"https:\\\/\\\/quehacerpolitico.mx\\\/\",\"name\":\"\",\"description\":\"\",\"potentialAction\":[{\"@type\":\"SearchAction\",\"target\":{\"@type\":\"EntryPoint\",\"urlTemplate\":\"https:\\\/\\\/quehacerpolitico.mx\\\/?s={search_term_string}\"},\"query-input\":{\"@type\":\"PropertyValueSpecification\",\"valueRequired\":true,\"valueName\":\"search_term_string\"}}],\"inLanguage\":\"es\"},{\"@type\":\"Person\",\"@id\":\"https:\\\/\\\/quehacerpolitico.mx\\\/#\\\/schema\\\/person\\\/496d8ad2d1d3f8036101dca7ee39e585\",\"name\":\"Redacci\u00f3n QP\",\"image\":{\"@type\":\"ImageObject\",\"inLanguage\":\"es\",\"@id\":\"https:\\\/\\\/secure.gravatar.com\\\/avatar\\\/c7164ed6fdec453195284ad24a5ae5b6e1eed2b848477fa2a4787ba9adf39a41?s=96&d=mm&r=g\",\"url\":\"https:\\\/\\\/secure.gravatar.com\\\/avatar\\\/c7164ed6fdec453195284ad24a5ae5b6e1eed2b848477fa2a4787ba9adf39a41?s=96&d=mm&r=g\",\"contentUrl\":\"https:\\\/\\\/secure.gravatar.com\\\/avatar\\\/c7164ed6fdec453195284ad24a5ae5b6e1eed2b848477fa2a4787ba9adf39a41?s=96&d=mm&r=g\",\"caption\":\"Redacci\u00f3n QP\"},\"url\":\"https:\\\/\\\/quehacerpolitico.mx\\\/?author=2\"}]}<\/script>\n<!-- \/ Yoast SEO plugin. -->","yoast_head_json":{"title":"La invasi\u00f3n de casas abandonadas y de personas adultas mayores ser\u00e1 combatida durante la administraci\u00f3n de Daniel Ordo\u00f1ez en Iztacalco -","robots":{"index":"index","follow":"follow","max-snippet":"max-snippet:-1","max-image-preview":"max-image-preview:large","max-video-preview":"max-video-preview:-1"},"canonical":"https:\/\/quehacerpolitico.mx\/?p=109193","og_locale":"es_MX","og_type":"article","og_title":"La invasi\u00f3n de casas abandonadas y de personas adultas mayores ser\u00e1 combatida durante la administraci\u00f3n de Daniel Ordo\u00f1ez en Iztacalco -","og_description":"Por Redacci\u00f3n QP \uf0b7 En recorrido, el candidato recibi\u00f3 cinco denuncias de vecinos por la...","og_url":"https:\/\/quehacerpolitico.mx\/?p=109193","article_published_time":"2024-04-10T21:41:36+00:00","article_modified_time":"2024-04-10T21:41:38+00:00","og_image":[{"width":1600,"height":1200,"url":"https:\/\/quehacerpolitico.mx\/wp-content\/uploads\/2024\/04\/e4b75e8a-c368-4d24-a00f-ff3f02a75dbc.jpeg","type":"image\/jpeg"}],"author":"Redacci\u00f3n QP","twitter_card":"summary_large_image","twitter_misc":{"Escrito por":"Redacci\u00f3n QP","Tiempo de lectura":"2 minutos"},"schema":{"@context":"https:\/\/schema.org","@graph":[{"@type":"Article","@id":"https:\/\/quehacerpolitico.mx\/?p=109193#article","isPartOf":{"@id":"https:\/\/quehacerpolitico.mx\/?p=109193"},"author":{"name":"Redacci\u00f3n QP","@id":"https:\/\/quehacerpolitico.mx\/#\/schema\/person\/496d8ad2d1d3f8036101dca7ee39e585"},"headline":"La invasi\u00f3n de casas abandonadas y de personas adultas mayores ser\u00e1 combatida durante la administraci\u00f3n de Daniel Ordo\u00f1ez en Iztacalco","datePublished":"2024-04-10T21:41:36+00:00","dateModified":"2024-04-10T21:41:38+00:00","mainEntityOfPage":{"@id":"https:\/\/quehacerpolitico.mx\/?p=109193"},"wordCount":400,"commentCount":0,"image":{"@id":"https:\/\/quehacerpolitico.mx\/?p=109193#primaryimage"},"thumbnailUrl":"https:\/\/quehacerpolitico.mx\/wp-content\/uploads\/2024\/04\/e4b75e8a-c368-4d24-a00f-ff3f02a75dbc.jpeg","articleSection":["CDMX"],"inLanguage":"es","potentialAction":[{"@type":"CommentAction","name":"Comment","target":["https:\/\/quehacerpolitico.mx\/?p=109193#respond"]}]},{"@type":"WebPage","@id":"https:\/\/quehacerpolitico.mx\/?p=109193","url":"https:\/\/quehacerpolitico.mx\/?p=109193","name":"La invasi\u00f3n de casas abandonadas y de personas adultas mayores ser\u00e1 combatida durante la administraci\u00f3n de Daniel Ordo\u00f1ez en Iztacalco -","isPartOf":{"@id":"https:\/\/quehacerpolitico.mx\/#website"},"primaryImageOfPage":{"@id":"https:\/\/quehacerpolitico.mx\/?p=109193#primaryimage"},"image":{"@id":"https:\/\/quehacerpolitico.mx\/?p=109193#primaryimage"},"thumbnailUrl":"https:\/\/quehacerpolitico.mx\/wp-content\/uploads\/2024\/04\/e4b75e8a-c368-4d24-a00f-ff3f02a75dbc.jpeg","datePublished":"2024-04-10T21:41:36+00:00","dateModified":"2024-04-10T21:41:38+00:00","author":{"@id":"https:\/\/quehacerpolitico.mx\/#\/schema\/person\/496d8ad2d1d3f8036101dca7ee39e585"},"breadcrumb":{"@id":"https:\/\/quehacerpolitico.mx\/?p=109193#breadcrumb"},"inLanguage":"es","potentialAction":[{"@type":"ReadAction","target":["https:\/\/quehacerpolitico.mx\/?p=109193"]}]},{"@type":"ImageObject","inLanguage":"es","@id":"https:\/\/quehacerpolitico.mx\/?p=109193#primaryimage","url":"https:\/\/quehacerpolitico.mx\/wp-content\/uploads\/2024\/04\/e4b75e8a-c368-4d24-a00f-ff3f02a75dbc.jpeg","contentUrl":"https:\/\/quehacerpolitico.mx\/wp-content\/uploads\/2024\/04\/e4b75e8a-c368-4d24-a00f-ff3f02a75dbc.jpeg","width":1600,"height":1200},{"@type":"BreadcrumbList","@id":"https:\/\/quehacerpolitico.mx\/?p=109193#breadcrumb","itemListElement":[{"@type":"ListItem","position":1,"name":"Inicio","item":"https:\/\/quehacerpolitico.mx\/"},{"@type":"ListItem","position":2,"name":"La invasi\u00f3n de casas abandonadas y de personas adultas mayores ser\u00e1 combatida durante la administraci\u00f3n de Daniel Ordo\u00f1ez en Iztacalco"}]},{"@type":"WebSite","@id":"https:\/\/quehacerpolitico.mx\/#website","url":"https:\/\/quehacerpolitico.mx\/","name":"","description":"","potentialAction":[{"@type":"SearchAction","target":{"@type":"EntryPoint","urlTemplate":"https:\/\/quehacerpolitico.mx\/?s={search_term_string}"},"query-input":{"@type":"PropertyValueSpecification","valueRequired":true,"valueName":"search_term_string"}}],"inLanguage":"es"},{"@type":"Person","@id":"https:\/\/quehacerpolitico.mx\/#\/schema\/person\/496d8ad2d1d3f8036101dca7ee39e585","name":"Redacci\u00f3n QP","image":{"@type":"ImageObject","inLanguage":"es","@id":"https:\/\/secure.gravatar.com\/avatar\/c7164ed6fdec453195284ad24a5ae5b6e1eed2b848477fa2a4787ba9adf39a41?s=96&d=mm&r=g","url":"https:\/\/secure.gravatar.com\/avatar\/c7164ed6fdec453195284ad24a5ae5b6e1eed2b848477fa2a4787ba9adf39a41?s=96&d=mm&r=g","contentUrl":"https:\/\/secure.gravatar.com\/avatar\/c7164ed6fdec453195284ad24a5ae5b6e1eed2b848477fa2a4787ba9adf39a41?s=96&d=mm&r=g","caption":"Redacci\u00f3n QP"},"url":"https:\/\/quehacerpolitico.mx\/?author=2"}]}},"featured_image_urls":{"full":["https:\/\/quehacerpolitico.mx\/wp-content\/uploads\/2024\/04\/e4b75e8a-c368-4d24-a00f-ff3f02a75dbc.jpeg",1600,1200,false],"thumbnail":["https:\/\/quehacerpolitico.mx\/wp-content\/uploads\/2024\/04\/e4b75e8a-c368-4d24-a00f-ff3f02a75dbc-150x150.jpeg",150,150,true],"medium":["https:\/\/quehacerpolitico.mx\/wp-content\/uploads\/2024\/04\/e4b75e8a-c368-4d24-a00f-ff3f02a75dbc-300x225.jpeg",300,225,true],"medium_large":["https:\/\/quehacerpolitico.mx\/wp-content\/uploads\/2024\/04\/e4b75e8a-c368-4d24-a00f-ff3f02a75dbc-768x576.jpeg",640,480,true],"large":["https:\/\/quehacerpolitico.mx\/wp-content\/uploads\/2024\/04\/e4b75e8a-c368-4d24-a00f-ff3f02a75dbc-1024x768.jpeg",640,480,true],"1536x1536":["https:\/\/quehacerpolitico.mx\/wp-content\/uploads\/2024\/04\/e4b75e8a-c368-4d24-a00f-ff3f02a75dbc-1536x1152.jpeg",1536,1152,true],"2048x2048":["https:\/\/quehacerpolitico.mx\/wp-content\/uploads\/2024\/04\/e4b75e8a-c368-4d24-a00f-ff3f02a75dbc.jpeg",1600,1200,false],"covernews-featured":["https:\/\/quehacerpolitico.mx\/wp-content\/uploads\/2024\/04\/e4b75e8a-c368-4d24-a00f-ff3f02a75dbc.jpeg",1024,768,false],"covernews-medium":["https:\/\/quehacerpolitico.mx\/wp-content\/uploads\/2024\/04\/e4b75e8a-c368-4d24-a00f-ff3f02a75dbc.jpeg",453,340,false]},"author_info":{"display_name":"Redacci\u00f3n QP","author_link":"https:\/\/quehacerpolitico.mx\/?author=2"},"category_info":"<a href=\"https:\/\/quehacerpolitico.mx\/?cat=55\" rel=\"category\">CDMX<\/a>","tag_info":"CDMX","comment_count":"0","_links":{"self":[{"href":"https:\/\/quehacerpolitico.mx\/index.php?rest_route=\/wp\/v2\/posts\/109193","targetHints":{"allow":["GET"]}}],"collection":[{"href":"https:\/\/quehacerpolitico.mx\/index.php?rest_route=\/wp\/v2\/posts"}],"about":[{"href":"https:\/\/quehacerpolitico.mx\/index.php?rest_route=\/wp\/v2\/types\/post"}],"author":[{"embeddable":true,"href":"https:\/\/quehacerpolitico.mx\/index.php?rest_route=\/wp\/v2\/users\/2"}],"replies":[{"embeddable":true,"href":"https:\/\/quehacerpolitico.mx\/index.php?rest_route=%2Fwp%2Fv2%2Fcomments&post=109193"}],"version-history":[{"count":1,"href":"https:\/\/quehacerpolitico.mx\/index.php?rest_route=\/wp\/v2\/posts\/109193\/revisions"}],"predecessor-version":[{"id":109197,"href":"https:\/\/quehacerpolitico.mx\/index.php?rest_route=\/wp\/v2\/posts\/109193\/revisions\/109197"}],"wp:featuredmedia":[{"embeddable":true,"href":"https:\/\/quehacerpolitico.mx\/index.php?rest_route=\/wp\/v2\/media\/109196"}],"wp:attachment":[{"href":"https:\/\/quehacerpolitico.mx\/index.php?rest_route=%2Fwp%2Fv2%2Fmedia&parent=109193"}],"wp:term":[{"taxonomy":"category","embeddable":true,"href":"https:\/\/quehacerpolitico.mx\/index.php?rest_route=%2Fwp%2Fv2%2Fcategories&post=109193"},{"taxonomy":"post_tag","embeddable":true,"href":"https:\/\/quehacerpolitico.mx\/index.php?rest_route=%2Fwp%2Fv2%2Ftags&post=109193"}],"curies":[{"name":"wp","href":"https:\/\/api.w.org\/{rel}","templated":true}]}}