{"id":109168,"date":"2024-04-10T16:04:35","date_gmt":"2024-04-10T16:04:35","guid":{"rendered":"https:\/\/quehacerpolitico.mx\/?p=109168"},"modified":"2024-04-10T16:04:37","modified_gmt":"2024-04-10T16:04:37","slug":"el-quehacer-politico-a-traves-de-la-expresion-libre-una-mirada-al-complejo-social-mtra-julia-herrera-aristeo","status":"publish","type":"post","link":"https:\/\/quehacerpolitico.mx\/?p=109168","title":{"rendered":"El Quehacer Pol\u00edtico a trav\u00e9s de la Expresi\u00f3n libre una mirada al complejo social\/\/\/Mtra Julia Herrera Aristeo"},"content":{"rendered":"\n<p>Por Mtro Julia Herrera Aristeo<\/p>\n\n\n\n<p>Analista<\/p>\n\n\n\n<p>A escasos&nbsp;dos&nbsp;meses&nbsp;y un d\u00eda de que se lleve a cabo la elecci\u00f3n m\u00e1s grande de los \u00faltimos tiempos&nbsp;en M\u00e9xico,&nbsp;se vislumbra una ciudadan\u00eda politizada;&nbsp;en la escuela,&nbsp;en el trabajo,&nbsp;con la familia&nbsp;y&nbsp;en las reuniones de toda \u00edndole&nbsp;el tema en boga es referente a las pr\u00f3ximas elecciones;conversaciones&nbsp;que en ocasiones escalan a acaloradas discusiones&nbsp;en el d\u00eda a d\u00eda,&nbsp;incluso&nbsp;entre&nbsp;desconocidos a trav\u00e9s de las redes sociales.<\/p>\n\n\n\n<p>Los medios de comunicaci\u00f3n tradicionales&nbsp;y&nbsp;digitales&nbsp;han sido fundamentales para dar a conocer las circunstancias en que los&nbsp;partidos pol\u00edticos&nbsp;se organizaron&nbsp;con sus respectivos aliados, y luego&nbsp;llevaron a cabo la&nbsp;elecci\u00f3n&nbsp;de&nbsp;sus&nbsp;candidatos.<\/p>\n\n\n\n<p>A&nbsp;trav\u00e9s de encuestas&nbsp;en el caso del partido oficial&nbsp;MORENA,&nbsp;PT y&nbsp;PV;&nbsp;mediante&nbsp;consensos&nbsp;en&nbsp;el caso de&nbsp;Fuerza y Coraz\u00f3n por M\u00e9xico (PRI, PAN Y PRD), y de designaci\u00f3n, como&nbsp;fue&nbsp;el caso del partido MC.<\/p>\n\n\n\n<p>Luego,&nbsp;si la elecci\u00f3n de las y el presidenciable despert\u00f3 revuelo y fue motivo de reflexi\u00f3n&nbsp;y cuestionamiento&nbsp;por parte de&nbsp;los ciudadanos,&nbsp;no menos perturbador e inexplicable result\u00f3 conocer que ciertos personajes&nbsp;controversiales y con sendos se\u00f1alamientos de corrupci\u00f3n o ineptitud o ambos, ostentan candidaturas para gobernadores, alcaldes y desde luego, diputados y senadores plurinominales, y otros tantos de elecci\u00f3n&nbsp;popular.<\/p>\n\n\n\n<p>Es as\u00ed que&nbsp;durante&nbsp;el trayecto al 2 de junio de 2024, los ciudadanos hemos sido&nbsp;saturados&nbsp;medi\u00e1ticamente&nbsp;de las imputaciones&nbsp;que&nbsp;entre los contendientes&nbsp;se han realizado, serie de ataques que trascienden a la ciudadan\u00eda, pues&nbsp;gran parte, en su entorno&nbsp;y redes sociales hace la defensa de quien considera su mejor opci\u00f3n.<\/p>\n\n\n\n<p>Es&nbsp;indiscutible que en la contienda, adem\u00e1s de los partidos pol\u00edticos, se&nbsp;hace&nbsp;evidente&nbsp;la franca participaci\u00f3n de otros&nbsp;poderes f\u00e1cticos,&nbsp;como es el caso del&nbsp;sector empresarial lidereado por&nbsp;Claudio Xavier Gonz\u00e1lez Guajardo&nbsp;y a trav\u00e9s de sus diversas organizaciones civiles, quienes en uni\u00f3n con la oposici\u00f3n pol\u00edtica (Fuerza y Coraz\u00f3n por M\u00e9xico) y dem\u00e1s detractores del gobierno actual, se han sumado para descalificar al gobierno actual y a sus candidatos.<\/p>\n\n\n\n<p>Es lamentable y hasta cierto punto desesperanzador que como constante, los se\u00f1alamientos&nbsp;mutuos sean de&nbsp;corrupci\u00f3n.<\/p>\n\n\n\n<p>Como ya lo mencion\u00e9, en esta contienda&nbsp;no solo&nbsp;tiene una participaci\u00f3n&nbsp;activa&nbsp;las fuerzas pol\u00edticas, sino&nbsp;tambi\u00e9n los medios de comunicaci\u00f3n, que en ocasiones,&nbsp;violentando&nbsp;los&nbsp;derechos &nbsp;de&nbsp;las&nbsp;audiencias,&nbsp;a trav\u00e9s de sus comunicadores&nbsp;se unen a la propagaci\u00f3n de informaci\u00f3n falsa&nbsp;y&nbsp;enga\u00f1osa, que&nbsp;en&nbsp;plena campa\u00f1a electoral en&nbsp;nada contribuye a una elecci\u00f3n razonada y libre por parte de los ciudadanos.<\/p>\n\n\n\n<p>Sobre este punto, es&nbsp;innegable que nuestro pa\u00eds no es un modelo de seguridad, sin embargo, la exposici\u00f3n de ello no puede exaltarse a tal grado que&nbsp;pueda&nbsp;generar&nbsp;p\u00e1nico en&nbsp;los ciudadanos&nbsp;y&nbsp;sugiera, cuando menos&nbsp;visualmente,&nbsp;el empleo de armas; mayormente cuando&nbsp;el reportaje&nbsp;se realiza en el contexto de desavenencias entre el concesionario de tal medio de comunicaci\u00f3n (TV AZTECA) y el gobierno en turno.<\/p>\n\n\n\n<p>Por ello es fundamental que no nos limitemos a recibir la informaci\u00f3n que&nbsp;proporcionan los medios de comunicaci\u00f3n tal cual, cuestion\u00e9mosla;&nbsp;tenemos un&nbsp;tiempo&nbsp;considerable previo a la elecci\u00f3n&nbsp;para informarnos objetivamente;&nbsp;por s\u00ed mismos&nbsp;forjemos&nbsp;un criterio&nbsp;a fin de no ser usados y cegados por odio, ignorancia, miedo o manipulaci\u00f3n.<\/p>\n\n\n\n<p>Es&nbsp;indignante y&nbsp;lamentable que los propios candidatos pretendan llegar a nuestro convencimiento mediante campa\u00f1as basadas en hip\u00f3critas acercamientos hacia miembros de grupos vulnerables (ni\u00f1os, ancianos, mujeres, ind\u00edgenas etc.); escenas rid\u00edculas donde se les observa consumiendo alimentos que a todas luces est\u00e1n diametralmente fuera de su dieta&nbsp;cotidiana y en sitios que&nbsp;solo visitan por la necesidad de promocionarse;&nbsp;tambi\u00e9n, mediante&nbsp;el uso de&nbsp;blusas&nbsp;tradicionales,&nbsp;huipiles y guayaberas que solo portan como atuendo de campa\u00f1a; y&nbsp;lo m\u00e1s&nbsp;absurdo, el uso de tenis fosforescentes.&nbsp;Peor m\u00e1s a\u00fan, la pretensi\u00f3n de&nbsp;que por ser una personalidad&nbsp;carism\u00e1tica o&nbsp;famosa&nbsp;o&nbsp;con aspecto atractivo sea suficiente para captar el voto.&nbsp;<\/p>\n\n\n\n<p>Nuestra posici\u00f3n como electorado bajo ning\u00fan concepto es de inferioridad frente a los contendientes, al contrario, nuestra participaci\u00f3n es clave y fundamental, todo el proceso electoral tiene como fin ese ejercicio de nuestro derecho al voto libre y secreto, somos nosotros &nbsp;quienes finalmente, a trav\u00e9s de nuestro sufragio &nbsp;elegiremos a quienes tomar\u00e1n el mando del pa\u00eds.<\/p>\n\n\n\n<p>Es claro que hasta hoy se sigue subestimado la capacidad de discernimiento del electorado por parte de quienes pretenden obtener el voto, pero desafortunadamente esto se ha ganado a pulso, pues en su momento los electores han colocado en cargos de elecci\u00f3n popular a personajes que finalmente solo destacaron por su total ineptitud y corrupci\u00f3n, pues su \u00fanico m\u00e9rito para ser elegibles fue ser famosos, guapos o carism\u00e1ticos.&nbsp;<\/p>\n\n\n\n<p>Votemos por propuestas, proyectos&nbsp;viables, por quienes han dado resultados verificables, existen infinidad de sitios con informaci\u00f3n neutral en donde podemos indagar las condiciones reales en que se encuentra nuestro pa\u00eds &nbsp;y su posici\u00f3n a nivel mundial;&nbsp;la informaci\u00f3n es tan basta &nbsp;que hasta&nbsp;estamos en posibilidad de constatar la visi\u00f3n que el mundo tiene de nuestro M\u00e9xico.&nbsp;<\/p>\n\n\n\n<p>Basta de solo quejarse,&nbsp;este 02 de junio&nbsp;tenemos una gran oportunidad de determinar el rumbo de nuestro pa\u00eds a trav\u00e9s de designar a quienes queremos que&nbsp;tomen el poder pol\u00edtico de M\u00e9xico.<\/p>\n","protected":false},"excerpt":{"rendered":"<p>Por Mtro Julia Herrera Aristeo Analista A escasos&nbsp;dos&nbsp;meses&nbsp;y un d\u00eda de que se lleve a&#8230;<\/p>\n","protected":false},"author":2,"featured_media":109169,"comment_status":"open","ping_status":"open","sticky":false,"template":"","format":"standard","meta":{"_monsterinsights_skip_tracking":false,"_monsterinsights_sitenote_active":false,"_monsterinsights_sitenote_note":"","_monsterinsights_sitenote_category":0,"footnotes":""},"categories":[2],"tags":[],"class_list":["post-109168","post","type-post","status-publish","format-standard","has-post-thumbnail","hentry","category-noticias"],"yoast_head":"<!-- This site is optimized with the Yoast SEO plugin v27.3 - https:\/\/yoast.com\/product\/yoast-seo-wordpress\/ -->\n<title>El Quehacer Pol\u00edtico a trav\u00e9s de la Expresi\u00f3n libre una mirada al complejo social\/\/\/Mtra Julia Herrera Aristeo -<\/title>\n<meta name=\"robots\" content=\"index, follow, max-snippet:-1, max-image-preview:large, max-video-preview:-1\" \/>\n<link rel=\"canonical\" href=\"https:\/\/quehacerpolitico.mx\/?p=109168\" \/>\n<meta property=\"og:locale\" content=\"es_MX\" \/>\n<meta property=\"og:type\" content=\"article\" \/>\n<meta property=\"og:title\" content=\"El Quehacer Pol\u00edtico a trav\u00e9s de la Expresi\u00f3n libre una mirada al complejo social\/\/\/Mtra Julia Herrera Aristeo -\" \/>\n<meta property=\"og:description\" content=\"Por Mtro Julia Herrera Aristeo Analista A escasos&nbsp;dos&nbsp;meses&nbsp;y un d\u00eda de que se lleve a...\" \/>\n<meta property=\"og:url\" content=\"https:\/\/quehacerpolitico.mx\/?p=109168\" \/>\n<meta property=\"article:published_time\" content=\"2024-04-10T16:04:35+00:00\" \/>\n<meta property=\"article:modified_time\" content=\"2024-04-10T16:04:37+00:00\" \/>\n<meta property=\"og:image\" content=\"https:\/\/quehacerpolitico.mx\/wp-content\/uploads\/2024\/04\/67e7015d-a504-48cd-ac7f-7c78208f570a.jpeg\" \/>\n\t<meta property=\"og:image:width\" content=\"963\" \/>\n\t<meta property=\"og:image:height\" content=\"493\" \/>\n\t<meta property=\"og:image:type\" content=\"image\/jpeg\" \/>\n<meta name=\"author\" content=\"Redacci\u00f3n QP\" \/>\n<meta name=\"twitter:card\" content=\"summary_large_image\" \/>\n<meta name=\"twitter:label1\" content=\"Escrito por\" \/>\n\t<meta name=\"twitter:data1\" content=\"Redacci\u00f3n QP\" \/>\n\t<meta name=\"twitter:label2\" content=\"Tiempo de lectura\" \/>\n\t<meta name=\"twitter:data2\" content=\"5 minutos\" \/>\n<script type=\"application\/ld+json\" class=\"yoast-schema-graph\">{\"@context\":\"https:\\\/\\\/schema.org\",\"@graph\":[{\"@type\":\"Article\",\"@id\":\"https:\\\/\\\/quehacerpolitico.mx\\\/?p=109168#article\",\"isPartOf\":{\"@id\":\"https:\\\/\\\/quehacerpolitico.mx\\\/?p=109168\"},\"author\":{\"name\":\"Redacci\u00f3n QP\",\"@id\":\"https:\\\/\\\/quehacerpolitico.mx\\\/#\\\/schema\\\/person\\\/496d8ad2d1d3f8036101dca7ee39e585\"},\"headline\":\"El Quehacer Pol\u00edtico a trav\u00e9s de la Expresi\u00f3n libre una mirada al complejo social\\\/\\\/\\\/Mtra Julia Herrera Aristeo\",\"datePublished\":\"2024-04-10T16:04:35+00:00\",\"dateModified\":\"2024-04-10T16:04:37+00:00\",\"mainEntityOfPage\":{\"@id\":\"https:\\\/\\\/quehacerpolitico.mx\\\/?p=109168\"},\"wordCount\":1114,\"commentCount\":0,\"image\":{\"@id\":\"https:\\\/\\\/quehacerpolitico.mx\\\/?p=109168#primaryimage\"},\"thumbnailUrl\":\"https:\\\/\\\/quehacerpolitico.mx\\\/wp-content\\\/uploads\\\/2024\\\/04\\\/67e7015d-a504-48cd-ac7f-7c78208f570a.jpeg\",\"articleSection\":[\"Noticias\"],\"inLanguage\":\"es\",\"potentialAction\":[{\"@type\":\"CommentAction\",\"name\":\"Comment\",\"target\":[\"https:\\\/\\\/quehacerpolitico.mx\\\/?p=109168#respond\"]}]},{\"@type\":\"WebPage\",\"@id\":\"https:\\\/\\\/quehacerpolitico.mx\\\/?p=109168\",\"url\":\"https:\\\/\\\/quehacerpolitico.mx\\\/?p=109168\",\"name\":\"El Quehacer Pol\u00edtico a trav\u00e9s de la Expresi\u00f3n libre una mirada al complejo social\\\/\\\/\\\/Mtra Julia Herrera Aristeo -\",\"isPartOf\":{\"@id\":\"https:\\\/\\\/quehacerpolitico.mx\\\/#website\"},\"primaryImageOfPage\":{\"@id\":\"https:\\\/\\\/quehacerpolitico.mx\\\/?p=109168#primaryimage\"},\"image\":{\"@id\":\"https:\\\/\\\/quehacerpolitico.mx\\\/?p=109168#primaryimage\"},\"thumbnailUrl\":\"https:\\\/\\\/quehacerpolitico.mx\\\/wp-content\\\/uploads\\\/2024\\\/04\\\/67e7015d-a504-48cd-ac7f-7c78208f570a.jpeg\",\"datePublished\":\"2024-04-10T16:04:35+00:00\",\"dateModified\":\"2024-04-10T16:04:37+00:00\",\"author\":{\"@id\":\"https:\\\/\\\/quehacerpolitico.mx\\\/#\\\/schema\\\/person\\\/496d8ad2d1d3f8036101dca7ee39e585\"},\"breadcrumb\":{\"@id\":\"https:\\\/\\\/quehacerpolitico.mx\\\/?p=109168#breadcrumb\"},\"inLanguage\":\"es\",\"potentialAction\":[{\"@type\":\"ReadAction\",\"target\":[\"https:\\\/\\\/quehacerpolitico.mx\\\/?p=109168\"]}]},{\"@type\":\"ImageObject\",\"inLanguage\":\"es\",\"@id\":\"https:\\\/\\\/quehacerpolitico.mx\\\/?p=109168#primaryimage\",\"url\":\"https:\\\/\\\/quehacerpolitico.mx\\\/wp-content\\\/uploads\\\/2024\\\/04\\\/67e7015d-a504-48cd-ac7f-7c78208f570a.jpeg\",\"contentUrl\":\"https:\\\/\\\/quehacerpolitico.mx\\\/wp-content\\\/uploads\\\/2024\\\/04\\\/67e7015d-a504-48cd-ac7f-7c78208f570a.jpeg\",\"width\":963,\"height\":493},{\"@type\":\"BreadcrumbList\",\"@id\":\"https:\\\/\\\/quehacerpolitico.mx\\\/?p=109168#breadcrumb\",\"itemListElement\":[{\"@type\":\"ListItem\",\"position\":1,\"name\":\"Inicio\",\"item\":\"https:\\\/\\\/quehacerpolitico.mx\\\/\"},{\"@type\":\"ListItem\",\"position\":2,\"name\":\"El Quehacer Pol\u00edtico a trav\u00e9s de la Expresi\u00f3n libre una mirada al complejo social\\\/\\\/\\\/Mtra Julia Herrera Aristeo\"}]},{\"@type\":\"WebSite\",\"@id\":\"https:\\\/\\\/quehacerpolitico.mx\\\/#website\",\"url\":\"https:\\\/\\\/quehacerpolitico.mx\\\/\",\"name\":\"\",\"description\":\"\",\"potentialAction\":[{\"@type\":\"SearchAction\",\"target\":{\"@type\":\"EntryPoint\",\"urlTemplate\":\"https:\\\/\\\/quehacerpolitico.mx\\\/?s={search_term_string}\"},\"query-input\":{\"@type\":\"PropertyValueSpecification\",\"valueRequired\":true,\"valueName\":\"search_term_string\"}}],\"inLanguage\":\"es\"},{\"@type\":\"Person\",\"@id\":\"https:\\\/\\\/quehacerpolitico.mx\\\/#\\\/schema\\\/person\\\/496d8ad2d1d3f8036101dca7ee39e585\",\"name\":\"Redacci\u00f3n QP\",\"image\":{\"@type\":\"ImageObject\",\"inLanguage\":\"es\",\"@id\":\"https:\\\/\\\/secure.gravatar.com\\\/avatar\\\/c7164ed6fdec453195284ad24a5ae5b6e1eed2b848477fa2a4787ba9adf39a41?s=96&d=mm&r=g\",\"url\":\"https:\\\/\\\/secure.gravatar.com\\\/avatar\\\/c7164ed6fdec453195284ad24a5ae5b6e1eed2b848477fa2a4787ba9adf39a41?s=96&d=mm&r=g\",\"contentUrl\":\"https:\\\/\\\/secure.gravatar.com\\\/avatar\\\/c7164ed6fdec453195284ad24a5ae5b6e1eed2b848477fa2a4787ba9adf39a41?s=96&d=mm&r=g\",\"caption\":\"Redacci\u00f3n QP\"},\"url\":\"https:\\\/\\\/quehacerpolitico.mx\\\/?author=2\"}]}<\/script>\n<!-- \/ Yoast SEO plugin. -->","yoast_head_json":{"title":"El Quehacer Pol\u00edtico a trav\u00e9s de la Expresi\u00f3n libre una mirada al complejo social\/\/\/Mtra Julia Herrera Aristeo -","robots":{"index":"index","follow":"follow","max-snippet":"max-snippet:-1","max-image-preview":"max-image-preview:large","max-video-preview":"max-video-preview:-1"},"canonical":"https:\/\/quehacerpolitico.mx\/?p=109168","og_locale":"es_MX","og_type":"article","og_title":"El Quehacer Pol\u00edtico a trav\u00e9s de la Expresi\u00f3n libre una mirada al complejo social\/\/\/Mtra Julia Herrera Aristeo -","og_description":"Por Mtro Julia Herrera Aristeo Analista A escasos&nbsp;dos&nbsp;meses&nbsp;y un d\u00eda de que se lleve a...","og_url":"https:\/\/quehacerpolitico.mx\/?p=109168","article_published_time":"2024-04-10T16:04:35+00:00","article_modified_time":"2024-04-10T16:04:37+00:00","og_image":[{"width":963,"height":493,"url":"https:\/\/quehacerpolitico.mx\/wp-content\/uploads\/2024\/04\/67e7015d-a504-48cd-ac7f-7c78208f570a.jpeg","type":"image\/jpeg"}],"author":"Redacci\u00f3n QP","twitter_card":"summary_large_image","twitter_misc":{"Escrito por":"Redacci\u00f3n QP","Tiempo de lectura":"5 minutos"},"schema":{"@context":"https:\/\/schema.org","@graph":[{"@type":"Article","@id":"https:\/\/quehacerpolitico.mx\/?p=109168#article","isPartOf":{"@id":"https:\/\/quehacerpolitico.mx\/?p=109168"},"author":{"name":"Redacci\u00f3n QP","@id":"https:\/\/quehacerpolitico.mx\/#\/schema\/person\/496d8ad2d1d3f8036101dca7ee39e585"},"headline":"El Quehacer Pol\u00edtico a trav\u00e9s de la Expresi\u00f3n libre una mirada al complejo social\/\/\/Mtra Julia Herrera Aristeo","datePublished":"2024-04-10T16:04:35+00:00","dateModified":"2024-04-10T16:04:37+00:00","mainEntityOfPage":{"@id":"https:\/\/quehacerpolitico.mx\/?p=109168"},"wordCount":1114,"commentCount":0,"image":{"@id":"https:\/\/quehacerpolitico.mx\/?p=109168#primaryimage"},"thumbnailUrl":"https:\/\/quehacerpolitico.mx\/wp-content\/uploads\/2024\/04\/67e7015d-a504-48cd-ac7f-7c78208f570a.jpeg","articleSection":["Noticias"],"inLanguage":"es","potentialAction":[{"@type":"CommentAction","name":"Comment","target":["https:\/\/quehacerpolitico.mx\/?p=109168#respond"]}]},{"@type":"WebPage","@id":"https:\/\/quehacerpolitico.mx\/?p=109168","url":"https:\/\/quehacerpolitico.mx\/?p=109168","name":"El Quehacer Pol\u00edtico a trav\u00e9s de la Expresi\u00f3n libre una mirada al complejo social\/\/\/Mtra Julia Herrera Aristeo -","isPartOf":{"@id":"https:\/\/quehacerpolitico.mx\/#website"},"primaryImageOfPage":{"@id":"https:\/\/quehacerpolitico.mx\/?p=109168#primaryimage"},"image":{"@id":"https:\/\/quehacerpolitico.mx\/?p=109168#primaryimage"},"thumbnailUrl":"https:\/\/quehacerpolitico.mx\/wp-content\/uploads\/2024\/04\/67e7015d-a504-48cd-ac7f-7c78208f570a.jpeg","datePublished":"2024-04-10T16:04:35+00:00","dateModified":"2024-04-10T16:04:37+00:00","author":{"@id":"https:\/\/quehacerpolitico.mx\/#\/schema\/person\/496d8ad2d1d3f8036101dca7ee39e585"},"breadcrumb":{"@id":"https:\/\/quehacerpolitico.mx\/?p=109168#breadcrumb"},"inLanguage":"es","potentialAction":[{"@type":"ReadAction","target":["https:\/\/quehacerpolitico.mx\/?p=109168"]}]},{"@type":"ImageObject","inLanguage":"es","@id":"https:\/\/quehacerpolitico.mx\/?p=109168#primaryimage","url":"https:\/\/quehacerpolitico.mx\/wp-content\/uploads\/2024\/04\/67e7015d-a504-48cd-ac7f-7c78208f570a.jpeg","contentUrl":"https:\/\/quehacerpolitico.mx\/wp-content\/uploads\/2024\/04\/67e7015d-a504-48cd-ac7f-7c78208f570a.jpeg","width":963,"height":493},{"@type":"BreadcrumbList","@id":"https:\/\/quehacerpolitico.mx\/?p=109168#breadcrumb","itemListElement":[{"@type":"ListItem","position":1,"name":"Inicio","item":"https:\/\/quehacerpolitico.mx\/"},{"@type":"ListItem","position":2,"name":"El Quehacer Pol\u00edtico a trav\u00e9s de la Expresi\u00f3n libre una mirada al complejo social\/\/\/Mtra Julia Herrera Aristeo"}]},{"@type":"WebSite","@id":"https:\/\/quehacerpolitico.mx\/#website","url":"https:\/\/quehacerpolitico.mx\/","name":"","description":"","potentialAction":[{"@type":"SearchAction","target":{"@type":"EntryPoint","urlTemplate":"https:\/\/quehacerpolitico.mx\/?s={search_term_string}"},"query-input":{"@type":"PropertyValueSpecification","valueRequired":true,"valueName":"search_term_string"}}],"inLanguage":"es"},{"@type":"Person","@id":"https:\/\/quehacerpolitico.mx\/#\/schema\/person\/496d8ad2d1d3f8036101dca7ee39e585","name":"Redacci\u00f3n QP","image":{"@type":"ImageObject","inLanguage":"es","@id":"https:\/\/secure.gravatar.com\/avatar\/c7164ed6fdec453195284ad24a5ae5b6e1eed2b848477fa2a4787ba9adf39a41?s=96&d=mm&r=g","url":"https:\/\/secure.gravatar.com\/avatar\/c7164ed6fdec453195284ad24a5ae5b6e1eed2b848477fa2a4787ba9adf39a41?s=96&d=mm&r=g","contentUrl":"https:\/\/secure.gravatar.com\/avatar\/c7164ed6fdec453195284ad24a5ae5b6e1eed2b848477fa2a4787ba9adf39a41?s=96&d=mm&r=g","caption":"Redacci\u00f3n QP"},"url":"https:\/\/quehacerpolitico.mx\/?author=2"}]}},"featured_image_urls":{"full":["https:\/\/quehacerpolitico.mx\/wp-content\/uploads\/2024\/04\/67e7015d-a504-48cd-ac7f-7c78208f570a.jpeg",963,493,false],"thumbnail":["https:\/\/quehacerpolitico.mx\/wp-content\/uploads\/2024\/04\/67e7015d-a504-48cd-ac7f-7c78208f570a-150x150.jpeg",150,150,true],"medium":["https:\/\/quehacerpolitico.mx\/wp-content\/uploads\/2024\/04\/67e7015d-a504-48cd-ac7f-7c78208f570a-300x154.jpeg",300,154,true],"medium_large":["https:\/\/quehacerpolitico.mx\/wp-content\/uploads\/2024\/04\/67e7015d-a504-48cd-ac7f-7c78208f570a-768x393.jpeg",640,328,true],"large":["https:\/\/quehacerpolitico.mx\/wp-content\/uploads\/2024\/04\/67e7015d-a504-48cd-ac7f-7c78208f570a.jpeg",640,328,false],"1536x1536":["https:\/\/quehacerpolitico.mx\/wp-content\/uploads\/2024\/04\/67e7015d-a504-48cd-ac7f-7c78208f570a.jpeg",963,493,false],"2048x2048":["https:\/\/quehacerpolitico.mx\/wp-content\/uploads\/2024\/04\/67e7015d-a504-48cd-ac7f-7c78208f570a.jpeg",963,493,false],"covernews-featured":["https:\/\/quehacerpolitico.mx\/wp-content\/uploads\/2024\/04\/67e7015d-a504-48cd-ac7f-7c78208f570a.jpeg",963,493,false],"covernews-medium":["https:\/\/quehacerpolitico.mx\/wp-content\/uploads\/2024\/04\/67e7015d-a504-48cd-ac7f-7c78208f570a.jpeg",540,276,false]},"author_info":{"display_name":"Redacci\u00f3n QP","author_link":"https:\/\/quehacerpolitico.mx\/?author=2"},"category_info":"<a href=\"https:\/\/quehacerpolitico.mx\/?cat=2\" rel=\"category\">Noticias<\/a>","tag_info":"Noticias","comment_count":"0","_links":{"self":[{"href":"https:\/\/quehacerpolitico.mx\/index.php?rest_route=\/wp\/v2\/posts\/109168","targetHints":{"allow":["GET"]}}],"collection":[{"href":"https:\/\/quehacerpolitico.mx\/index.php?rest_route=\/wp\/v2\/posts"}],"about":[{"href":"https:\/\/quehacerpolitico.mx\/index.php?rest_route=\/wp\/v2\/types\/post"}],"author":[{"embeddable":true,"href":"https:\/\/quehacerpolitico.mx\/index.php?rest_route=\/wp\/v2\/users\/2"}],"replies":[{"embeddable":true,"href":"https:\/\/quehacerpolitico.mx\/index.php?rest_route=%2Fwp%2Fv2%2Fcomments&post=109168"}],"version-history":[{"count":1,"href":"https:\/\/quehacerpolitico.mx\/index.php?rest_route=\/wp\/v2\/posts\/109168\/revisions"}],"predecessor-version":[{"id":109170,"href":"https:\/\/quehacerpolitico.mx\/index.php?rest_route=\/wp\/v2\/posts\/109168\/revisions\/109170"}],"wp:featuredmedia":[{"embeddable":true,"href":"https:\/\/quehacerpolitico.mx\/index.php?rest_route=\/wp\/v2\/media\/109169"}],"wp:attachment":[{"href":"https:\/\/quehacerpolitico.mx\/index.php?rest_route=%2Fwp%2Fv2%2Fmedia&parent=109168"}],"wp:term":[{"taxonomy":"category","embeddable":true,"href":"https:\/\/quehacerpolitico.mx\/index.php?rest_route=%2Fwp%2Fv2%2Fcategories&post=109168"},{"taxonomy":"post_tag","embeddable":true,"href":"https:\/\/quehacerpolitico.mx\/index.php?rest_route=%2Fwp%2Fv2%2Ftags&post=109168"}],"curies":[{"name":"wp","href":"https:\/\/api.w.org\/{rel}","templated":true}]}}