{"id":109165,"date":"2024-04-10T15:50:49","date_gmt":"2024-04-10T15:50:49","guid":{"rendered":"https:\/\/quehacerpolitico.mx\/?p=109165"},"modified":"2024-04-10T15:50:52","modified_gmt":"2024-04-10T15:50:52","slug":"el-quehacer-politico-internacional-en-la-opinion-mtro-federico-alcala","status":"publish","type":"post","link":"https:\/\/quehacerpolitico.mx\/?p=109165","title":{"rendered":"El Quehacer Pol\u00edtico Internacional\/\/\/En la opini\u00f3n\/\/\/Mtro Federico Alcal\u00e1"},"content":{"rendered":"\n<p>Por Mtro Federico Alcal\u00e1 <\/p>\n\n\n\n<p>Analista<\/p>\n\n\n\n<p>El erudito musulm\u00e1n Ibn&nbsp;Jald\u00fan&nbsp;(1332-1406) se\u00f1al\u00f3\u2026\u201dEn la comunidad de los musulmanes, la yihad es un deber religioso, vinculado a la universalidad de la misi\u00f3n musulmana y la obligaci\u00f3n de convertir a todo el mundo al Islam ya sea por la persuasi\u00f3n o por la fuerza\u2026\u201d Sus or\u00edgenes, como sucede&nbsp;tambi\u00e9n&nbsp;en el cristianismo, se&nbsp;encuentra&nbsp;en el juda\u00edsmo,&nbsp;religi\u00f3n que estableci\u00f3 el concepto de \u201cguerra obligatoria\u201d respecto a la defensa de la propia comunidad o&nbsp;<em>miljemet<\/em><em>&nbsp;<\/em><em>mitzv\u00e1<\/em><em>:&nbsp;<\/em><em>Perseguir\u00e9is<\/em><em>&nbsp;a vuestros enemigos, que caer\u00e1n ante vosotros al filo de la espada (<\/em><em>Lev\u00edtico<\/em><em>, 26,7).<\/em><em>&nbsp;<\/em>Mahoma en el Cor\u00e1n incentivan el uso de la yihad contra los no musulmanes\u2026Cuando hayan transcurrido los meses sagrados matad a los infieles dondequiera que les encontr\u00e9is. \u00a1Capturadles! \u00a1Sitiadles! \u00a1Tenedles emboscadas por todas partes! Pero si se arrepienten, hacen&nbsp;la&nbsp;azal\u00e1 y dan el azaque, entonces \u00a1dejadles en paz! Al\u00e1 es indulgente\u2026misericordioso (Cor\u00e1n 9:5).<\/p>\n\n\n\n<p>Desde luego, la palabra yihad tiene un sinn\u00famero de acepciones muchas de ellas desvinculadas con el concepto \u201cGuerra Santa\u201d, pero en el imaginario occidental es&nbsp;evidente que su connotaci\u00f3n es clara: la&nbsp;lucha a muerte contra los infieles\u2026contra aquellos que desaf\u00edan la supremac\u00eda de la \u201cPalabra de Dios\u201d.<\/p>\n\n\n\n<p>Desde las cruzadas, la imagen del pueblo musulm\u00e1n se ha visto contrastada con las im\u00e1genes sembradas en el imaginario popular de personajes como los \u201ccruzados\u201d, los \u201cTemplarios\u201d y la guerra por recuperar la Tierra Santa, cuna de Jes\u00fas el Cristo, cuyo papel de Mes\u00edas es negado hasta la fecha por el juda\u00edsmo, pero&nbsp;que&nbsp;conserva el de&nbsp;\u201cprofeta\u201d&nbsp;en el Islam en igualdad de dignidad que Mahoma, Mois\u00e9s y Abraham.<\/p>\n\n\n\n<p>Sin embargo, en nuestros d\u00edas, el entorno de violencia que rodea a las tres principales religiones monote\u00edstas del planeta se ha envuelto de diversos trasfondos hist\u00f3ricos que, en lugar de resolver sus diferencias hacen que la controversia siga tan viva y tan vigente como hace ya m\u00e1s de mil a\u00f1os. &nbsp;La lucha de las naciones musulmanas no solo se ve reflejada en su constante antagonismo respecto de occidente, tambi\u00e9n es primordial tener presente la eterna disputa entre sunitas y &nbsp;chiitas que&nbsp;esta&nbsp;representada en la eterna enemistad entre dos naciones fundamentales para el mundo isl\u00e1mico: Arabia Saud\u00ed e Ir\u00e1n.<\/p>\n\n\n\n<p>Sin embargo, un tema que no ha cesado de ser una constante de disputa es la constituci\u00f3n del Estado de Israel en 1948 y la consecuente expulsi\u00f3n de los palestinos de sus tierras.&nbsp;Durante la d\u00e9cada de los sesenta y setenta del siglo XX la figura de&nbsp;Yasir&nbsp;Arafat y la Organizaci\u00f3n para la Liberaci\u00f3n de Palestina &nbsp;fue un referente sobre el terror que implica la yihad. &nbsp;Desde luego, el movimiento sionista y los representantes de las corrientes m\u00e1s ortodoxas del juda\u00edsmo siempre han sostenido su derecho \u201csagrado\u201d de regresar a la tierra de sus antepasados y, sobre todo, blandir frente a quienes se oponen a su posesi\u00f3n violenta de los territorios de la Palestina hist\u00f3rica&nbsp;el argumento de que los efectos del Holocausto nazi no han sido resarcidos del todo. &nbsp;La respuesta de Israel a la incursi\u00f3n de palestinos en los territorios alrededor de la franja de Gaza ha sido no solo violenta, sino sangrienta y genocida. Una verdadera expresi\u00f3n no solo de venganza, sino&nbsp;tambi\u00e9n&nbsp;de exterminio con el af\u00e1n de conquistar un \u201cLebensraum\u201d, un \u201cespacio vital\u201d para nuevos asentamientos jud\u00edos en lo que resta del territorio palestino.&nbsp;En pocas palabras, una yihad en toda la extensi\u00f3n de la palabra.&nbsp;&nbsp;<\/p>\n\n\n\n<p>Como es posible constatar, la Yihad es un principio de doble&nbsp;v\u00eda, tanto para musulmanes como para jud\u00edos. &nbsp;Sin embargo, la \u201cGuerra Santa\u201d solo favorece a quien tiene la supremac\u00eda econ\u00f3mica, militar y, desde luego el,&nbsp;hasta ahora&nbsp;inquebrantable,&nbsp;respaldo del \u201cGran Sat\u00e1n\u201d de los musulmanes\u2026los Estados Unidos de&nbsp;Norteam\u00e9rica.<\/p>\n\n\n\n<p>Ahora bien,&nbsp;estas reflexiones adquieren ahora una nueva perspectiva. La perspectiva del imaginario occidental reflejado en un cl\u00e1sico de la ciencia ficci\u00f3n llevado dos veces a la pantalla grande: Dunas.<\/p>\n\n\n\n<p>No nos referiremos &nbsp;a la versi\u00f3n de&nbsp;Dino&nbsp;de&nbsp;Laurentis, dirigida por David Lynch en 1984, ahora una pel\u00edcula de culto, sino a la versi\u00f3n actual dirigida por el canadiense Denis&nbsp;Villeneuve, filmada en Jordania. &nbsp;Dunas (Dune&nbsp;en ingl\u00e9s) es la obra cumbre del escritor norteamericano Franklin Herbert, quien dedic\u00f3 una parte sustancial de su vida en investigar y recopilar el material de lo que constituye una obra literaria repartida en seis libros:&nbsp;Dune&nbsp;(1965), El&nbsp;mesias&nbsp;de&nbsp;Dune&nbsp;(1969), Hijos de&nbsp;Dune&nbsp;(1976), Dios emperador de&nbsp;Dune&nbsp;(1981), Herejes de&nbsp;Dune&nbsp;(1984) y Casa Capitular&nbsp;Dune&nbsp;(1985).<\/p>\n\n\n\n<p>Franklin Herbert recupera para su magna obra literaria la figura de la Yihad, la promesa de un&nbsp;Mes\u00edas, la redenci\u00f3n de un pueblo oprimido, la conspiraci\u00f3n del Imperio y la ambici\u00f3n&nbsp;sobre una sustancia de considerable valor econ\u00f3mico e indispensable para la estabilidad del universo conocido, la \u201cespecia&nbsp;melange\u201d.<\/p>\n\n\n\n<p>La segunda entrega de lo que se infiere una trilog\u00eda de pel\u00edculas se ha expuesto en cines a lo largo y ancho del planeta teniendo una recaudaci\u00f3n en taquillas superior ya a los mil millones de d\u00f3lares. &nbsp;Dunas 2 nos muestra la transformaci\u00f3n de Paul&nbsp;Atreides, hijo del asesinado Duque&nbsp;Leto&nbsp;Atreides&nbsp;en el esperado \u201cmes\u00edas\u201d de los&nbsp;fremen, un pueblo que vive en la profundidad del eterno desierto que constituye&nbsp;el panorama total del planeta&nbsp;Arrakis, el \u00fanico lugar en el universo conocido donde se cosecha la \u201cespecia&nbsp;melange\u201d.<\/p>\n\n\n\n<p>Sin embargo, lo&nbsp;simb\u00f3lico de esta segunda entrega de la trilog\u00eda, no es dar continuidad a la historia de ciencia ficci\u00f3n imaginada por Franklin Herbert, sino las im\u00e1genes que emanan del filme, en donde se puede establecer una similitud entre los palestinos con los&nbsp;Fremen, el Imperio del Emperador&nbsp;Padishah&nbsp;Shaddam&nbsp;IV con los Estados Unidos, la violencia armada y genocida del Bar\u00f3n&nbsp;Valdimir&nbsp;Harkonnencon la violencia de Benjam\u00edn Netanyahu y el ejercito israel\u00ed. &nbsp;Las creencias y la forma de rezar de los&nbsp;Fremen&nbsp;tal y como aparece en el filme es similar a la forma en que los musulmanes expresan su fe a Al\u00e1\u2026tambi\u00e9n es significativo la certeza de que un ser les brindar\u00e1 la&nbsp;libertad absoluta de sus opresores (el Imperio y los&nbsp;Harkonnen) mediante la yihad, la \u201cGuerra Santa\u201d.<\/p>\n\n\n\n<p>Estas im\u00e1genes en&nbsp;el filme de&nbsp;2024, nos hacen voltear a ver la lucha del pueblo palestino&nbsp;en busca de&nbsp;su liberaci\u00f3n, pues es evidente que las murallas y el alambre de p\u00faas, junto con la imposibilidad de libre transito, comercio y de trabajo, no son otra cosa m\u00e1s que una vil dominaci\u00f3n que raya en lo inhumano;&nbsp;en donde Israel recupera para s\u00ed todas y cada una de las formas de segregaci\u00f3n, destrucci\u00f3n, violaci\u00f3n de derechos humanos, dominaci\u00f3n&nbsp;y discriminaci\u00f3n&nbsp;por raz\u00f3n de raza y religi\u00f3n y genocidio utilizadas por los nazis, hace m\u00e1s de ochenta a\u00f1os,&nbsp;en contra de los creyentes del juda\u00edsmo en Europa.<\/p>\n\n\n\n<p>Palestina y,&nbsp;en particular la franja de Gaza,&nbsp;es ahora un desierto lleno de las ruinas de lo que en otro momento fueron escuelas, hogares, hospitales\u2026&nbsp;Un pueblo que vive oculto, bajo la tierra para protegerse del incesante e indiscriminado bombardeo israel\u00ed que, hoy por hoy, supera las 53,000 toneladas de bombas y ha destruido 52,500 casas, 126 edificios p\u00fablicos y mas de 200 mezquitas, 282 escuelas y universidades, 22 hospitales y 138 instituciones de salud, eso sin considerar que un m\u00ednimo de 7,000 ni\u00f1as y mujeres fueron enterradas bajo los escombros o su paradero es desconocido. &nbsp;Todo ello en la franja de Gaza\u2026una franja de 365 kil\u00f3metros cuadrados.<\/p>\n\n\n\n<p>La yihad desde el punto de vista israel\u00ed, &nbsp;no se sacia, por lo visto, hasta que se derrama la \u00faltima gota de sangre de quien no comparte su particular visi\u00f3n sobre la preeminencia de\u2026un mismo Dios.&nbsp;<strong><em>Ceterum<\/em><\/strong><strong><em>&nbsp;<\/em><\/strong><strong><em>censeo<\/em><\/strong><strong><em>&nbsp;<\/em><\/strong><strong><em>Carthaginem<\/em><\/strong><strong><em>&nbsp;<\/em><\/strong><strong><em>esse<\/em><\/strong><strong><em><\/em><\/strong><strong><em>delendam<\/em><\/strong>.<\/p>\n","protected":false},"excerpt":{"rendered":"<p>Por Mtro Federico Alcal\u00e1 Analista El erudito musulm\u00e1n Ibn&nbsp;Jald\u00fan&nbsp;(1332-1406) se\u00f1al\u00f3\u2026\u201dEn la comunidad de los musulmanes,&#8230;<\/p>\n","protected":false},"author":2,"featured_media":109166,"comment_status":"open","ping_status":"open","sticky":false,"template":"","format":"standard","meta":{"_monsterinsights_skip_tracking":false,"_monsterinsights_sitenote_active":false,"_monsterinsights_sitenote_note":"","_monsterinsights_sitenote_category":0,"footnotes":""},"categories":[1],"tags":[],"class_list":["post-109165","post","type-post","status-publish","format-standard","has-post-thumbnail","hentry","category-sin-categoria"],"yoast_head":"<!-- This site is optimized with the Yoast SEO plugin v27.3 - https:\/\/yoast.com\/product\/yoast-seo-wordpress\/ -->\n<title>El Quehacer Pol\u00edtico Internacional\/\/\/En la opini\u00f3n\/\/\/Mtro Federico Alcal\u00e1 -<\/title>\n<meta name=\"robots\" content=\"index, follow, max-snippet:-1, max-image-preview:large, max-video-preview:-1\" \/>\n<link rel=\"canonical\" href=\"https:\/\/quehacerpolitico.mx\/?p=109165\" \/>\n<meta property=\"og:locale\" content=\"es_MX\" \/>\n<meta property=\"og:type\" content=\"article\" \/>\n<meta property=\"og:title\" content=\"El Quehacer Pol\u00edtico Internacional\/\/\/En la opini\u00f3n\/\/\/Mtro Federico Alcal\u00e1 -\" \/>\n<meta property=\"og:description\" content=\"Por Mtro Federico Alcal\u00e1 Analista El erudito musulm\u00e1n Ibn&nbsp;Jald\u00fan&nbsp;(1332-1406) se\u00f1al\u00f3\u2026\u201dEn la comunidad de los musulmanes,...\" \/>\n<meta property=\"og:url\" content=\"https:\/\/quehacerpolitico.mx\/?p=109165\" \/>\n<meta property=\"article:published_time\" content=\"2024-04-10T15:50:49+00:00\" \/>\n<meta property=\"article:modified_time\" content=\"2024-04-10T15:50:52+00:00\" \/>\n<meta property=\"og:image\" content=\"https:\/\/quehacerpolitico.mx\/wp-content\/uploads\/2024\/04\/1b3d6e6e-28e1-4481-b072-735031db0852.jpeg\" \/>\n\t<meta property=\"og:image:width\" content=\"963\" \/>\n\t<meta property=\"og:image:height\" content=\"493\" \/>\n\t<meta property=\"og:image:type\" content=\"image\/jpeg\" \/>\n<meta name=\"author\" content=\"Redacci\u00f3n QP\" \/>\n<meta name=\"twitter:card\" content=\"summary_large_image\" \/>\n<meta name=\"twitter:label1\" content=\"Escrito por\" \/>\n\t<meta name=\"twitter:data1\" content=\"Redacci\u00f3n QP\" \/>\n\t<meta name=\"twitter:label2\" content=\"Tiempo de lectura\" \/>\n\t<meta name=\"twitter:data2\" content=\"7 minutos\" \/>\n<script type=\"application\/ld+json\" class=\"yoast-schema-graph\">{\"@context\":\"https:\\\/\\\/schema.org\",\"@graph\":[{\"@type\":\"Article\",\"@id\":\"https:\\\/\\\/quehacerpolitico.mx\\\/?p=109165#article\",\"isPartOf\":{\"@id\":\"https:\\\/\\\/quehacerpolitico.mx\\\/?p=109165\"},\"author\":{\"name\":\"Redacci\u00f3n QP\",\"@id\":\"https:\\\/\\\/quehacerpolitico.mx\\\/#\\\/schema\\\/person\\\/496d8ad2d1d3f8036101dca7ee39e585\"},\"headline\":\"El Quehacer Pol\u00edtico Internacional\\\/\\\/\\\/En la opini\u00f3n\\\/\\\/\\\/Mtro Federico Alcal\u00e1\",\"datePublished\":\"2024-04-10T15:50:49+00:00\",\"dateModified\":\"2024-04-10T15:50:52+00:00\",\"mainEntityOfPage\":{\"@id\":\"https:\\\/\\\/quehacerpolitico.mx\\\/?p=109165\"},\"wordCount\":1480,\"commentCount\":0,\"image\":{\"@id\":\"https:\\\/\\\/quehacerpolitico.mx\\\/?p=109165#primaryimage\"},\"thumbnailUrl\":\"https:\\\/\\\/quehacerpolitico.mx\\\/wp-content\\\/uploads\\\/2024\\\/04\\\/1b3d6e6e-28e1-4481-b072-735031db0852.jpeg\",\"articleSection\":[\"Internacionales\"],\"inLanguage\":\"es\",\"potentialAction\":[{\"@type\":\"CommentAction\",\"name\":\"Comment\",\"target\":[\"https:\\\/\\\/quehacerpolitico.mx\\\/?p=109165#respond\"]}]},{\"@type\":\"WebPage\",\"@id\":\"https:\\\/\\\/quehacerpolitico.mx\\\/?p=109165\",\"url\":\"https:\\\/\\\/quehacerpolitico.mx\\\/?p=109165\",\"name\":\"El Quehacer Pol\u00edtico Internacional\\\/\\\/\\\/En la opini\u00f3n\\\/\\\/\\\/Mtro Federico Alcal\u00e1 -\",\"isPartOf\":{\"@id\":\"https:\\\/\\\/quehacerpolitico.mx\\\/#website\"},\"primaryImageOfPage\":{\"@id\":\"https:\\\/\\\/quehacerpolitico.mx\\\/?p=109165#primaryimage\"},\"image\":{\"@id\":\"https:\\\/\\\/quehacerpolitico.mx\\\/?p=109165#primaryimage\"},\"thumbnailUrl\":\"https:\\\/\\\/quehacerpolitico.mx\\\/wp-content\\\/uploads\\\/2024\\\/04\\\/1b3d6e6e-28e1-4481-b072-735031db0852.jpeg\",\"datePublished\":\"2024-04-10T15:50:49+00:00\",\"dateModified\":\"2024-04-10T15:50:52+00:00\",\"author\":{\"@id\":\"https:\\\/\\\/quehacerpolitico.mx\\\/#\\\/schema\\\/person\\\/496d8ad2d1d3f8036101dca7ee39e585\"},\"breadcrumb\":{\"@id\":\"https:\\\/\\\/quehacerpolitico.mx\\\/?p=109165#breadcrumb\"},\"inLanguage\":\"es\",\"potentialAction\":[{\"@type\":\"ReadAction\",\"target\":[\"https:\\\/\\\/quehacerpolitico.mx\\\/?p=109165\"]}]},{\"@type\":\"ImageObject\",\"inLanguage\":\"es\",\"@id\":\"https:\\\/\\\/quehacerpolitico.mx\\\/?p=109165#primaryimage\",\"url\":\"https:\\\/\\\/quehacerpolitico.mx\\\/wp-content\\\/uploads\\\/2024\\\/04\\\/1b3d6e6e-28e1-4481-b072-735031db0852.jpeg\",\"contentUrl\":\"https:\\\/\\\/quehacerpolitico.mx\\\/wp-content\\\/uploads\\\/2024\\\/04\\\/1b3d6e6e-28e1-4481-b072-735031db0852.jpeg\",\"width\":963,\"height\":493},{\"@type\":\"BreadcrumbList\",\"@id\":\"https:\\\/\\\/quehacerpolitico.mx\\\/?p=109165#breadcrumb\",\"itemListElement\":[{\"@type\":\"ListItem\",\"position\":1,\"name\":\"Inicio\",\"item\":\"https:\\\/\\\/quehacerpolitico.mx\\\/\"},{\"@type\":\"ListItem\",\"position\":2,\"name\":\"El Quehacer Pol\u00edtico Internacional\\\/\\\/\\\/En la opini\u00f3n\\\/\\\/\\\/Mtro Federico Alcal\u00e1\"}]},{\"@type\":\"WebSite\",\"@id\":\"https:\\\/\\\/quehacerpolitico.mx\\\/#website\",\"url\":\"https:\\\/\\\/quehacerpolitico.mx\\\/\",\"name\":\"\",\"description\":\"\",\"potentialAction\":[{\"@type\":\"SearchAction\",\"target\":{\"@type\":\"EntryPoint\",\"urlTemplate\":\"https:\\\/\\\/quehacerpolitico.mx\\\/?s={search_term_string}\"},\"query-input\":{\"@type\":\"PropertyValueSpecification\",\"valueRequired\":true,\"valueName\":\"search_term_string\"}}],\"inLanguage\":\"es\"},{\"@type\":\"Person\",\"@id\":\"https:\\\/\\\/quehacerpolitico.mx\\\/#\\\/schema\\\/person\\\/496d8ad2d1d3f8036101dca7ee39e585\",\"name\":\"Redacci\u00f3n QP\",\"image\":{\"@type\":\"ImageObject\",\"inLanguage\":\"es\",\"@id\":\"https:\\\/\\\/secure.gravatar.com\\\/avatar\\\/c7164ed6fdec453195284ad24a5ae5b6e1eed2b848477fa2a4787ba9adf39a41?s=96&d=mm&r=g\",\"url\":\"https:\\\/\\\/secure.gravatar.com\\\/avatar\\\/c7164ed6fdec453195284ad24a5ae5b6e1eed2b848477fa2a4787ba9adf39a41?s=96&d=mm&r=g\",\"contentUrl\":\"https:\\\/\\\/secure.gravatar.com\\\/avatar\\\/c7164ed6fdec453195284ad24a5ae5b6e1eed2b848477fa2a4787ba9adf39a41?s=96&d=mm&r=g\",\"caption\":\"Redacci\u00f3n QP\"},\"url\":\"https:\\\/\\\/quehacerpolitico.mx\\\/?author=2\"}]}<\/script>\n<!-- \/ Yoast SEO plugin. -->","yoast_head_json":{"title":"El Quehacer Pol\u00edtico Internacional\/\/\/En la opini\u00f3n\/\/\/Mtro Federico Alcal\u00e1 -","robots":{"index":"index","follow":"follow","max-snippet":"max-snippet:-1","max-image-preview":"max-image-preview:large","max-video-preview":"max-video-preview:-1"},"canonical":"https:\/\/quehacerpolitico.mx\/?p=109165","og_locale":"es_MX","og_type":"article","og_title":"El Quehacer Pol\u00edtico Internacional\/\/\/En la opini\u00f3n\/\/\/Mtro Federico Alcal\u00e1 -","og_description":"Por Mtro Federico Alcal\u00e1 Analista El erudito musulm\u00e1n Ibn&nbsp;Jald\u00fan&nbsp;(1332-1406) se\u00f1al\u00f3\u2026\u201dEn la comunidad de los musulmanes,...","og_url":"https:\/\/quehacerpolitico.mx\/?p=109165","article_published_time":"2024-04-10T15:50:49+00:00","article_modified_time":"2024-04-10T15:50:52+00:00","og_image":[{"width":963,"height":493,"url":"https:\/\/quehacerpolitico.mx\/wp-content\/uploads\/2024\/04\/1b3d6e6e-28e1-4481-b072-735031db0852.jpeg","type":"image\/jpeg"}],"author":"Redacci\u00f3n QP","twitter_card":"summary_large_image","twitter_misc":{"Escrito por":"Redacci\u00f3n QP","Tiempo de lectura":"7 minutos"},"schema":{"@context":"https:\/\/schema.org","@graph":[{"@type":"Article","@id":"https:\/\/quehacerpolitico.mx\/?p=109165#article","isPartOf":{"@id":"https:\/\/quehacerpolitico.mx\/?p=109165"},"author":{"name":"Redacci\u00f3n QP","@id":"https:\/\/quehacerpolitico.mx\/#\/schema\/person\/496d8ad2d1d3f8036101dca7ee39e585"},"headline":"El Quehacer Pol\u00edtico Internacional\/\/\/En la opini\u00f3n\/\/\/Mtro Federico Alcal\u00e1","datePublished":"2024-04-10T15:50:49+00:00","dateModified":"2024-04-10T15:50:52+00:00","mainEntityOfPage":{"@id":"https:\/\/quehacerpolitico.mx\/?p=109165"},"wordCount":1480,"commentCount":0,"image":{"@id":"https:\/\/quehacerpolitico.mx\/?p=109165#primaryimage"},"thumbnailUrl":"https:\/\/quehacerpolitico.mx\/wp-content\/uploads\/2024\/04\/1b3d6e6e-28e1-4481-b072-735031db0852.jpeg","articleSection":["Internacionales"],"inLanguage":"es","potentialAction":[{"@type":"CommentAction","name":"Comment","target":["https:\/\/quehacerpolitico.mx\/?p=109165#respond"]}]},{"@type":"WebPage","@id":"https:\/\/quehacerpolitico.mx\/?p=109165","url":"https:\/\/quehacerpolitico.mx\/?p=109165","name":"El Quehacer Pol\u00edtico Internacional\/\/\/En la opini\u00f3n\/\/\/Mtro Federico Alcal\u00e1 -","isPartOf":{"@id":"https:\/\/quehacerpolitico.mx\/#website"},"primaryImageOfPage":{"@id":"https:\/\/quehacerpolitico.mx\/?p=109165#primaryimage"},"image":{"@id":"https:\/\/quehacerpolitico.mx\/?p=109165#primaryimage"},"thumbnailUrl":"https:\/\/quehacerpolitico.mx\/wp-content\/uploads\/2024\/04\/1b3d6e6e-28e1-4481-b072-735031db0852.jpeg","datePublished":"2024-04-10T15:50:49+00:00","dateModified":"2024-04-10T15:50:52+00:00","author":{"@id":"https:\/\/quehacerpolitico.mx\/#\/schema\/person\/496d8ad2d1d3f8036101dca7ee39e585"},"breadcrumb":{"@id":"https:\/\/quehacerpolitico.mx\/?p=109165#breadcrumb"},"inLanguage":"es","potentialAction":[{"@type":"ReadAction","target":["https:\/\/quehacerpolitico.mx\/?p=109165"]}]},{"@type":"ImageObject","inLanguage":"es","@id":"https:\/\/quehacerpolitico.mx\/?p=109165#primaryimage","url":"https:\/\/quehacerpolitico.mx\/wp-content\/uploads\/2024\/04\/1b3d6e6e-28e1-4481-b072-735031db0852.jpeg","contentUrl":"https:\/\/quehacerpolitico.mx\/wp-content\/uploads\/2024\/04\/1b3d6e6e-28e1-4481-b072-735031db0852.jpeg","width":963,"height":493},{"@type":"BreadcrumbList","@id":"https:\/\/quehacerpolitico.mx\/?p=109165#breadcrumb","itemListElement":[{"@type":"ListItem","position":1,"name":"Inicio","item":"https:\/\/quehacerpolitico.mx\/"},{"@type":"ListItem","position":2,"name":"El Quehacer Pol\u00edtico Internacional\/\/\/En la opini\u00f3n\/\/\/Mtro Federico Alcal\u00e1"}]},{"@type":"WebSite","@id":"https:\/\/quehacerpolitico.mx\/#website","url":"https:\/\/quehacerpolitico.mx\/","name":"","description":"","potentialAction":[{"@type":"SearchAction","target":{"@type":"EntryPoint","urlTemplate":"https:\/\/quehacerpolitico.mx\/?s={search_term_string}"},"query-input":{"@type":"PropertyValueSpecification","valueRequired":true,"valueName":"search_term_string"}}],"inLanguage":"es"},{"@type":"Person","@id":"https:\/\/quehacerpolitico.mx\/#\/schema\/person\/496d8ad2d1d3f8036101dca7ee39e585","name":"Redacci\u00f3n QP","image":{"@type":"ImageObject","inLanguage":"es","@id":"https:\/\/secure.gravatar.com\/avatar\/c7164ed6fdec453195284ad24a5ae5b6e1eed2b848477fa2a4787ba9adf39a41?s=96&d=mm&r=g","url":"https:\/\/secure.gravatar.com\/avatar\/c7164ed6fdec453195284ad24a5ae5b6e1eed2b848477fa2a4787ba9adf39a41?s=96&d=mm&r=g","contentUrl":"https:\/\/secure.gravatar.com\/avatar\/c7164ed6fdec453195284ad24a5ae5b6e1eed2b848477fa2a4787ba9adf39a41?s=96&d=mm&r=g","caption":"Redacci\u00f3n QP"},"url":"https:\/\/quehacerpolitico.mx\/?author=2"}]}},"featured_image_urls":{"full":["https:\/\/quehacerpolitico.mx\/wp-content\/uploads\/2024\/04\/1b3d6e6e-28e1-4481-b072-735031db0852.jpeg",963,493,false],"thumbnail":["https:\/\/quehacerpolitico.mx\/wp-content\/uploads\/2024\/04\/1b3d6e6e-28e1-4481-b072-735031db0852-150x150.jpeg",150,150,true],"medium":["https:\/\/quehacerpolitico.mx\/wp-content\/uploads\/2024\/04\/1b3d6e6e-28e1-4481-b072-735031db0852-300x154.jpeg",300,154,true],"medium_large":["https:\/\/quehacerpolitico.mx\/wp-content\/uploads\/2024\/04\/1b3d6e6e-28e1-4481-b072-735031db0852-768x393.jpeg",640,328,true],"large":["https:\/\/quehacerpolitico.mx\/wp-content\/uploads\/2024\/04\/1b3d6e6e-28e1-4481-b072-735031db0852.jpeg",640,328,false],"1536x1536":["https:\/\/quehacerpolitico.mx\/wp-content\/uploads\/2024\/04\/1b3d6e6e-28e1-4481-b072-735031db0852.jpeg",963,493,false],"2048x2048":["https:\/\/quehacerpolitico.mx\/wp-content\/uploads\/2024\/04\/1b3d6e6e-28e1-4481-b072-735031db0852.jpeg",963,493,false],"covernews-featured":["https:\/\/quehacerpolitico.mx\/wp-content\/uploads\/2024\/04\/1b3d6e6e-28e1-4481-b072-735031db0852.jpeg",963,493,false],"covernews-medium":["https:\/\/quehacerpolitico.mx\/wp-content\/uploads\/2024\/04\/1b3d6e6e-28e1-4481-b072-735031db0852.jpeg",540,276,false]},"author_info":{"display_name":"Redacci\u00f3n QP","author_link":"https:\/\/quehacerpolitico.mx\/?author=2"},"category_info":"<a href=\"https:\/\/quehacerpolitico.mx\/?cat=1\" rel=\"category\">Internacionales<\/a>","tag_info":"Internacionales","comment_count":"0","_links":{"self":[{"href":"https:\/\/quehacerpolitico.mx\/index.php?rest_route=\/wp\/v2\/posts\/109165","targetHints":{"allow":["GET"]}}],"collection":[{"href":"https:\/\/quehacerpolitico.mx\/index.php?rest_route=\/wp\/v2\/posts"}],"about":[{"href":"https:\/\/quehacerpolitico.mx\/index.php?rest_route=\/wp\/v2\/types\/post"}],"author":[{"embeddable":true,"href":"https:\/\/quehacerpolitico.mx\/index.php?rest_route=\/wp\/v2\/users\/2"}],"replies":[{"embeddable":true,"href":"https:\/\/quehacerpolitico.mx\/index.php?rest_route=%2Fwp%2Fv2%2Fcomments&post=109165"}],"version-history":[{"count":1,"href":"https:\/\/quehacerpolitico.mx\/index.php?rest_route=\/wp\/v2\/posts\/109165\/revisions"}],"predecessor-version":[{"id":109167,"href":"https:\/\/quehacerpolitico.mx\/index.php?rest_route=\/wp\/v2\/posts\/109165\/revisions\/109167"}],"wp:featuredmedia":[{"embeddable":true,"href":"https:\/\/quehacerpolitico.mx\/index.php?rest_route=\/wp\/v2\/media\/109166"}],"wp:attachment":[{"href":"https:\/\/quehacerpolitico.mx\/index.php?rest_route=%2Fwp%2Fv2%2Fmedia&parent=109165"}],"wp:term":[{"taxonomy":"category","embeddable":true,"href":"https:\/\/quehacerpolitico.mx\/index.php?rest_route=%2Fwp%2Fv2%2Fcategories&post=109165"},{"taxonomy":"post_tag","embeddable":true,"href":"https:\/\/quehacerpolitico.mx\/index.php?rest_route=%2Fwp%2Fv2%2Ftags&post=109165"}],"curies":[{"name":"wp","href":"https:\/\/api.w.org\/{rel}","templated":true}]}}