{"id":109162,"date":"2024-04-10T15:37:43","date_gmt":"2024-04-10T15:37:43","guid":{"rendered":"https:\/\/quehacerpolitico.mx\/?p=109162"},"modified":"2024-04-10T15:37:46","modified_gmt":"2024-04-10T15:37:46","slug":"internacionales-carolina-alonso-romei-eu-llevaria-a-narcos-a-pelear-a-ucrania-rusia","status":"publish","type":"post","link":"https:\/\/quehacerpolitico.mx\/?p=109162","title":{"rendered":"Internacionales\/\/\/Carolina Alonso Romei\/\/\/EU llevar\u00eda a narcos a pelear a Ucrania: Rusia"},"content":{"rendered":"\n<p>Por Carolina Alonso Romei<\/p>\n\n\n\n<p>Internacionalista <\/p>\n\n\n\n<p>Este movimiento se debe a la baja de ucranianos a casi tres a\u00f1os de conflicto<\/p>\n\n\n\n<p>El Servicio de Espionaje Exterior (SVR) de Rusia acus\u00f3 a compa\u00f1\u00edas militares privadas de Estados Unidos (EU) de reclutar a presidiarios de M\u00e9xico y Colombia en las c\u00e1rceles estadounidenses para enviarlos a combatir en la guerra de Ucrania.<\/p>\n\n\n\n<p>\u201cLas compa\u00f1\u00edas militares privadas de EU, bajo la direcci\u00f3n de la Administraci\u00f3n Federal de Control de Drogas y el FBI, comenzaron a reclutar a representantes de los c\u00e1rteles del narcotr\u00e1fico mexicanos y colombianos que cumplen penas en c\u00e1rceles estadounidenses para participar en el conflicto ucraniano\u201d, inform\u00f3 el SVR en un comunicado.<\/p>\n\n\n\n<p>Seg\u00fan la entidad, \u201c<strong>EU acude a m\u00e9todos cada vez m\u00e1s desesperados en sus intentos de cambiar la situaci\u00f3n en el frente ucraniano<\/strong>, al reforzar las filas de los militares ucranianos desmovilizados con escoria multinacional con tendencias a la violencia armada\u201d.<\/p>\n\n\n\n<figure class=\"wp-block-embed is-type-video is-provider-youtube wp-block-embed-youtube wp-embed-aspect-16-9 wp-has-aspect-ratio\"><div class=\"wp-block-embed__wrapper\">\n<iframe loading=\"lazy\" title=\"Discuten embajadas de EU y Rusia en Me\u0301xico por supuesto reclutamiento de narcos mexicanos\" width=\"640\" height=\"360\" src=\"https:\/\/www.youtube.com\/embed\/FXqodZdAIAM?feature=oembed\" frameborder=\"0\" allow=\"accelerometer; autoplay; clipboard-write; encrypted-media; gyroscope; picture-in-picture; web-share\" referrerpolicy=\"strict-origin-when-cross-origin\" allowfullscreen><\/iframe>\n<\/div><\/figure>\n\n\n\n<p>\u201cPor supuesto, las perspectivas de una nueva inyecci\u00f3n de \u2018soldados de fortuna\u2019 escogidos entre asesinos en serie, drogadictos y violadores (&#8230;) genera preocupaci\u00f3n. Sin embargo,&nbsp;<strong>los planes estadounidenses de lograr con esto una ventaja t\u00e1ctica en el campo de batalla est\u00e1n destinados al fracaso<\/strong>\u201d, a\u00f1adi\u00f3 el SVR.<\/p>\n\n\n\n<p>A\u00f1adi\u00f3 que est\u00e1 previsto que la primera partida de \u201cestos sicarios sea trasladada al campo de batalla en verano de este a\u00f1o\u201d.<\/p>\n\n\n\n<p>\u201cLa banda criminal estar\u00e1 conformada por varios cientos de mexicanos y colombianos. En caso de que acepten este \u2018trabajo\u2019 se les promete la amnist\u00eda total con la esperanza de que jam\u00e1s retornen\u201d de Ucrania.<\/p>\n\n\n\n<p>El SVR alert\u00f3 de que \u201csi el proyecto piloto (&#8230;) resulta, el programa de reclutamiento de sicarios continuar\u00e1 y se ampliar\u00e1 con el llamamiento de criminales de otros pa\u00edses con graves situaciones de criminalidad\u201d.<\/p>\n\n\n\n<p>Sin embargo, se\u00f1al\u00f3 que&nbsp;este proceso atraviesa dificultades, ya que \u201clas negociaciones con los capos son dif\u00edciles\u201d y ning\u00fan criminal se atreve a cooperar con las autoridades estadounidenses sin el benepl\u00e1cito de sus jefes.<\/p>\n\n\n\n<p>\u201cLos jefes de las bandas tratan de vender lo m\u00e1s caro posible a sus integrantes, con lo que ponen en riesgo el cumplimiento de los planes estadounidenses\u201d, estim\u00f3 el espionaje ruso.<\/p>\n\n\n\n<p><strong>El SVR se\u00f1al\u00f3 que esto muestra que la Administraci\u00f3n del presidente Joe Biden \u201cadmite en la pr\u00e1ctica su impotencia y nos demuestra una vez m\u00e1s la inconsistencia del r\u00e9gimen de Kiev apoyado por ellos\u201d.<\/strong><\/p>\n\n\n\n<p>Tras el fracaso de la contraofensiva en 2023, Ucrania ha tenido grandes dificultades para el llamado a filas, que se han agravado con las demoras en la aprobaci\u00f3n de una nueva ley de movilizaci\u00f3n, que lleva cuatro meses empantanada en la Rada Suprema.<\/p>\n\n\n\n<p>El propio presidente de Ucrania,&nbsp;VolodimirZelenski, llam\u00f3 a los diputados ucranianos a dejar de lado el \u201cpopulismo\u201d y a aprobar la nueva ley de movilizaci\u00f3n.<\/p>\n\n\n\n<h4 class=\"wp-block-heading\"><strong>Embajada responde<\/strong><\/h4>\n\n\n\n<p>Tras esta informaci\u00f3n compartida por la embajada de Rusia en M\u00e9xico, la estadounidense respondi\u00f3 en redes sociales.<\/p>\n\n\n\n<p>Tanto en ruso como en espa\u00f1ol,&nbsp;<strong>la representaci\u00f3n diplom\u00e1tica a cargo del embajador Ken Salazar declar\u00f3: \u201cComo dicen por ah\u00ed, la calumnia cuando no mancha, tizna\u201d<\/strong>.<\/p>\n\n\n\n<p>\u201cQue no te vean la cara\u201d, agreg\u00f3.<\/p>\n\n\n\n<p>EFE<\/p>\n\n\n\n<h4 class=\"wp-block-heading\"><strong>Acusan a Occidente de financiar a grupos terroristas<\/strong><\/h4>\n\n\n\n<p>Los investigadores rusos anunciaron ayer que\u00a0<strong>abrieron una investigaci\u00f3n por \u201cfinanciamiento del terrorismo\u201d que implica a pa\u00edses occidentales, alegando que fondos recibidos por empresas estadounidenses en Ucrania, incluida Burisma, que emple\u00f3 al hijo del presidente Joe Biden<\/strong>, fueron usados para \u201cactos terroristas\u201d en Rusia.<\/p>\n\n\n\n<figure class=\"wp-block-embed is-type-video is-provider-youtube wp-block-embed-youtube wp-embed-aspect-16-9 wp-has-aspect-ratio\"><div class=\"wp-block-embed__wrapper\">\n<iframe loading=\"lazy\" title=\"Rusia denuncia reclutamiento de presidiarios y narcos por Estados Unidos para conflicto en Ucrania\" width=\"640\" height=\"360\" src=\"https:\/\/www.youtube.com\/embed\/6TnDSn4STFU?feature=oembed\" frameborder=\"0\" allow=\"accelerometer; autoplay; clipboard-write; encrypted-media; gyroscope; picture-in-picture; web-share\" referrerpolicy=\"strict-origin-when-cross-origin\" allowfullscreen><\/iframe>\n<\/div><\/figure>\n\n\n\n<p>En un comunicado, el Comit\u00e9 de Investigaci\u00f3n ruso afirm\u00f3 estar analizando \u201cfuentes de ingresos\u201d por varios millones de d\u00f3lares y la \u201cimplicaci\u00f3n de colaboradores de autoridades y organizaciones p\u00fablicas y comerciales de pa\u00edses occidentales\u201d.<\/p>\n\n\n\n<p>El organismo cit\u00f3, entre otros, la compa\u00f1\u00eda de gas Burisma, cuyo consejo de administraci\u00f3n incluy\u00f3 a Hunter Biden, el hijo del presidente estadounidense.<\/p>\n\n\n\n<p>Los investigadores afirman que Burisma sirvi\u00f3 de intermediario para fondos usados \u201cestos \u00faltimos a\u00f1os para realizar actos terroristas en Rusia\u201d, as\u00ed como en \u201cel extranjero para eliminar a personalidades\u201d.<\/p>\n\n\n\n<p>El anuncio se produce unas semanas despu\u00e9s del atentado en una sala de conciertos en las afueras de&nbsp;Mosc\u00fa, que dej\u00f3 144 muertos el 22 de marzo.<\/p>\n\n\n\n<p>Rusia acus\u00f3 a Ucrania, contra la que emprendi\u00f3 una ofensiva hace m\u00e1s de dos a\u00f1os, de estar implicada en el ataque, reivindicado por el grupo yihadista Estado Isl\u00e1mico.<\/p>\n\n\n\n<p><strong>La colaboraci\u00f3n de Hunter Biden en la compa\u00f1\u00eda Burisma es uno de los temas predilectos de los adversarios republicanos a la Casa Blanca.<\/strong><\/p>\n\n\n\n<p>Tanto Biden como su hijo niegan haber cometido actos ilegales.<\/p>\n\n\n\n<p>En febrero, un antiguo informador del FBI fue detenido por haber inventado acusaciones de corrupci\u00f3n contra los Biden.<\/p>\n\n\n\n<p>AFP<\/p>\n","protected":false},"excerpt":{"rendered":"<p>Por Carolina Alonso Romei Internacionalista Este movimiento se debe a la baja de ucranianos a&#8230;<\/p>\n","protected":false},"author":2,"featured_media":109163,"comment_status":"open","ping_status":"open","sticky":false,"template":"","format":"standard","meta":{"_monsterinsights_skip_tracking":false,"_monsterinsights_sitenote_active":false,"_monsterinsights_sitenote_note":"","_monsterinsights_sitenote_category":0,"footnotes":""},"categories":[1],"tags":[],"class_list":["post-109162","post","type-post","status-publish","format-standard","has-post-thumbnail","hentry","category-sin-categoria"],"yoast_head":"<!-- This site is optimized with the Yoast SEO plugin v27.3 - https:\/\/yoast.com\/product\/yoast-seo-wordpress\/ -->\n<title>Internacionales\/\/\/Carolina Alonso Romei\/\/\/EU llevar\u00eda a narcos a pelear a Ucrania: Rusia -<\/title>\n<meta name=\"robots\" content=\"index, follow, max-snippet:-1, max-image-preview:large, max-video-preview:-1\" \/>\n<link rel=\"canonical\" href=\"https:\/\/quehacerpolitico.mx\/?p=109162\" \/>\n<meta property=\"og:locale\" content=\"es_MX\" \/>\n<meta property=\"og:type\" content=\"article\" \/>\n<meta property=\"og:title\" content=\"Internacionales\/\/\/Carolina Alonso Romei\/\/\/EU llevar\u00eda a narcos a pelear a Ucrania: Rusia -\" \/>\n<meta property=\"og:description\" content=\"Por Carolina Alonso Romei Internacionalista Este movimiento se debe a la baja de ucranianos a...\" \/>\n<meta property=\"og:url\" content=\"https:\/\/quehacerpolitico.mx\/?p=109162\" \/>\n<meta property=\"article:published_time\" content=\"2024-04-10T15:37:43+00:00\" \/>\n<meta property=\"article:modified_time\" content=\"2024-04-10T15:37:46+00:00\" \/>\n<meta property=\"og:image\" content=\"https:\/\/quehacerpolitico.mx\/wp-content\/uploads\/2024\/04\/1b943dc5-a296-4481-bda2-91b9f6d70915-4.jpeg\" \/>\n\t<meta property=\"og:image:width\" content=\"963\" \/>\n\t<meta property=\"og:image:height\" content=\"493\" \/>\n\t<meta property=\"og:image:type\" content=\"image\/jpeg\" \/>\n<meta name=\"author\" content=\"Redacci\u00f3n QP\" \/>\n<meta name=\"twitter:card\" content=\"summary_large_image\" \/>\n<meta name=\"twitter:label1\" content=\"Escrito por\" \/>\n\t<meta name=\"twitter:data1\" content=\"Redacci\u00f3n QP\" \/>\n\t<meta name=\"twitter:label2\" content=\"Tiempo de lectura\" \/>\n\t<meta name=\"twitter:data2\" content=\"4 minutos\" \/>\n<script type=\"application\/ld+json\" class=\"yoast-schema-graph\">{\"@context\":\"https:\\\/\\\/schema.org\",\"@graph\":[{\"@type\":\"Article\",\"@id\":\"https:\\\/\\\/quehacerpolitico.mx\\\/?p=109162#article\",\"isPartOf\":{\"@id\":\"https:\\\/\\\/quehacerpolitico.mx\\\/?p=109162\"},\"author\":{\"name\":\"Redacci\u00f3n QP\",\"@id\":\"https:\\\/\\\/quehacerpolitico.mx\\\/#\\\/schema\\\/person\\\/496d8ad2d1d3f8036101dca7ee39e585\"},\"headline\":\"Internacionales\\\/\\\/\\\/Carolina Alonso Romei\\\/\\\/\\\/EU llevar\u00eda a narcos a pelear a Ucrania: Rusia\",\"datePublished\":\"2024-04-10T15:37:43+00:00\",\"dateModified\":\"2024-04-10T15:37:46+00:00\",\"mainEntityOfPage\":{\"@id\":\"https:\\\/\\\/quehacerpolitico.mx\\\/?p=109162\"},\"wordCount\":840,\"commentCount\":0,\"image\":{\"@id\":\"https:\\\/\\\/quehacerpolitico.mx\\\/?p=109162#primaryimage\"},\"thumbnailUrl\":\"https:\\\/\\\/quehacerpolitico.mx\\\/wp-content\\\/uploads\\\/2024\\\/04\\\/1b943dc5-a296-4481-bda2-91b9f6d70915-4.jpeg\",\"articleSection\":[\"Internacionales\"],\"inLanguage\":\"es\",\"potentialAction\":[{\"@type\":\"CommentAction\",\"name\":\"Comment\",\"target\":[\"https:\\\/\\\/quehacerpolitico.mx\\\/?p=109162#respond\"]}]},{\"@type\":\"WebPage\",\"@id\":\"https:\\\/\\\/quehacerpolitico.mx\\\/?p=109162\",\"url\":\"https:\\\/\\\/quehacerpolitico.mx\\\/?p=109162\",\"name\":\"Internacionales\\\/\\\/\\\/Carolina Alonso Romei\\\/\\\/\\\/EU llevar\u00eda a narcos a pelear a Ucrania: Rusia -\",\"isPartOf\":{\"@id\":\"https:\\\/\\\/quehacerpolitico.mx\\\/#website\"},\"primaryImageOfPage\":{\"@id\":\"https:\\\/\\\/quehacerpolitico.mx\\\/?p=109162#primaryimage\"},\"image\":{\"@id\":\"https:\\\/\\\/quehacerpolitico.mx\\\/?p=109162#primaryimage\"},\"thumbnailUrl\":\"https:\\\/\\\/quehacerpolitico.mx\\\/wp-content\\\/uploads\\\/2024\\\/04\\\/1b943dc5-a296-4481-bda2-91b9f6d70915-4.jpeg\",\"datePublished\":\"2024-04-10T15:37:43+00:00\",\"dateModified\":\"2024-04-10T15:37:46+00:00\",\"author\":{\"@id\":\"https:\\\/\\\/quehacerpolitico.mx\\\/#\\\/schema\\\/person\\\/496d8ad2d1d3f8036101dca7ee39e585\"},\"breadcrumb\":{\"@id\":\"https:\\\/\\\/quehacerpolitico.mx\\\/?p=109162#breadcrumb\"},\"inLanguage\":\"es\",\"potentialAction\":[{\"@type\":\"ReadAction\",\"target\":[\"https:\\\/\\\/quehacerpolitico.mx\\\/?p=109162\"]}]},{\"@type\":\"ImageObject\",\"inLanguage\":\"es\",\"@id\":\"https:\\\/\\\/quehacerpolitico.mx\\\/?p=109162#primaryimage\",\"url\":\"https:\\\/\\\/quehacerpolitico.mx\\\/wp-content\\\/uploads\\\/2024\\\/04\\\/1b943dc5-a296-4481-bda2-91b9f6d70915-4.jpeg\",\"contentUrl\":\"https:\\\/\\\/quehacerpolitico.mx\\\/wp-content\\\/uploads\\\/2024\\\/04\\\/1b943dc5-a296-4481-bda2-91b9f6d70915-4.jpeg\",\"width\":963,\"height\":493},{\"@type\":\"BreadcrumbList\",\"@id\":\"https:\\\/\\\/quehacerpolitico.mx\\\/?p=109162#breadcrumb\",\"itemListElement\":[{\"@type\":\"ListItem\",\"position\":1,\"name\":\"Inicio\",\"item\":\"https:\\\/\\\/quehacerpolitico.mx\\\/\"},{\"@type\":\"ListItem\",\"position\":2,\"name\":\"Internacionales\\\/\\\/\\\/Carolina Alonso Romei\\\/\\\/\\\/EU llevar\u00eda a narcos a pelear a Ucrania: Rusia\"}]},{\"@type\":\"WebSite\",\"@id\":\"https:\\\/\\\/quehacerpolitico.mx\\\/#website\",\"url\":\"https:\\\/\\\/quehacerpolitico.mx\\\/\",\"name\":\"\",\"description\":\"\",\"potentialAction\":[{\"@type\":\"SearchAction\",\"target\":{\"@type\":\"EntryPoint\",\"urlTemplate\":\"https:\\\/\\\/quehacerpolitico.mx\\\/?s={search_term_string}\"},\"query-input\":{\"@type\":\"PropertyValueSpecification\",\"valueRequired\":true,\"valueName\":\"search_term_string\"}}],\"inLanguage\":\"es\"},{\"@type\":\"Person\",\"@id\":\"https:\\\/\\\/quehacerpolitico.mx\\\/#\\\/schema\\\/person\\\/496d8ad2d1d3f8036101dca7ee39e585\",\"name\":\"Redacci\u00f3n QP\",\"image\":{\"@type\":\"ImageObject\",\"inLanguage\":\"es\",\"@id\":\"https:\\\/\\\/secure.gravatar.com\\\/avatar\\\/c7164ed6fdec453195284ad24a5ae5b6e1eed2b848477fa2a4787ba9adf39a41?s=96&d=mm&r=g\",\"url\":\"https:\\\/\\\/secure.gravatar.com\\\/avatar\\\/c7164ed6fdec453195284ad24a5ae5b6e1eed2b848477fa2a4787ba9adf39a41?s=96&d=mm&r=g\",\"contentUrl\":\"https:\\\/\\\/secure.gravatar.com\\\/avatar\\\/c7164ed6fdec453195284ad24a5ae5b6e1eed2b848477fa2a4787ba9adf39a41?s=96&d=mm&r=g\",\"caption\":\"Redacci\u00f3n QP\"},\"url\":\"https:\\\/\\\/quehacerpolitico.mx\\\/?author=2\"}]}<\/script>\n<!-- \/ Yoast SEO plugin. -->","yoast_head_json":{"title":"Internacionales\/\/\/Carolina Alonso Romei\/\/\/EU llevar\u00eda a narcos a pelear a Ucrania: Rusia -","robots":{"index":"index","follow":"follow","max-snippet":"max-snippet:-1","max-image-preview":"max-image-preview:large","max-video-preview":"max-video-preview:-1"},"canonical":"https:\/\/quehacerpolitico.mx\/?p=109162","og_locale":"es_MX","og_type":"article","og_title":"Internacionales\/\/\/Carolina Alonso Romei\/\/\/EU llevar\u00eda a narcos a pelear a Ucrania: Rusia -","og_description":"Por Carolina Alonso Romei Internacionalista Este movimiento se debe a la baja de ucranianos a...","og_url":"https:\/\/quehacerpolitico.mx\/?p=109162","article_published_time":"2024-04-10T15:37:43+00:00","article_modified_time":"2024-04-10T15:37:46+00:00","og_image":[{"width":963,"height":493,"url":"https:\/\/quehacerpolitico.mx\/wp-content\/uploads\/2024\/04\/1b943dc5-a296-4481-bda2-91b9f6d70915-4.jpeg","type":"image\/jpeg"}],"author":"Redacci\u00f3n QP","twitter_card":"summary_large_image","twitter_misc":{"Escrito por":"Redacci\u00f3n QP","Tiempo de lectura":"4 minutos"},"schema":{"@context":"https:\/\/schema.org","@graph":[{"@type":"Article","@id":"https:\/\/quehacerpolitico.mx\/?p=109162#article","isPartOf":{"@id":"https:\/\/quehacerpolitico.mx\/?p=109162"},"author":{"name":"Redacci\u00f3n QP","@id":"https:\/\/quehacerpolitico.mx\/#\/schema\/person\/496d8ad2d1d3f8036101dca7ee39e585"},"headline":"Internacionales\/\/\/Carolina Alonso Romei\/\/\/EU llevar\u00eda a narcos a pelear a Ucrania: Rusia","datePublished":"2024-04-10T15:37:43+00:00","dateModified":"2024-04-10T15:37:46+00:00","mainEntityOfPage":{"@id":"https:\/\/quehacerpolitico.mx\/?p=109162"},"wordCount":840,"commentCount":0,"image":{"@id":"https:\/\/quehacerpolitico.mx\/?p=109162#primaryimage"},"thumbnailUrl":"https:\/\/quehacerpolitico.mx\/wp-content\/uploads\/2024\/04\/1b943dc5-a296-4481-bda2-91b9f6d70915-4.jpeg","articleSection":["Internacionales"],"inLanguage":"es","potentialAction":[{"@type":"CommentAction","name":"Comment","target":["https:\/\/quehacerpolitico.mx\/?p=109162#respond"]}]},{"@type":"WebPage","@id":"https:\/\/quehacerpolitico.mx\/?p=109162","url":"https:\/\/quehacerpolitico.mx\/?p=109162","name":"Internacionales\/\/\/Carolina Alonso Romei\/\/\/EU llevar\u00eda a narcos a pelear a Ucrania: Rusia -","isPartOf":{"@id":"https:\/\/quehacerpolitico.mx\/#website"},"primaryImageOfPage":{"@id":"https:\/\/quehacerpolitico.mx\/?p=109162#primaryimage"},"image":{"@id":"https:\/\/quehacerpolitico.mx\/?p=109162#primaryimage"},"thumbnailUrl":"https:\/\/quehacerpolitico.mx\/wp-content\/uploads\/2024\/04\/1b943dc5-a296-4481-bda2-91b9f6d70915-4.jpeg","datePublished":"2024-04-10T15:37:43+00:00","dateModified":"2024-04-10T15:37:46+00:00","author":{"@id":"https:\/\/quehacerpolitico.mx\/#\/schema\/person\/496d8ad2d1d3f8036101dca7ee39e585"},"breadcrumb":{"@id":"https:\/\/quehacerpolitico.mx\/?p=109162#breadcrumb"},"inLanguage":"es","potentialAction":[{"@type":"ReadAction","target":["https:\/\/quehacerpolitico.mx\/?p=109162"]}]},{"@type":"ImageObject","inLanguage":"es","@id":"https:\/\/quehacerpolitico.mx\/?p=109162#primaryimage","url":"https:\/\/quehacerpolitico.mx\/wp-content\/uploads\/2024\/04\/1b943dc5-a296-4481-bda2-91b9f6d70915-4.jpeg","contentUrl":"https:\/\/quehacerpolitico.mx\/wp-content\/uploads\/2024\/04\/1b943dc5-a296-4481-bda2-91b9f6d70915-4.jpeg","width":963,"height":493},{"@type":"BreadcrumbList","@id":"https:\/\/quehacerpolitico.mx\/?p=109162#breadcrumb","itemListElement":[{"@type":"ListItem","position":1,"name":"Inicio","item":"https:\/\/quehacerpolitico.mx\/"},{"@type":"ListItem","position":2,"name":"Internacionales\/\/\/Carolina Alonso Romei\/\/\/EU llevar\u00eda a narcos a pelear a Ucrania: Rusia"}]},{"@type":"WebSite","@id":"https:\/\/quehacerpolitico.mx\/#website","url":"https:\/\/quehacerpolitico.mx\/","name":"","description":"","potentialAction":[{"@type":"SearchAction","target":{"@type":"EntryPoint","urlTemplate":"https:\/\/quehacerpolitico.mx\/?s={search_term_string}"},"query-input":{"@type":"PropertyValueSpecification","valueRequired":true,"valueName":"search_term_string"}}],"inLanguage":"es"},{"@type":"Person","@id":"https:\/\/quehacerpolitico.mx\/#\/schema\/person\/496d8ad2d1d3f8036101dca7ee39e585","name":"Redacci\u00f3n QP","image":{"@type":"ImageObject","inLanguage":"es","@id":"https:\/\/secure.gravatar.com\/avatar\/c7164ed6fdec453195284ad24a5ae5b6e1eed2b848477fa2a4787ba9adf39a41?s=96&d=mm&r=g","url":"https:\/\/secure.gravatar.com\/avatar\/c7164ed6fdec453195284ad24a5ae5b6e1eed2b848477fa2a4787ba9adf39a41?s=96&d=mm&r=g","contentUrl":"https:\/\/secure.gravatar.com\/avatar\/c7164ed6fdec453195284ad24a5ae5b6e1eed2b848477fa2a4787ba9adf39a41?s=96&d=mm&r=g","caption":"Redacci\u00f3n QP"},"url":"https:\/\/quehacerpolitico.mx\/?author=2"}]}},"featured_image_urls":{"full":["https:\/\/quehacerpolitico.mx\/wp-content\/uploads\/2024\/04\/1b943dc5-a296-4481-bda2-91b9f6d70915-4.jpeg",963,493,false],"thumbnail":["https:\/\/quehacerpolitico.mx\/wp-content\/uploads\/2024\/04\/1b943dc5-a296-4481-bda2-91b9f6d70915-4-150x150.jpeg",150,150,true],"medium":["https:\/\/quehacerpolitico.mx\/wp-content\/uploads\/2024\/04\/1b943dc5-a296-4481-bda2-91b9f6d70915-4-300x154.jpeg",300,154,true],"medium_large":["https:\/\/quehacerpolitico.mx\/wp-content\/uploads\/2024\/04\/1b943dc5-a296-4481-bda2-91b9f6d70915-4-768x393.jpeg",640,328,true],"large":["https:\/\/quehacerpolitico.mx\/wp-content\/uploads\/2024\/04\/1b943dc5-a296-4481-bda2-91b9f6d70915-4.jpeg",640,328,false],"1536x1536":["https:\/\/quehacerpolitico.mx\/wp-content\/uploads\/2024\/04\/1b943dc5-a296-4481-bda2-91b9f6d70915-4.jpeg",963,493,false],"2048x2048":["https:\/\/quehacerpolitico.mx\/wp-content\/uploads\/2024\/04\/1b943dc5-a296-4481-bda2-91b9f6d70915-4.jpeg",963,493,false],"covernews-featured":["https:\/\/quehacerpolitico.mx\/wp-content\/uploads\/2024\/04\/1b943dc5-a296-4481-bda2-91b9f6d70915-4.jpeg",963,493,false],"covernews-medium":["https:\/\/quehacerpolitico.mx\/wp-content\/uploads\/2024\/04\/1b943dc5-a296-4481-bda2-91b9f6d70915-4.jpeg",540,276,false]},"author_info":{"display_name":"Redacci\u00f3n QP","author_link":"https:\/\/quehacerpolitico.mx\/?author=2"},"category_info":"<a href=\"https:\/\/quehacerpolitico.mx\/?cat=1\" rel=\"category\">Internacionales<\/a>","tag_info":"Internacionales","comment_count":"0","_links":{"self":[{"href":"https:\/\/quehacerpolitico.mx\/index.php?rest_route=\/wp\/v2\/posts\/109162","targetHints":{"allow":["GET"]}}],"collection":[{"href":"https:\/\/quehacerpolitico.mx\/index.php?rest_route=\/wp\/v2\/posts"}],"about":[{"href":"https:\/\/quehacerpolitico.mx\/index.php?rest_route=\/wp\/v2\/types\/post"}],"author":[{"embeddable":true,"href":"https:\/\/quehacerpolitico.mx\/index.php?rest_route=\/wp\/v2\/users\/2"}],"replies":[{"embeddable":true,"href":"https:\/\/quehacerpolitico.mx\/index.php?rest_route=%2Fwp%2Fv2%2Fcomments&post=109162"}],"version-history":[{"count":1,"href":"https:\/\/quehacerpolitico.mx\/index.php?rest_route=\/wp\/v2\/posts\/109162\/revisions"}],"predecessor-version":[{"id":109164,"href":"https:\/\/quehacerpolitico.mx\/index.php?rest_route=\/wp\/v2\/posts\/109162\/revisions\/109164"}],"wp:featuredmedia":[{"embeddable":true,"href":"https:\/\/quehacerpolitico.mx\/index.php?rest_route=\/wp\/v2\/media\/109163"}],"wp:attachment":[{"href":"https:\/\/quehacerpolitico.mx\/index.php?rest_route=%2Fwp%2Fv2%2Fmedia&parent=109162"}],"wp:term":[{"taxonomy":"category","embeddable":true,"href":"https:\/\/quehacerpolitico.mx\/index.php?rest_route=%2Fwp%2Fv2%2Fcategories&post=109162"},{"taxonomy":"post_tag","embeddable":true,"href":"https:\/\/quehacerpolitico.mx\/index.php?rest_route=%2Fwp%2Fv2%2Ftags&post=109162"}],"curies":[{"name":"wp","href":"https:\/\/api.w.org\/{rel}","templated":true}]}}