{"id":109159,"date":"2024-04-10T14:13:18","date_gmt":"2024-04-10T14:13:18","guid":{"rendered":"https:\/\/quehacerpolitico.mx\/?p=109159"},"modified":"2024-04-10T14:13:21","modified_gmt":"2024-04-10T14:13:21","slug":"las-marchas-para-este-miercoles-10-de-abril-en-la-cdmx","status":"publish","type":"post","link":"https:\/\/quehacerpolitico.mx\/?p=109159","title":{"rendered":"Las Marchas para este Mi\u00e9rcoles 10 de abril en la CDMX"},"content":{"rendered":"\n<p>Por Redacci\u00f3n QP<\/p>\n\n\n\n<p>Este 10 de abril se llevar\u00e1n a cabo al menos 15 movilizaciones en la Ciudad de M\u00e9xico. Te decimos d\u00f3nde para que tomes tus precauciones.<\/p>\n\n\n\n<p>En la&nbsp;<strong>Ciudad de M\u00e9xico<\/strong>, diariamente se realizan&nbsp;<strong>protestas y manifestaciones<\/strong>&nbsp;en diferentes puntos. Los ciudadanos salen a las vialidades primarias de la capital del pa\u00eds para atraer la atenci\u00f3n de las autoridades y as\u00ed&nbsp;<strong>expresar su inconformidad con algunas situaciones o realizar peticiones<\/strong>.<\/p>\n\n\n\n<p>De acuerdo con el\u00a0<strong>Centro de Comando, Control, C\u00f3mputo, Comunicaciones y Contacto Ciudadano de la Ciudad de M\u00e9xico\u00a0<\/strong>(C5) este 10 de abril se esperan al menos\u00a0<strong>15 marchas y concentraciones a lo largo del d\u00eda<\/strong>, las cuales podr\u00edan afectar la circulaci\u00f3n en vialidades de la capital.<\/p>\n\n\n\n<figure class=\"wp-block-embed is-type-rich is-provider-twitter wp-block-embed-twitter\"><div class=\"wp-block-embed__wrapper\">\n<blockquote class=\"twitter-tweet\" data-width=\"550\" data-dnt=\"true\"><p lang=\"es\" dir=\"ltr\">\u26a0\ufe0f\ud83d\udce2 Te compartimos las movilizaciones sociales previstas para este d\u00eda en la CDMX. <a href=\"https:\/\/twitter.com\/hashtag\/MovilidadCDMX?src=hash&amp;ref_src=twsrc%5Etfw\">#MovilidadCDMX<\/a> <a href=\"https:\/\/twitter.com\/hashtag\/C5ConConfianza?src=hash&amp;ref_src=twsrc%5Etfw\">#C5ConConfianza<\/a> <a href=\"https:\/\/t.co\/8BhvrNswcq\">pic.twitter.com\/8BhvrNswcq<\/a><\/p>&mdash; C5 CDMX (@C5_CDMX) <a href=\"https:\/\/twitter.com\/C5_CDMX\/status\/1778026579710398584?ref_src=twsrc%5Etfw\">April 10, 2024<\/a><\/blockquote><script async src=\"https:\/\/platform.twitter.com\/widgets.js\" charset=\"utf-8\"><\/script>\n<\/div><\/figure>\n\n\n\n<p><strong>\u00bfCu\u00e1les son las marchas y concentraciones para este 10 de abril?<\/strong><\/p>\n\n\n\n<p>Estas son las marchas y concentraciones que se esperan para este 10 de abril en las&nbsp;<strong>siete diferentes alcald\u00edas<\/strong>:<\/p>\n\n\n\n<p><strong>Alcald\u00eda Benito Ju\u00e1rez<\/strong><\/p>\n\n\n\n<ul class=\"wp-block-list\">\n<li>Durante el d\u00eda. Concentraci\u00f3n-Marcha en Av. Insurgentes Sur y Av. F\u00e9lix Cuevas s\/n, Col. Del Valle Sur<\/li>\n\n\n\n<li>7:00 horas. Concentraci\u00f3n en Av. Insurgentes Sur 1602, Col. Cr\u00e9dito Constructor<\/li>\n\n\n\n<li>11:00 horas. Concentraci\u00f3n en Av. Insurgentes Sur y Av. Xola, Col. Del Valle Norte<\/li>\n\n\n\n<li>18:00 horas. Concentraci\u00f3n en Av. M\u00e9xico Coyoac\u00e1n 343, Col. Xoco<\/li>\n<\/ul>\n\n\n\n<h3 class=\"wp-block-heading\">Alcald\u00eda Coyoac\u00e1n<\/h3>\n\n\n\n<ul class=\"wp-block-list\">\n<li>08:30 horas. Concentraci\u00f3n-Marcha en San Felipe y Cda. de Textitl\u00e1n s\/n, Col. Santa \u00darsula Coapa.<\/li>\n<\/ul>\n\n\n\n<h3 class=\"wp-block-heading\">Alcald\u00eda Iztapalapa<\/h3>\n\n\n\n<ul class=\"wp-block-list\">\n<li>10:30 horas. Concentraci\u00f3n en Av. Reforma 50, Col. Lomas de San Lorenzo<\/li>\n\n\n\n<li>19:30 horas. Concentraci\u00f3n-Rodada en Av. Texcoco y Av. Guelatao s\/n, Col. Juan Escutia.<\/li>\n<\/ul>\n\n\n\n<h3 class=\"wp-block-heading\">Alcald\u00eda Cuauht\u00e9moc<\/h3>\n\n\n\n<ul class=\"wp-block-list\">\n<li>Durante el d\u00eda. Concentraci\u00f3n-Marcha en \u00c1ngel de la Independencia.<\/li>\n\n\n\n<li>11:00 horas. Concentraci\u00f3n en Emilio Dond\u00e9 y Enrico Mart\u00ednez s\/n, Col. Centro<\/li>\n\n\n\n<li>12:00 horas. Concentraci\u00f3n en James Sullivan y Serapio Rend\u00f3n s\/n, Col. San Rafael<\/li>\n\n\n\n<li>15:30 horas. Concentraci\u00f3n en Plaza de la Rep\u00fablica s\/n, Col. Tabacalera<\/li>\n<\/ul>\n\n\n\n<h3 class=\"wp-block-heading\">Alcald\u00eda \u00c1lvaro Obreg\u00f3n<\/h3>\n\n\n\n<ul class=\"wp-block-list\">\n<li>09:00 horas. Concentraci\u00f3n en Av. Insurgentes Sur 1931, Col. Guadalupe Inn.<\/li>\n<\/ul>\n\n\n\n<h3 class=\"wp-block-heading\">Alcald\u00eda Miguel Hidalgo<\/h3>\n\n\n\n<ul class=\"wp-block-list\">\n<li>09:00 horas. Concentraci\u00f3n en Lieja 270, Col. Bosque de Chapultepec 1ra. secci\u00f3n.<\/li>\n\n\n\n<li>10:30 horas. Concentraci\u00f3n en Sierra Madre 215, Col. Observatorio<\/li>\n<\/ul>\n\n\n\n<h3 class=\"wp-block-heading\">Alcald\u00eda Venustiano Carranza<\/h3>\n\n\n\n<ul class=\"wp-block-list\">\n<li>10:30 horas. Concentraci\u00f3n-Rodada en Av. Fray Servando Teresa de Mier y Av. Congreso de la Uni\u00f3n s\/n, Col. El Parque<\/li>\n<\/ul>\n\n\n\n<p><strong>\u00bfQu\u00e9 autos no circulan en CdMx este mi\u00e9rcoles?<\/strong><\/p>\n\n\n\n<p>Este\u00a0<strong>mi\u00e9rcoles 10 de abril<\/strong>, el\u00a0Hoy no circula aplica para todos los veh\u00edculos con\u00a0<strong>engomado color rojo y cuyo \u00faltimo n\u00famero de placa sean el 3 o el 4<\/strong>, adem\u00e1s de que el Holograma sea 1 y 2, deber\u00e1n dejar de circular en la Zona Metropolitana del Valle de M\u00e9xico.<\/p>\n\n\n\n<h2 class=\"wp-block-heading\">\u00bfCu\u00e1l es la multa por no respetar el Hoy No Circula?<\/h2>\n\n\n\n<p>La&nbsp;<strong>multa&nbsp;<\/strong>por no respetar el programa&nbsp;Hoy No Circula es de entre 20 a 30 UMAS (Unidad de Medida de Actualizaci\u00f3n) que actualmente tiene un valor de 108.57 pesos, por lo que la sanci\u00f3n ser\u00eda entre<\/p>\n\n\n\n<p><strong>2 mil 171.4 pesos a 3 mil 257.1 pesos<\/strong>.<\/p>\n\n\n\n<p>Adem\u00e1s,&nbsp;<strong>el auto podr\u00eda ser llevado al corral\u00f3n, cuyo traslado se cobra aparte<\/strong>.<\/p>\n","protected":false},"excerpt":{"rendered":"<p>Por Redacci\u00f3n QP Este 10 de abril se llevar\u00e1n a cabo al menos 15 movilizaciones&#8230;<\/p>\n","protected":false},"author":2,"featured_media":109160,"comment_status":"open","ping_status":"open","sticky":false,"template":"","format":"standard","meta":{"_monsterinsights_skip_tracking":false,"_monsterinsights_sitenote_active":false,"_monsterinsights_sitenote_note":"","_monsterinsights_sitenote_category":0,"footnotes":""},"categories":[55],"tags":[],"class_list":["post-109159","post","type-post","status-publish","format-standard","has-post-thumbnail","hentry","category-cdmx"],"yoast_head":"<!-- This site is optimized with the Yoast SEO plugin v27.3 - https:\/\/yoast.com\/product\/yoast-seo-wordpress\/ -->\n<title>Las Marchas para este Mi\u00e9rcoles 10 de abril en la CDMX -<\/title>\n<meta name=\"robots\" content=\"index, follow, max-snippet:-1, max-image-preview:large, max-video-preview:-1\" \/>\n<link rel=\"canonical\" href=\"https:\/\/quehacerpolitico.mx\/?p=109159\" \/>\n<meta property=\"og:locale\" content=\"es_MX\" \/>\n<meta property=\"og:type\" content=\"article\" \/>\n<meta property=\"og:title\" content=\"Las Marchas para este Mi\u00e9rcoles 10 de abril en la CDMX -\" \/>\n<meta property=\"og:description\" content=\"Por Redacci\u00f3n QP Este 10 de abril se llevar\u00e1n a cabo al menos 15 movilizaciones...\" \/>\n<meta property=\"og:url\" content=\"https:\/\/quehacerpolitico.mx\/?p=109159\" \/>\n<meta property=\"article:published_time\" content=\"2024-04-10T14:13:18+00:00\" \/>\n<meta property=\"article:modified_time\" content=\"2024-04-10T14:13:21+00:00\" \/>\n<meta property=\"og:image\" content=\"https:\/\/quehacerpolitico.mx\/wp-content\/uploads\/2024\/04\/IMG_4739.jpeg\" \/>\n\t<meta property=\"og:image:width\" content=\"739\" \/>\n\t<meta property=\"og:image:height\" content=\"415\" \/>\n\t<meta property=\"og:image:type\" content=\"image\/jpeg\" \/>\n<meta name=\"author\" content=\"Redacci\u00f3n QP\" \/>\n<meta name=\"twitter:card\" content=\"summary_large_image\" \/>\n<meta name=\"twitter:label1\" content=\"Escrito por\" \/>\n\t<meta name=\"twitter:data1\" content=\"Redacci\u00f3n QP\" \/>\n\t<meta name=\"twitter:label2\" content=\"Tiempo de lectura\" \/>\n\t<meta name=\"twitter:data2\" content=\"3 minutos\" \/>\n<script type=\"application\/ld+json\" class=\"yoast-schema-graph\">{\"@context\":\"https:\\\/\\\/schema.org\",\"@graph\":[{\"@type\":\"Article\",\"@id\":\"https:\\\/\\\/quehacerpolitico.mx\\\/?p=109159#article\",\"isPartOf\":{\"@id\":\"https:\\\/\\\/quehacerpolitico.mx\\\/?p=109159\"},\"author\":{\"name\":\"Redacci\u00f3n QP\",\"@id\":\"https:\\\/\\\/quehacerpolitico.mx\\\/#\\\/schema\\\/person\\\/496d8ad2d1d3f8036101dca7ee39e585\"},\"headline\":\"Las Marchas para este Mi\u00e9rcoles 10 de abril en la CDMX\",\"datePublished\":\"2024-04-10T14:13:18+00:00\",\"dateModified\":\"2024-04-10T14:13:21+00:00\",\"mainEntityOfPage\":{\"@id\":\"https:\\\/\\\/quehacerpolitico.mx\\\/?p=109159\"},\"wordCount\":553,\"commentCount\":0,\"image\":{\"@id\":\"https:\\\/\\\/quehacerpolitico.mx\\\/?p=109159#primaryimage\"},\"thumbnailUrl\":\"https:\\\/\\\/quehacerpolitico.mx\\\/wp-content\\\/uploads\\\/2024\\\/04\\\/IMG_4739.jpeg\",\"articleSection\":[\"CDMX\"],\"inLanguage\":\"es\",\"potentialAction\":[{\"@type\":\"CommentAction\",\"name\":\"Comment\",\"target\":[\"https:\\\/\\\/quehacerpolitico.mx\\\/?p=109159#respond\"]}]},{\"@type\":\"WebPage\",\"@id\":\"https:\\\/\\\/quehacerpolitico.mx\\\/?p=109159\",\"url\":\"https:\\\/\\\/quehacerpolitico.mx\\\/?p=109159\",\"name\":\"Las Marchas para este Mi\u00e9rcoles 10 de abril en la CDMX -\",\"isPartOf\":{\"@id\":\"https:\\\/\\\/quehacerpolitico.mx\\\/#website\"},\"primaryImageOfPage\":{\"@id\":\"https:\\\/\\\/quehacerpolitico.mx\\\/?p=109159#primaryimage\"},\"image\":{\"@id\":\"https:\\\/\\\/quehacerpolitico.mx\\\/?p=109159#primaryimage\"},\"thumbnailUrl\":\"https:\\\/\\\/quehacerpolitico.mx\\\/wp-content\\\/uploads\\\/2024\\\/04\\\/IMG_4739.jpeg\",\"datePublished\":\"2024-04-10T14:13:18+00:00\",\"dateModified\":\"2024-04-10T14:13:21+00:00\",\"author\":{\"@id\":\"https:\\\/\\\/quehacerpolitico.mx\\\/#\\\/schema\\\/person\\\/496d8ad2d1d3f8036101dca7ee39e585\"},\"breadcrumb\":{\"@id\":\"https:\\\/\\\/quehacerpolitico.mx\\\/?p=109159#breadcrumb\"},\"inLanguage\":\"es\",\"potentialAction\":[{\"@type\":\"ReadAction\",\"target\":[\"https:\\\/\\\/quehacerpolitico.mx\\\/?p=109159\"]}]},{\"@type\":\"ImageObject\",\"inLanguage\":\"es\",\"@id\":\"https:\\\/\\\/quehacerpolitico.mx\\\/?p=109159#primaryimage\",\"url\":\"https:\\\/\\\/quehacerpolitico.mx\\\/wp-content\\\/uploads\\\/2024\\\/04\\\/IMG_4739.jpeg\",\"contentUrl\":\"https:\\\/\\\/quehacerpolitico.mx\\\/wp-content\\\/uploads\\\/2024\\\/04\\\/IMG_4739.jpeg\",\"width\":739,\"height\":415},{\"@type\":\"BreadcrumbList\",\"@id\":\"https:\\\/\\\/quehacerpolitico.mx\\\/?p=109159#breadcrumb\",\"itemListElement\":[{\"@type\":\"ListItem\",\"position\":1,\"name\":\"Inicio\",\"item\":\"https:\\\/\\\/quehacerpolitico.mx\\\/\"},{\"@type\":\"ListItem\",\"position\":2,\"name\":\"Las Marchas para este Mi\u00e9rcoles 10 de abril en la CDMX\"}]},{\"@type\":\"WebSite\",\"@id\":\"https:\\\/\\\/quehacerpolitico.mx\\\/#website\",\"url\":\"https:\\\/\\\/quehacerpolitico.mx\\\/\",\"name\":\"\",\"description\":\"\",\"potentialAction\":[{\"@type\":\"SearchAction\",\"target\":{\"@type\":\"EntryPoint\",\"urlTemplate\":\"https:\\\/\\\/quehacerpolitico.mx\\\/?s={search_term_string}\"},\"query-input\":{\"@type\":\"PropertyValueSpecification\",\"valueRequired\":true,\"valueName\":\"search_term_string\"}}],\"inLanguage\":\"es\"},{\"@type\":\"Person\",\"@id\":\"https:\\\/\\\/quehacerpolitico.mx\\\/#\\\/schema\\\/person\\\/496d8ad2d1d3f8036101dca7ee39e585\",\"name\":\"Redacci\u00f3n QP\",\"image\":{\"@type\":\"ImageObject\",\"inLanguage\":\"es\",\"@id\":\"https:\\\/\\\/secure.gravatar.com\\\/avatar\\\/c7164ed6fdec453195284ad24a5ae5b6e1eed2b848477fa2a4787ba9adf39a41?s=96&d=mm&r=g\",\"url\":\"https:\\\/\\\/secure.gravatar.com\\\/avatar\\\/c7164ed6fdec453195284ad24a5ae5b6e1eed2b848477fa2a4787ba9adf39a41?s=96&d=mm&r=g\",\"contentUrl\":\"https:\\\/\\\/secure.gravatar.com\\\/avatar\\\/c7164ed6fdec453195284ad24a5ae5b6e1eed2b848477fa2a4787ba9adf39a41?s=96&d=mm&r=g\",\"caption\":\"Redacci\u00f3n QP\"},\"url\":\"https:\\\/\\\/quehacerpolitico.mx\\\/?author=2\"}]}<\/script>\n<!-- \/ Yoast SEO plugin. -->","yoast_head_json":{"title":"Las Marchas para este Mi\u00e9rcoles 10 de abril en la CDMX -","robots":{"index":"index","follow":"follow","max-snippet":"max-snippet:-1","max-image-preview":"max-image-preview:large","max-video-preview":"max-video-preview:-1"},"canonical":"https:\/\/quehacerpolitico.mx\/?p=109159","og_locale":"es_MX","og_type":"article","og_title":"Las Marchas para este Mi\u00e9rcoles 10 de abril en la CDMX -","og_description":"Por Redacci\u00f3n QP Este 10 de abril se llevar\u00e1n a cabo al menos 15 movilizaciones...","og_url":"https:\/\/quehacerpolitico.mx\/?p=109159","article_published_time":"2024-04-10T14:13:18+00:00","article_modified_time":"2024-04-10T14:13:21+00:00","og_image":[{"width":739,"height":415,"url":"https:\/\/quehacerpolitico.mx\/wp-content\/uploads\/2024\/04\/IMG_4739.jpeg","type":"image\/jpeg"}],"author":"Redacci\u00f3n QP","twitter_card":"summary_large_image","twitter_misc":{"Escrito por":"Redacci\u00f3n QP","Tiempo de lectura":"3 minutos"},"schema":{"@context":"https:\/\/schema.org","@graph":[{"@type":"Article","@id":"https:\/\/quehacerpolitico.mx\/?p=109159#article","isPartOf":{"@id":"https:\/\/quehacerpolitico.mx\/?p=109159"},"author":{"name":"Redacci\u00f3n QP","@id":"https:\/\/quehacerpolitico.mx\/#\/schema\/person\/496d8ad2d1d3f8036101dca7ee39e585"},"headline":"Las Marchas para este Mi\u00e9rcoles 10 de abril en la CDMX","datePublished":"2024-04-10T14:13:18+00:00","dateModified":"2024-04-10T14:13:21+00:00","mainEntityOfPage":{"@id":"https:\/\/quehacerpolitico.mx\/?p=109159"},"wordCount":553,"commentCount":0,"image":{"@id":"https:\/\/quehacerpolitico.mx\/?p=109159#primaryimage"},"thumbnailUrl":"https:\/\/quehacerpolitico.mx\/wp-content\/uploads\/2024\/04\/IMG_4739.jpeg","articleSection":["CDMX"],"inLanguage":"es","potentialAction":[{"@type":"CommentAction","name":"Comment","target":["https:\/\/quehacerpolitico.mx\/?p=109159#respond"]}]},{"@type":"WebPage","@id":"https:\/\/quehacerpolitico.mx\/?p=109159","url":"https:\/\/quehacerpolitico.mx\/?p=109159","name":"Las Marchas para este Mi\u00e9rcoles 10 de abril en la CDMX -","isPartOf":{"@id":"https:\/\/quehacerpolitico.mx\/#website"},"primaryImageOfPage":{"@id":"https:\/\/quehacerpolitico.mx\/?p=109159#primaryimage"},"image":{"@id":"https:\/\/quehacerpolitico.mx\/?p=109159#primaryimage"},"thumbnailUrl":"https:\/\/quehacerpolitico.mx\/wp-content\/uploads\/2024\/04\/IMG_4739.jpeg","datePublished":"2024-04-10T14:13:18+00:00","dateModified":"2024-04-10T14:13:21+00:00","author":{"@id":"https:\/\/quehacerpolitico.mx\/#\/schema\/person\/496d8ad2d1d3f8036101dca7ee39e585"},"breadcrumb":{"@id":"https:\/\/quehacerpolitico.mx\/?p=109159#breadcrumb"},"inLanguage":"es","potentialAction":[{"@type":"ReadAction","target":["https:\/\/quehacerpolitico.mx\/?p=109159"]}]},{"@type":"ImageObject","inLanguage":"es","@id":"https:\/\/quehacerpolitico.mx\/?p=109159#primaryimage","url":"https:\/\/quehacerpolitico.mx\/wp-content\/uploads\/2024\/04\/IMG_4739.jpeg","contentUrl":"https:\/\/quehacerpolitico.mx\/wp-content\/uploads\/2024\/04\/IMG_4739.jpeg","width":739,"height":415},{"@type":"BreadcrumbList","@id":"https:\/\/quehacerpolitico.mx\/?p=109159#breadcrumb","itemListElement":[{"@type":"ListItem","position":1,"name":"Inicio","item":"https:\/\/quehacerpolitico.mx\/"},{"@type":"ListItem","position":2,"name":"Las Marchas para este Mi\u00e9rcoles 10 de abril en la CDMX"}]},{"@type":"WebSite","@id":"https:\/\/quehacerpolitico.mx\/#website","url":"https:\/\/quehacerpolitico.mx\/","name":"","description":"","potentialAction":[{"@type":"SearchAction","target":{"@type":"EntryPoint","urlTemplate":"https:\/\/quehacerpolitico.mx\/?s={search_term_string}"},"query-input":{"@type":"PropertyValueSpecification","valueRequired":true,"valueName":"search_term_string"}}],"inLanguage":"es"},{"@type":"Person","@id":"https:\/\/quehacerpolitico.mx\/#\/schema\/person\/496d8ad2d1d3f8036101dca7ee39e585","name":"Redacci\u00f3n QP","image":{"@type":"ImageObject","inLanguage":"es","@id":"https:\/\/secure.gravatar.com\/avatar\/c7164ed6fdec453195284ad24a5ae5b6e1eed2b848477fa2a4787ba9adf39a41?s=96&d=mm&r=g","url":"https:\/\/secure.gravatar.com\/avatar\/c7164ed6fdec453195284ad24a5ae5b6e1eed2b848477fa2a4787ba9adf39a41?s=96&d=mm&r=g","contentUrl":"https:\/\/secure.gravatar.com\/avatar\/c7164ed6fdec453195284ad24a5ae5b6e1eed2b848477fa2a4787ba9adf39a41?s=96&d=mm&r=g","caption":"Redacci\u00f3n QP"},"url":"https:\/\/quehacerpolitico.mx\/?author=2"}]}},"featured_image_urls":{"full":["https:\/\/quehacerpolitico.mx\/wp-content\/uploads\/2024\/04\/IMG_4739.jpeg",739,415,false],"thumbnail":["https:\/\/quehacerpolitico.mx\/wp-content\/uploads\/2024\/04\/IMG_4739-150x150.jpeg",150,150,true],"medium":["https:\/\/quehacerpolitico.mx\/wp-content\/uploads\/2024\/04\/IMG_4739-300x168.jpeg",300,168,true],"medium_large":["https:\/\/quehacerpolitico.mx\/wp-content\/uploads\/2024\/04\/IMG_4739.jpeg",640,359,false],"large":["https:\/\/quehacerpolitico.mx\/wp-content\/uploads\/2024\/04\/IMG_4739.jpeg",640,359,false],"1536x1536":["https:\/\/quehacerpolitico.mx\/wp-content\/uploads\/2024\/04\/IMG_4739.jpeg",739,415,false],"2048x2048":["https:\/\/quehacerpolitico.mx\/wp-content\/uploads\/2024\/04\/IMG_4739.jpeg",739,415,false],"covernews-featured":["https:\/\/quehacerpolitico.mx\/wp-content\/uploads\/2024\/04\/IMG_4739.jpeg",739,415,false],"covernews-medium":["https:\/\/quehacerpolitico.mx\/wp-content\/uploads\/2024\/04\/IMG_4739.jpeg",540,303,false]},"author_info":{"display_name":"Redacci\u00f3n QP","author_link":"https:\/\/quehacerpolitico.mx\/?author=2"},"category_info":"<a href=\"https:\/\/quehacerpolitico.mx\/?cat=55\" rel=\"category\">CDMX<\/a>","tag_info":"CDMX","comment_count":"0","_links":{"self":[{"href":"https:\/\/quehacerpolitico.mx\/index.php?rest_route=\/wp\/v2\/posts\/109159","targetHints":{"allow":["GET"]}}],"collection":[{"href":"https:\/\/quehacerpolitico.mx\/index.php?rest_route=\/wp\/v2\/posts"}],"about":[{"href":"https:\/\/quehacerpolitico.mx\/index.php?rest_route=\/wp\/v2\/types\/post"}],"author":[{"embeddable":true,"href":"https:\/\/quehacerpolitico.mx\/index.php?rest_route=\/wp\/v2\/users\/2"}],"replies":[{"embeddable":true,"href":"https:\/\/quehacerpolitico.mx\/index.php?rest_route=%2Fwp%2Fv2%2Fcomments&post=109159"}],"version-history":[{"count":1,"href":"https:\/\/quehacerpolitico.mx\/index.php?rest_route=\/wp\/v2\/posts\/109159\/revisions"}],"predecessor-version":[{"id":109161,"href":"https:\/\/quehacerpolitico.mx\/index.php?rest_route=\/wp\/v2\/posts\/109159\/revisions\/109161"}],"wp:featuredmedia":[{"embeddable":true,"href":"https:\/\/quehacerpolitico.mx\/index.php?rest_route=\/wp\/v2\/media\/109160"}],"wp:attachment":[{"href":"https:\/\/quehacerpolitico.mx\/index.php?rest_route=%2Fwp%2Fv2%2Fmedia&parent=109159"}],"wp:term":[{"taxonomy":"category","embeddable":true,"href":"https:\/\/quehacerpolitico.mx\/index.php?rest_route=%2Fwp%2Fv2%2Fcategories&post=109159"},{"taxonomy":"post_tag","embeddable":true,"href":"https:\/\/quehacerpolitico.mx\/index.php?rest_route=%2Fwp%2Fv2%2Ftags&post=109159"}],"curies":[{"name":"wp","href":"https:\/\/api.w.org\/{rel}","templated":true}]}}