{"id":109110,"date":"2024-04-08T22:06:41","date_gmt":"2024-04-08T22:06:41","guid":{"rendered":"https:\/\/quehacerpolitico.mx\/?p=109110"},"modified":"2024-04-08T22:06:43","modified_gmt":"2024-04-08T22:06:43","slug":"ibercultura-viva-anuncia-quienes-recibiran-el-estimulo-para-cursar-el-posgrado-en-politicas-culturales-de-base-comunitaria","status":"publish","type":"post","link":"https:\/\/quehacerpolitico.mx\/?p=109110","title":{"rendered":"IberCultura\u00a0Viva anuncia quienes recibir\u00e1n el est\u00edmulo para cursar el\u00a0Posgrado en Pol\u00edticas Culturales de Base Comunitaria"},"content":{"rendered":"\n<p>Por Redacci\u00f3n QP<\/p>\n\n\n\n<p><strong>De 104 personas seleccionadas por el programa internacional, nueve son mexicanas&nbsp;<\/strong><\/p>\n\n\n\n<p>El programa&nbsp;IberCultura&nbsp;Viva public\u00f3 la lista de 104 personas que recibir\u00e1n el est\u00edmulo para cursar el Posgrado Internacional en Pol\u00edticas Culturales de Base Comunitaria.&nbsp;<a><\/a>De este total, nueve personas mexicanas obtuvieron de manera integral el est\u00edmulo.<\/p>\n\n\n\n<p>El curso se realizar\u00e1 en el campus virtual de la Facultad Latinoamericana de Ciencias Sociales (FLACSO-Argentina), a partir del 18 de abril y concluir\u00e1 en diciembre de 2024.&nbsp;<\/p>\n\n\n\n<p>IberCultura&nbsp;Viva es un programa de cooperaci\u00f3n t\u00e9cnica y financiera entre gobiernos con el objetivo de promover y fortalecer la diversidad cultural a partir de la realizaci\u00f3n de pol\u00edticas p\u00fablicas y el desarrollo de acciones culturales en Iberoam\u00e9rica.<\/p>\n\n\n\n<p>Este posgrado es una construcci\u00f3n conjunta de FLACSO Argentina e&nbsp;IberCultura&nbsp;Viva. Los contenidos est\u00e1n distribuidos en seis m\u00f3dulos y 26 clases, en soporte escrito y audiovisual, donde se trabajan nociones te\u00f3ricas sobre procesos culturales contempor\u00e1neos, proponiendo un marco te\u00f3rico amplio sobre las distintas teor\u00edas de la cultura y los debates actuales en torno a ella, con un \u00e9nfasis en lo iberoamericano.<\/p>\n\n\n\n<p>Las 104 becas se repartieron entre los 13 pa\u00edses participantes. El n\u00famero de cupos previsto era de ocho por pa\u00eds; sin embargo, como Rep\u00fablica Dominicana (pa\u00eds invitado en esta edici\u00f3n) tuvo solamente una candidatura habilitada, los siete cupos restantes fueron concedidos a las personas que obtuvieron la novena colocaci\u00f3n en los siete pa\u00edses que presentaron mayor n\u00famero de postulaciones: Argentina, Brasil, Chile, Colombia, M\u00e9xico, Per\u00fa y Uruguay.<\/p>\n\n\n\n<p>El plazo de inscripci\u00f3n para esta convocatoria abri\u00f3 el 20 de diciembre de 2023 y cerr\u00f3 el jueves 15 de febrero de 2024, lapso en el que se enviaron 625 candidaturas al Mapa&nbsp;IberCultura&nbsp;Viva. De este total, 525 fueron habilitadas y participaron en la segunda etapa del proceso selectivo.&nbsp;<\/p>\n\n\n\n<p>Conforme a los criterios establecidos en el reglamento, las candidaturas que obtuvieron las mayores puntuaciones en cada pa\u00eds fueron las seleccionadas para recibir las becas. Esta clasificaci\u00f3n final tambi\u00e9n consider\u00f3 que al menos el 50 por ciento de las personas seleccionadas fueran mujeres. Personas pertenecientes a pueblos originarios o afrodescendientes recibieron un punto extra en la evaluaci\u00f3n.&nbsp;<\/p>\n\n\n\n<p>Los resultados pueden consultarse en la p\u00e1gina web de&nbsp;IberCultura&nbsp;Viva&nbsp;<a href=\"https:\/\/iberculturaviva.org\/\">https:\/\/iberculturaviva.org\/<\/a>&nbsp;&nbsp;<\/p>\n","protected":false},"excerpt":{"rendered":"<p>Por Redacci\u00f3n QP De 104 personas seleccionadas por el programa internacional, nueve son mexicanas&nbsp; El&#8230;<\/p>\n","protected":false},"author":2,"featured_media":109111,"comment_status":"open","ping_status":"open","sticky":false,"template":"","format":"standard","meta":{"_monsterinsights_skip_tracking":false,"_monsterinsights_sitenote_active":false,"_monsterinsights_sitenote_note":"","_monsterinsights_sitenote_category":0,"footnotes":""},"categories":[58],"tags":[],"class_list":["post-109110","post","type-post","status-publish","format-standard","has-post-thumbnail","hentry","category-cultura"],"yoast_head":"<!-- This site is optimized with the Yoast SEO plugin v27.3 - https:\/\/yoast.com\/product\/yoast-seo-wordpress\/ -->\n<title>IberCultura\u00a0Viva anuncia quienes recibir\u00e1n el est\u00edmulo para cursar el\u00a0Posgrado en Pol\u00edticas Culturales de Base Comunitaria -<\/title>\n<meta name=\"robots\" content=\"index, follow, max-snippet:-1, max-image-preview:large, max-video-preview:-1\" \/>\n<link rel=\"canonical\" href=\"https:\/\/quehacerpolitico.mx\/?p=109110\" \/>\n<meta property=\"og:locale\" content=\"es_MX\" \/>\n<meta property=\"og:type\" content=\"article\" \/>\n<meta property=\"og:title\" content=\"IberCultura\u00a0Viva anuncia quienes recibir\u00e1n el est\u00edmulo para cursar el\u00a0Posgrado en Pol\u00edticas Culturales de Base Comunitaria -\" \/>\n<meta property=\"og:description\" content=\"Por Redacci\u00f3n QP De 104 personas seleccionadas por el programa internacional, nueve son mexicanas&nbsp; El...\" \/>\n<meta property=\"og:url\" content=\"https:\/\/quehacerpolitico.mx\/?p=109110\" \/>\n<meta property=\"article:published_time\" content=\"2024-04-08T22:06:41+00:00\" \/>\n<meta property=\"article:modified_time\" content=\"2024-04-08T22:06:43+00:00\" \/>\n<meta property=\"og:image\" content=\"https:\/\/quehacerpolitico.mx\/wp-content\/uploads\/2024\/04\/IMG_4693.jpeg\" \/>\n\t<meta property=\"og:image:width\" content=\"696\" \/>\n\t<meta property=\"og:image:height\" content=\"358\" \/>\n\t<meta property=\"og:image:type\" content=\"image\/jpeg\" \/>\n<meta name=\"author\" content=\"Redacci\u00f3n QP\" \/>\n<meta name=\"twitter:card\" content=\"summary_large_image\" \/>\n<meta name=\"twitter:label1\" content=\"Escrito por\" \/>\n\t<meta name=\"twitter:data1\" content=\"Redacci\u00f3n QP\" \/>\n\t<meta name=\"twitter:label2\" content=\"Tiempo de lectura\" \/>\n\t<meta name=\"twitter:data2\" content=\"2 minutos\" \/>\n<script type=\"application\/ld+json\" class=\"yoast-schema-graph\">{\"@context\":\"https:\\\/\\\/schema.org\",\"@graph\":[{\"@type\":\"Article\",\"@id\":\"https:\\\/\\\/quehacerpolitico.mx\\\/?p=109110#article\",\"isPartOf\":{\"@id\":\"https:\\\/\\\/quehacerpolitico.mx\\\/?p=109110\"},\"author\":{\"name\":\"Redacci\u00f3n QP\",\"@id\":\"https:\\\/\\\/quehacerpolitico.mx\\\/#\\\/schema\\\/person\\\/496d8ad2d1d3f8036101dca7ee39e585\"},\"headline\":\"IberCultura\u00a0Viva anuncia quienes recibir\u00e1n el est\u00edmulo para cursar el\u00a0Posgrado en Pol\u00edticas Culturales de Base Comunitaria\",\"datePublished\":\"2024-04-08T22:06:41+00:00\",\"dateModified\":\"2024-04-08T22:06:43+00:00\",\"mainEntityOfPage\":{\"@id\":\"https:\\\/\\\/quehacerpolitico.mx\\\/?p=109110\"},\"wordCount\":424,\"commentCount\":0,\"image\":{\"@id\":\"https:\\\/\\\/quehacerpolitico.mx\\\/?p=109110#primaryimage\"},\"thumbnailUrl\":\"https:\\\/\\\/quehacerpolitico.mx\\\/wp-content\\\/uploads\\\/2024\\\/04\\\/IMG_4693.jpeg\",\"articleSection\":[\"Cultura y Entretenimiento\"],\"inLanguage\":\"es\",\"potentialAction\":[{\"@type\":\"CommentAction\",\"name\":\"Comment\",\"target\":[\"https:\\\/\\\/quehacerpolitico.mx\\\/?p=109110#respond\"]}]},{\"@type\":\"WebPage\",\"@id\":\"https:\\\/\\\/quehacerpolitico.mx\\\/?p=109110\",\"url\":\"https:\\\/\\\/quehacerpolitico.mx\\\/?p=109110\",\"name\":\"IberCultura\u00a0Viva anuncia quienes recibir\u00e1n el est\u00edmulo para cursar el\u00a0Posgrado en Pol\u00edticas Culturales de Base Comunitaria -\",\"isPartOf\":{\"@id\":\"https:\\\/\\\/quehacerpolitico.mx\\\/#website\"},\"primaryImageOfPage\":{\"@id\":\"https:\\\/\\\/quehacerpolitico.mx\\\/?p=109110#primaryimage\"},\"image\":{\"@id\":\"https:\\\/\\\/quehacerpolitico.mx\\\/?p=109110#primaryimage\"},\"thumbnailUrl\":\"https:\\\/\\\/quehacerpolitico.mx\\\/wp-content\\\/uploads\\\/2024\\\/04\\\/IMG_4693.jpeg\",\"datePublished\":\"2024-04-08T22:06:41+00:00\",\"dateModified\":\"2024-04-08T22:06:43+00:00\",\"author\":{\"@id\":\"https:\\\/\\\/quehacerpolitico.mx\\\/#\\\/schema\\\/person\\\/496d8ad2d1d3f8036101dca7ee39e585\"},\"breadcrumb\":{\"@id\":\"https:\\\/\\\/quehacerpolitico.mx\\\/?p=109110#breadcrumb\"},\"inLanguage\":\"es\",\"potentialAction\":[{\"@type\":\"ReadAction\",\"target\":[\"https:\\\/\\\/quehacerpolitico.mx\\\/?p=109110\"]}]},{\"@type\":\"ImageObject\",\"inLanguage\":\"es\",\"@id\":\"https:\\\/\\\/quehacerpolitico.mx\\\/?p=109110#primaryimage\",\"url\":\"https:\\\/\\\/quehacerpolitico.mx\\\/wp-content\\\/uploads\\\/2024\\\/04\\\/IMG_4693.jpeg\",\"contentUrl\":\"https:\\\/\\\/quehacerpolitico.mx\\\/wp-content\\\/uploads\\\/2024\\\/04\\\/IMG_4693.jpeg\",\"width\":696,\"height\":358},{\"@type\":\"BreadcrumbList\",\"@id\":\"https:\\\/\\\/quehacerpolitico.mx\\\/?p=109110#breadcrumb\",\"itemListElement\":[{\"@type\":\"ListItem\",\"position\":1,\"name\":\"Inicio\",\"item\":\"https:\\\/\\\/quehacerpolitico.mx\\\/\"},{\"@type\":\"ListItem\",\"position\":2,\"name\":\"IberCultura\u00a0Viva anuncia quienes recibir\u00e1n el est\u00edmulo para cursar el\u00a0Posgrado en Pol\u00edticas Culturales de Base Comunitaria\"}]},{\"@type\":\"WebSite\",\"@id\":\"https:\\\/\\\/quehacerpolitico.mx\\\/#website\",\"url\":\"https:\\\/\\\/quehacerpolitico.mx\\\/\",\"name\":\"\",\"description\":\"\",\"potentialAction\":[{\"@type\":\"SearchAction\",\"target\":{\"@type\":\"EntryPoint\",\"urlTemplate\":\"https:\\\/\\\/quehacerpolitico.mx\\\/?s={search_term_string}\"},\"query-input\":{\"@type\":\"PropertyValueSpecification\",\"valueRequired\":true,\"valueName\":\"search_term_string\"}}],\"inLanguage\":\"es\"},{\"@type\":\"Person\",\"@id\":\"https:\\\/\\\/quehacerpolitico.mx\\\/#\\\/schema\\\/person\\\/496d8ad2d1d3f8036101dca7ee39e585\",\"name\":\"Redacci\u00f3n QP\",\"image\":{\"@type\":\"ImageObject\",\"inLanguage\":\"es\",\"@id\":\"https:\\\/\\\/secure.gravatar.com\\\/avatar\\\/c7164ed6fdec453195284ad24a5ae5b6e1eed2b848477fa2a4787ba9adf39a41?s=96&d=mm&r=g\",\"url\":\"https:\\\/\\\/secure.gravatar.com\\\/avatar\\\/c7164ed6fdec453195284ad24a5ae5b6e1eed2b848477fa2a4787ba9adf39a41?s=96&d=mm&r=g\",\"contentUrl\":\"https:\\\/\\\/secure.gravatar.com\\\/avatar\\\/c7164ed6fdec453195284ad24a5ae5b6e1eed2b848477fa2a4787ba9adf39a41?s=96&d=mm&r=g\",\"caption\":\"Redacci\u00f3n QP\"},\"url\":\"https:\\\/\\\/quehacerpolitico.mx\\\/?author=2\"}]}<\/script>\n<!-- \/ Yoast SEO plugin. -->","yoast_head_json":{"title":"IberCultura\u00a0Viva anuncia quienes recibir\u00e1n el est\u00edmulo para cursar el\u00a0Posgrado en Pol\u00edticas Culturales de Base Comunitaria -","robots":{"index":"index","follow":"follow","max-snippet":"max-snippet:-1","max-image-preview":"max-image-preview:large","max-video-preview":"max-video-preview:-1"},"canonical":"https:\/\/quehacerpolitico.mx\/?p=109110","og_locale":"es_MX","og_type":"article","og_title":"IberCultura\u00a0Viva anuncia quienes recibir\u00e1n el est\u00edmulo para cursar el\u00a0Posgrado en Pol\u00edticas Culturales de Base Comunitaria -","og_description":"Por Redacci\u00f3n QP De 104 personas seleccionadas por el programa internacional, nueve son mexicanas&nbsp; El...","og_url":"https:\/\/quehacerpolitico.mx\/?p=109110","article_published_time":"2024-04-08T22:06:41+00:00","article_modified_time":"2024-04-08T22:06:43+00:00","og_image":[{"width":696,"height":358,"url":"https:\/\/quehacerpolitico.mx\/wp-content\/uploads\/2024\/04\/IMG_4693.jpeg","type":"image\/jpeg"}],"author":"Redacci\u00f3n QP","twitter_card":"summary_large_image","twitter_misc":{"Escrito por":"Redacci\u00f3n QP","Tiempo de lectura":"2 minutos"},"schema":{"@context":"https:\/\/schema.org","@graph":[{"@type":"Article","@id":"https:\/\/quehacerpolitico.mx\/?p=109110#article","isPartOf":{"@id":"https:\/\/quehacerpolitico.mx\/?p=109110"},"author":{"name":"Redacci\u00f3n QP","@id":"https:\/\/quehacerpolitico.mx\/#\/schema\/person\/496d8ad2d1d3f8036101dca7ee39e585"},"headline":"IberCultura\u00a0Viva anuncia quienes recibir\u00e1n el est\u00edmulo para cursar el\u00a0Posgrado en Pol\u00edticas Culturales de Base Comunitaria","datePublished":"2024-04-08T22:06:41+00:00","dateModified":"2024-04-08T22:06:43+00:00","mainEntityOfPage":{"@id":"https:\/\/quehacerpolitico.mx\/?p=109110"},"wordCount":424,"commentCount":0,"image":{"@id":"https:\/\/quehacerpolitico.mx\/?p=109110#primaryimage"},"thumbnailUrl":"https:\/\/quehacerpolitico.mx\/wp-content\/uploads\/2024\/04\/IMG_4693.jpeg","articleSection":["Cultura y Entretenimiento"],"inLanguage":"es","potentialAction":[{"@type":"CommentAction","name":"Comment","target":["https:\/\/quehacerpolitico.mx\/?p=109110#respond"]}]},{"@type":"WebPage","@id":"https:\/\/quehacerpolitico.mx\/?p=109110","url":"https:\/\/quehacerpolitico.mx\/?p=109110","name":"IberCultura\u00a0Viva anuncia quienes recibir\u00e1n el est\u00edmulo para cursar el\u00a0Posgrado en Pol\u00edticas Culturales de Base Comunitaria -","isPartOf":{"@id":"https:\/\/quehacerpolitico.mx\/#website"},"primaryImageOfPage":{"@id":"https:\/\/quehacerpolitico.mx\/?p=109110#primaryimage"},"image":{"@id":"https:\/\/quehacerpolitico.mx\/?p=109110#primaryimage"},"thumbnailUrl":"https:\/\/quehacerpolitico.mx\/wp-content\/uploads\/2024\/04\/IMG_4693.jpeg","datePublished":"2024-04-08T22:06:41+00:00","dateModified":"2024-04-08T22:06:43+00:00","author":{"@id":"https:\/\/quehacerpolitico.mx\/#\/schema\/person\/496d8ad2d1d3f8036101dca7ee39e585"},"breadcrumb":{"@id":"https:\/\/quehacerpolitico.mx\/?p=109110#breadcrumb"},"inLanguage":"es","potentialAction":[{"@type":"ReadAction","target":["https:\/\/quehacerpolitico.mx\/?p=109110"]}]},{"@type":"ImageObject","inLanguage":"es","@id":"https:\/\/quehacerpolitico.mx\/?p=109110#primaryimage","url":"https:\/\/quehacerpolitico.mx\/wp-content\/uploads\/2024\/04\/IMG_4693.jpeg","contentUrl":"https:\/\/quehacerpolitico.mx\/wp-content\/uploads\/2024\/04\/IMG_4693.jpeg","width":696,"height":358},{"@type":"BreadcrumbList","@id":"https:\/\/quehacerpolitico.mx\/?p=109110#breadcrumb","itemListElement":[{"@type":"ListItem","position":1,"name":"Inicio","item":"https:\/\/quehacerpolitico.mx\/"},{"@type":"ListItem","position":2,"name":"IberCultura\u00a0Viva anuncia quienes recibir\u00e1n el est\u00edmulo para cursar el\u00a0Posgrado en Pol\u00edticas Culturales de Base Comunitaria"}]},{"@type":"WebSite","@id":"https:\/\/quehacerpolitico.mx\/#website","url":"https:\/\/quehacerpolitico.mx\/","name":"","description":"","potentialAction":[{"@type":"SearchAction","target":{"@type":"EntryPoint","urlTemplate":"https:\/\/quehacerpolitico.mx\/?s={search_term_string}"},"query-input":{"@type":"PropertyValueSpecification","valueRequired":true,"valueName":"search_term_string"}}],"inLanguage":"es"},{"@type":"Person","@id":"https:\/\/quehacerpolitico.mx\/#\/schema\/person\/496d8ad2d1d3f8036101dca7ee39e585","name":"Redacci\u00f3n QP","image":{"@type":"ImageObject","inLanguage":"es","@id":"https:\/\/secure.gravatar.com\/avatar\/c7164ed6fdec453195284ad24a5ae5b6e1eed2b848477fa2a4787ba9adf39a41?s=96&d=mm&r=g","url":"https:\/\/secure.gravatar.com\/avatar\/c7164ed6fdec453195284ad24a5ae5b6e1eed2b848477fa2a4787ba9adf39a41?s=96&d=mm&r=g","contentUrl":"https:\/\/secure.gravatar.com\/avatar\/c7164ed6fdec453195284ad24a5ae5b6e1eed2b848477fa2a4787ba9adf39a41?s=96&d=mm&r=g","caption":"Redacci\u00f3n QP"},"url":"https:\/\/quehacerpolitico.mx\/?author=2"}]}},"featured_image_urls":{"full":["https:\/\/quehacerpolitico.mx\/wp-content\/uploads\/2024\/04\/IMG_4693.jpeg",696,358,false],"thumbnail":["https:\/\/quehacerpolitico.mx\/wp-content\/uploads\/2024\/04\/IMG_4693-150x150.jpeg",150,150,true],"medium":["https:\/\/quehacerpolitico.mx\/wp-content\/uploads\/2024\/04\/IMG_4693-300x154.jpeg",300,154,true],"medium_large":["https:\/\/quehacerpolitico.mx\/wp-content\/uploads\/2024\/04\/IMG_4693.jpeg",640,329,false],"large":["https:\/\/quehacerpolitico.mx\/wp-content\/uploads\/2024\/04\/IMG_4693.jpeg",640,329,false],"1536x1536":["https:\/\/quehacerpolitico.mx\/wp-content\/uploads\/2024\/04\/IMG_4693.jpeg",696,358,false],"2048x2048":["https:\/\/quehacerpolitico.mx\/wp-content\/uploads\/2024\/04\/IMG_4693.jpeg",696,358,false],"covernews-featured":["https:\/\/quehacerpolitico.mx\/wp-content\/uploads\/2024\/04\/IMG_4693.jpeg",696,358,false],"covernews-medium":["https:\/\/quehacerpolitico.mx\/wp-content\/uploads\/2024\/04\/IMG_4693.jpeg",540,278,false]},"author_info":{"display_name":"Redacci\u00f3n QP","author_link":"https:\/\/quehacerpolitico.mx\/?author=2"},"category_info":"<a href=\"https:\/\/quehacerpolitico.mx\/?cat=58\" rel=\"category\">Cultura y Entretenimiento<\/a>","tag_info":"Cultura y Entretenimiento","comment_count":"0","_links":{"self":[{"href":"https:\/\/quehacerpolitico.mx\/index.php?rest_route=\/wp\/v2\/posts\/109110","targetHints":{"allow":["GET"]}}],"collection":[{"href":"https:\/\/quehacerpolitico.mx\/index.php?rest_route=\/wp\/v2\/posts"}],"about":[{"href":"https:\/\/quehacerpolitico.mx\/index.php?rest_route=\/wp\/v2\/types\/post"}],"author":[{"embeddable":true,"href":"https:\/\/quehacerpolitico.mx\/index.php?rest_route=\/wp\/v2\/users\/2"}],"replies":[{"embeddable":true,"href":"https:\/\/quehacerpolitico.mx\/index.php?rest_route=%2Fwp%2Fv2%2Fcomments&post=109110"}],"version-history":[{"count":1,"href":"https:\/\/quehacerpolitico.mx\/index.php?rest_route=\/wp\/v2\/posts\/109110\/revisions"}],"predecessor-version":[{"id":109112,"href":"https:\/\/quehacerpolitico.mx\/index.php?rest_route=\/wp\/v2\/posts\/109110\/revisions\/109112"}],"wp:featuredmedia":[{"embeddable":true,"href":"https:\/\/quehacerpolitico.mx\/index.php?rest_route=\/wp\/v2\/media\/109111"}],"wp:attachment":[{"href":"https:\/\/quehacerpolitico.mx\/index.php?rest_route=%2Fwp%2Fv2%2Fmedia&parent=109110"}],"wp:term":[{"taxonomy":"category","embeddable":true,"href":"https:\/\/quehacerpolitico.mx\/index.php?rest_route=%2Fwp%2Fv2%2Fcategories&post=109110"},{"taxonomy":"post_tag","embeddable":true,"href":"https:\/\/quehacerpolitico.mx\/index.php?rest_route=%2Fwp%2Fv2%2Ftags&post=109110"}],"curies":[{"name":"wp","href":"https:\/\/api.w.org\/{rel}","templated":true}]}}