{"id":109103,"date":"2024-04-08T16:45:58","date_gmt":"2024-04-08T16:45:58","guid":{"rendered":"https:\/\/quehacerpolitico.mx\/?p=109103"},"modified":"2024-04-08T16:48:34","modified_gmt":"2024-04-08T16:48:34","slug":"internacionales-carolina-alonso-romei-donald-trump-descarta-una-prohibicion-nacional-del-aborto-y-respalda-que-cada-estado-decida-sobre-el-tema","status":"publish","type":"post","link":"https:\/\/quehacerpolitico.mx\/?p=109103","title":{"rendered":"Internacionales\/\/\/Carolina Alonso Romei\/\/\/Donald Trump descarta una prohibici\u00f3n nacional del aborto y respalda que cada estado decida sobre el tema"},"content":{"rendered":"\n<p>Por Carolina Alonso Romei<\/p>\n\n\n\n<p>Internacionalista <\/p>\n\n\n\n<p>El virtual candidato presidencial republicano<strong>\u00a0Donald Trump<\/strong>\u00a0opin\u00f3 este lunes que la legalidad del\u00a0<strong>aborto<\/strong>\u00a0deber\u00eda quedar en manos de cada estado y descart\u00f3 una\u00a0<strong>prohibici\u00f3n<\/strong>\u00a0a nivel nacional.<\/p>\n\n\n\n<p>En un video de unos cuatro minutos en su red social, el expresidente reiter\u00f3 que est\u00e1 orgulloso de haber designado una mayor\u00eda de jueces conservadores en el<strong>&nbsp;Tribunal Supremo de Justicia<\/strong>&nbsp;que, en 2022, anul\u00f3 las protecciones a la&nbsp;<strong>interrupci\u00f3n<\/strong>&nbsp;del embarazo.<\/p>\n\n\n\n<p>\u201cMi opini\u00f3n es que ahora, en lo que se refiere al&nbsp;<strong>aborto<\/strong>, estamos donde todos quer\u00edan estar desde un punto de vista legal\u201d, escribi\u00f3 Trump en&nbsp;<strong>Truth Social<\/strong>.<\/p>\n\n\n\n<p>\u201cLos estados determinar\u00e1n mediante&nbsp;<strong>votaci\u00f3n<\/strong>o&nbsp;<strong>legislaci\u00f3n<\/strong>, o tal vez ambas v\u00edas, y lo que decidan ser\u00e1 la ley\u201d, a\u00f1adi\u00f3.<\/p>\n\n\n\n<p>La declaraci\u00f3n probablemente decepcionar\u00e1 a los grupos m\u00e1s militantes que impulsan una veda del aborto a nivel nacional, especialmente dado que con anterioridad la campa\u00f1a presidencial de&nbsp;<strong>Trump<\/strong>&nbsp;mencion\u00f3 una prohibici\u00f3n del procedimiento despu\u00e9s de las 15 semanas de gestaci\u00f3n a nivel nacional.<\/p>\n\n\n\n<p>Trump reiter\u00f3 su apoyo a\u00a0<strong>excepciones<\/strong>\u00a0que permitan el aborto en casos de\u00a0<strong>violaci\u00f3n<\/strong>, incesto o cuando est\u00e9 en peligro la vida de la madre. A\u00f1adi\u00f3, asimismo, que est\u00e1 de acuerdo con procedimientos como la\u00a0<strong>fertilizaci\u00f3n<\/strong>\u00a0in vitro.<\/p>\n\n\n\n<p>\u201cMuchos estados ser\u00e1n&nbsp;<strong>diferentes<\/strong>\u201c, explic\u00f3 el exmandatario conservador.&nbsp;<\/p>\n\n\n\n<p>\u201cTendr\u00e1n un n\u00famero diferente de&nbsp;<strong>semanas<\/strong>(permitidas para interrumpir la gestaci\u00f3n) y algunos ser\u00e1n m\u00e1s&nbsp;<strong>conservadores<\/strong>&nbsp;que otros\u201d, a\u00f1adi\u00f3.<\/p>\n\n\n\n<p>Para Trump \u201ccada uno debe seguir lo que siente, o en muchos casos, su religi\u00f3n o su fe\u201d.<\/p>\n\n\n\n<p>Con informaci\u00f3n de EFE<\/p>\n","protected":false},"excerpt":{"rendered":"<p>Por Carolina Alonso Romei Internacionalista El virtual candidato presidencial republicano\u00a0Donald Trump\u00a0opin\u00f3 este lunes que la&#8230;<\/p>\n","protected":false},"author":2,"featured_media":109106,"comment_status":"open","ping_status":"open","sticky":false,"template":"","format":"standard","meta":{"_monsterinsights_skip_tracking":false,"_monsterinsights_sitenote_active":false,"_monsterinsights_sitenote_note":"","_monsterinsights_sitenote_category":0,"footnotes":""},"categories":[1],"tags":[],"class_list":["post-109103","post","type-post","status-publish","format-standard","has-post-thumbnail","hentry","category-sin-categoria"],"yoast_head":"<!-- This site is optimized with the Yoast SEO plugin v27.3 - https:\/\/yoast.com\/product\/yoast-seo-wordpress\/ -->\n<title>Internacionales\/\/\/Carolina Alonso Romei\/\/\/Donald Trump descarta una prohibici\u00f3n nacional del aborto y respalda que cada estado decida sobre el tema -<\/title>\n<meta name=\"robots\" content=\"index, follow, max-snippet:-1, max-image-preview:large, max-video-preview:-1\" \/>\n<link rel=\"canonical\" href=\"https:\/\/quehacerpolitico.mx\/?p=109103\" \/>\n<meta property=\"og:locale\" content=\"es_MX\" \/>\n<meta property=\"og:type\" content=\"article\" \/>\n<meta property=\"og:title\" content=\"Internacionales\/\/\/Carolina Alonso Romei\/\/\/Donald Trump descarta una prohibici\u00f3n nacional del aborto y respalda que cada estado decida sobre el tema -\" \/>\n<meta property=\"og:description\" content=\"Por Carolina Alonso Romei Internacionalista El virtual candidato presidencial republicano\u00a0Donald Trump\u00a0opin\u00f3 este lunes que la...\" \/>\n<meta property=\"og:url\" content=\"https:\/\/quehacerpolitico.mx\/?p=109103\" \/>\n<meta property=\"article:published_time\" content=\"2024-04-08T16:45:58+00:00\" \/>\n<meta property=\"article:modified_time\" content=\"2024-04-08T16:48:34+00:00\" \/>\n<meta property=\"og:image\" content=\"https:\/\/quehacerpolitico.mx\/wp-content\/uploads\/2024\/04\/1b943dc5-a296-4481-bda2-91b9f6d70915-3.jpeg\" \/>\n\t<meta property=\"og:image:width\" content=\"963\" \/>\n\t<meta property=\"og:image:height\" content=\"493\" \/>\n\t<meta property=\"og:image:type\" content=\"image\/jpeg\" \/>\n<meta name=\"author\" content=\"Redacci\u00f3n QP\" \/>\n<meta name=\"twitter:card\" content=\"summary_large_image\" \/>\n<meta name=\"twitter:label1\" content=\"Escrito por\" \/>\n\t<meta name=\"twitter:data1\" content=\"Redacci\u00f3n QP\" \/>\n\t<meta name=\"twitter:label2\" content=\"Tiempo de lectura\" \/>\n\t<meta name=\"twitter:data2\" content=\"1 minuto\" \/>\n<script type=\"application\/ld+json\" class=\"yoast-schema-graph\">{\"@context\":\"https:\\\/\\\/schema.org\",\"@graph\":[{\"@type\":\"Article\",\"@id\":\"https:\\\/\\\/quehacerpolitico.mx\\\/?p=109103#article\",\"isPartOf\":{\"@id\":\"https:\\\/\\\/quehacerpolitico.mx\\\/?p=109103\"},\"author\":{\"name\":\"Redacci\u00f3n QP\",\"@id\":\"https:\\\/\\\/quehacerpolitico.mx\\\/#\\\/schema\\\/person\\\/496d8ad2d1d3f8036101dca7ee39e585\"},\"headline\":\"Internacionales\\\/\\\/\\\/Carolina Alonso Romei\\\/\\\/\\\/Donald Trump descarta una prohibici\u00f3n nacional del aborto y respalda que cada estado decida sobre el tema\",\"datePublished\":\"2024-04-08T16:45:58+00:00\",\"dateModified\":\"2024-04-08T16:48:34+00:00\",\"mainEntityOfPage\":{\"@id\":\"https:\\\/\\\/quehacerpolitico.mx\\\/?p=109103\"},\"wordCount\":317,\"commentCount\":0,\"image\":{\"@id\":\"https:\\\/\\\/quehacerpolitico.mx\\\/?p=109103#primaryimage\"},\"thumbnailUrl\":\"https:\\\/\\\/quehacerpolitico.mx\\\/wp-content\\\/uploads\\\/2024\\\/04\\\/1b943dc5-a296-4481-bda2-91b9f6d70915-3.jpeg\",\"articleSection\":[\"Internacionales\"],\"inLanguage\":\"es\",\"potentialAction\":[{\"@type\":\"CommentAction\",\"name\":\"Comment\",\"target\":[\"https:\\\/\\\/quehacerpolitico.mx\\\/?p=109103#respond\"]}]},{\"@type\":\"WebPage\",\"@id\":\"https:\\\/\\\/quehacerpolitico.mx\\\/?p=109103\",\"url\":\"https:\\\/\\\/quehacerpolitico.mx\\\/?p=109103\",\"name\":\"Internacionales\\\/\\\/\\\/Carolina Alonso Romei\\\/\\\/\\\/Donald Trump descarta una prohibici\u00f3n nacional del aborto y respalda que cada estado decida sobre el tema -\",\"isPartOf\":{\"@id\":\"https:\\\/\\\/quehacerpolitico.mx\\\/#website\"},\"primaryImageOfPage\":{\"@id\":\"https:\\\/\\\/quehacerpolitico.mx\\\/?p=109103#primaryimage\"},\"image\":{\"@id\":\"https:\\\/\\\/quehacerpolitico.mx\\\/?p=109103#primaryimage\"},\"thumbnailUrl\":\"https:\\\/\\\/quehacerpolitico.mx\\\/wp-content\\\/uploads\\\/2024\\\/04\\\/1b943dc5-a296-4481-bda2-91b9f6d70915-3.jpeg\",\"datePublished\":\"2024-04-08T16:45:58+00:00\",\"dateModified\":\"2024-04-08T16:48:34+00:00\",\"author\":{\"@id\":\"https:\\\/\\\/quehacerpolitico.mx\\\/#\\\/schema\\\/person\\\/496d8ad2d1d3f8036101dca7ee39e585\"},\"breadcrumb\":{\"@id\":\"https:\\\/\\\/quehacerpolitico.mx\\\/?p=109103#breadcrumb\"},\"inLanguage\":\"es\",\"potentialAction\":[{\"@type\":\"ReadAction\",\"target\":[\"https:\\\/\\\/quehacerpolitico.mx\\\/?p=109103\"]}]},{\"@type\":\"ImageObject\",\"inLanguage\":\"es\",\"@id\":\"https:\\\/\\\/quehacerpolitico.mx\\\/?p=109103#primaryimage\",\"url\":\"https:\\\/\\\/quehacerpolitico.mx\\\/wp-content\\\/uploads\\\/2024\\\/04\\\/1b943dc5-a296-4481-bda2-91b9f6d70915-3.jpeg\",\"contentUrl\":\"https:\\\/\\\/quehacerpolitico.mx\\\/wp-content\\\/uploads\\\/2024\\\/04\\\/1b943dc5-a296-4481-bda2-91b9f6d70915-3.jpeg\",\"width\":963,\"height\":493},{\"@type\":\"BreadcrumbList\",\"@id\":\"https:\\\/\\\/quehacerpolitico.mx\\\/?p=109103#breadcrumb\",\"itemListElement\":[{\"@type\":\"ListItem\",\"position\":1,\"name\":\"Inicio\",\"item\":\"https:\\\/\\\/quehacerpolitico.mx\\\/\"},{\"@type\":\"ListItem\",\"position\":2,\"name\":\"Internacionales\\\/\\\/\\\/Carolina Alonso Romei\\\/\\\/\\\/Donald Trump descarta una prohibici\u00f3n nacional del aborto y respalda que cada estado decida sobre el tema\"}]},{\"@type\":\"WebSite\",\"@id\":\"https:\\\/\\\/quehacerpolitico.mx\\\/#website\",\"url\":\"https:\\\/\\\/quehacerpolitico.mx\\\/\",\"name\":\"\",\"description\":\"\",\"potentialAction\":[{\"@type\":\"SearchAction\",\"target\":{\"@type\":\"EntryPoint\",\"urlTemplate\":\"https:\\\/\\\/quehacerpolitico.mx\\\/?s={search_term_string}\"},\"query-input\":{\"@type\":\"PropertyValueSpecification\",\"valueRequired\":true,\"valueName\":\"search_term_string\"}}],\"inLanguage\":\"es\"},{\"@type\":\"Person\",\"@id\":\"https:\\\/\\\/quehacerpolitico.mx\\\/#\\\/schema\\\/person\\\/496d8ad2d1d3f8036101dca7ee39e585\",\"name\":\"Redacci\u00f3n QP\",\"image\":{\"@type\":\"ImageObject\",\"inLanguage\":\"es\",\"@id\":\"https:\\\/\\\/secure.gravatar.com\\\/avatar\\\/c7164ed6fdec453195284ad24a5ae5b6e1eed2b848477fa2a4787ba9adf39a41?s=96&d=mm&r=g\",\"url\":\"https:\\\/\\\/secure.gravatar.com\\\/avatar\\\/c7164ed6fdec453195284ad24a5ae5b6e1eed2b848477fa2a4787ba9adf39a41?s=96&d=mm&r=g\",\"contentUrl\":\"https:\\\/\\\/secure.gravatar.com\\\/avatar\\\/c7164ed6fdec453195284ad24a5ae5b6e1eed2b848477fa2a4787ba9adf39a41?s=96&d=mm&r=g\",\"caption\":\"Redacci\u00f3n QP\"},\"url\":\"https:\\\/\\\/quehacerpolitico.mx\\\/?author=2\"}]}<\/script>\n<!-- \/ Yoast SEO plugin. -->","yoast_head_json":{"title":"Internacionales\/\/\/Carolina Alonso Romei\/\/\/Donald Trump descarta una prohibici\u00f3n nacional del aborto y respalda que cada estado decida sobre el tema -","robots":{"index":"index","follow":"follow","max-snippet":"max-snippet:-1","max-image-preview":"max-image-preview:large","max-video-preview":"max-video-preview:-1"},"canonical":"https:\/\/quehacerpolitico.mx\/?p=109103","og_locale":"es_MX","og_type":"article","og_title":"Internacionales\/\/\/Carolina Alonso Romei\/\/\/Donald Trump descarta una prohibici\u00f3n nacional del aborto y respalda que cada estado decida sobre el tema -","og_description":"Por Carolina Alonso Romei Internacionalista El virtual candidato presidencial republicano\u00a0Donald Trump\u00a0opin\u00f3 este lunes que la...","og_url":"https:\/\/quehacerpolitico.mx\/?p=109103","article_published_time":"2024-04-08T16:45:58+00:00","article_modified_time":"2024-04-08T16:48:34+00:00","og_image":[{"width":963,"height":493,"url":"https:\/\/quehacerpolitico.mx\/wp-content\/uploads\/2024\/04\/1b943dc5-a296-4481-bda2-91b9f6d70915-3.jpeg","type":"image\/jpeg"}],"author":"Redacci\u00f3n QP","twitter_card":"summary_large_image","twitter_misc":{"Escrito por":"Redacci\u00f3n QP","Tiempo de lectura":"1 minuto"},"schema":{"@context":"https:\/\/schema.org","@graph":[{"@type":"Article","@id":"https:\/\/quehacerpolitico.mx\/?p=109103#article","isPartOf":{"@id":"https:\/\/quehacerpolitico.mx\/?p=109103"},"author":{"name":"Redacci\u00f3n QP","@id":"https:\/\/quehacerpolitico.mx\/#\/schema\/person\/496d8ad2d1d3f8036101dca7ee39e585"},"headline":"Internacionales\/\/\/Carolina Alonso Romei\/\/\/Donald Trump descarta una prohibici\u00f3n nacional del aborto y respalda que cada estado decida sobre el tema","datePublished":"2024-04-08T16:45:58+00:00","dateModified":"2024-04-08T16:48:34+00:00","mainEntityOfPage":{"@id":"https:\/\/quehacerpolitico.mx\/?p=109103"},"wordCount":317,"commentCount":0,"image":{"@id":"https:\/\/quehacerpolitico.mx\/?p=109103#primaryimage"},"thumbnailUrl":"https:\/\/quehacerpolitico.mx\/wp-content\/uploads\/2024\/04\/1b943dc5-a296-4481-bda2-91b9f6d70915-3.jpeg","articleSection":["Internacionales"],"inLanguage":"es","potentialAction":[{"@type":"CommentAction","name":"Comment","target":["https:\/\/quehacerpolitico.mx\/?p=109103#respond"]}]},{"@type":"WebPage","@id":"https:\/\/quehacerpolitico.mx\/?p=109103","url":"https:\/\/quehacerpolitico.mx\/?p=109103","name":"Internacionales\/\/\/Carolina Alonso Romei\/\/\/Donald Trump descarta una prohibici\u00f3n nacional del aborto y respalda que cada estado decida sobre el tema -","isPartOf":{"@id":"https:\/\/quehacerpolitico.mx\/#website"},"primaryImageOfPage":{"@id":"https:\/\/quehacerpolitico.mx\/?p=109103#primaryimage"},"image":{"@id":"https:\/\/quehacerpolitico.mx\/?p=109103#primaryimage"},"thumbnailUrl":"https:\/\/quehacerpolitico.mx\/wp-content\/uploads\/2024\/04\/1b943dc5-a296-4481-bda2-91b9f6d70915-3.jpeg","datePublished":"2024-04-08T16:45:58+00:00","dateModified":"2024-04-08T16:48:34+00:00","author":{"@id":"https:\/\/quehacerpolitico.mx\/#\/schema\/person\/496d8ad2d1d3f8036101dca7ee39e585"},"breadcrumb":{"@id":"https:\/\/quehacerpolitico.mx\/?p=109103#breadcrumb"},"inLanguage":"es","potentialAction":[{"@type":"ReadAction","target":["https:\/\/quehacerpolitico.mx\/?p=109103"]}]},{"@type":"ImageObject","inLanguage":"es","@id":"https:\/\/quehacerpolitico.mx\/?p=109103#primaryimage","url":"https:\/\/quehacerpolitico.mx\/wp-content\/uploads\/2024\/04\/1b943dc5-a296-4481-bda2-91b9f6d70915-3.jpeg","contentUrl":"https:\/\/quehacerpolitico.mx\/wp-content\/uploads\/2024\/04\/1b943dc5-a296-4481-bda2-91b9f6d70915-3.jpeg","width":963,"height":493},{"@type":"BreadcrumbList","@id":"https:\/\/quehacerpolitico.mx\/?p=109103#breadcrumb","itemListElement":[{"@type":"ListItem","position":1,"name":"Inicio","item":"https:\/\/quehacerpolitico.mx\/"},{"@type":"ListItem","position":2,"name":"Internacionales\/\/\/Carolina Alonso Romei\/\/\/Donald Trump descarta una prohibici\u00f3n nacional del aborto y respalda que cada estado decida sobre el tema"}]},{"@type":"WebSite","@id":"https:\/\/quehacerpolitico.mx\/#website","url":"https:\/\/quehacerpolitico.mx\/","name":"","description":"","potentialAction":[{"@type":"SearchAction","target":{"@type":"EntryPoint","urlTemplate":"https:\/\/quehacerpolitico.mx\/?s={search_term_string}"},"query-input":{"@type":"PropertyValueSpecification","valueRequired":true,"valueName":"search_term_string"}}],"inLanguage":"es"},{"@type":"Person","@id":"https:\/\/quehacerpolitico.mx\/#\/schema\/person\/496d8ad2d1d3f8036101dca7ee39e585","name":"Redacci\u00f3n QP","image":{"@type":"ImageObject","inLanguage":"es","@id":"https:\/\/secure.gravatar.com\/avatar\/c7164ed6fdec453195284ad24a5ae5b6e1eed2b848477fa2a4787ba9adf39a41?s=96&d=mm&r=g","url":"https:\/\/secure.gravatar.com\/avatar\/c7164ed6fdec453195284ad24a5ae5b6e1eed2b848477fa2a4787ba9adf39a41?s=96&d=mm&r=g","contentUrl":"https:\/\/secure.gravatar.com\/avatar\/c7164ed6fdec453195284ad24a5ae5b6e1eed2b848477fa2a4787ba9adf39a41?s=96&d=mm&r=g","caption":"Redacci\u00f3n QP"},"url":"https:\/\/quehacerpolitico.mx\/?author=2"}]}},"featured_image_urls":{"full":["https:\/\/quehacerpolitico.mx\/wp-content\/uploads\/2024\/04\/1b943dc5-a296-4481-bda2-91b9f6d70915-3.jpeg",963,493,false],"thumbnail":["https:\/\/quehacerpolitico.mx\/wp-content\/uploads\/2024\/04\/1b943dc5-a296-4481-bda2-91b9f6d70915-3-150x150.jpeg",150,150,true],"medium":["https:\/\/quehacerpolitico.mx\/wp-content\/uploads\/2024\/04\/1b943dc5-a296-4481-bda2-91b9f6d70915-3-300x154.jpeg",300,154,true],"medium_large":["https:\/\/quehacerpolitico.mx\/wp-content\/uploads\/2024\/04\/1b943dc5-a296-4481-bda2-91b9f6d70915-3-768x393.jpeg",640,328,true],"large":["https:\/\/quehacerpolitico.mx\/wp-content\/uploads\/2024\/04\/1b943dc5-a296-4481-bda2-91b9f6d70915-3.jpeg",640,328,false],"1536x1536":["https:\/\/quehacerpolitico.mx\/wp-content\/uploads\/2024\/04\/1b943dc5-a296-4481-bda2-91b9f6d70915-3.jpeg",963,493,false],"2048x2048":["https:\/\/quehacerpolitico.mx\/wp-content\/uploads\/2024\/04\/1b943dc5-a296-4481-bda2-91b9f6d70915-3.jpeg",963,493,false],"covernews-featured":["https:\/\/quehacerpolitico.mx\/wp-content\/uploads\/2024\/04\/1b943dc5-a296-4481-bda2-91b9f6d70915-3.jpeg",963,493,false],"covernews-medium":["https:\/\/quehacerpolitico.mx\/wp-content\/uploads\/2024\/04\/1b943dc5-a296-4481-bda2-91b9f6d70915-3.jpeg",540,276,false]},"author_info":{"display_name":"Redacci\u00f3n QP","author_link":"https:\/\/quehacerpolitico.mx\/?author=2"},"category_info":"<a href=\"https:\/\/quehacerpolitico.mx\/?cat=1\" rel=\"category\">Internacionales<\/a>","tag_info":"Internacionales","comment_count":"0","_links":{"self":[{"href":"https:\/\/quehacerpolitico.mx\/index.php?rest_route=\/wp\/v2\/posts\/109103","targetHints":{"allow":["GET"]}}],"collection":[{"href":"https:\/\/quehacerpolitico.mx\/index.php?rest_route=\/wp\/v2\/posts"}],"about":[{"href":"https:\/\/quehacerpolitico.mx\/index.php?rest_route=\/wp\/v2\/types\/post"}],"author":[{"embeddable":true,"href":"https:\/\/quehacerpolitico.mx\/index.php?rest_route=\/wp\/v2\/users\/2"}],"replies":[{"embeddable":true,"href":"https:\/\/quehacerpolitico.mx\/index.php?rest_route=%2Fwp%2Fv2%2Fcomments&post=109103"}],"version-history":[{"count":1,"href":"https:\/\/quehacerpolitico.mx\/index.php?rest_route=\/wp\/v2\/posts\/109103\/revisions"}],"predecessor-version":[{"id":109105,"href":"https:\/\/quehacerpolitico.mx\/index.php?rest_route=\/wp\/v2\/posts\/109103\/revisions\/109105"}],"wp:featuredmedia":[{"embeddable":true,"href":"https:\/\/quehacerpolitico.mx\/index.php?rest_route=\/wp\/v2\/media\/109106"}],"wp:attachment":[{"href":"https:\/\/quehacerpolitico.mx\/index.php?rest_route=%2Fwp%2Fv2%2Fmedia&parent=109103"}],"wp:term":[{"taxonomy":"category","embeddable":true,"href":"https:\/\/quehacerpolitico.mx\/index.php?rest_route=%2Fwp%2Fv2%2Fcategories&post=109103"},{"taxonomy":"post_tag","embeddable":true,"href":"https:\/\/quehacerpolitico.mx\/index.php?rest_route=%2Fwp%2Fv2%2Ftags&post=109103"}],"curies":[{"name":"wp","href":"https:\/\/api.w.org\/{rel}","templated":true}]}}