{"id":109060,"date":"2024-04-03T19:14:12","date_gmt":"2024-04-03T19:14:12","guid":{"rendered":"https:\/\/quehacerpolitico.mx\/?p=109060"},"modified":"2024-04-03T19:14:15","modified_gmt":"2024-04-03T19:14:15","slug":"confirman-muertos-en-enfrentamientos-armados-en-chiapas","status":"publish","type":"post","link":"https:\/\/quehacerpolitico.mx\/?p=109060","title":{"rendered":"Confirman muertos en enfrentamientos armados en Chiapas"},"content":{"rendered":"\n<p>Por Redacci\u00f3n QP<\/p>\n\n\n\n<p>En la ma\u00f1anera en Palacio Nacional, L\u00f3pez Obrador dijo que los dos choques tuvieron lugar el fin de semana en el municipio de La Concordia<\/p>\n\n\n\n<p><mark><strong>Saldo de 10 muertos<\/strong><\/mark>\u00a0dejaron dos enfrentamientos armados entre grupos delictivos y la Guardia Nacional en el estado de\u00a0Chiapas, donde en los \u00faltimos meses ha escalado la violencia por las pugnas que mantienen organizaciones criminales por el control del territorio, inform\u00f3 este mi\u00e9rcoles el Presidente\u00a0Andr\u00e9s Manuel L\u00f3pez Obrador.<\/p>\n\n\n\n<p>En la ma\u00f1anera en Palacio Nacional,\u00a0<mark><strong>el Mandatario dijo que los dos choques armados tuvieron lugar el fin de semana en el municipio de La Concordia.<\/strong><\/mark><\/p>\n\n\n\n<figure class=\"wp-block-embed is-type-video is-provider-youtube wp-block-embed-youtube wp-embed-aspect-16-9 wp-has-aspect-ratio\"><div class=\"wp-block-embed__wrapper\">\n<iframe loading=\"lazy\" title=\"Reconoce AMLO 10 muertos y 13 detenidos en Chiapas\" width=\"640\" height=\"360\" src=\"https:\/\/www.youtube.com\/embed\/VZADhQDqex0?feature=oembed\" frameborder=\"0\" allow=\"accelerometer; autoplay; clipboard-write; encrypted-media; gyroscope; picture-in-picture; web-share\" referrerpolicy=\"strict-origin-when-cross-origin\" allowfullscreen><\/iframe>\n<\/div><\/figure>\n\n\n\n<p>Uno de los incidentes ocurri\u00f3 en una finca donde se dio un enfrentamiento entre dos grupos armados en el que perecieron cinco personas, indic\u00f3 L\u00f3pez Obrador sin ofrecer detalles.<\/p>\n\n\n\n<p>El Presidente se\u00f1al\u00f3 que en otro punto de La Concordia se registr\u00f3 un choque entre un grupo armado y elementos de la Guardia Nacional que dej\u00f3 cinco muertos.<\/p>\n\n\n\n<p>En la operaci\u00f3n las autoridades incautaron 22 fusiles, 149 cargadores y dos camionetas y fueron detenidas 13 personas, algunas de ellas guatemaltecas, inform\u00f3 L\u00f3pez Obrador.<\/p>\n\n\n\n<p><strong>El Mandatario hizo la declaraci\u00f3n para negar un comunicado que difundi\u00f3 ayer la organizaci\u00f3n humanitaria local Centro de Derechos Humanos Fray Bartolom\u00e9 de las Casas que report\u00f3 la muerte de &#8220;alrededor de 25 personas&#8221;<\/strong>\u00a0en la localidad Ni\u00f1os H\u00e9roes del municipio La Concordia en el marco de un enfrentamiento ocurrido el 31 de marzo entre un grupo armado y miembros de la\u00a0Guardia Nacional.<\/p>\n\n\n\n<p>Seg\u00fan la organizaci\u00f3n, en los hechos resultaron heridas y asesinadas personas de la poblaci\u00f3n civil que se encontraban esperando un transporte para cruzar una presa y quedaron atrapadas en medio del fuego cruzado.<\/p>\n\n\n\n<p>Con informaci\u00f3n de AP<\/p>\n","protected":false},"excerpt":{"rendered":"<p>Por Redacci\u00f3n QP En la ma\u00f1anera en Palacio Nacional, L\u00f3pez Obrador dijo que los dos&#8230;<\/p>\n","protected":false},"author":2,"featured_media":109061,"comment_status":"open","ping_status":"open","sticky":false,"template":"","format":"standard","meta":{"_monsterinsights_skip_tracking":false,"_monsterinsights_sitenote_active":false,"_monsterinsights_sitenote_note":"","_monsterinsights_sitenote_category":0,"footnotes":""},"categories":[2],"tags":[],"class_list":["post-109060","post","type-post","status-publish","format-standard","has-post-thumbnail","hentry","category-noticias"],"yoast_head":"<!-- This site is optimized with the Yoast SEO plugin v27.3 - https:\/\/yoast.com\/product\/yoast-seo-wordpress\/ -->\n<title>Confirman muertos en enfrentamientos armados en Chiapas -<\/title>\n<meta name=\"robots\" content=\"index, follow, max-snippet:-1, max-image-preview:large, max-video-preview:-1\" \/>\n<link rel=\"canonical\" href=\"https:\/\/quehacerpolitico.mx\/?p=109060\" \/>\n<meta property=\"og:locale\" content=\"es_MX\" \/>\n<meta property=\"og:type\" content=\"article\" \/>\n<meta property=\"og:title\" content=\"Confirman muertos en enfrentamientos armados en Chiapas -\" \/>\n<meta property=\"og:description\" content=\"Por Redacci\u00f3n QP En la ma\u00f1anera en Palacio Nacional, L\u00f3pez Obrador dijo que los dos...\" \/>\n<meta property=\"og:url\" content=\"https:\/\/quehacerpolitico.mx\/?p=109060\" \/>\n<meta property=\"article:published_time\" content=\"2024-04-03T19:14:12+00:00\" \/>\n<meta property=\"article:modified_time\" content=\"2024-04-03T19:14:15+00:00\" \/>\n<meta property=\"og:image\" content=\"https:\/\/quehacerpolitico.mx\/wp-content\/uploads\/2024\/04\/IMG_4616.jpeg\" \/>\n\t<meta property=\"og:image:width\" content=\"1284\" \/>\n\t<meta property=\"og:image:height\" content=\"700\" \/>\n\t<meta property=\"og:image:type\" content=\"image\/jpeg\" \/>\n<meta name=\"author\" content=\"Redacci\u00f3n QP\" \/>\n<meta name=\"twitter:card\" content=\"summary_large_image\" \/>\n<meta name=\"twitter:label1\" content=\"Escrito por\" \/>\n\t<meta name=\"twitter:data1\" content=\"Redacci\u00f3n QP\" \/>\n\t<meta name=\"twitter:label2\" content=\"Tiempo de lectura\" \/>\n\t<meta name=\"twitter:data2\" content=\"2 minutos\" \/>\n<script type=\"application\/ld+json\" class=\"yoast-schema-graph\">{\"@context\":\"https:\\\/\\\/schema.org\",\"@graph\":[{\"@type\":\"Article\",\"@id\":\"https:\\\/\\\/quehacerpolitico.mx\\\/?p=109060#article\",\"isPartOf\":{\"@id\":\"https:\\\/\\\/quehacerpolitico.mx\\\/?p=109060\"},\"author\":{\"name\":\"Redacci\u00f3n QP\",\"@id\":\"https:\\\/\\\/quehacerpolitico.mx\\\/#\\\/schema\\\/person\\\/496d8ad2d1d3f8036101dca7ee39e585\"},\"headline\":\"Confirman muertos en enfrentamientos armados en Chiapas\",\"datePublished\":\"2024-04-03T19:14:12+00:00\",\"dateModified\":\"2024-04-03T19:14:15+00:00\",\"mainEntityOfPage\":{\"@id\":\"https:\\\/\\\/quehacerpolitico.mx\\\/?p=109060\"},\"wordCount\":315,\"commentCount\":0,\"image\":{\"@id\":\"https:\\\/\\\/quehacerpolitico.mx\\\/?p=109060#primaryimage\"},\"thumbnailUrl\":\"https:\\\/\\\/quehacerpolitico.mx\\\/wp-content\\\/uploads\\\/2024\\\/04\\\/IMG_4616.jpeg\",\"articleSection\":[\"Noticias\"],\"inLanguage\":\"es\",\"potentialAction\":[{\"@type\":\"CommentAction\",\"name\":\"Comment\",\"target\":[\"https:\\\/\\\/quehacerpolitico.mx\\\/?p=109060#respond\"]}]},{\"@type\":\"WebPage\",\"@id\":\"https:\\\/\\\/quehacerpolitico.mx\\\/?p=109060\",\"url\":\"https:\\\/\\\/quehacerpolitico.mx\\\/?p=109060\",\"name\":\"Confirman muertos en enfrentamientos armados en Chiapas -\",\"isPartOf\":{\"@id\":\"https:\\\/\\\/quehacerpolitico.mx\\\/#website\"},\"primaryImageOfPage\":{\"@id\":\"https:\\\/\\\/quehacerpolitico.mx\\\/?p=109060#primaryimage\"},\"image\":{\"@id\":\"https:\\\/\\\/quehacerpolitico.mx\\\/?p=109060#primaryimage\"},\"thumbnailUrl\":\"https:\\\/\\\/quehacerpolitico.mx\\\/wp-content\\\/uploads\\\/2024\\\/04\\\/IMG_4616.jpeg\",\"datePublished\":\"2024-04-03T19:14:12+00:00\",\"dateModified\":\"2024-04-03T19:14:15+00:00\",\"author\":{\"@id\":\"https:\\\/\\\/quehacerpolitico.mx\\\/#\\\/schema\\\/person\\\/496d8ad2d1d3f8036101dca7ee39e585\"},\"breadcrumb\":{\"@id\":\"https:\\\/\\\/quehacerpolitico.mx\\\/?p=109060#breadcrumb\"},\"inLanguage\":\"es\",\"potentialAction\":[{\"@type\":\"ReadAction\",\"target\":[\"https:\\\/\\\/quehacerpolitico.mx\\\/?p=109060\"]}]},{\"@type\":\"ImageObject\",\"inLanguage\":\"es\",\"@id\":\"https:\\\/\\\/quehacerpolitico.mx\\\/?p=109060#primaryimage\",\"url\":\"https:\\\/\\\/quehacerpolitico.mx\\\/wp-content\\\/uploads\\\/2024\\\/04\\\/IMG_4616.jpeg\",\"contentUrl\":\"https:\\\/\\\/quehacerpolitico.mx\\\/wp-content\\\/uploads\\\/2024\\\/04\\\/IMG_4616.jpeg\",\"width\":1284,\"height\":700},{\"@type\":\"BreadcrumbList\",\"@id\":\"https:\\\/\\\/quehacerpolitico.mx\\\/?p=109060#breadcrumb\",\"itemListElement\":[{\"@type\":\"ListItem\",\"position\":1,\"name\":\"Inicio\",\"item\":\"https:\\\/\\\/quehacerpolitico.mx\\\/\"},{\"@type\":\"ListItem\",\"position\":2,\"name\":\"Confirman muertos en enfrentamientos armados en Chiapas\"}]},{\"@type\":\"WebSite\",\"@id\":\"https:\\\/\\\/quehacerpolitico.mx\\\/#website\",\"url\":\"https:\\\/\\\/quehacerpolitico.mx\\\/\",\"name\":\"\",\"description\":\"\",\"potentialAction\":[{\"@type\":\"SearchAction\",\"target\":{\"@type\":\"EntryPoint\",\"urlTemplate\":\"https:\\\/\\\/quehacerpolitico.mx\\\/?s={search_term_string}\"},\"query-input\":{\"@type\":\"PropertyValueSpecification\",\"valueRequired\":true,\"valueName\":\"search_term_string\"}}],\"inLanguage\":\"es\"},{\"@type\":\"Person\",\"@id\":\"https:\\\/\\\/quehacerpolitico.mx\\\/#\\\/schema\\\/person\\\/496d8ad2d1d3f8036101dca7ee39e585\",\"name\":\"Redacci\u00f3n QP\",\"image\":{\"@type\":\"ImageObject\",\"inLanguage\":\"es\",\"@id\":\"https:\\\/\\\/secure.gravatar.com\\\/avatar\\\/c7164ed6fdec453195284ad24a5ae5b6e1eed2b848477fa2a4787ba9adf39a41?s=96&d=mm&r=g\",\"url\":\"https:\\\/\\\/secure.gravatar.com\\\/avatar\\\/c7164ed6fdec453195284ad24a5ae5b6e1eed2b848477fa2a4787ba9adf39a41?s=96&d=mm&r=g\",\"contentUrl\":\"https:\\\/\\\/secure.gravatar.com\\\/avatar\\\/c7164ed6fdec453195284ad24a5ae5b6e1eed2b848477fa2a4787ba9adf39a41?s=96&d=mm&r=g\",\"caption\":\"Redacci\u00f3n QP\"},\"url\":\"https:\\\/\\\/quehacerpolitico.mx\\\/?author=2\"}]}<\/script>\n<!-- \/ Yoast SEO plugin. -->","yoast_head_json":{"title":"Confirman muertos en enfrentamientos armados en Chiapas -","robots":{"index":"index","follow":"follow","max-snippet":"max-snippet:-1","max-image-preview":"max-image-preview:large","max-video-preview":"max-video-preview:-1"},"canonical":"https:\/\/quehacerpolitico.mx\/?p=109060","og_locale":"es_MX","og_type":"article","og_title":"Confirman muertos en enfrentamientos armados en Chiapas -","og_description":"Por Redacci\u00f3n QP En la ma\u00f1anera en Palacio Nacional, L\u00f3pez Obrador dijo que los dos...","og_url":"https:\/\/quehacerpolitico.mx\/?p=109060","article_published_time":"2024-04-03T19:14:12+00:00","article_modified_time":"2024-04-03T19:14:15+00:00","og_image":[{"width":1284,"height":700,"url":"https:\/\/quehacerpolitico.mx\/wp-content\/uploads\/2024\/04\/IMG_4616.jpeg","type":"image\/jpeg"}],"author":"Redacci\u00f3n QP","twitter_card":"summary_large_image","twitter_misc":{"Escrito por":"Redacci\u00f3n QP","Tiempo de lectura":"2 minutos"},"schema":{"@context":"https:\/\/schema.org","@graph":[{"@type":"Article","@id":"https:\/\/quehacerpolitico.mx\/?p=109060#article","isPartOf":{"@id":"https:\/\/quehacerpolitico.mx\/?p=109060"},"author":{"name":"Redacci\u00f3n QP","@id":"https:\/\/quehacerpolitico.mx\/#\/schema\/person\/496d8ad2d1d3f8036101dca7ee39e585"},"headline":"Confirman muertos en enfrentamientos armados en Chiapas","datePublished":"2024-04-03T19:14:12+00:00","dateModified":"2024-04-03T19:14:15+00:00","mainEntityOfPage":{"@id":"https:\/\/quehacerpolitico.mx\/?p=109060"},"wordCount":315,"commentCount":0,"image":{"@id":"https:\/\/quehacerpolitico.mx\/?p=109060#primaryimage"},"thumbnailUrl":"https:\/\/quehacerpolitico.mx\/wp-content\/uploads\/2024\/04\/IMG_4616.jpeg","articleSection":["Noticias"],"inLanguage":"es","potentialAction":[{"@type":"CommentAction","name":"Comment","target":["https:\/\/quehacerpolitico.mx\/?p=109060#respond"]}]},{"@type":"WebPage","@id":"https:\/\/quehacerpolitico.mx\/?p=109060","url":"https:\/\/quehacerpolitico.mx\/?p=109060","name":"Confirman muertos en enfrentamientos armados en Chiapas -","isPartOf":{"@id":"https:\/\/quehacerpolitico.mx\/#website"},"primaryImageOfPage":{"@id":"https:\/\/quehacerpolitico.mx\/?p=109060#primaryimage"},"image":{"@id":"https:\/\/quehacerpolitico.mx\/?p=109060#primaryimage"},"thumbnailUrl":"https:\/\/quehacerpolitico.mx\/wp-content\/uploads\/2024\/04\/IMG_4616.jpeg","datePublished":"2024-04-03T19:14:12+00:00","dateModified":"2024-04-03T19:14:15+00:00","author":{"@id":"https:\/\/quehacerpolitico.mx\/#\/schema\/person\/496d8ad2d1d3f8036101dca7ee39e585"},"breadcrumb":{"@id":"https:\/\/quehacerpolitico.mx\/?p=109060#breadcrumb"},"inLanguage":"es","potentialAction":[{"@type":"ReadAction","target":["https:\/\/quehacerpolitico.mx\/?p=109060"]}]},{"@type":"ImageObject","inLanguage":"es","@id":"https:\/\/quehacerpolitico.mx\/?p=109060#primaryimage","url":"https:\/\/quehacerpolitico.mx\/wp-content\/uploads\/2024\/04\/IMG_4616.jpeg","contentUrl":"https:\/\/quehacerpolitico.mx\/wp-content\/uploads\/2024\/04\/IMG_4616.jpeg","width":1284,"height":700},{"@type":"BreadcrumbList","@id":"https:\/\/quehacerpolitico.mx\/?p=109060#breadcrumb","itemListElement":[{"@type":"ListItem","position":1,"name":"Inicio","item":"https:\/\/quehacerpolitico.mx\/"},{"@type":"ListItem","position":2,"name":"Confirman muertos en enfrentamientos armados en Chiapas"}]},{"@type":"WebSite","@id":"https:\/\/quehacerpolitico.mx\/#website","url":"https:\/\/quehacerpolitico.mx\/","name":"","description":"","potentialAction":[{"@type":"SearchAction","target":{"@type":"EntryPoint","urlTemplate":"https:\/\/quehacerpolitico.mx\/?s={search_term_string}"},"query-input":{"@type":"PropertyValueSpecification","valueRequired":true,"valueName":"search_term_string"}}],"inLanguage":"es"},{"@type":"Person","@id":"https:\/\/quehacerpolitico.mx\/#\/schema\/person\/496d8ad2d1d3f8036101dca7ee39e585","name":"Redacci\u00f3n QP","image":{"@type":"ImageObject","inLanguage":"es","@id":"https:\/\/secure.gravatar.com\/avatar\/c7164ed6fdec453195284ad24a5ae5b6e1eed2b848477fa2a4787ba9adf39a41?s=96&d=mm&r=g","url":"https:\/\/secure.gravatar.com\/avatar\/c7164ed6fdec453195284ad24a5ae5b6e1eed2b848477fa2a4787ba9adf39a41?s=96&d=mm&r=g","contentUrl":"https:\/\/secure.gravatar.com\/avatar\/c7164ed6fdec453195284ad24a5ae5b6e1eed2b848477fa2a4787ba9adf39a41?s=96&d=mm&r=g","caption":"Redacci\u00f3n QP"},"url":"https:\/\/quehacerpolitico.mx\/?author=2"}]}},"featured_image_urls":{"full":["https:\/\/quehacerpolitico.mx\/wp-content\/uploads\/2024\/04\/IMG_4616.jpeg",1284,700,false],"thumbnail":["https:\/\/quehacerpolitico.mx\/wp-content\/uploads\/2024\/04\/IMG_4616-150x150.jpeg",150,150,true],"medium":["https:\/\/quehacerpolitico.mx\/wp-content\/uploads\/2024\/04\/IMG_4616-300x164.jpeg",300,164,true],"medium_large":["https:\/\/quehacerpolitico.mx\/wp-content\/uploads\/2024\/04\/IMG_4616-768x419.jpeg",640,349,true],"large":["https:\/\/quehacerpolitico.mx\/wp-content\/uploads\/2024\/04\/IMG_4616-1024x558.jpeg",640,349,true],"1536x1536":["https:\/\/quehacerpolitico.mx\/wp-content\/uploads\/2024\/04\/IMG_4616.jpeg",1284,700,false],"2048x2048":["https:\/\/quehacerpolitico.mx\/wp-content\/uploads\/2024\/04\/IMG_4616.jpeg",1284,700,false],"covernews-featured":["https:\/\/quehacerpolitico.mx\/wp-content\/uploads\/2024\/04\/IMG_4616.jpeg",1024,558,false],"covernews-medium":["https:\/\/quehacerpolitico.mx\/wp-content\/uploads\/2024\/04\/IMG_4616.jpeg",540,294,false]},"author_info":{"display_name":"Redacci\u00f3n QP","author_link":"https:\/\/quehacerpolitico.mx\/?author=2"},"category_info":"<a href=\"https:\/\/quehacerpolitico.mx\/?cat=2\" rel=\"category\">Noticias<\/a>","tag_info":"Noticias","comment_count":"0","_links":{"self":[{"href":"https:\/\/quehacerpolitico.mx\/index.php?rest_route=\/wp\/v2\/posts\/109060","targetHints":{"allow":["GET"]}}],"collection":[{"href":"https:\/\/quehacerpolitico.mx\/index.php?rest_route=\/wp\/v2\/posts"}],"about":[{"href":"https:\/\/quehacerpolitico.mx\/index.php?rest_route=\/wp\/v2\/types\/post"}],"author":[{"embeddable":true,"href":"https:\/\/quehacerpolitico.mx\/index.php?rest_route=\/wp\/v2\/users\/2"}],"replies":[{"embeddable":true,"href":"https:\/\/quehacerpolitico.mx\/index.php?rest_route=%2Fwp%2Fv2%2Fcomments&post=109060"}],"version-history":[{"count":1,"href":"https:\/\/quehacerpolitico.mx\/index.php?rest_route=\/wp\/v2\/posts\/109060\/revisions"}],"predecessor-version":[{"id":109062,"href":"https:\/\/quehacerpolitico.mx\/index.php?rest_route=\/wp\/v2\/posts\/109060\/revisions\/109062"}],"wp:featuredmedia":[{"embeddable":true,"href":"https:\/\/quehacerpolitico.mx\/index.php?rest_route=\/wp\/v2\/media\/109061"}],"wp:attachment":[{"href":"https:\/\/quehacerpolitico.mx\/index.php?rest_route=%2Fwp%2Fv2%2Fmedia&parent=109060"}],"wp:term":[{"taxonomy":"category","embeddable":true,"href":"https:\/\/quehacerpolitico.mx\/index.php?rest_route=%2Fwp%2Fv2%2Fcategories&post=109060"},{"taxonomy":"post_tag","embeddable":true,"href":"https:\/\/quehacerpolitico.mx\/index.php?rest_route=%2Fwp%2Fv2%2Ftags&post=109060"}],"curies":[{"name":"wp","href":"https:\/\/api.w.org\/{rel}","templated":true}]}}