{"id":109003,"date":"2024-04-02T00:13:27","date_gmt":"2024-04-02T00:13:27","guid":{"rendered":"https:\/\/quehacerpolitico.mx\/?p=109003"},"modified":"2024-04-02T00:13:29","modified_gmt":"2024-04-02T00:13:29","slug":"internacionales-carolina-alonso-romei-joe-biden-viajara-a-baltimore-para-presenciar-las-labores-de-recuperacion-tras-la-caida-del-puente-francis-scott-key","status":"publish","type":"post","link":"https:\/\/quehacerpolitico.mx\/?p=109003","title":{"rendered":"Internacionales\/\/\/Carolina Alonso Romei\/\/\/Joe Biden\u00a0viajar\u00e1 a\u00a0Baltimore\u00a0para presenciar las\u00a0labores de recuperaci\u00f3n\u00a0tras la ca\u00edda del\u00a0puente Francis Scott Key"},"content":{"rendered":"\n<p>Por Carolina Alonso Romei<\/p>\n\n\n\n<p>Internacionalista <\/p>\n\n\n\n<p>El presidente Joe Biden viajar\u00e1 a Baltimore el viernes para visitar la zona del colapso del puente Francis Scott Key<\/p>\n\n\n\n<p>El presidente\u00a0<strong>Joe Biden<\/strong>\u00a0viajar\u00e1 a\u00a0<strong>Baltimore<\/strong>\u00a0para presenciar las\u00a0<strong>labores de recuperaci\u00f3n<\/strong>\u00a0tras la ca\u00edda del\u00a0<strong>puente Francis Scott Key<\/strong>, que se derrumb\u00f3 la\u00a0semana pasada por el impacto de un carguero.<\/p>\n\n\n\n<figure class=\"wp-block-embed is-type-video is-provider-youtube wp-block-embed-youtube wp-embed-aspect-16-9 wp-has-aspect-ratio\"><div class=\"wp-block-embed__wrapper\">\n<iframe loading=\"lazy\" title=\"As\u00ed ha colapsado el puente m\u00e1s largo de Baltimore tras el choque de un buque\" width=\"640\" height=\"360\" src=\"https:\/\/www.youtube.com\/embed\/ay2miI0W33E?feature=oembed\" frameborder=\"0\" allow=\"accelerometer; autoplay; clipboard-write; encrypted-media; gyroscope; picture-in-picture; web-share\" referrerpolicy=\"strict-origin-when-cross-origin\" allowfullscreen><\/iframe>\n<\/div><\/figure>\n\n\n\n<p>\u201cEl presidente Biden viajar\u00e1 a Baltimore el viernes para visitar el colapso del puente Francis Scott Key, reunirse con funcionarios estatales y locales y observar desde el terreno los esfuerzos de la respuesta federal\u201d, apunt\u00f3 en\u00a0rueda de prensa la portavoz de la Casa Blanca, Karine Jean-Pierre.<\/p>\n\n\n\n<p>La limpieza y retirada de escombros contin\u00faa y ser\u00e1 una operaci\u00f3n extensa y complicada. A\u00fan no hay una fecha estimada para la reapertura del tr\u00e1fico mar\u00edtimo y del puerto de Baltimore, uno de los m\u00e1s importantes de la costa este para sectores como el automovil\u00edstico.<\/p>\n\n\n\n<p>Las operaciones para remover una primera porci\u00f3n del siniestrado puente, que cay\u00f3 cuando un carguero choc\u00f3 contra uno de sus pilares, dieron comienzo el s\u00e1bado a cargo de equipos especializados que cuentan con el apoyo de la gr\u00faa m\u00e1s grande de la costa este de EE.UU.<\/p>\n\n\n\n<p>El carguero, llamado&nbsp;<strong>Dal\u00ed<\/strong>, y su tripulaci\u00f3n de poco m\u00e1s de una veintena de marineros (mayormente de India), se hallan desde el martes varados en el buque y en medio de unas&nbsp;<strong>4 mil toneladas de escombros y pedazos de metal<\/strong>, algunos de los cuales cayeron sobre la cubierta y estropearon algunos contenedores.<\/p>\n\n\n\n<p>Las labores de retirada de escombros se har\u00e1n casi pieza a pieza, con el objetivo de que el tr\u00e1fico mar\u00edtimo pueda recuperarse lo antes posible.<\/p>\n\n\n\n<p>En el accidente perdieron la vida seis personas, todas ellas trabajadores latinoamericanos que en el momento del suceso se hallaban realizando tareas de parchado del asfalto.<\/p>\n\n\n\n<p>Se ha logrado recuperar ya el\u00a0cadaver de dos de ellos, pero la b\u00fasqueda se suspendi\u00f3 hace unos d\u00edas despu\u00e9s de que las autoridades decidieran que el lugar no era seguro por la presencia de escombros de gran tama\u00f1o.<\/p>\n\n\n\n<p>Con informaci\u00f3n de EFE<\/p>\n","protected":false},"excerpt":{"rendered":"<p>Por Carolina Alonso Romei Internacionalista El presidente Joe Biden viajar\u00e1 a Baltimore el viernes para&#8230;<\/p>\n","protected":false},"author":2,"featured_media":109004,"comment_status":"open","ping_status":"open","sticky":false,"template":"","format":"standard","meta":{"_monsterinsights_skip_tracking":false,"_monsterinsights_sitenote_active":false,"_monsterinsights_sitenote_note":"","_monsterinsights_sitenote_category":0,"footnotes":""},"categories":[1],"tags":[],"class_list":["post-109003","post","type-post","status-publish","format-standard","has-post-thumbnail","hentry","category-sin-categoria"],"yoast_head":"<!-- This site is optimized with the Yoast SEO plugin v27.3 - https:\/\/yoast.com\/product\/yoast-seo-wordpress\/ -->\n<title>Internacionales\/\/\/Carolina Alonso Romei\/\/\/Joe Biden\u00a0viajar\u00e1 a\u00a0Baltimore\u00a0para presenciar las\u00a0labores de recuperaci\u00f3n\u00a0tras la ca\u00edda del\u00a0puente Francis Scott Key -<\/title>\n<meta name=\"robots\" content=\"index, follow, max-snippet:-1, max-image-preview:large, max-video-preview:-1\" \/>\n<link rel=\"canonical\" href=\"https:\/\/quehacerpolitico.mx\/?p=109003\" \/>\n<meta property=\"og:locale\" content=\"es_MX\" \/>\n<meta property=\"og:type\" content=\"article\" \/>\n<meta property=\"og:title\" content=\"Internacionales\/\/\/Carolina Alonso Romei\/\/\/Joe Biden\u00a0viajar\u00e1 a\u00a0Baltimore\u00a0para presenciar las\u00a0labores de recuperaci\u00f3n\u00a0tras la ca\u00edda del\u00a0puente Francis Scott Key -\" \/>\n<meta property=\"og:description\" content=\"Por Carolina Alonso Romei Internacionalista El presidente Joe Biden viajar\u00e1 a Baltimore el viernes para...\" \/>\n<meta property=\"og:url\" content=\"https:\/\/quehacerpolitico.mx\/?p=109003\" \/>\n<meta property=\"article:published_time\" content=\"2024-04-02T00:13:27+00:00\" \/>\n<meta property=\"article:modified_time\" content=\"2024-04-02T00:13:29+00:00\" \/>\n<meta property=\"og:image\" content=\"https:\/\/quehacerpolitico.mx\/wp-content\/uploads\/2024\/04\/1b943dc5-a296-4481-bda2-91b9f6d70915-1.jpeg\" \/>\n\t<meta property=\"og:image:width\" content=\"963\" \/>\n\t<meta property=\"og:image:height\" content=\"493\" \/>\n\t<meta property=\"og:image:type\" content=\"image\/jpeg\" \/>\n<meta name=\"author\" content=\"Redacci\u00f3n QP\" \/>\n<meta name=\"twitter:card\" content=\"summary_large_image\" \/>\n<meta name=\"twitter:label1\" content=\"Escrito por\" \/>\n\t<meta name=\"twitter:data1\" content=\"Redacci\u00f3n QP\" \/>\n\t<meta name=\"twitter:label2\" content=\"Tiempo de lectura\" \/>\n\t<meta name=\"twitter:data2\" content=\"2 minutos\" \/>\n<script type=\"application\/ld+json\" class=\"yoast-schema-graph\">{\"@context\":\"https:\\\/\\\/schema.org\",\"@graph\":[{\"@type\":\"Article\",\"@id\":\"https:\\\/\\\/quehacerpolitico.mx\\\/?p=109003#article\",\"isPartOf\":{\"@id\":\"https:\\\/\\\/quehacerpolitico.mx\\\/?p=109003\"},\"author\":{\"name\":\"Redacci\u00f3n QP\",\"@id\":\"https:\\\/\\\/quehacerpolitico.mx\\\/#\\\/schema\\\/person\\\/496d8ad2d1d3f8036101dca7ee39e585\"},\"headline\":\"Internacionales\\\/\\\/\\\/Carolina Alonso Romei\\\/\\\/\\\/Joe Biden\u00a0viajar\u00e1 a\u00a0Baltimore\u00a0para presenciar las\u00a0labores de recuperaci\u00f3n\u00a0tras la ca\u00edda del\u00a0puente Francis Scott Key\",\"datePublished\":\"2024-04-02T00:13:27+00:00\",\"dateModified\":\"2024-04-02T00:13:29+00:00\",\"mainEntityOfPage\":{\"@id\":\"https:\\\/\\\/quehacerpolitico.mx\\\/?p=109003\"},\"wordCount\":404,\"commentCount\":0,\"image\":{\"@id\":\"https:\\\/\\\/quehacerpolitico.mx\\\/?p=109003#primaryimage\"},\"thumbnailUrl\":\"https:\\\/\\\/quehacerpolitico.mx\\\/wp-content\\\/uploads\\\/2024\\\/04\\\/1b943dc5-a296-4481-bda2-91b9f6d70915-1.jpeg\",\"articleSection\":[\"Internacionales\"],\"inLanguage\":\"es\",\"potentialAction\":[{\"@type\":\"CommentAction\",\"name\":\"Comment\",\"target\":[\"https:\\\/\\\/quehacerpolitico.mx\\\/?p=109003#respond\"]}]},{\"@type\":\"WebPage\",\"@id\":\"https:\\\/\\\/quehacerpolitico.mx\\\/?p=109003\",\"url\":\"https:\\\/\\\/quehacerpolitico.mx\\\/?p=109003\",\"name\":\"Internacionales\\\/\\\/\\\/Carolina Alonso Romei\\\/\\\/\\\/Joe Biden\u00a0viajar\u00e1 a\u00a0Baltimore\u00a0para presenciar las\u00a0labores de recuperaci\u00f3n\u00a0tras la ca\u00edda del\u00a0puente Francis Scott Key -\",\"isPartOf\":{\"@id\":\"https:\\\/\\\/quehacerpolitico.mx\\\/#website\"},\"primaryImageOfPage\":{\"@id\":\"https:\\\/\\\/quehacerpolitico.mx\\\/?p=109003#primaryimage\"},\"image\":{\"@id\":\"https:\\\/\\\/quehacerpolitico.mx\\\/?p=109003#primaryimage\"},\"thumbnailUrl\":\"https:\\\/\\\/quehacerpolitico.mx\\\/wp-content\\\/uploads\\\/2024\\\/04\\\/1b943dc5-a296-4481-bda2-91b9f6d70915-1.jpeg\",\"datePublished\":\"2024-04-02T00:13:27+00:00\",\"dateModified\":\"2024-04-02T00:13:29+00:00\",\"author\":{\"@id\":\"https:\\\/\\\/quehacerpolitico.mx\\\/#\\\/schema\\\/person\\\/496d8ad2d1d3f8036101dca7ee39e585\"},\"breadcrumb\":{\"@id\":\"https:\\\/\\\/quehacerpolitico.mx\\\/?p=109003#breadcrumb\"},\"inLanguage\":\"es\",\"potentialAction\":[{\"@type\":\"ReadAction\",\"target\":[\"https:\\\/\\\/quehacerpolitico.mx\\\/?p=109003\"]}]},{\"@type\":\"ImageObject\",\"inLanguage\":\"es\",\"@id\":\"https:\\\/\\\/quehacerpolitico.mx\\\/?p=109003#primaryimage\",\"url\":\"https:\\\/\\\/quehacerpolitico.mx\\\/wp-content\\\/uploads\\\/2024\\\/04\\\/1b943dc5-a296-4481-bda2-91b9f6d70915-1.jpeg\",\"contentUrl\":\"https:\\\/\\\/quehacerpolitico.mx\\\/wp-content\\\/uploads\\\/2024\\\/04\\\/1b943dc5-a296-4481-bda2-91b9f6d70915-1.jpeg\",\"width\":963,\"height\":493},{\"@type\":\"BreadcrumbList\",\"@id\":\"https:\\\/\\\/quehacerpolitico.mx\\\/?p=109003#breadcrumb\",\"itemListElement\":[{\"@type\":\"ListItem\",\"position\":1,\"name\":\"Inicio\",\"item\":\"https:\\\/\\\/quehacerpolitico.mx\\\/\"},{\"@type\":\"ListItem\",\"position\":2,\"name\":\"Internacionales\\\/\\\/\\\/Carolina Alonso Romei\\\/\\\/\\\/Joe Biden\u00a0viajar\u00e1 a\u00a0Baltimore\u00a0para presenciar las\u00a0labores de recuperaci\u00f3n\u00a0tras la ca\u00edda del\u00a0puente Francis Scott Key\"}]},{\"@type\":\"WebSite\",\"@id\":\"https:\\\/\\\/quehacerpolitico.mx\\\/#website\",\"url\":\"https:\\\/\\\/quehacerpolitico.mx\\\/\",\"name\":\"\",\"description\":\"\",\"potentialAction\":[{\"@type\":\"SearchAction\",\"target\":{\"@type\":\"EntryPoint\",\"urlTemplate\":\"https:\\\/\\\/quehacerpolitico.mx\\\/?s={search_term_string}\"},\"query-input\":{\"@type\":\"PropertyValueSpecification\",\"valueRequired\":true,\"valueName\":\"search_term_string\"}}],\"inLanguage\":\"es\"},{\"@type\":\"Person\",\"@id\":\"https:\\\/\\\/quehacerpolitico.mx\\\/#\\\/schema\\\/person\\\/496d8ad2d1d3f8036101dca7ee39e585\",\"name\":\"Redacci\u00f3n QP\",\"image\":{\"@type\":\"ImageObject\",\"inLanguage\":\"es\",\"@id\":\"https:\\\/\\\/secure.gravatar.com\\\/avatar\\\/c7164ed6fdec453195284ad24a5ae5b6e1eed2b848477fa2a4787ba9adf39a41?s=96&d=mm&r=g\",\"url\":\"https:\\\/\\\/secure.gravatar.com\\\/avatar\\\/c7164ed6fdec453195284ad24a5ae5b6e1eed2b848477fa2a4787ba9adf39a41?s=96&d=mm&r=g\",\"contentUrl\":\"https:\\\/\\\/secure.gravatar.com\\\/avatar\\\/c7164ed6fdec453195284ad24a5ae5b6e1eed2b848477fa2a4787ba9adf39a41?s=96&d=mm&r=g\",\"caption\":\"Redacci\u00f3n QP\"},\"url\":\"https:\\\/\\\/quehacerpolitico.mx\\\/?author=2\"}]}<\/script>\n<!-- \/ Yoast SEO plugin. -->","yoast_head_json":{"title":"Internacionales\/\/\/Carolina Alonso Romei\/\/\/Joe Biden\u00a0viajar\u00e1 a\u00a0Baltimore\u00a0para presenciar las\u00a0labores de recuperaci\u00f3n\u00a0tras la ca\u00edda del\u00a0puente Francis Scott Key -","robots":{"index":"index","follow":"follow","max-snippet":"max-snippet:-1","max-image-preview":"max-image-preview:large","max-video-preview":"max-video-preview:-1"},"canonical":"https:\/\/quehacerpolitico.mx\/?p=109003","og_locale":"es_MX","og_type":"article","og_title":"Internacionales\/\/\/Carolina Alonso Romei\/\/\/Joe Biden\u00a0viajar\u00e1 a\u00a0Baltimore\u00a0para presenciar las\u00a0labores de recuperaci\u00f3n\u00a0tras la ca\u00edda del\u00a0puente Francis Scott Key -","og_description":"Por Carolina Alonso Romei Internacionalista El presidente Joe Biden viajar\u00e1 a Baltimore el viernes para...","og_url":"https:\/\/quehacerpolitico.mx\/?p=109003","article_published_time":"2024-04-02T00:13:27+00:00","article_modified_time":"2024-04-02T00:13:29+00:00","og_image":[{"width":963,"height":493,"url":"https:\/\/quehacerpolitico.mx\/wp-content\/uploads\/2024\/04\/1b943dc5-a296-4481-bda2-91b9f6d70915-1.jpeg","type":"image\/jpeg"}],"author":"Redacci\u00f3n QP","twitter_card":"summary_large_image","twitter_misc":{"Escrito por":"Redacci\u00f3n QP","Tiempo de lectura":"2 minutos"},"schema":{"@context":"https:\/\/schema.org","@graph":[{"@type":"Article","@id":"https:\/\/quehacerpolitico.mx\/?p=109003#article","isPartOf":{"@id":"https:\/\/quehacerpolitico.mx\/?p=109003"},"author":{"name":"Redacci\u00f3n QP","@id":"https:\/\/quehacerpolitico.mx\/#\/schema\/person\/496d8ad2d1d3f8036101dca7ee39e585"},"headline":"Internacionales\/\/\/Carolina Alonso Romei\/\/\/Joe Biden\u00a0viajar\u00e1 a\u00a0Baltimore\u00a0para presenciar las\u00a0labores de recuperaci\u00f3n\u00a0tras la ca\u00edda del\u00a0puente Francis Scott Key","datePublished":"2024-04-02T00:13:27+00:00","dateModified":"2024-04-02T00:13:29+00:00","mainEntityOfPage":{"@id":"https:\/\/quehacerpolitico.mx\/?p=109003"},"wordCount":404,"commentCount":0,"image":{"@id":"https:\/\/quehacerpolitico.mx\/?p=109003#primaryimage"},"thumbnailUrl":"https:\/\/quehacerpolitico.mx\/wp-content\/uploads\/2024\/04\/1b943dc5-a296-4481-bda2-91b9f6d70915-1.jpeg","articleSection":["Internacionales"],"inLanguage":"es","potentialAction":[{"@type":"CommentAction","name":"Comment","target":["https:\/\/quehacerpolitico.mx\/?p=109003#respond"]}]},{"@type":"WebPage","@id":"https:\/\/quehacerpolitico.mx\/?p=109003","url":"https:\/\/quehacerpolitico.mx\/?p=109003","name":"Internacionales\/\/\/Carolina Alonso Romei\/\/\/Joe Biden\u00a0viajar\u00e1 a\u00a0Baltimore\u00a0para presenciar las\u00a0labores de recuperaci\u00f3n\u00a0tras la ca\u00edda del\u00a0puente Francis Scott Key -","isPartOf":{"@id":"https:\/\/quehacerpolitico.mx\/#website"},"primaryImageOfPage":{"@id":"https:\/\/quehacerpolitico.mx\/?p=109003#primaryimage"},"image":{"@id":"https:\/\/quehacerpolitico.mx\/?p=109003#primaryimage"},"thumbnailUrl":"https:\/\/quehacerpolitico.mx\/wp-content\/uploads\/2024\/04\/1b943dc5-a296-4481-bda2-91b9f6d70915-1.jpeg","datePublished":"2024-04-02T00:13:27+00:00","dateModified":"2024-04-02T00:13:29+00:00","author":{"@id":"https:\/\/quehacerpolitico.mx\/#\/schema\/person\/496d8ad2d1d3f8036101dca7ee39e585"},"breadcrumb":{"@id":"https:\/\/quehacerpolitico.mx\/?p=109003#breadcrumb"},"inLanguage":"es","potentialAction":[{"@type":"ReadAction","target":["https:\/\/quehacerpolitico.mx\/?p=109003"]}]},{"@type":"ImageObject","inLanguage":"es","@id":"https:\/\/quehacerpolitico.mx\/?p=109003#primaryimage","url":"https:\/\/quehacerpolitico.mx\/wp-content\/uploads\/2024\/04\/1b943dc5-a296-4481-bda2-91b9f6d70915-1.jpeg","contentUrl":"https:\/\/quehacerpolitico.mx\/wp-content\/uploads\/2024\/04\/1b943dc5-a296-4481-bda2-91b9f6d70915-1.jpeg","width":963,"height":493},{"@type":"BreadcrumbList","@id":"https:\/\/quehacerpolitico.mx\/?p=109003#breadcrumb","itemListElement":[{"@type":"ListItem","position":1,"name":"Inicio","item":"https:\/\/quehacerpolitico.mx\/"},{"@type":"ListItem","position":2,"name":"Internacionales\/\/\/Carolina Alonso Romei\/\/\/Joe Biden\u00a0viajar\u00e1 a\u00a0Baltimore\u00a0para presenciar las\u00a0labores de recuperaci\u00f3n\u00a0tras la ca\u00edda del\u00a0puente Francis Scott Key"}]},{"@type":"WebSite","@id":"https:\/\/quehacerpolitico.mx\/#website","url":"https:\/\/quehacerpolitico.mx\/","name":"","description":"","potentialAction":[{"@type":"SearchAction","target":{"@type":"EntryPoint","urlTemplate":"https:\/\/quehacerpolitico.mx\/?s={search_term_string}"},"query-input":{"@type":"PropertyValueSpecification","valueRequired":true,"valueName":"search_term_string"}}],"inLanguage":"es"},{"@type":"Person","@id":"https:\/\/quehacerpolitico.mx\/#\/schema\/person\/496d8ad2d1d3f8036101dca7ee39e585","name":"Redacci\u00f3n QP","image":{"@type":"ImageObject","inLanguage":"es","@id":"https:\/\/secure.gravatar.com\/avatar\/c7164ed6fdec453195284ad24a5ae5b6e1eed2b848477fa2a4787ba9adf39a41?s=96&d=mm&r=g","url":"https:\/\/secure.gravatar.com\/avatar\/c7164ed6fdec453195284ad24a5ae5b6e1eed2b848477fa2a4787ba9adf39a41?s=96&d=mm&r=g","contentUrl":"https:\/\/secure.gravatar.com\/avatar\/c7164ed6fdec453195284ad24a5ae5b6e1eed2b848477fa2a4787ba9adf39a41?s=96&d=mm&r=g","caption":"Redacci\u00f3n QP"},"url":"https:\/\/quehacerpolitico.mx\/?author=2"}]}},"featured_image_urls":{"full":["https:\/\/quehacerpolitico.mx\/wp-content\/uploads\/2024\/04\/1b943dc5-a296-4481-bda2-91b9f6d70915-1.jpeg",963,493,false],"thumbnail":["https:\/\/quehacerpolitico.mx\/wp-content\/uploads\/2024\/04\/1b943dc5-a296-4481-bda2-91b9f6d70915-1-150x150.jpeg",150,150,true],"medium":["https:\/\/quehacerpolitico.mx\/wp-content\/uploads\/2024\/04\/1b943dc5-a296-4481-bda2-91b9f6d70915-1-300x154.jpeg",300,154,true],"medium_large":["https:\/\/quehacerpolitico.mx\/wp-content\/uploads\/2024\/04\/1b943dc5-a296-4481-bda2-91b9f6d70915-1-768x393.jpeg",640,328,true],"large":["https:\/\/quehacerpolitico.mx\/wp-content\/uploads\/2024\/04\/1b943dc5-a296-4481-bda2-91b9f6d70915-1.jpeg",640,328,false],"1536x1536":["https:\/\/quehacerpolitico.mx\/wp-content\/uploads\/2024\/04\/1b943dc5-a296-4481-bda2-91b9f6d70915-1.jpeg",963,493,false],"2048x2048":["https:\/\/quehacerpolitico.mx\/wp-content\/uploads\/2024\/04\/1b943dc5-a296-4481-bda2-91b9f6d70915-1.jpeg",963,493,false],"covernews-featured":["https:\/\/quehacerpolitico.mx\/wp-content\/uploads\/2024\/04\/1b943dc5-a296-4481-bda2-91b9f6d70915-1.jpeg",963,493,false],"covernews-medium":["https:\/\/quehacerpolitico.mx\/wp-content\/uploads\/2024\/04\/1b943dc5-a296-4481-bda2-91b9f6d70915-1.jpeg",540,276,false]},"author_info":{"display_name":"Redacci\u00f3n QP","author_link":"https:\/\/quehacerpolitico.mx\/?author=2"},"category_info":"<a href=\"https:\/\/quehacerpolitico.mx\/?cat=1\" rel=\"category\">Internacionales<\/a>","tag_info":"Internacionales","comment_count":"0","_links":{"self":[{"href":"https:\/\/quehacerpolitico.mx\/index.php?rest_route=\/wp\/v2\/posts\/109003","targetHints":{"allow":["GET"]}}],"collection":[{"href":"https:\/\/quehacerpolitico.mx\/index.php?rest_route=\/wp\/v2\/posts"}],"about":[{"href":"https:\/\/quehacerpolitico.mx\/index.php?rest_route=\/wp\/v2\/types\/post"}],"author":[{"embeddable":true,"href":"https:\/\/quehacerpolitico.mx\/index.php?rest_route=\/wp\/v2\/users\/2"}],"replies":[{"embeddable":true,"href":"https:\/\/quehacerpolitico.mx\/index.php?rest_route=%2Fwp%2Fv2%2Fcomments&post=109003"}],"version-history":[{"count":1,"href":"https:\/\/quehacerpolitico.mx\/index.php?rest_route=\/wp\/v2\/posts\/109003\/revisions"}],"predecessor-version":[{"id":109005,"href":"https:\/\/quehacerpolitico.mx\/index.php?rest_route=\/wp\/v2\/posts\/109003\/revisions\/109005"}],"wp:featuredmedia":[{"embeddable":true,"href":"https:\/\/quehacerpolitico.mx\/index.php?rest_route=\/wp\/v2\/media\/109004"}],"wp:attachment":[{"href":"https:\/\/quehacerpolitico.mx\/index.php?rest_route=%2Fwp%2Fv2%2Fmedia&parent=109003"}],"wp:term":[{"taxonomy":"category","embeddable":true,"href":"https:\/\/quehacerpolitico.mx\/index.php?rest_route=%2Fwp%2Fv2%2Fcategories&post=109003"},{"taxonomy":"post_tag","embeddable":true,"href":"https:\/\/quehacerpolitico.mx\/index.php?rest_route=%2Fwp%2Fv2%2Ftags&post=109003"}],"curies":[{"name":"wp","href":"https:\/\/api.w.org\/{rel}","templated":true}]}}