{"id":108976,"date":"2024-04-01T15:13:39","date_gmt":"2024-04-01T15:13:39","guid":{"rendered":"https:\/\/quehacerpolitico.mx\/?p=108976"},"modified":"2024-04-01T15:13:41","modified_gmt":"2024-04-01T15:13:41","slug":"el-quehacer-politico-jose-alberto-prado-angeles-daniel-ordonez-un-hombre-con-una-nueva-vision-de-cambio-candidato-a-alcalde-en-iztacalco-tiene-un-proyecto-para-que-los-eventos-de-clase-mundial","status":"publish","type":"post","link":"https:\/\/quehacerpolitico.mx\/?p=108976","title":{"rendered":"El Quehacer Pol\u00edtico\/\/\/Jose Alberto Prado \u00c1ngeles\/\/\/Daniel Ord\u00f3\u00f1ez, un hombre con una nueva visi\u00f3n de cambio, candidato a alcalde en Iztacalco, tiene un proyecto para que los eventos de clase mundial contagien a la alcald\u00eda y deje de ser una regi\u00f3n de \u201ctercer mundo\u201d"},"content":{"rendered":"\n<p>SOMOS IZTACALCO, SOMOS CAMBIO, SOMOS EL FUTURO.<\/p>\n\n\n\n<p>Por Jos\u00e9 Alberto Prado \u00c1ngeles <\/p>\n\n\n\n<p>Director General y Editor<\/p>\n\n\n\n<p>Convencido de que se debe meter en orden a la Operadora de Centros de Espect\u00e1culos, S.A.&nbsp;(OCESA) y evitar que sus eventos masivos se conviertan en un dolor de cabeza para los&nbsp;iztacalquenses&nbsp;y la poblaci\u00f3n flotante que transita por la zona del aut\u00f3dromo, el estadio&nbsp;Harp&nbsp;Hel\u00fa&nbsp;y el Palacio de los Deportes, Daniel&nbsp;Ordo\u00f1ez, candidato a alcalde enIztacalco&nbsp;tiene un proyecto para que los eventos de clase mundial contagien a la alcald\u00eda y deje de ser una regi\u00f3n de \u201ctercer mundo\u201d.<\/p>\n\n\n\n<p>En entrevista con Quehacer Pol\u00edtico, el abanderado de la alianza \u201cVa por la CDMX\u201d est\u00e1 convencido en llevar el nombre de\u00a0Iztacalco\u00a0a las marquesinas internacionales, ya que otra propuesta es que se cambie la denominaci\u00f3n del Gran Premio de la CDMX de la F\u00f3rmula 1 y se llame \u201cGran Premio de Iztacalco\u201d.<\/p>\n\n\n\n<figure class=\"wp-block-image size-large\"><img loading=\"lazy\" decoding=\"async\" width=\"796\" height=\"1024\" src=\"https:\/\/quehacerpolitico.mx\/wp-content\/uploads\/2024\/04\/image-796x1024.jpeg\" alt=\"\" class=\"wp-image-108979\" srcset=\"https:\/\/quehacerpolitico.mx\/wp-content\/uploads\/2024\/04\/image-796x1024.jpeg 796w, https:\/\/quehacerpolitico.mx\/wp-content\/uploads\/2024\/04\/image-233x300.jpeg 233w, https:\/\/quehacerpolitico.mx\/wp-content\/uploads\/2024\/04\/image-768x988.jpeg 768w, https:\/\/quehacerpolitico.mx\/wp-content\/uploads\/2024\/04\/image-1193x1536.jpeg 1193w, https:\/\/quehacerpolitico.mx\/wp-content\/uploads\/2024\/04\/image-113x146.jpeg 113w, https:\/\/quehacerpolitico.mx\/wp-content\/uploads\/2024\/04\/image-39x50.jpeg 39w, https:\/\/quehacerpolitico.mx\/wp-content\/uploads\/2024\/04\/image-58x75.jpeg 58w, https:\/\/quehacerpolitico.mx\/wp-content\/uploads\/2024\/04\/image.jpeg 1230w\" sizes=\"auto, (max-width: 796px) 100vw, 796px\" \/><\/figure>\n\n\n\n<p>Con un arranque de campa\u00f1a masivo \u2014desde el primer minuto de abril\u2014 y con el respaldo de los tres partidos que conforman la coalici\u00f3n, Daniel&nbsp;Ordo\u00f1ez&nbsp;est\u00e1 listo para dar una intensa batalla electoral, pues \u201cla gente en la alcald\u00eda&nbsp;esta&nbsp;harta de 21 a\u00f1os de mal gobierno, de abandono a su seguridad, ya que no hay seguridad de salir a la calle sin sufrir alg\u00fan delito\u201d.<\/p>\n\n\n\n<p>\u201cAdem\u00e1s har\u00e9 una campa\u00f1a de acercamiento directo con la ciudadan\u00eda de puerta en puerta y de reuniones vecinales\u201d, explica.&nbsp;<\/p>\n\n\n\n<p>En la charla, el candidato Daniel\u00a0Ordo\u00f1ez\u00a0de 55 a\u00f1os de edad, comienza a desmenuzar los datos de\u00a0Iztacalco\u00a0y afirma que su proyecto incluye crecimiento econ\u00f3mico en beneficio de los 404 mil 695 habitantes.<\/p>\n\n\n\n<figure class=\"wp-block-image size-large\"><img loading=\"lazy\" decoding=\"async\" width=\"638\" height=\"1024\" src=\"https:\/\/quehacerpolitico.mx\/wp-content\/uploads\/2024\/04\/image-1-638x1024.jpeg\" alt=\"\" class=\"wp-image-108980\" srcset=\"https:\/\/quehacerpolitico.mx\/wp-content\/uploads\/2024\/04\/image-1-638x1024.jpeg 638w, https:\/\/quehacerpolitico.mx\/wp-content\/uploads\/2024\/04\/image-1-187x300.jpeg 187w, https:\/\/quehacerpolitico.mx\/wp-content\/uploads\/2024\/04\/image-1-768x1232.jpeg 768w, https:\/\/quehacerpolitico.mx\/wp-content\/uploads\/2024\/04\/image-1-91x146.jpeg 91w, https:\/\/quehacerpolitico.mx\/wp-content\/uploads\/2024\/04\/image-1-31x50.jpeg 31w, https:\/\/quehacerpolitico.mx\/wp-content\/uploads\/2024\/04\/image-1-47x75.jpeg 47w, https:\/\/quehacerpolitico.mx\/wp-content\/uploads\/2024\/04\/image-1.jpeg 801w\" sizes=\"auto, (max-width: 638px) 100vw, 638px\" \/><\/figure>\n\n\n\n<p>Adem\u00e1s se\u00f1ala que en el diagn\u00f3stico que tiene hay tres principales preocupaciones apremiantes de los habitantes de la demarcaci\u00f3n que son: Agua, deterioro de la carpeta asf\u00e1ltica y escasez de agua. Aunque m\u00e1s temas y propuestas que desgaja durante la entrevista que se lleva a cabo en sus oficinas en la calle de Avena.<\/p>\n\n\n\n<p>\u201cLos ciudadanos de esta alcald\u00eda requieren mayor reconocimiento y es destacar el valor de esta zona de la ciudad de M\u00e9xico, ya que los ciudadanos aqu\u00ed cuentan con todos los servicios, pero se requiere de potenciarlos a su favor, el 61 por ciento cuenta con computadora, el 70 por ciento con l\u00ednea telef\u00f3nica, el 92 por ciento con tel\u00e9fono celular, el 77 por ciento con internet y 45 por ciento con televisi\u00f3n de paga.<\/p>\n\n\n\n<figure class=\"wp-block-image size-large\"><img loading=\"lazy\" decoding=\"async\" width=\"1024\" height=\"863\" src=\"https:\/\/quehacerpolitico.mx\/wp-content\/uploads\/2024\/04\/image-2-1024x863.jpeg\" alt=\"\" class=\"wp-image-108981\" srcset=\"https:\/\/quehacerpolitico.mx\/wp-content\/uploads\/2024\/04\/image-2-1024x863.jpeg 1024w, https:\/\/quehacerpolitico.mx\/wp-content\/uploads\/2024\/04\/image-2-300x253.jpeg 300w, https:\/\/quehacerpolitico.mx\/wp-content\/uploads\/2024\/04\/image-2-768x647.jpeg 768w, https:\/\/quehacerpolitico.mx\/wp-content\/uploads\/2024\/04\/image-2-173x146.jpeg 173w, https:\/\/quehacerpolitico.mx\/wp-content\/uploads\/2024\/04\/image-2-50x42.jpeg 50w, https:\/\/quehacerpolitico.mx\/wp-content\/uploads\/2024\/04\/image-2-89x75.jpeg 89w, https:\/\/quehacerpolitico.mx\/wp-content\/uploads\/2024\/04\/image-2.jpeg 1284w\" sizes=\"auto, (max-width: 1024px) 100vw, 1024px\" \/><\/figure>\n\n\n\n<p>\u2014\u00bfPor qu\u00e9 quieres ser Alcalde de&nbsp;Iztacalco?<\/p>\n\n\n\n<p>\u2014Quiero gobernar porque&nbsp;Iztacalco&nbsp;est\u00e1 siendo muy mal gobernado. Las personas que est\u00e1n al frente de la alcald\u00eda no han entendido que el ejercicio de gobierno es para mejorar las condiciones de los que habitamos&nbsp;Iztacalco: hace 21 a\u00f1os que gobierna el equipo de Armando Quintero. Desde 2003 empezaron a gobernar&nbsp;Iztacalco&nbsp;y siguen ah\u00ed gobernando.<\/p>\n\n\n\n<p>Un joven que ahora vote con sus 18 a\u00f1os cumplidos estar\u00eda a\u00fan no nac\u00eda cuando ya estaba gobernando Armando Quintero. Ahora podemos checar en internet que algunos de los funcionarios que llegaron en 2003 a\u00fan siguen gobernando en espacios relevantes como Ciudad deportiva o en la Direcci\u00f3n General de Administraci\u00f3n. Ese es el asunto de nuestra alcald\u00eda, el mismo equipo de gobierno lleva muchos a\u00f1os al frente de los cargos.&nbsp;<\/p>\n\n\n\n<p>Su proyecto vive un proceso de putrefacci\u00f3n, ya no saben para qu\u00e9 quer\u00edan gobernar. Ya solo quieren ganar por ganar y ganar a toda costa. Para lograrlo, hace tres a\u00f1os pagaron el voto, hasta 1200 por voto, es decir abusaron de las personas que menos tienen. Quiz\u00e1 1200 les resuelva una semana, pero abusaron de las necesidades y por eso debemos decir que ya basta.&nbsp;<\/p>\n\n\n\n<p>Quiero gobernar\u00a0Iztacalco\u00a0porque no acepto ni voy a aceptar que aqu\u00ed nos toc\u00f3 vivir.\u00a0 Que vivamos en una alcald\u00eda mugrosa, sucia, llena de cascajo, insegura. No podemos por ning\u00fan motivo acostumbrarnos. Pero han sido tantos a\u00f1os de mal gobierno que a veces las gentes se empieza a acostumbrar, en tanto, seguimos siendo una especie de islote abandonado y no es posible que sigamos como estamos, con unos servicios p\u00fablicos tan deplorables.<\/p>\n\n\n\n<figure class=\"wp-block-image size-large\"><img loading=\"lazy\" decoding=\"async\" width=\"1024\" height=\"660\" src=\"https:\/\/quehacerpolitico.mx\/wp-content\/uploads\/2024\/04\/image-4-1024x660.jpeg\" alt=\"\" class=\"wp-image-108983\" srcset=\"https:\/\/quehacerpolitico.mx\/wp-content\/uploads\/2024\/04\/image-4-1024x660.jpeg 1024w, https:\/\/quehacerpolitico.mx\/wp-content\/uploads\/2024\/04\/image-4-300x193.jpeg 300w, https:\/\/quehacerpolitico.mx\/wp-content\/uploads\/2024\/04\/image-4-768x495.jpeg 768w, https:\/\/quehacerpolitico.mx\/wp-content\/uploads\/2024\/04\/image-4-226x146.jpeg 226w, https:\/\/quehacerpolitico.mx\/wp-content\/uploads\/2024\/04\/image-4-50x32.jpeg 50w, https:\/\/quehacerpolitico.mx\/wp-content\/uploads\/2024\/04\/image-4-116x75.jpeg 116w, https:\/\/quehacerpolitico.mx\/wp-content\/uploads\/2024\/04\/image-4.jpeg 1241w\" sizes=\"auto, (max-width: 1024px) 100vw, 1024px\" \/><\/figure>\n\n\n\n<p>Cambiar rostro<\/p>\n\n\n\n<p>En el tema de seguridad profundiza que se requiere m\u00e1s presupuesto para tener un mayor n\u00famero de elementos y tecnificar el C2 para que sea un centro moderno y confiable.&nbsp;<\/p>\n\n\n\n<p>En materia de deportes, menciona que suena ir\u00f3nico que al ser la alcald\u00eda que cuenta con una ciudad deportiva se encuentre en el olvido la pol\u00edtica p\u00fablica del deporte y su promoci\u00f3n. \u201cNo hay un plan rector para ciudad de los deportes y eso que es administrada por la alcald\u00eda\u201d, explica.<\/p>\n\n\n\n<p>La movilidad es otro punto toral para la alcald\u00eda que cuenta con una superficie de\u00a023.1 kil\u00f3metros cuadrados y ejemplifica:\u00a0&#8220;en la zona dePantitl\u00e1n\u00a0se requiere meter orden hasta en los camellones donde la gente que trabaja en los obradores se apoder\u00f3 de la v\u00eda p\u00fablica; en otro punto tambi\u00e9n se requiere orden como es en la colonia 2 de octubre, en la colonia Emiliano Zapata.<\/p>\n\n\n\n<p>\u201cLa alcald\u00eda requiere de un parque lineal y en mi proyecto poco a poco le vamos a cambiar el rostro a esta zona de la Ciudad de M\u00e9xico en beneficio de la poblaci\u00f3n\u201d, a\u00f1ade.<\/p>\n\n\n\n<p>\u2014Cu\u00e1les son los principales problemas que aquejan a la ciudadan\u00eda?<\/p>\n\n\n\n<p>\u2014Seguridad, falta de bacheo, agua, que es un problema que vinculan con la construcci\u00f3n de conjuntos habitacionales. Hace 15 a\u00f1os hubo un boom de vivienda de inter\u00e9s medio y por eso se percibe el problema del agua.<\/p>\n\n\n\n<p>\u2014\u00bfQu\u00e9 vas a hacer si ganas la elecci\u00f3n?&nbsp;<\/p>\n\n\n\n<p>\u2014Voy a meterle a la seguridad. A&nbsp;Iztacalco&nbsp;se le destina muy poco en presupuesto, un 2%, en Benito Ju\u00e1rez destinan un 18 %. Vamos a hacer algo parecido a blindar&nbsp;Iztacalco, pero no vamos a copiar, el m\u00e9todo no se copia, se construye e&nbsp;Iztacalco&nbsp;es un lugar con particularidades propias. La seguridad no solo tiene que ver con m\u00e1s elementos, sino que haya alumbrado p\u00fablico, que se recuperen los espacios p\u00fablicos y con que existan programas de seguridad modernos, de Inteligencia Artificial.<\/p>\n\n\n\n<p>Algo haremos por ejemplo en cuanto a las Unidades habitacionales, por ejemplo. En&nbsp;Iztacalco&nbsp;un alto porcentaje de la poblaci\u00f3n vive en unidades habitacionales. Estamos en la zona m\u00e1s densamente poblada de la ciudad, pero las UH han entrado en un deterioro, es el s\u00edntoma de su condici\u00f3n jur\u00eddica. \u00bfQu\u00e9 sucede? Que ah\u00ed tienen un r\u00e9gimen de propiedad especial, la propiedad en condominio. El gobierno no puede intervenir de manera directa. Es como si entrara el gobierno a arreglar tu patio. Voy a proponer iniciativas para que pueda existir un h\u00edbrido. Para que pueda haber intervenci\u00f3n del gobierno. De otra forma el gobierno no puede asignar presupuestos. Por esto tenemos que hacer una adecuaci\u00f3n jur\u00eddica.<\/p>\n\n\n\n<p>\u2014\u00bfEl tema del agua se ha convertido en un problema paraIztacalco?&nbsp;<\/p>\n\n\n\n<p>\u2014Hay que meterle al agua, el agua es el segundo de los temas claves. De los problemas m\u00e1s \u00e1lgidos. No tenemos una cultura del cuidado del agua. Tenemos que empezar a construir esa cultura. En Iztapalapa ya existe desde hace 20 a\u00f1os. Porque no tienen agua. Generaron por necesidad una cultura del agua. All\u00e1 quisieran que saliera sucia, pero que saliera y la filtran la hierven.<\/p>\n\n\n\n<p>Hablando en estricto sentido no es un problema de la alcald\u00eda. Es un problema del pa\u00eds, de M\u00e9xico, de toda la ciudad. Los sistemas que nos abastecen se est\u00e1n agotando. Los pozos que nos dedicamos a perforar por todos lados ahora crean socavones, hundimientos. Porque no hay recarga de los mantos fre\u00e1ticos. El agua pluvial se va al ca\u00f1o. No se reutiliza. Estamos encima de un enorme queso gruyere, lleno de hoyos. Por eso tenemos cada vez m\u00e1s grietas y socavones. Los pozos se agotan. Debemos buscar otras formas y m\u00e9todos. Dinero en reparaci\u00f3n de las redes hidr\u00e1ulicas, sustituci\u00f3n de llaves de lavado, de regaderas, recolecci\u00f3n de agua pluvial, agua de lluvia. Mis propuestas persiguen un fin concreto, como hacer de esta alcald\u00eda un mejor lugar para vivir.&nbsp;<\/p>\n\n\n\n<p>\u2014\u00bfC\u00f3mo ser\u00e1 la campa\u00f1a en un territorio complicado en lo pol\u00edtico y complejo en lo social y de seguridad?<\/p>\n\n\n\n<p>\u2014Una campa\u00f1a de toque de puertas de convencimiento casa por casa, no voy por los eventos masivos. Para conjuntar liderazgos, pero no har\u00e1 masivos. Es complejo, pero es el territorio que conozco. Y complicado en lo pol\u00edtico porque tenemos enfrente a Armando Quintero que es un gandul, intentar\u00e1 retener la alcald\u00eda y no podr\u00e1 comprar conciencias.&nbsp;<\/p>\n\n\n\n<p>\u2014\u00bfPor qu\u00e9 no ser\u00e1 igual ni comprar\u00e1 conciencias?<\/p>\n\n\n\n<p>\u2014Por el hartazgo social ya lo rebas\u00f3, el hartazgo es escandaloso que lo inflado de su cartera.<\/p>\n\n\n\n<p>\u2014\u00bfQu\u00e9 hart\u00f3 a la gente?<\/p>\n\n\n\n<p>\u2014El mal gobierno son 21 a\u00f1os de abandono, a la gente la hart\u00f3 de que la gente sea robada a la hora que sea que tenga basura en las calles, no hay gobierno. Y es que el problema es que la alcald\u00eda ha pasado inadvertida, no la conocen los capitalinos. A&nbsp;Iztacalco&nbsp;no se le conoce ni para bien ni para mal y la pondremos en el lugar que se merece.<\/p>\n\n\n\n<p>\u2014\u00bfC\u00f3mo hacer una campa\u00f1a a ras de suelo y casa por casa?<\/p>\n\n\n\n<p>\u2014Todo el territorio de la alcald\u00eda tiene el tama\u00f1o de un distrito federal electoral, as\u00ed es como har\u00e1 campa\u00f1a.<\/p>\n\n\n\n<p>Ser\u00e1 diferente<\/p>\n\n\n\n<p>En la entrevista advierte que le va a poner un alto a\u00a0OCESA;\u201c no son los due\u00f1os del Palacio de los Deportes pedir\u00e9 que se revise el Permiso Administrativo Temporal Revocable (PATR) estoy seguro para sus eventos y negar acceso a la comunidad, no tiene estacionamiento Foro Sol. Cuando hay F\u00f3rmula 1 cierran el paso a la ciudadan\u00eda.<\/p>\n\n\n\n<p>\u201cLa concesi\u00f3n no est\u00e1 mal, el problema es como la manejan\u201d, expresa.<\/p>\n\n\n\n<p>\u201cRebasan aforo, o se ponen en orden o se puede que clausurar un F1\u201d, a\u00f1ade. Y para llevar a&nbsp;Iztacalco&nbsp;a los primeros planos propondr\u00e1 que el Gran Premio de la F\u00f3rmula 1 lleve el nombre de la alcald\u00eda.&nbsp;<\/p>\n\n\n\n<p>\u2014\u00bfPodr\u00edas hablar de una diferencia esencial con los que ahora gobiernan?&nbsp;<\/p>\n\n\n\n<p>\u2014Diremos adi\u00f3s a la opacidad en el manejo de las finanzas deIztacalco, adi\u00f3s a la corrupci\u00f3n que da\u00f1a a nuestra comunidad, bienvenida una nueva etapa de transparencia en las finanzas p\u00fablicas de nuestra alcald\u00eda,<\/p>\n\n\n\n<p>Haremos un gobierno mucho m\u00e1s participativo, completamente incluyente, formaremos programas en los que escucharemos sus propuestas, a partir de ahora los habitantes deIztacalco&nbsp;tendr\u00e1n un papel activo y decisivo en los cambios m\u00e1s importantes de nuestra Alcald\u00eda<\/p>\n\n\n\n<p>\u2014\u00bfQu\u00e9 te hace un pol\u00edtico diferente a la clase pol\u00edtica que gobierna en&nbsp;Iztacalco?<\/p>\n\n\n\n<p>\u2014Creo que puedo hacer las cosas diferentes. Pero la gente est\u00e1 muy esc\u00e9ptica. Los pol\u00edticos no les caemos muy bien a la mayor\u00eda de las personas. Se han hecho las cosas de manera equivocada.&nbsp;<\/p>\n\n\n\n<p>Cuando en&nbsp;Iztacalco&nbsp;nos dicen que todos los pol\u00edticos son iguales son los mismos. Yo les digo que aqu\u00ed siguen votando por los mismos. Aqu\u00ed llevan votando cada tres a\u00f1os desde hace 21 votando por los mismos. Son 7 elecciones votando por los mismos. El&nbsp;quinterismo&nbsp;es el mismo. Es el mismo clan. Armando lleva 9 a\u00f1os, su cu\u00f1ado, la propia&nbsp;Mateos&nbsp;la puso Armando Hay que sacud\u00edrnoslo de encima. Yo puedo ser objeto de cr\u00edticas, pero le pido entonces a la poblaci\u00f3n que nos d\u00e9 la oportunidad de gobernar. De hacer el cambio.&nbsp;<\/p>\n\n\n\n<p>La idea es invitar al gobierno a gente nueva. J\u00f3venes que tengan ganas, profesionistas que tengan ideas nuevas. \u00bfQu\u00e9 pasaba antes? Si eras de mi partido, si andabas con el candidato, te met\u00eda al gobierno, si no, pues no. Eso tiene muchos a\u00f1os y hay que quitarlo.&nbsp;<\/p>\n\n\n\n<p>Si jalabas mucha gente entonces te invitaban al gobierno. \u00bfQu\u00e9 pas\u00f3 entonces? que&nbsp;metieron a gente incompetente al gobierno. A cualquier persona si tra\u00eda 100 personas para un mitin se le pod\u00eda invitar a ser gobierno vengase de directora de no s\u00e9 qu\u00e9, a hacer no s\u00e9 qu\u00e9, e invitaron a gobernar a gente como funcionaria de gobierno que daba pena ajena. Literalmente, iletrados.&nbsp;<\/p>\n\n\n\n<p>La idea es recuperar la investidura del funcionario y del servidor p\u00fablico. Hay que invitar a colaborar a quienes tengan un proyecto. Yo voy a gobernar con&nbsp;priistas, con&nbsp;panistas, conperredistas&nbsp;y hasta con alg\u00fan&nbsp;morenista&nbsp;que haga bien las cosas, pero no voy a gobernar para el&nbsp;PRI&nbsp;para el PAN o para el&nbsp;PRD. Vamos a gobernar para la CDMX y con los ciudadanos. Armando Quintero acu\u00f1\u00f3 una frase muy lamentable: \u201camor con amor se paga\u201d, pero eso es una amenaza. O est\u00e1s conmigo o estas en mi contra. Hay que empezar a hacer un gobierno sin tintes partidarios.&nbsp;<\/p>\n\n\n\n<p>Revisen mi historia, mi trayectoria, lo que he hecho, revisen si Daniel&nbsp;Ordo\u00f1ez, revisen si hice leyes correctas o no. Si fui un diputado levanta dedos, que nada m\u00e1s fui a cobrar o un diputado muy productivo. Luego comparen a la otra persona que se postula en&nbsp;Iztacalco, que tambi\u00e9n fue legisladora y entonces, ver\u00e1n que pueden contraponer proyectos. H\u00e1ganlo para que est\u00e9n convencidos por quien est\u00e1 mejor preparado para presentar un gobierno, porque le llevo muchos kil\u00f3metros de cosas positivas en el \u00e1mbito parlamentario en el que hemos estado ambos.&nbsp;<\/p>\n\n\n\n<p>Haremos que cada&nbsp;Iztacalquense&nbsp;este orgulloso de vivir aqu\u00ed, que todos sepan que&nbsp;Iztacalco&nbsp;es un lugar digno para vivir.<\/p>\n\n\n\n<p>SOMOS IZTACALCO, SOMOS CAMBIO, SOMOS EL FUTURO.<\/p>\n","protected":false},"excerpt":{"rendered":"<p>SOMOS IZTACALCO, SOMOS CAMBIO, SOMOS EL FUTURO. Por Jos\u00e9 Alberto Prado \u00c1ngeles Director General y&#8230;<\/p>\n","protected":false},"author":2,"featured_media":108978,"comment_status":"open","ping_status":"open","sticky":false,"template":"","format":"standard","meta":{"_monsterinsights_skip_tracking":false,"_monsterinsights_sitenote_active":false,"_monsterinsights_sitenote_note":"","_monsterinsights_sitenote_category":0,"footnotes":""},"categories":[55],"tags":[],"class_list":["post-108976","post","type-post","status-publish","format-standard","has-post-thumbnail","hentry","category-cdmx"],"yoast_head":"<!-- This site is optimized with the Yoast SEO plugin v27.3 - https:\/\/yoast.com\/product\/yoast-seo-wordpress\/ -->\n<title>El Quehacer Pol\u00edtico\/\/\/Jose Alberto Prado \u00c1ngeles\/\/\/Daniel Ord\u00f3\u00f1ez, un hombre con una nueva visi\u00f3n de cambio, candidato a alcalde en Iztacalco, tiene un proyecto para que los eventos de clase mundial contagien a la alcald\u00eda y deje de ser una regi\u00f3n de \u201ctercer mundo\u201d -<\/title>\n<meta name=\"robots\" content=\"index, follow, max-snippet:-1, max-image-preview:large, max-video-preview:-1\" \/>\n<link rel=\"canonical\" href=\"https:\/\/quehacerpolitico.mx\/?p=108976\" \/>\n<meta property=\"og:locale\" content=\"es_MX\" \/>\n<meta property=\"og:type\" content=\"article\" \/>\n<meta property=\"og:title\" content=\"El Quehacer Pol\u00edtico\/\/\/Jose Alberto Prado \u00c1ngeles\/\/\/Daniel Ord\u00f3\u00f1ez, un hombre con una nueva visi\u00f3n de cambio, candidato a alcalde en Iztacalco, tiene un proyecto para que los eventos de clase mundial contagien a la alcald\u00eda y deje de ser una regi\u00f3n de \u201ctercer mundo\u201d -\" \/>\n<meta property=\"og:description\" content=\"SOMOS IZTACALCO, SOMOS CAMBIO, SOMOS EL FUTURO. Por Jos\u00e9 Alberto Prado \u00c1ngeles Director General y...\" \/>\n<meta property=\"og:url\" content=\"https:\/\/quehacerpolitico.mx\/?p=108976\" \/>\n<meta property=\"article:published_time\" content=\"2024-04-01T15:13:39+00:00\" \/>\n<meta property=\"article:modified_time\" content=\"2024-04-01T15:13:41+00:00\" \/>\n<meta property=\"og:image\" content=\"https:\/\/quehacerpolitico.mx\/wp-content\/uploads\/2024\/04\/511bc7b1-f34b-4418-b917-5120714f846d.jpeg\" \/>\n\t<meta property=\"og:image:width\" content=\"963\" \/>\n\t<meta property=\"og:image:height\" content=\"493\" \/>\n\t<meta property=\"og:image:type\" content=\"image\/jpeg\" \/>\n<meta name=\"author\" content=\"Redacci\u00f3n QP\" \/>\n<meta name=\"twitter:card\" content=\"summary_large_image\" \/>\n<meta name=\"twitter:label1\" content=\"Escrito por\" \/>\n\t<meta name=\"twitter:data1\" content=\"Redacci\u00f3n QP\" \/>\n\t<meta name=\"twitter:label2\" content=\"Tiempo de lectura\" \/>\n\t<meta name=\"twitter:data2\" content=\"12 minutos\" \/>\n<script type=\"application\/ld+json\" class=\"yoast-schema-graph\">{\"@context\":\"https:\\\/\\\/schema.org\",\"@graph\":[{\"@type\":\"Article\",\"@id\":\"https:\\\/\\\/quehacerpolitico.mx\\\/?p=108976#article\",\"isPartOf\":{\"@id\":\"https:\\\/\\\/quehacerpolitico.mx\\\/?p=108976\"},\"author\":{\"name\":\"Redacci\u00f3n QP\",\"@id\":\"https:\\\/\\\/quehacerpolitico.mx\\\/#\\\/schema\\\/person\\\/496d8ad2d1d3f8036101dca7ee39e585\"},\"headline\":\"El Quehacer Pol\u00edtico\\\/\\\/\\\/Jose Alberto Prado \u00c1ngeles\\\/\\\/\\\/Daniel Ord\u00f3\u00f1ez, un hombre con una nueva visi\u00f3n de cambio, candidato a alcalde en Iztacalco, tiene un proyecto para que los eventos de clase mundial contagien a la alcald\u00eda y deje de ser una regi\u00f3n de \u201ctercer mundo\u201d\",\"datePublished\":\"2024-04-01T15:13:39+00:00\",\"dateModified\":\"2024-04-01T15:13:41+00:00\",\"mainEntityOfPage\":{\"@id\":\"https:\\\/\\\/quehacerpolitico.mx\\\/?p=108976\"},\"wordCount\":2438,\"commentCount\":0,\"image\":{\"@id\":\"https:\\\/\\\/quehacerpolitico.mx\\\/?p=108976#primaryimage\"},\"thumbnailUrl\":\"https:\\\/\\\/quehacerpolitico.mx\\\/wp-content\\\/uploads\\\/2024\\\/04\\\/511bc7b1-f34b-4418-b917-5120714f846d.jpeg\",\"articleSection\":[\"CDMX\"],\"inLanguage\":\"es\",\"potentialAction\":[{\"@type\":\"CommentAction\",\"name\":\"Comment\",\"target\":[\"https:\\\/\\\/quehacerpolitico.mx\\\/?p=108976#respond\"]}]},{\"@type\":\"WebPage\",\"@id\":\"https:\\\/\\\/quehacerpolitico.mx\\\/?p=108976\",\"url\":\"https:\\\/\\\/quehacerpolitico.mx\\\/?p=108976\",\"name\":\"El Quehacer Pol\u00edtico\\\/\\\/\\\/Jose Alberto Prado \u00c1ngeles\\\/\\\/\\\/Daniel Ord\u00f3\u00f1ez, un hombre con una nueva visi\u00f3n de cambio, candidato a alcalde en Iztacalco, tiene un proyecto para que los eventos de clase mundial contagien a la alcald\u00eda y deje de ser una regi\u00f3n de \u201ctercer mundo\u201d -\",\"isPartOf\":{\"@id\":\"https:\\\/\\\/quehacerpolitico.mx\\\/#website\"},\"primaryImageOfPage\":{\"@id\":\"https:\\\/\\\/quehacerpolitico.mx\\\/?p=108976#primaryimage\"},\"image\":{\"@id\":\"https:\\\/\\\/quehacerpolitico.mx\\\/?p=108976#primaryimage\"},\"thumbnailUrl\":\"https:\\\/\\\/quehacerpolitico.mx\\\/wp-content\\\/uploads\\\/2024\\\/04\\\/511bc7b1-f34b-4418-b917-5120714f846d.jpeg\",\"datePublished\":\"2024-04-01T15:13:39+00:00\",\"dateModified\":\"2024-04-01T15:13:41+00:00\",\"author\":{\"@id\":\"https:\\\/\\\/quehacerpolitico.mx\\\/#\\\/schema\\\/person\\\/496d8ad2d1d3f8036101dca7ee39e585\"},\"breadcrumb\":{\"@id\":\"https:\\\/\\\/quehacerpolitico.mx\\\/?p=108976#breadcrumb\"},\"inLanguage\":\"es\",\"potentialAction\":[{\"@type\":\"ReadAction\",\"target\":[\"https:\\\/\\\/quehacerpolitico.mx\\\/?p=108976\"]}]},{\"@type\":\"ImageObject\",\"inLanguage\":\"es\",\"@id\":\"https:\\\/\\\/quehacerpolitico.mx\\\/?p=108976#primaryimage\",\"url\":\"https:\\\/\\\/quehacerpolitico.mx\\\/wp-content\\\/uploads\\\/2024\\\/04\\\/511bc7b1-f34b-4418-b917-5120714f846d.jpeg\",\"contentUrl\":\"https:\\\/\\\/quehacerpolitico.mx\\\/wp-content\\\/uploads\\\/2024\\\/04\\\/511bc7b1-f34b-4418-b917-5120714f846d.jpeg\",\"width\":963,\"height\":493},{\"@type\":\"BreadcrumbList\",\"@id\":\"https:\\\/\\\/quehacerpolitico.mx\\\/?p=108976#breadcrumb\",\"itemListElement\":[{\"@type\":\"ListItem\",\"position\":1,\"name\":\"Inicio\",\"item\":\"https:\\\/\\\/quehacerpolitico.mx\\\/\"},{\"@type\":\"ListItem\",\"position\":2,\"name\":\"El Quehacer Pol\u00edtico\\\/\\\/\\\/Jose Alberto Prado \u00c1ngeles\\\/\\\/\\\/Daniel Ord\u00f3\u00f1ez, un hombre con una nueva visi\u00f3n de cambio, candidato a alcalde en Iztacalco, tiene un proyecto para que los eventos de clase mundial contagien a la alcald\u00eda y deje de ser una regi\u00f3n de \u201ctercer mundo\u201d\"}]},{\"@type\":\"WebSite\",\"@id\":\"https:\\\/\\\/quehacerpolitico.mx\\\/#website\",\"url\":\"https:\\\/\\\/quehacerpolitico.mx\\\/\",\"name\":\"\",\"description\":\"\",\"potentialAction\":[{\"@type\":\"SearchAction\",\"target\":{\"@type\":\"EntryPoint\",\"urlTemplate\":\"https:\\\/\\\/quehacerpolitico.mx\\\/?s={search_term_string}\"},\"query-input\":{\"@type\":\"PropertyValueSpecification\",\"valueRequired\":true,\"valueName\":\"search_term_string\"}}],\"inLanguage\":\"es\"},{\"@type\":\"Person\",\"@id\":\"https:\\\/\\\/quehacerpolitico.mx\\\/#\\\/schema\\\/person\\\/496d8ad2d1d3f8036101dca7ee39e585\",\"name\":\"Redacci\u00f3n QP\",\"image\":{\"@type\":\"ImageObject\",\"inLanguage\":\"es\",\"@id\":\"https:\\\/\\\/secure.gravatar.com\\\/avatar\\\/c7164ed6fdec453195284ad24a5ae5b6e1eed2b848477fa2a4787ba9adf39a41?s=96&d=mm&r=g\",\"url\":\"https:\\\/\\\/secure.gravatar.com\\\/avatar\\\/c7164ed6fdec453195284ad24a5ae5b6e1eed2b848477fa2a4787ba9adf39a41?s=96&d=mm&r=g\",\"contentUrl\":\"https:\\\/\\\/secure.gravatar.com\\\/avatar\\\/c7164ed6fdec453195284ad24a5ae5b6e1eed2b848477fa2a4787ba9adf39a41?s=96&d=mm&r=g\",\"caption\":\"Redacci\u00f3n QP\"},\"url\":\"https:\\\/\\\/quehacerpolitico.mx\\\/?author=2\"}]}<\/script>\n<!-- \/ Yoast SEO plugin. -->","yoast_head_json":{"title":"El Quehacer Pol\u00edtico\/\/\/Jose Alberto Prado \u00c1ngeles\/\/\/Daniel Ord\u00f3\u00f1ez, un hombre con una nueva visi\u00f3n de cambio, candidato a alcalde en Iztacalco, tiene un proyecto para que los eventos de clase mundial contagien a la alcald\u00eda y deje de ser una regi\u00f3n de \u201ctercer mundo\u201d -","robots":{"index":"index","follow":"follow","max-snippet":"max-snippet:-1","max-image-preview":"max-image-preview:large","max-video-preview":"max-video-preview:-1"},"canonical":"https:\/\/quehacerpolitico.mx\/?p=108976","og_locale":"es_MX","og_type":"article","og_title":"El Quehacer Pol\u00edtico\/\/\/Jose Alberto Prado \u00c1ngeles\/\/\/Daniel Ord\u00f3\u00f1ez, un hombre con una nueva visi\u00f3n de cambio, candidato a alcalde en Iztacalco, tiene un proyecto para que los eventos de clase mundial contagien a la alcald\u00eda y deje de ser una regi\u00f3n de \u201ctercer mundo\u201d -","og_description":"SOMOS IZTACALCO, SOMOS CAMBIO, SOMOS EL FUTURO. Por Jos\u00e9 Alberto Prado \u00c1ngeles Director General y...","og_url":"https:\/\/quehacerpolitico.mx\/?p=108976","article_published_time":"2024-04-01T15:13:39+00:00","article_modified_time":"2024-04-01T15:13:41+00:00","og_image":[{"width":963,"height":493,"url":"https:\/\/quehacerpolitico.mx\/wp-content\/uploads\/2024\/04\/511bc7b1-f34b-4418-b917-5120714f846d.jpeg","type":"image\/jpeg"}],"author":"Redacci\u00f3n QP","twitter_card":"summary_large_image","twitter_misc":{"Escrito por":"Redacci\u00f3n QP","Tiempo de lectura":"12 minutos"},"schema":{"@context":"https:\/\/schema.org","@graph":[{"@type":"Article","@id":"https:\/\/quehacerpolitico.mx\/?p=108976#article","isPartOf":{"@id":"https:\/\/quehacerpolitico.mx\/?p=108976"},"author":{"name":"Redacci\u00f3n QP","@id":"https:\/\/quehacerpolitico.mx\/#\/schema\/person\/496d8ad2d1d3f8036101dca7ee39e585"},"headline":"El Quehacer Pol\u00edtico\/\/\/Jose Alberto Prado \u00c1ngeles\/\/\/Daniel Ord\u00f3\u00f1ez, un hombre con una nueva visi\u00f3n de cambio, candidato a alcalde en Iztacalco, tiene un proyecto para que los eventos de clase mundial contagien a la alcald\u00eda y deje de ser una regi\u00f3n de \u201ctercer mundo\u201d","datePublished":"2024-04-01T15:13:39+00:00","dateModified":"2024-04-01T15:13:41+00:00","mainEntityOfPage":{"@id":"https:\/\/quehacerpolitico.mx\/?p=108976"},"wordCount":2438,"commentCount":0,"image":{"@id":"https:\/\/quehacerpolitico.mx\/?p=108976#primaryimage"},"thumbnailUrl":"https:\/\/quehacerpolitico.mx\/wp-content\/uploads\/2024\/04\/511bc7b1-f34b-4418-b917-5120714f846d.jpeg","articleSection":["CDMX"],"inLanguage":"es","potentialAction":[{"@type":"CommentAction","name":"Comment","target":["https:\/\/quehacerpolitico.mx\/?p=108976#respond"]}]},{"@type":"WebPage","@id":"https:\/\/quehacerpolitico.mx\/?p=108976","url":"https:\/\/quehacerpolitico.mx\/?p=108976","name":"El Quehacer Pol\u00edtico\/\/\/Jose Alberto Prado \u00c1ngeles\/\/\/Daniel Ord\u00f3\u00f1ez, un hombre con una nueva visi\u00f3n de cambio, candidato a alcalde en Iztacalco, tiene un proyecto para que los eventos de clase mundial contagien a la alcald\u00eda y deje de ser una regi\u00f3n de \u201ctercer mundo\u201d -","isPartOf":{"@id":"https:\/\/quehacerpolitico.mx\/#website"},"primaryImageOfPage":{"@id":"https:\/\/quehacerpolitico.mx\/?p=108976#primaryimage"},"image":{"@id":"https:\/\/quehacerpolitico.mx\/?p=108976#primaryimage"},"thumbnailUrl":"https:\/\/quehacerpolitico.mx\/wp-content\/uploads\/2024\/04\/511bc7b1-f34b-4418-b917-5120714f846d.jpeg","datePublished":"2024-04-01T15:13:39+00:00","dateModified":"2024-04-01T15:13:41+00:00","author":{"@id":"https:\/\/quehacerpolitico.mx\/#\/schema\/person\/496d8ad2d1d3f8036101dca7ee39e585"},"breadcrumb":{"@id":"https:\/\/quehacerpolitico.mx\/?p=108976#breadcrumb"},"inLanguage":"es","potentialAction":[{"@type":"ReadAction","target":["https:\/\/quehacerpolitico.mx\/?p=108976"]}]},{"@type":"ImageObject","inLanguage":"es","@id":"https:\/\/quehacerpolitico.mx\/?p=108976#primaryimage","url":"https:\/\/quehacerpolitico.mx\/wp-content\/uploads\/2024\/04\/511bc7b1-f34b-4418-b917-5120714f846d.jpeg","contentUrl":"https:\/\/quehacerpolitico.mx\/wp-content\/uploads\/2024\/04\/511bc7b1-f34b-4418-b917-5120714f846d.jpeg","width":963,"height":493},{"@type":"BreadcrumbList","@id":"https:\/\/quehacerpolitico.mx\/?p=108976#breadcrumb","itemListElement":[{"@type":"ListItem","position":1,"name":"Inicio","item":"https:\/\/quehacerpolitico.mx\/"},{"@type":"ListItem","position":2,"name":"El Quehacer Pol\u00edtico\/\/\/Jose Alberto Prado \u00c1ngeles\/\/\/Daniel Ord\u00f3\u00f1ez, un hombre con una nueva visi\u00f3n de cambio, candidato a alcalde en Iztacalco, tiene un proyecto para que los eventos de clase mundial contagien a la alcald\u00eda y deje de ser una regi\u00f3n de \u201ctercer mundo\u201d"}]},{"@type":"WebSite","@id":"https:\/\/quehacerpolitico.mx\/#website","url":"https:\/\/quehacerpolitico.mx\/","name":"","description":"","potentialAction":[{"@type":"SearchAction","target":{"@type":"EntryPoint","urlTemplate":"https:\/\/quehacerpolitico.mx\/?s={search_term_string}"},"query-input":{"@type":"PropertyValueSpecification","valueRequired":true,"valueName":"search_term_string"}}],"inLanguage":"es"},{"@type":"Person","@id":"https:\/\/quehacerpolitico.mx\/#\/schema\/person\/496d8ad2d1d3f8036101dca7ee39e585","name":"Redacci\u00f3n QP","image":{"@type":"ImageObject","inLanguage":"es","@id":"https:\/\/secure.gravatar.com\/avatar\/c7164ed6fdec453195284ad24a5ae5b6e1eed2b848477fa2a4787ba9adf39a41?s=96&d=mm&r=g","url":"https:\/\/secure.gravatar.com\/avatar\/c7164ed6fdec453195284ad24a5ae5b6e1eed2b848477fa2a4787ba9adf39a41?s=96&d=mm&r=g","contentUrl":"https:\/\/secure.gravatar.com\/avatar\/c7164ed6fdec453195284ad24a5ae5b6e1eed2b848477fa2a4787ba9adf39a41?s=96&d=mm&r=g","caption":"Redacci\u00f3n QP"},"url":"https:\/\/quehacerpolitico.mx\/?author=2"}]}},"featured_image_urls":{"full":["https:\/\/quehacerpolitico.mx\/wp-content\/uploads\/2024\/04\/511bc7b1-f34b-4418-b917-5120714f846d.jpeg",963,493,false],"thumbnail":["https:\/\/quehacerpolitico.mx\/wp-content\/uploads\/2024\/04\/511bc7b1-f34b-4418-b917-5120714f846d-150x150.jpeg",150,150,true],"medium":["https:\/\/quehacerpolitico.mx\/wp-content\/uploads\/2024\/04\/511bc7b1-f34b-4418-b917-5120714f846d-300x154.jpeg",300,154,true],"medium_large":["https:\/\/quehacerpolitico.mx\/wp-content\/uploads\/2024\/04\/511bc7b1-f34b-4418-b917-5120714f846d-768x393.jpeg",640,328,true],"large":["https:\/\/quehacerpolitico.mx\/wp-content\/uploads\/2024\/04\/511bc7b1-f34b-4418-b917-5120714f846d.jpeg",640,328,false],"1536x1536":["https:\/\/quehacerpolitico.mx\/wp-content\/uploads\/2024\/04\/511bc7b1-f34b-4418-b917-5120714f846d.jpeg",963,493,false],"2048x2048":["https:\/\/quehacerpolitico.mx\/wp-content\/uploads\/2024\/04\/511bc7b1-f34b-4418-b917-5120714f846d.jpeg",963,493,false],"covernews-featured":["https:\/\/quehacerpolitico.mx\/wp-content\/uploads\/2024\/04\/511bc7b1-f34b-4418-b917-5120714f846d.jpeg",963,493,false],"covernews-medium":["https:\/\/quehacerpolitico.mx\/wp-content\/uploads\/2024\/04\/511bc7b1-f34b-4418-b917-5120714f846d.jpeg",540,276,false]},"author_info":{"display_name":"Redacci\u00f3n QP","author_link":"https:\/\/quehacerpolitico.mx\/?author=2"},"category_info":"<a href=\"https:\/\/quehacerpolitico.mx\/?cat=55\" rel=\"category\">CDMX<\/a>","tag_info":"CDMX","comment_count":"0","_links":{"self":[{"href":"https:\/\/quehacerpolitico.mx\/index.php?rest_route=\/wp\/v2\/posts\/108976","targetHints":{"allow":["GET"]}}],"collection":[{"href":"https:\/\/quehacerpolitico.mx\/index.php?rest_route=\/wp\/v2\/posts"}],"about":[{"href":"https:\/\/quehacerpolitico.mx\/index.php?rest_route=\/wp\/v2\/types\/post"}],"author":[{"embeddable":true,"href":"https:\/\/quehacerpolitico.mx\/index.php?rest_route=\/wp\/v2\/users\/2"}],"replies":[{"embeddable":true,"href":"https:\/\/quehacerpolitico.mx\/index.php?rest_route=%2Fwp%2Fv2%2Fcomments&post=108976"}],"version-history":[{"count":1,"href":"https:\/\/quehacerpolitico.mx\/index.php?rest_route=\/wp\/v2\/posts\/108976\/revisions"}],"predecessor-version":[{"id":108984,"href":"https:\/\/quehacerpolitico.mx\/index.php?rest_route=\/wp\/v2\/posts\/108976\/revisions\/108984"}],"wp:featuredmedia":[{"embeddable":true,"href":"https:\/\/quehacerpolitico.mx\/index.php?rest_route=\/wp\/v2\/media\/108978"}],"wp:attachment":[{"href":"https:\/\/quehacerpolitico.mx\/index.php?rest_route=%2Fwp%2Fv2%2Fmedia&parent=108976"}],"wp:term":[{"taxonomy":"category","embeddable":true,"href":"https:\/\/quehacerpolitico.mx\/index.php?rest_route=%2Fwp%2Fv2%2Fcategories&post=108976"},{"taxonomy":"post_tag","embeddable":true,"href":"https:\/\/quehacerpolitico.mx\/index.php?rest_route=%2Fwp%2Fv2%2Ftags&post=108976"}],"curies":[{"name":"wp","href":"https:\/\/api.w.org\/{rel}","templated":true}]}}