{"id":108942,"date":"2024-03-28T15:54:13","date_gmt":"2024-03-28T15:54:13","guid":{"rendered":"https:\/\/quehacerpolitico.mx\/?p=108942"},"modified":"2024-03-28T15:54:15","modified_gmt":"2024-03-28T15:54:15","slug":"internacionales-carolina-alonso-romei-el-papa-francisco-pide-a-los-sacerdotes-liberarse-de-egoismos-y-ambiciones","status":"publish","type":"post","link":"https:\/\/quehacerpolitico.mx\/?p=108942","title":{"rendered":"Internacionales\/\/\/Carolina Alonso Romei\/\/\/El papa Francisco pide a los sacerdotes liberarse de ego\u00edsmos y ambiciones"},"content":{"rendered":"\n<p>Por Carolina Alonso Romei<\/p>\n\n\n\n<p>Internacionalista <\/p>\n\n\n\n<p>El santo padre celebr\u00f3 la\u00a0misa Crismal, dedicada a la instituci\u00f3n del sacramento del orden sacerdotal por Jesucristo y que significa el inicio del Triduo pascual<\/p>\n\n\n\n<p><strong>El papa Francisco celebr\u00f3 este jueves la misa&nbsp;Crismal&nbsp;con la que se abre el llamado Triduo pascual de la Semana Santa,<\/strong>&nbsp;y en su larga homil\u00eda, le\u00edda con buena voz, pidi\u00f3 a los sacerdotes liberarse de ego\u00edsmos y ambiciones y que perdonen siempre y lloren por los dem\u00e1s.<\/p>\n\n\n\n<p><strong>En la misa de este Jueves Santo se conmemora la instituci\u00f3n del sacramento del orden sacerdotal por Jesucristo durante la \u00daltima Cena y est\u00e1 dedicada a la renovaci\u00f3n por parte de los sacerdotes de los votos de pobreza, castidad y obediencia,\u00a0<\/strong>por lo que en la ceremonia participaron sobre todo los curas de la di\u00f3cesis de Roma.<\/p>\n\n\n\n<p>Adem\u00e1s, durante la ceremonia\u00a0<strong>tambi\u00e9n se bendicen los \u00f3leos de los catec\u00famenos, el de los enfermos y del crisma, que se utilizan durante el a\u00f1o para los bautismos, confirmaciones y unci\u00f3n de los enfermos,<\/strong>\u00a0y Francisco tambi\u00e9n bendijo las tres \u00e1nforas de plata con estos que ser\u00e1n utilizados en las celebraciones vaticanas.<\/p>\n\n\n\n<p>En los d\u00edas pasados,\u00a0<strong>el papa hab\u00eda preferido no leer los discursos preparados pues se cansaba debido a algunos problemas respiratorios, pero hoy pronunci\u00f3 la larga homil\u00eda sin problemas.<\/strong><\/p>\n\n\n\n<figure class=\"wp-block-embed is-type-video is-provider-youtube wp-block-embed-youtube wp-embed-aspect-16-9 wp-has-aspect-ratio\"><div class=\"wp-block-embed__wrapper\">\n<iframe loading=\"lazy\" title=\"Prensa.com: El papa pide a los sacerdotes liberarse de ego\u00edsmos y ambiciones y llorar por los dem\u00e1s\" width=\"640\" height=\"360\" src=\"https:\/\/www.youtube.com\/embed\/t_ne_G2mBBA?feature=oembed\" frameborder=\"0\" allow=\"accelerometer; autoplay; clipboard-write; encrypted-media; gyroscope; picture-in-picture; web-share\" referrerpolicy=\"strict-origin-when-cross-origin\" allowfullscreen><\/iframe>\n<\/div><\/figure>\n\n\n\n<p>El pont\u00edfice reflexion\u00f3 sobre la necesidad de &#8220;la compunci\u00f3n y las l\u00e1grimas&#8221; en los miembros de la Iglesia porque<strong>\u00a0&#8220;quien se compunge de coraz\u00f3n se siente m\u00e1s hermano de todos los pecadores del mundo, sin un atisbo de superioridad o de aspereza de juicio, sino con el deseo de amar y reparar&#8221;.<\/strong><\/p>\n\n\n\n<p>Y agreg\u00f3 que &#8220;otra caracter\u00edstica de la compunci\u00f3n es la solidaridad, pues un coraz\u00f3n d\u00f3cil, liberado por el esp\u00edritu de las Bienaventuranzas, se inclina naturalmente a hacer compunci\u00f3n por los dem\u00e1s; en vez de enfadarse o escandalizarse por el mal que cometen los hermanos, llora por sus pecados&#8221;.<\/p>\n\n\n\n<p><strong>&#8220;Queridos hermanos, a nosotros, sus Pastores, el Se\u00f1or no nos pide juicios despectivos sobre los que no creen, sino amor y l\u00e1grimas por los que est\u00e1n alejados<\/strong>. Las situaciones dif\u00edciles que vemos y vivimos, la falta de fe, los sufrimientos que tocamos, al entrar en contacto con un coraz\u00f3n compungido, no suscitan la determinaci\u00f3n en la pol\u00e9mica, sino la perseverancia en la misericordia&#8221;, agreg\u00f3.<\/p>\n\n\n\n<p>Y a los sacerdotes indic\u00f3: &#8220;Cu\u00e1nto necesitamos liberarnos de resistencias y recriminaciones, de ego\u00edsmos y ambiciones, de rigorismos e insatisfacciones, para encomendarnos e interceder ante Dios, encontrando en \u00c9l una paz que salva de cualquier tempestad. Adoremos, intercedamos y lloremos por los dem\u00e1s&#8221;.<\/p>\n\n\n\n<p>El papa tambi\u00e9n quiso agradecer a los sacerdotes, &#8220;por sus corazones abiertos y d\u00f3ciles; gracias por sus fatigas y sus l\u00e1grimas&#8221; y &#8220;por llevar la maravilla de la misericordia de Dios a los hermanos y a las hermanas de nuestro tiempo&#8221;.<\/p>\n\n\n\n<p><strong>Francisco tiene previsto esta tarde acudir a la secci\u00f3n femenina de la c\u00e1rcel de&nbsp;Rebibbia, en Roma, para celebrar la misa de &#8216;Coena&nbsp;domini&#8217; del Jueves Santo y tras la que Francisco lavar\u00e1 los pies a 12 reclusas de este centro,<\/strong>&nbsp;como hizo Jes\u00fas a los ap\u00f3stoles durante la \u00daltima Cena.<\/p>\n\n\n\n<p>Tambi\u00e9n presidir\u00e1 el V\u00eda Crucis del Viernes Santo frente al Coliseo romano, y que se salt\u00f3 el a\u00f1o pasado debido al fr\u00edo ya que se estaba recuperando de una bronquitis, el S\u00e1bado Santo celebrar\u00e1 la Vigilia Pascual y el domingo en la plaza de San Pedro oficiar\u00e1 la Misa de Resurrecci\u00f3n y la bendici\u00f3n urbi et orbi.<\/p>\n\n\n\n<p>Con informaci\u00f3n de EFE<\/p>\n","protected":false},"excerpt":{"rendered":"<p>Por Carolina Alonso Romei Internacionalista El santo padre celebr\u00f3 la\u00a0misa Crismal, dedicada a la instituci\u00f3n&#8230;<\/p>\n","protected":false},"author":2,"featured_media":108944,"comment_status":"open","ping_status":"open","sticky":false,"template":"","format":"standard","meta":{"_monsterinsights_skip_tracking":false,"_monsterinsights_sitenote_active":false,"_monsterinsights_sitenote_note":"","_monsterinsights_sitenote_category":0,"footnotes":""},"categories":[1],"tags":[],"class_list":["post-108942","post","type-post","status-publish","format-standard","has-post-thumbnail","hentry","category-sin-categoria"],"yoast_head":"<!-- This site is optimized with the Yoast SEO plugin v27.3 - https:\/\/yoast.com\/product\/yoast-seo-wordpress\/ -->\n<title>Internacionales\/\/\/Carolina Alonso Romei\/\/\/El papa Francisco pide a los sacerdotes liberarse de ego\u00edsmos y ambiciones -<\/title>\n<meta name=\"robots\" content=\"index, follow, max-snippet:-1, max-image-preview:large, max-video-preview:-1\" \/>\n<link rel=\"canonical\" href=\"https:\/\/quehacerpolitico.mx\/?p=108942\" \/>\n<meta property=\"og:locale\" content=\"es_MX\" \/>\n<meta property=\"og:type\" content=\"article\" \/>\n<meta property=\"og:title\" content=\"Internacionales\/\/\/Carolina Alonso Romei\/\/\/El papa Francisco pide a los sacerdotes liberarse de ego\u00edsmos y ambiciones -\" \/>\n<meta property=\"og:description\" content=\"Por Carolina Alonso Romei Internacionalista El santo padre celebr\u00f3 la\u00a0misa Crismal, dedicada a la instituci\u00f3n...\" \/>\n<meta property=\"og:url\" content=\"https:\/\/quehacerpolitico.mx\/?p=108942\" \/>\n<meta property=\"article:published_time\" content=\"2024-03-28T15:54:13+00:00\" \/>\n<meta property=\"article:modified_time\" content=\"2024-03-28T15:54:15+00:00\" \/>\n<meta property=\"og:image\" content=\"https:\/\/quehacerpolitico.mx\/wp-content\/uploads\/2024\/03\/1b943dc5-a296-4481-bda2-91b9f6d70915-3.jpeg\" \/>\n\t<meta property=\"og:image:width\" content=\"963\" \/>\n\t<meta property=\"og:image:height\" content=\"493\" \/>\n\t<meta property=\"og:image:type\" content=\"image\/jpeg\" \/>\n<meta name=\"author\" content=\"Redacci\u00f3n QP\" \/>\n<meta name=\"twitter:card\" content=\"summary_large_image\" \/>\n<meta name=\"twitter:label1\" content=\"Escrito por\" \/>\n\t<meta name=\"twitter:data1\" content=\"Redacci\u00f3n QP\" \/>\n\t<meta name=\"twitter:label2\" content=\"Tiempo de lectura\" \/>\n\t<meta name=\"twitter:data2\" content=\"3 minutos\" \/>\n<script type=\"application\/ld+json\" class=\"yoast-schema-graph\">{\"@context\":\"https:\\\/\\\/schema.org\",\"@graph\":[{\"@type\":\"Article\",\"@id\":\"https:\\\/\\\/quehacerpolitico.mx\\\/?p=108942#article\",\"isPartOf\":{\"@id\":\"https:\\\/\\\/quehacerpolitico.mx\\\/?p=108942\"},\"author\":{\"name\":\"Redacci\u00f3n QP\",\"@id\":\"https:\\\/\\\/quehacerpolitico.mx\\\/#\\\/schema\\\/person\\\/496d8ad2d1d3f8036101dca7ee39e585\"},\"headline\":\"Internacionales\\\/\\\/\\\/Carolina Alonso Romei\\\/\\\/\\\/El papa Francisco pide a los sacerdotes liberarse de ego\u00edsmos y ambiciones\",\"datePublished\":\"2024-03-28T15:54:13+00:00\",\"dateModified\":\"2024-03-28T15:54:15+00:00\",\"mainEntityOfPage\":{\"@id\":\"https:\\\/\\\/quehacerpolitico.mx\\\/?p=108942\"},\"wordCount\":665,\"commentCount\":0,\"image\":{\"@id\":\"https:\\\/\\\/quehacerpolitico.mx\\\/?p=108942#primaryimage\"},\"thumbnailUrl\":\"https:\\\/\\\/quehacerpolitico.mx\\\/wp-content\\\/uploads\\\/2024\\\/03\\\/1b943dc5-a296-4481-bda2-91b9f6d70915-3.jpeg\",\"articleSection\":[\"Internacionales\"],\"inLanguage\":\"es\",\"potentialAction\":[{\"@type\":\"CommentAction\",\"name\":\"Comment\",\"target\":[\"https:\\\/\\\/quehacerpolitico.mx\\\/?p=108942#respond\"]}]},{\"@type\":\"WebPage\",\"@id\":\"https:\\\/\\\/quehacerpolitico.mx\\\/?p=108942\",\"url\":\"https:\\\/\\\/quehacerpolitico.mx\\\/?p=108942\",\"name\":\"Internacionales\\\/\\\/\\\/Carolina Alonso Romei\\\/\\\/\\\/El papa Francisco pide a los sacerdotes liberarse de ego\u00edsmos y ambiciones -\",\"isPartOf\":{\"@id\":\"https:\\\/\\\/quehacerpolitico.mx\\\/#website\"},\"primaryImageOfPage\":{\"@id\":\"https:\\\/\\\/quehacerpolitico.mx\\\/?p=108942#primaryimage\"},\"image\":{\"@id\":\"https:\\\/\\\/quehacerpolitico.mx\\\/?p=108942#primaryimage\"},\"thumbnailUrl\":\"https:\\\/\\\/quehacerpolitico.mx\\\/wp-content\\\/uploads\\\/2024\\\/03\\\/1b943dc5-a296-4481-bda2-91b9f6d70915-3.jpeg\",\"datePublished\":\"2024-03-28T15:54:13+00:00\",\"dateModified\":\"2024-03-28T15:54:15+00:00\",\"author\":{\"@id\":\"https:\\\/\\\/quehacerpolitico.mx\\\/#\\\/schema\\\/person\\\/496d8ad2d1d3f8036101dca7ee39e585\"},\"breadcrumb\":{\"@id\":\"https:\\\/\\\/quehacerpolitico.mx\\\/?p=108942#breadcrumb\"},\"inLanguage\":\"es\",\"potentialAction\":[{\"@type\":\"ReadAction\",\"target\":[\"https:\\\/\\\/quehacerpolitico.mx\\\/?p=108942\"]}]},{\"@type\":\"ImageObject\",\"inLanguage\":\"es\",\"@id\":\"https:\\\/\\\/quehacerpolitico.mx\\\/?p=108942#primaryimage\",\"url\":\"https:\\\/\\\/quehacerpolitico.mx\\\/wp-content\\\/uploads\\\/2024\\\/03\\\/1b943dc5-a296-4481-bda2-91b9f6d70915-3.jpeg\",\"contentUrl\":\"https:\\\/\\\/quehacerpolitico.mx\\\/wp-content\\\/uploads\\\/2024\\\/03\\\/1b943dc5-a296-4481-bda2-91b9f6d70915-3.jpeg\",\"width\":963,\"height\":493},{\"@type\":\"BreadcrumbList\",\"@id\":\"https:\\\/\\\/quehacerpolitico.mx\\\/?p=108942#breadcrumb\",\"itemListElement\":[{\"@type\":\"ListItem\",\"position\":1,\"name\":\"Inicio\",\"item\":\"https:\\\/\\\/quehacerpolitico.mx\\\/\"},{\"@type\":\"ListItem\",\"position\":2,\"name\":\"Internacionales\\\/\\\/\\\/Carolina Alonso Romei\\\/\\\/\\\/El papa Francisco pide a los sacerdotes liberarse de ego\u00edsmos y ambiciones\"}]},{\"@type\":\"WebSite\",\"@id\":\"https:\\\/\\\/quehacerpolitico.mx\\\/#website\",\"url\":\"https:\\\/\\\/quehacerpolitico.mx\\\/\",\"name\":\"\",\"description\":\"\",\"potentialAction\":[{\"@type\":\"SearchAction\",\"target\":{\"@type\":\"EntryPoint\",\"urlTemplate\":\"https:\\\/\\\/quehacerpolitico.mx\\\/?s={search_term_string}\"},\"query-input\":{\"@type\":\"PropertyValueSpecification\",\"valueRequired\":true,\"valueName\":\"search_term_string\"}}],\"inLanguage\":\"es\"},{\"@type\":\"Person\",\"@id\":\"https:\\\/\\\/quehacerpolitico.mx\\\/#\\\/schema\\\/person\\\/496d8ad2d1d3f8036101dca7ee39e585\",\"name\":\"Redacci\u00f3n QP\",\"image\":{\"@type\":\"ImageObject\",\"inLanguage\":\"es\",\"@id\":\"https:\\\/\\\/secure.gravatar.com\\\/avatar\\\/c7164ed6fdec453195284ad24a5ae5b6e1eed2b848477fa2a4787ba9adf39a41?s=96&d=mm&r=g\",\"url\":\"https:\\\/\\\/secure.gravatar.com\\\/avatar\\\/c7164ed6fdec453195284ad24a5ae5b6e1eed2b848477fa2a4787ba9adf39a41?s=96&d=mm&r=g\",\"contentUrl\":\"https:\\\/\\\/secure.gravatar.com\\\/avatar\\\/c7164ed6fdec453195284ad24a5ae5b6e1eed2b848477fa2a4787ba9adf39a41?s=96&d=mm&r=g\",\"caption\":\"Redacci\u00f3n QP\"},\"url\":\"https:\\\/\\\/quehacerpolitico.mx\\\/?author=2\"}]}<\/script>\n<!-- \/ Yoast SEO plugin. -->","yoast_head_json":{"title":"Internacionales\/\/\/Carolina Alonso Romei\/\/\/El papa Francisco pide a los sacerdotes liberarse de ego\u00edsmos y ambiciones -","robots":{"index":"index","follow":"follow","max-snippet":"max-snippet:-1","max-image-preview":"max-image-preview:large","max-video-preview":"max-video-preview:-1"},"canonical":"https:\/\/quehacerpolitico.mx\/?p=108942","og_locale":"es_MX","og_type":"article","og_title":"Internacionales\/\/\/Carolina Alonso Romei\/\/\/El papa Francisco pide a los sacerdotes liberarse de ego\u00edsmos y ambiciones -","og_description":"Por Carolina Alonso Romei Internacionalista El santo padre celebr\u00f3 la\u00a0misa Crismal, dedicada a la instituci\u00f3n...","og_url":"https:\/\/quehacerpolitico.mx\/?p=108942","article_published_time":"2024-03-28T15:54:13+00:00","article_modified_time":"2024-03-28T15:54:15+00:00","og_image":[{"width":963,"height":493,"url":"https:\/\/quehacerpolitico.mx\/wp-content\/uploads\/2024\/03\/1b943dc5-a296-4481-bda2-91b9f6d70915-3.jpeg","type":"image\/jpeg"}],"author":"Redacci\u00f3n QP","twitter_card":"summary_large_image","twitter_misc":{"Escrito por":"Redacci\u00f3n QP","Tiempo de lectura":"3 minutos"},"schema":{"@context":"https:\/\/schema.org","@graph":[{"@type":"Article","@id":"https:\/\/quehacerpolitico.mx\/?p=108942#article","isPartOf":{"@id":"https:\/\/quehacerpolitico.mx\/?p=108942"},"author":{"name":"Redacci\u00f3n QP","@id":"https:\/\/quehacerpolitico.mx\/#\/schema\/person\/496d8ad2d1d3f8036101dca7ee39e585"},"headline":"Internacionales\/\/\/Carolina Alonso Romei\/\/\/El papa Francisco pide a los sacerdotes liberarse de ego\u00edsmos y ambiciones","datePublished":"2024-03-28T15:54:13+00:00","dateModified":"2024-03-28T15:54:15+00:00","mainEntityOfPage":{"@id":"https:\/\/quehacerpolitico.mx\/?p=108942"},"wordCount":665,"commentCount":0,"image":{"@id":"https:\/\/quehacerpolitico.mx\/?p=108942#primaryimage"},"thumbnailUrl":"https:\/\/quehacerpolitico.mx\/wp-content\/uploads\/2024\/03\/1b943dc5-a296-4481-bda2-91b9f6d70915-3.jpeg","articleSection":["Internacionales"],"inLanguage":"es","potentialAction":[{"@type":"CommentAction","name":"Comment","target":["https:\/\/quehacerpolitico.mx\/?p=108942#respond"]}]},{"@type":"WebPage","@id":"https:\/\/quehacerpolitico.mx\/?p=108942","url":"https:\/\/quehacerpolitico.mx\/?p=108942","name":"Internacionales\/\/\/Carolina Alonso Romei\/\/\/El papa Francisco pide a los sacerdotes liberarse de ego\u00edsmos y ambiciones -","isPartOf":{"@id":"https:\/\/quehacerpolitico.mx\/#website"},"primaryImageOfPage":{"@id":"https:\/\/quehacerpolitico.mx\/?p=108942#primaryimage"},"image":{"@id":"https:\/\/quehacerpolitico.mx\/?p=108942#primaryimage"},"thumbnailUrl":"https:\/\/quehacerpolitico.mx\/wp-content\/uploads\/2024\/03\/1b943dc5-a296-4481-bda2-91b9f6d70915-3.jpeg","datePublished":"2024-03-28T15:54:13+00:00","dateModified":"2024-03-28T15:54:15+00:00","author":{"@id":"https:\/\/quehacerpolitico.mx\/#\/schema\/person\/496d8ad2d1d3f8036101dca7ee39e585"},"breadcrumb":{"@id":"https:\/\/quehacerpolitico.mx\/?p=108942#breadcrumb"},"inLanguage":"es","potentialAction":[{"@type":"ReadAction","target":["https:\/\/quehacerpolitico.mx\/?p=108942"]}]},{"@type":"ImageObject","inLanguage":"es","@id":"https:\/\/quehacerpolitico.mx\/?p=108942#primaryimage","url":"https:\/\/quehacerpolitico.mx\/wp-content\/uploads\/2024\/03\/1b943dc5-a296-4481-bda2-91b9f6d70915-3.jpeg","contentUrl":"https:\/\/quehacerpolitico.mx\/wp-content\/uploads\/2024\/03\/1b943dc5-a296-4481-bda2-91b9f6d70915-3.jpeg","width":963,"height":493},{"@type":"BreadcrumbList","@id":"https:\/\/quehacerpolitico.mx\/?p=108942#breadcrumb","itemListElement":[{"@type":"ListItem","position":1,"name":"Inicio","item":"https:\/\/quehacerpolitico.mx\/"},{"@type":"ListItem","position":2,"name":"Internacionales\/\/\/Carolina Alonso Romei\/\/\/El papa Francisco pide a los sacerdotes liberarse de ego\u00edsmos y ambiciones"}]},{"@type":"WebSite","@id":"https:\/\/quehacerpolitico.mx\/#website","url":"https:\/\/quehacerpolitico.mx\/","name":"","description":"","potentialAction":[{"@type":"SearchAction","target":{"@type":"EntryPoint","urlTemplate":"https:\/\/quehacerpolitico.mx\/?s={search_term_string}"},"query-input":{"@type":"PropertyValueSpecification","valueRequired":true,"valueName":"search_term_string"}}],"inLanguage":"es"},{"@type":"Person","@id":"https:\/\/quehacerpolitico.mx\/#\/schema\/person\/496d8ad2d1d3f8036101dca7ee39e585","name":"Redacci\u00f3n QP","image":{"@type":"ImageObject","inLanguage":"es","@id":"https:\/\/secure.gravatar.com\/avatar\/c7164ed6fdec453195284ad24a5ae5b6e1eed2b848477fa2a4787ba9adf39a41?s=96&d=mm&r=g","url":"https:\/\/secure.gravatar.com\/avatar\/c7164ed6fdec453195284ad24a5ae5b6e1eed2b848477fa2a4787ba9adf39a41?s=96&d=mm&r=g","contentUrl":"https:\/\/secure.gravatar.com\/avatar\/c7164ed6fdec453195284ad24a5ae5b6e1eed2b848477fa2a4787ba9adf39a41?s=96&d=mm&r=g","caption":"Redacci\u00f3n QP"},"url":"https:\/\/quehacerpolitico.mx\/?author=2"}]}},"featured_image_urls":{"full":["https:\/\/quehacerpolitico.mx\/wp-content\/uploads\/2024\/03\/1b943dc5-a296-4481-bda2-91b9f6d70915-3.jpeg",963,493,false],"thumbnail":["https:\/\/quehacerpolitico.mx\/wp-content\/uploads\/2024\/03\/1b943dc5-a296-4481-bda2-91b9f6d70915-3-150x150.jpeg",150,150,true],"medium":["https:\/\/quehacerpolitico.mx\/wp-content\/uploads\/2024\/03\/1b943dc5-a296-4481-bda2-91b9f6d70915-3-300x154.jpeg",300,154,true],"medium_large":["https:\/\/quehacerpolitico.mx\/wp-content\/uploads\/2024\/03\/1b943dc5-a296-4481-bda2-91b9f6d70915-3-768x393.jpeg",640,328,true],"large":["https:\/\/quehacerpolitico.mx\/wp-content\/uploads\/2024\/03\/1b943dc5-a296-4481-bda2-91b9f6d70915-3.jpeg",640,328,false],"1536x1536":["https:\/\/quehacerpolitico.mx\/wp-content\/uploads\/2024\/03\/1b943dc5-a296-4481-bda2-91b9f6d70915-3.jpeg",963,493,false],"2048x2048":["https:\/\/quehacerpolitico.mx\/wp-content\/uploads\/2024\/03\/1b943dc5-a296-4481-bda2-91b9f6d70915-3.jpeg",963,493,false],"covernews-featured":["https:\/\/quehacerpolitico.mx\/wp-content\/uploads\/2024\/03\/1b943dc5-a296-4481-bda2-91b9f6d70915-3.jpeg",963,493,false],"covernews-medium":["https:\/\/quehacerpolitico.mx\/wp-content\/uploads\/2024\/03\/1b943dc5-a296-4481-bda2-91b9f6d70915-3.jpeg",540,276,false]},"author_info":{"display_name":"Redacci\u00f3n QP","author_link":"https:\/\/quehacerpolitico.mx\/?author=2"},"category_info":"<a href=\"https:\/\/quehacerpolitico.mx\/?cat=1\" rel=\"category\">Internacionales<\/a>","tag_info":"Internacionales","comment_count":"0","_links":{"self":[{"href":"https:\/\/quehacerpolitico.mx\/index.php?rest_route=\/wp\/v2\/posts\/108942","targetHints":{"allow":["GET"]}}],"collection":[{"href":"https:\/\/quehacerpolitico.mx\/index.php?rest_route=\/wp\/v2\/posts"}],"about":[{"href":"https:\/\/quehacerpolitico.mx\/index.php?rest_route=\/wp\/v2\/types\/post"}],"author":[{"embeddable":true,"href":"https:\/\/quehacerpolitico.mx\/index.php?rest_route=\/wp\/v2\/users\/2"}],"replies":[{"embeddable":true,"href":"https:\/\/quehacerpolitico.mx\/index.php?rest_route=%2Fwp%2Fv2%2Fcomments&post=108942"}],"version-history":[{"count":1,"href":"https:\/\/quehacerpolitico.mx\/index.php?rest_route=\/wp\/v2\/posts\/108942\/revisions"}],"predecessor-version":[{"id":108945,"href":"https:\/\/quehacerpolitico.mx\/index.php?rest_route=\/wp\/v2\/posts\/108942\/revisions\/108945"}],"wp:featuredmedia":[{"embeddable":true,"href":"https:\/\/quehacerpolitico.mx\/index.php?rest_route=\/wp\/v2\/media\/108944"}],"wp:attachment":[{"href":"https:\/\/quehacerpolitico.mx\/index.php?rest_route=%2Fwp%2Fv2%2Fmedia&parent=108942"}],"wp:term":[{"taxonomy":"category","embeddable":true,"href":"https:\/\/quehacerpolitico.mx\/index.php?rest_route=%2Fwp%2Fv2%2Fcategories&post=108942"},{"taxonomy":"post_tag","embeddable":true,"href":"https:\/\/quehacerpolitico.mx\/index.php?rest_route=%2Fwp%2Fv2%2Ftags&post=108942"}],"curies":[{"name":"wp","href":"https:\/\/api.w.org\/{rel}","templated":true}]}}