{"id":108905,"date":"2024-03-26T18:27:55","date_gmt":"2024-03-26T18:27:55","guid":{"rendered":"https:\/\/quehacerpolitico.mx\/?p=108905"},"modified":"2024-03-26T18:27:57","modified_gmt":"2024-03-26T18:27:57","slug":"investigan-descarrilamiento-del-tren-maya-fue-algo-intencional-o-un-error-dice-amlo","status":"publish","type":"post","link":"https:\/\/quehacerpolitico.mx\/?p=108905","title":{"rendered":"Investigan descarrilamiento del Tren Maya fue algo &#8220;intencional&#8221; o &#8220;un error&#8221;, dice AMLO"},"content":{"rendered":"\n<p>Por Redacci\u00f3n QP<\/p>\n\n\n\n<p>De manera preliminar, el Presidente L\u00f3pez Obrador atribuy\u00f3 a un error humano el incidente ocurrido el lunes, pero pidi\u00f3 esperar a que termine la indagatoria<\/p>\n\n\n\n<p>Este martes, el presidente L\u00f3pez Obrador inform\u00f3 que se lleva a cabo una investigaci\u00f3n sobre el descarrilamiento de ayer del Tren Maya, pues se busca el conocer si fue por un error en el cambio de v\u00eda o el accidente fue de manera intencional.<\/p>\n\n\n\n<figure class=\"wp-block-embed is-type-rich is-provider-twitter wp-block-embed-twitter\"><div class=\"wp-block-embed__wrapper\">\n<blockquote class=\"twitter-tweet\" data-width=\"550\" data-dnt=\"true\"><p lang=\"es\" dir=\"ltr\">\ud83d\udd34 <a href=\"https:\/\/twitter.com\/hashtag\/%C3%9ALTIMAHORA?src=hash&amp;ref_src=twsrc%5Etfw\">#\u00daLTIMAHORA<\/a> I Reportan descarrilamiento del Tren Maya en un tramo de Yucat\u00e1n.<br><br>\ud83d\udcf9<a href=\"https:\/\/twitter.com\/janupi?ref_src=twsrc%5Etfw\">@janupi<\/a><a href=\"https:\/\/t.co\/E4UPLqJ66x\">pic.twitter.com\/E4UPLqJ66x<\/a><\/p>&mdash; Ruido en la Red (@RuidoEnLaRed) <a href=\"https:\/\/twitter.com\/RuidoEnLaRed\/status\/1772349469910065208?ref_src=twsrc%5Etfw\">March 25, 2024<\/a><\/blockquote><script async src=\"https:\/\/platform.twitter.com\/widgets.js\" charset=\"utf-8\"><\/script>\n<\/div><\/figure>\n\n\n\n<p><mark><strong>&#8220;Se est\u00e1 haciendo una investigaci\u00f3n, porque s\u00ed est\u00e1 raro. Hubo en la estaci\u00f3n un error humano, no hubo un cambio de v\u00eda, no se llev\u00f3 a cabo un cambio en un aparato de v\u00eda, y se est\u00e1 buscando s\u00ed fue algo intencional o fue un error de los responsables del manejo de las v\u00edas&#8221;,<\/strong><\/mark>\u00a0dijo el Mandatario.<\/p>\n\n\n\n<figure class=\"wp-block-image size-full\"><img loading=\"lazy\" decoding=\"async\" width=\"862\" height=\"1024\" src=\"https:\/\/quehacerpolitico.mx\/wp-content\/uploads\/2024\/03\/image-46.jpeg\" alt=\"\" class=\"wp-image-108906\" srcset=\"https:\/\/quehacerpolitico.mx\/wp-content\/uploads\/2024\/03\/image-46.jpeg 862w, https:\/\/quehacerpolitico.mx\/wp-content\/uploads\/2024\/03\/image-46-253x300.jpeg 253w, https:\/\/quehacerpolitico.mx\/wp-content\/uploads\/2024\/03\/image-46-768x912.jpeg 768w, https:\/\/quehacerpolitico.mx\/wp-content\/uploads\/2024\/03\/image-46-123x146.jpeg 123w, https:\/\/quehacerpolitico.mx\/wp-content\/uploads\/2024\/03\/image-46-42x50.jpeg 42w, https:\/\/quehacerpolitico.mx\/wp-content\/uploads\/2024\/03\/image-46-63x75.jpeg 63w\" sizes=\"auto, (max-width: 862px) 100vw, 862px\" \/><\/figure>\n\n\n\n<p>Adem\u00e1s, de manera preliminar, L\u00f3pez Obrador atribuy\u00f3 a un error humano el descarrilamiento del\u00a0Tren Maya, pero pidi\u00f3 esperar a que termine la investigaci\u00f3n.<\/p>\n\n\n\n<p>&#8220;Afortunadamente, fue en la estaci\u00f3n. Si tiene un sistema de seguridad el Tren que funcion\u00f3 y por eso afortunadamente no hubo heridos, ni desgracias lamentables, se est\u00e1 haciendo la investigaci\u00f3n y vamos a ver qu\u00e9 fue lo que pas\u00f3&#8221;.<\/p>\n\n\n\n<figure class=\"wp-block-embed is-type-rich is-provider-twitter wp-block-embed-twitter\"><div class=\"wp-block-embed__wrapper\">\n<blockquote class=\"twitter-tweet\" data-width=\"550\" data-dnt=\"true\"><p lang=\"es\" dir=\"ltr\">Se investiga si descarrilamiento de <a href=\"https:\/\/twitter.com\/hashtag\/TrenMaya?src=hash&amp;ref_src=twsrc%5Etfw\">#TrenMaya<\/a> fue algo &quot;intencional&quot; o &quot;un error&quot;, dice AMLO <a href=\"https:\/\/t.co\/gzTHO41cKY\">pic.twitter.com\/gzTHO41cKY<\/a><\/p>&mdash; Manuel Lopez San Martin (@MLopezSanMartin) <a href=\"https:\/\/twitter.com\/MLopezSanMartin\/status\/1772628645707657430?ref_src=twsrc%5Etfw\">March 26, 2024<\/a><\/blockquote><script async src=\"https:\/\/platform.twitter.com\/widgets.js\" charset=\"utf-8\"><\/script>\n<\/div><\/figure>\n\n\n\n<p>Ayer, tras 100 d\u00edas de operaci\u00f3n el Tren Maya \u2013uno de los proyectos de infraestructura emblem\u00e1ticos de la actual administraci\u00f3n-,\u00a0<mark><strong>un vag\u00f3n se sali\u00f3 de las v\u00edas al llegar a la estaci\u00f3n e Tixkokob, en Yucat\u00e1n, cuando se dirig\u00eda hacia la estaci\u00f3n Canc\u00fan-Aeropuerto, en Quintana Roo,<\/strong><\/mark>\u00a0dentro del Tramo 4 del megaproyecto, cuya construcci\u00f3n a\u00fan no concluye.<\/p>\n\n\n\n<p>La empresa del Tren Maya, que administra la Secretar\u00eda de la Defensa Nacional, inform\u00f3 que el hecho se registr\u00f3 a las 09:30 horas cuando al ingresar a la estaci\u00f3n Tixkokob, los 3 primeros vagones del tren D006 pasaron un cambio de v\u00edas a una velocidad aproximada de 10 km\/h, sali\u00e9ndose de las v\u00edas el cuarto vag\u00f3n.<\/p>\n\n\n\n<figure class=\"wp-block-image size-large\"><img loading=\"lazy\" decoding=\"async\" width=\"791\" height=\"1024\" src=\"https:\/\/quehacerpolitico.mx\/wp-content\/uploads\/2024\/03\/image-48-791x1024.jpeg\" alt=\"\" class=\"wp-image-108909\" srcset=\"https:\/\/quehacerpolitico.mx\/wp-content\/uploads\/2024\/03\/image-48-791x1024.jpeg 791w, https:\/\/quehacerpolitico.mx\/wp-content\/uploads\/2024\/03\/image-48-232x300.jpeg 232w, https:\/\/quehacerpolitico.mx\/wp-content\/uploads\/2024\/03\/image-48-768x994.jpeg 768w, https:\/\/quehacerpolitico.mx\/wp-content\/uploads\/2024\/03\/image-48-1187x1536.jpeg 1187w, https:\/\/quehacerpolitico.mx\/wp-content\/uploads\/2024\/03\/image-48-113x146.jpeg 113w, https:\/\/quehacerpolitico.mx\/wp-content\/uploads\/2024\/03\/image-48-39x50.jpeg 39w, https:\/\/quehacerpolitico.mx\/wp-content\/uploads\/2024\/03\/image-48-58x75.jpeg 58w, https:\/\/quehacerpolitico.mx\/wp-content\/uploads\/2024\/03\/image-48.jpeg 1236w\" sizes=\"auto, (max-width: 791px) 100vw, 791px\" \/><\/figure>\n\n\n\n<figure class=\"wp-block-image size-large\"><img loading=\"lazy\" decoding=\"async\" width=\"827\" height=\"1024\" src=\"https:\/\/quehacerpolitico.mx\/wp-content\/uploads\/2024\/03\/image-47-827x1024.jpeg\" alt=\"\" class=\"wp-image-108907\" srcset=\"https:\/\/quehacerpolitico.mx\/wp-content\/uploads\/2024\/03\/image-47-827x1024.jpeg 827w, https:\/\/quehacerpolitico.mx\/wp-content\/uploads\/2024\/03\/image-47-242x300.jpeg 242w, https:\/\/quehacerpolitico.mx\/wp-content\/uploads\/2024\/03\/image-47-768x951.jpeg 768w, https:\/\/quehacerpolitico.mx\/wp-content\/uploads\/2024\/03\/image-47-118x146.jpeg 118w, https:\/\/quehacerpolitico.mx\/wp-content\/uploads\/2024\/03\/image-47-40x50.jpeg 40w, https:\/\/quehacerpolitico.mx\/wp-content\/uploads\/2024\/03\/image-47-61x75.jpeg 61w, https:\/\/quehacerpolitico.mx\/wp-content\/uploads\/2024\/03\/image-47.jpeg 1125w\" sizes=\"auto, (max-width: 827px) 100vw, 827px\" \/><\/figure>\n\n\n\n<p>&#8220;Se integr\u00f3 una Comisi\u00f3n Dictaminadora que&nbsp;<mark><strong>ya est\u00e1 realizando una investigaci\u00f3n exhaustiva del hecho para determinar sus causas y prevenir cualquier situaci\u00f3n similar que pudiera comprometer el servicio del Tren Maya&#8221;,<\/strong><\/mark>&nbsp;dijo.<\/p>\n","protected":false},"excerpt":{"rendered":"<p>Por Redacci\u00f3n QP De manera preliminar, el Presidente L\u00f3pez Obrador atribuy\u00f3 a un error humano&#8230;<\/p>\n","protected":false},"author":2,"featured_media":108908,"comment_status":"open","ping_status":"open","sticky":false,"template":"","format":"standard","meta":{"_monsterinsights_skip_tracking":false,"_monsterinsights_sitenote_active":false,"_monsterinsights_sitenote_note":"","_monsterinsights_sitenote_category":0,"footnotes":""},"categories":[2],"tags":[],"class_list":["post-108905","post","type-post","status-publish","format-standard","has-post-thumbnail","hentry","category-noticias"],"yoast_head":"<!-- This site is optimized with the Yoast SEO plugin v27.3 - https:\/\/yoast.com\/product\/yoast-seo-wordpress\/ -->\n<title>Investigan descarrilamiento del Tren Maya fue algo &quot;intencional&quot; o &quot;un error&quot;, dice AMLO -<\/title>\n<meta name=\"robots\" content=\"index, follow, max-snippet:-1, max-image-preview:large, max-video-preview:-1\" \/>\n<link rel=\"canonical\" href=\"https:\/\/quehacerpolitico.mx\/?p=108905\" \/>\n<meta property=\"og:locale\" content=\"es_MX\" \/>\n<meta property=\"og:type\" content=\"article\" \/>\n<meta property=\"og:title\" content=\"Investigan descarrilamiento del Tren Maya fue algo &quot;intencional&quot; o &quot;un error&quot;, dice AMLO -\" \/>\n<meta property=\"og:description\" content=\"Por Redacci\u00f3n QP De manera preliminar, el Presidente L\u00f3pez Obrador atribuy\u00f3 a un error humano...\" \/>\n<meta property=\"og:url\" content=\"https:\/\/quehacerpolitico.mx\/?p=108905\" \/>\n<meta property=\"article:published_time\" content=\"2024-03-26T18:27:55+00:00\" \/>\n<meta property=\"article:modified_time\" content=\"2024-03-26T18:27:57+00:00\" \/>\n<meta property=\"og:image\" content=\"https:\/\/quehacerpolitico.mx\/wp-content\/uploads\/2024\/03\/IMG_4496.jpeg\" \/>\n\t<meta property=\"og:image:width\" content=\"680\" \/>\n\t<meta property=\"og:image:height\" content=\"512\" \/>\n\t<meta property=\"og:image:type\" content=\"image\/jpeg\" \/>\n<meta name=\"author\" content=\"Redacci\u00f3n QP\" \/>\n<meta name=\"twitter:card\" content=\"summary_large_image\" \/>\n<meta name=\"twitter:label1\" content=\"Escrito por\" \/>\n\t<meta name=\"twitter:data1\" content=\"Redacci\u00f3n QP\" \/>\n\t<meta name=\"twitter:label2\" content=\"Tiempo de lectura\" \/>\n\t<meta name=\"twitter:data2\" content=\"2 minutos\" \/>\n<script type=\"application\/ld+json\" class=\"yoast-schema-graph\">{\"@context\":\"https:\\\/\\\/schema.org\",\"@graph\":[{\"@type\":\"Article\",\"@id\":\"https:\\\/\\\/quehacerpolitico.mx\\\/?p=108905#article\",\"isPartOf\":{\"@id\":\"https:\\\/\\\/quehacerpolitico.mx\\\/?p=108905\"},\"author\":{\"name\":\"Redacci\u00f3n QP\",\"@id\":\"https:\\\/\\\/quehacerpolitico.mx\\\/#\\\/schema\\\/person\\\/496d8ad2d1d3f8036101dca7ee39e585\"},\"headline\":\"Investigan descarrilamiento del Tren Maya fue algo &#8220;intencional&#8221; o &#8220;un error&#8221;, dice AMLO\",\"datePublished\":\"2024-03-26T18:27:55+00:00\",\"dateModified\":\"2024-03-26T18:27:57+00:00\",\"mainEntityOfPage\":{\"@id\":\"https:\\\/\\\/quehacerpolitico.mx\\\/?p=108905\"},\"wordCount\":407,\"commentCount\":0,\"image\":{\"@id\":\"https:\\\/\\\/quehacerpolitico.mx\\\/?p=108905#primaryimage\"},\"thumbnailUrl\":\"https:\\\/\\\/quehacerpolitico.mx\\\/wp-content\\\/uploads\\\/2024\\\/03\\\/IMG_4496.jpeg\",\"articleSection\":[\"Noticias\"],\"inLanguage\":\"es\",\"potentialAction\":[{\"@type\":\"CommentAction\",\"name\":\"Comment\",\"target\":[\"https:\\\/\\\/quehacerpolitico.mx\\\/?p=108905#respond\"]}]},{\"@type\":\"WebPage\",\"@id\":\"https:\\\/\\\/quehacerpolitico.mx\\\/?p=108905\",\"url\":\"https:\\\/\\\/quehacerpolitico.mx\\\/?p=108905\",\"name\":\"Investigan descarrilamiento del Tren Maya fue algo \\\"intencional\\\" o \\\"un error\\\", dice AMLO -\",\"isPartOf\":{\"@id\":\"https:\\\/\\\/quehacerpolitico.mx\\\/#website\"},\"primaryImageOfPage\":{\"@id\":\"https:\\\/\\\/quehacerpolitico.mx\\\/?p=108905#primaryimage\"},\"image\":{\"@id\":\"https:\\\/\\\/quehacerpolitico.mx\\\/?p=108905#primaryimage\"},\"thumbnailUrl\":\"https:\\\/\\\/quehacerpolitico.mx\\\/wp-content\\\/uploads\\\/2024\\\/03\\\/IMG_4496.jpeg\",\"datePublished\":\"2024-03-26T18:27:55+00:00\",\"dateModified\":\"2024-03-26T18:27:57+00:00\",\"author\":{\"@id\":\"https:\\\/\\\/quehacerpolitico.mx\\\/#\\\/schema\\\/person\\\/496d8ad2d1d3f8036101dca7ee39e585\"},\"breadcrumb\":{\"@id\":\"https:\\\/\\\/quehacerpolitico.mx\\\/?p=108905#breadcrumb\"},\"inLanguage\":\"es\",\"potentialAction\":[{\"@type\":\"ReadAction\",\"target\":[\"https:\\\/\\\/quehacerpolitico.mx\\\/?p=108905\"]}]},{\"@type\":\"ImageObject\",\"inLanguage\":\"es\",\"@id\":\"https:\\\/\\\/quehacerpolitico.mx\\\/?p=108905#primaryimage\",\"url\":\"https:\\\/\\\/quehacerpolitico.mx\\\/wp-content\\\/uploads\\\/2024\\\/03\\\/IMG_4496.jpeg\",\"contentUrl\":\"https:\\\/\\\/quehacerpolitico.mx\\\/wp-content\\\/uploads\\\/2024\\\/03\\\/IMG_4496.jpeg\",\"width\":680,\"height\":512},{\"@type\":\"BreadcrumbList\",\"@id\":\"https:\\\/\\\/quehacerpolitico.mx\\\/?p=108905#breadcrumb\",\"itemListElement\":[{\"@type\":\"ListItem\",\"position\":1,\"name\":\"Inicio\",\"item\":\"https:\\\/\\\/quehacerpolitico.mx\\\/\"},{\"@type\":\"ListItem\",\"position\":2,\"name\":\"Investigan descarrilamiento del Tren Maya fue algo &#8220;intencional&#8221; o &#8220;un error&#8221;, dice AMLO\"}]},{\"@type\":\"WebSite\",\"@id\":\"https:\\\/\\\/quehacerpolitico.mx\\\/#website\",\"url\":\"https:\\\/\\\/quehacerpolitico.mx\\\/\",\"name\":\"\",\"description\":\"\",\"potentialAction\":[{\"@type\":\"SearchAction\",\"target\":{\"@type\":\"EntryPoint\",\"urlTemplate\":\"https:\\\/\\\/quehacerpolitico.mx\\\/?s={search_term_string}\"},\"query-input\":{\"@type\":\"PropertyValueSpecification\",\"valueRequired\":true,\"valueName\":\"search_term_string\"}}],\"inLanguage\":\"es\"},{\"@type\":\"Person\",\"@id\":\"https:\\\/\\\/quehacerpolitico.mx\\\/#\\\/schema\\\/person\\\/496d8ad2d1d3f8036101dca7ee39e585\",\"name\":\"Redacci\u00f3n QP\",\"image\":{\"@type\":\"ImageObject\",\"inLanguage\":\"es\",\"@id\":\"https:\\\/\\\/secure.gravatar.com\\\/avatar\\\/c7164ed6fdec453195284ad24a5ae5b6e1eed2b848477fa2a4787ba9adf39a41?s=96&d=mm&r=g\",\"url\":\"https:\\\/\\\/secure.gravatar.com\\\/avatar\\\/c7164ed6fdec453195284ad24a5ae5b6e1eed2b848477fa2a4787ba9adf39a41?s=96&d=mm&r=g\",\"contentUrl\":\"https:\\\/\\\/secure.gravatar.com\\\/avatar\\\/c7164ed6fdec453195284ad24a5ae5b6e1eed2b848477fa2a4787ba9adf39a41?s=96&d=mm&r=g\",\"caption\":\"Redacci\u00f3n QP\"},\"url\":\"https:\\\/\\\/quehacerpolitico.mx\\\/?author=2\"}]}<\/script>\n<!-- \/ Yoast SEO plugin. -->","yoast_head_json":{"title":"Investigan descarrilamiento del Tren Maya fue algo \"intencional\" o \"un error\", dice AMLO -","robots":{"index":"index","follow":"follow","max-snippet":"max-snippet:-1","max-image-preview":"max-image-preview:large","max-video-preview":"max-video-preview:-1"},"canonical":"https:\/\/quehacerpolitico.mx\/?p=108905","og_locale":"es_MX","og_type":"article","og_title":"Investigan descarrilamiento del Tren Maya fue algo \"intencional\" o \"un error\", dice AMLO -","og_description":"Por Redacci\u00f3n QP De manera preliminar, el Presidente L\u00f3pez Obrador atribuy\u00f3 a un error humano...","og_url":"https:\/\/quehacerpolitico.mx\/?p=108905","article_published_time":"2024-03-26T18:27:55+00:00","article_modified_time":"2024-03-26T18:27:57+00:00","og_image":[{"width":680,"height":512,"url":"https:\/\/quehacerpolitico.mx\/wp-content\/uploads\/2024\/03\/IMG_4496.jpeg","type":"image\/jpeg"}],"author":"Redacci\u00f3n QP","twitter_card":"summary_large_image","twitter_misc":{"Escrito por":"Redacci\u00f3n QP","Tiempo de lectura":"2 minutos"},"schema":{"@context":"https:\/\/schema.org","@graph":[{"@type":"Article","@id":"https:\/\/quehacerpolitico.mx\/?p=108905#article","isPartOf":{"@id":"https:\/\/quehacerpolitico.mx\/?p=108905"},"author":{"name":"Redacci\u00f3n QP","@id":"https:\/\/quehacerpolitico.mx\/#\/schema\/person\/496d8ad2d1d3f8036101dca7ee39e585"},"headline":"Investigan descarrilamiento del Tren Maya fue algo &#8220;intencional&#8221; o &#8220;un error&#8221;, dice AMLO","datePublished":"2024-03-26T18:27:55+00:00","dateModified":"2024-03-26T18:27:57+00:00","mainEntityOfPage":{"@id":"https:\/\/quehacerpolitico.mx\/?p=108905"},"wordCount":407,"commentCount":0,"image":{"@id":"https:\/\/quehacerpolitico.mx\/?p=108905#primaryimage"},"thumbnailUrl":"https:\/\/quehacerpolitico.mx\/wp-content\/uploads\/2024\/03\/IMG_4496.jpeg","articleSection":["Noticias"],"inLanguage":"es","potentialAction":[{"@type":"CommentAction","name":"Comment","target":["https:\/\/quehacerpolitico.mx\/?p=108905#respond"]}]},{"@type":"WebPage","@id":"https:\/\/quehacerpolitico.mx\/?p=108905","url":"https:\/\/quehacerpolitico.mx\/?p=108905","name":"Investigan descarrilamiento del Tren Maya fue algo \"intencional\" o \"un error\", dice AMLO -","isPartOf":{"@id":"https:\/\/quehacerpolitico.mx\/#website"},"primaryImageOfPage":{"@id":"https:\/\/quehacerpolitico.mx\/?p=108905#primaryimage"},"image":{"@id":"https:\/\/quehacerpolitico.mx\/?p=108905#primaryimage"},"thumbnailUrl":"https:\/\/quehacerpolitico.mx\/wp-content\/uploads\/2024\/03\/IMG_4496.jpeg","datePublished":"2024-03-26T18:27:55+00:00","dateModified":"2024-03-26T18:27:57+00:00","author":{"@id":"https:\/\/quehacerpolitico.mx\/#\/schema\/person\/496d8ad2d1d3f8036101dca7ee39e585"},"breadcrumb":{"@id":"https:\/\/quehacerpolitico.mx\/?p=108905#breadcrumb"},"inLanguage":"es","potentialAction":[{"@type":"ReadAction","target":["https:\/\/quehacerpolitico.mx\/?p=108905"]}]},{"@type":"ImageObject","inLanguage":"es","@id":"https:\/\/quehacerpolitico.mx\/?p=108905#primaryimage","url":"https:\/\/quehacerpolitico.mx\/wp-content\/uploads\/2024\/03\/IMG_4496.jpeg","contentUrl":"https:\/\/quehacerpolitico.mx\/wp-content\/uploads\/2024\/03\/IMG_4496.jpeg","width":680,"height":512},{"@type":"BreadcrumbList","@id":"https:\/\/quehacerpolitico.mx\/?p=108905#breadcrumb","itemListElement":[{"@type":"ListItem","position":1,"name":"Inicio","item":"https:\/\/quehacerpolitico.mx\/"},{"@type":"ListItem","position":2,"name":"Investigan descarrilamiento del Tren Maya fue algo &#8220;intencional&#8221; o &#8220;un error&#8221;, dice AMLO"}]},{"@type":"WebSite","@id":"https:\/\/quehacerpolitico.mx\/#website","url":"https:\/\/quehacerpolitico.mx\/","name":"","description":"","potentialAction":[{"@type":"SearchAction","target":{"@type":"EntryPoint","urlTemplate":"https:\/\/quehacerpolitico.mx\/?s={search_term_string}"},"query-input":{"@type":"PropertyValueSpecification","valueRequired":true,"valueName":"search_term_string"}}],"inLanguage":"es"},{"@type":"Person","@id":"https:\/\/quehacerpolitico.mx\/#\/schema\/person\/496d8ad2d1d3f8036101dca7ee39e585","name":"Redacci\u00f3n QP","image":{"@type":"ImageObject","inLanguage":"es","@id":"https:\/\/secure.gravatar.com\/avatar\/c7164ed6fdec453195284ad24a5ae5b6e1eed2b848477fa2a4787ba9adf39a41?s=96&d=mm&r=g","url":"https:\/\/secure.gravatar.com\/avatar\/c7164ed6fdec453195284ad24a5ae5b6e1eed2b848477fa2a4787ba9adf39a41?s=96&d=mm&r=g","contentUrl":"https:\/\/secure.gravatar.com\/avatar\/c7164ed6fdec453195284ad24a5ae5b6e1eed2b848477fa2a4787ba9adf39a41?s=96&d=mm&r=g","caption":"Redacci\u00f3n QP"},"url":"https:\/\/quehacerpolitico.mx\/?author=2"}]}},"featured_image_urls":{"full":["https:\/\/quehacerpolitico.mx\/wp-content\/uploads\/2024\/03\/IMG_4496.jpeg",680,512,false],"thumbnail":["https:\/\/quehacerpolitico.mx\/wp-content\/uploads\/2024\/03\/IMG_4496-150x150.jpeg",150,150,true],"medium":["https:\/\/quehacerpolitico.mx\/wp-content\/uploads\/2024\/03\/IMG_4496-300x226.jpeg",300,226,true],"medium_large":["https:\/\/quehacerpolitico.mx\/wp-content\/uploads\/2024\/03\/IMG_4496.jpeg",640,482,false],"large":["https:\/\/quehacerpolitico.mx\/wp-content\/uploads\/2024\/03\/IMG_4496.jpeg",640,482,false],"1536x1536":["https:\/\/quehacerpolitico.mx\/wp-content\/uploads\/2024\/03\/IMG_4496.jpeg",680,512,false],"2048x2048":["https:\/\/quehacerpolitico.mx\/wp-content\/uploads\/2024\/03\/IMG_4496.jpeg",680,512,false],"covernews-featured":["https:\/\/quehacerpolitico.mx\/wp-content\/uploads\/2024\/03\/IMG_4496.jpeg",680,512,false],"covernews-medium":["https:\/\/quehacerpolitico.mx\/wp-content\/uploads\/2024\/03\/IMG_4496.jpeg",452,340,false]},"author_info":{"display_name":"Redacci\u00f3n QP","author_link":"https:\/\/quehacerpolitico.mx\/?author=2"},"category_info":"<a href=\"https:\/\/quehacerpolitico.mx\/?cat=2\" rel=\"category\">Noticias<\/a>","tag_info":"Noticias","comment_count":"0","_links":{"self":[{"href":"https:\/\/quehacerpolitico.mx\/index.php?rest_route=\/wp\/v2\/posts\/108905","targetHints":{"allow":["GET"]}}],"collection":[{"href":"https:\/\/quehacerpolitico.mx\/index.php?rest_route=\/wp\/v2\/posts"}],"about":[{"href":"https:\/\/quehacerpolitico.mx\/index.php?rest_route=\/wp\/v2\/types\/post"}],"author":[{"embeddable":true,"href":"https:\/\/quehacerpolitico.mx\/index.php?rest_route=\/wp\/v2\/users\/2"}],"replies":[{"embeddable":true,"href":"https:\/\/quehacerpolitico.mx\/index.php?rest_route=%2Fwp%2Fv2%2Fcomments&post=108905"}],"version-history":[{"count":1,"href":"https:\/\/quehacerpolitico.mx\/index.php?rest_route=\/wp\/v2\/posts\/108905\/revisions"}],"predecessor-version":[{"id":108910,"href":"https:\/\/quehacerpolitico.mx\/index.php?rest_route=\/wp\/v2\/posts\/108905\/revisions\/108910"}],"wp:featuredmedia":[{"embeddable":true,"href":"https:\/\/quehacerpolitico.mx\/index.php?rest_route=\/wp\/v2\/media\/108908"}],"wp:attachment":[{"href":"https:\/\/quehacerpolitico.mx\/index.php?rest_route=%2Fwp%2Fv2%2Fmedia&parent=108905"}],"wp:term":[{"taxonomy":"category","embeddable":true,"href":"https:\/\/quehacerpolitico.mx\/index.php?rest_route=%2Fwp%2Fv2%2Fcategories&post=108905"},{"taxonomy":"post_tag","embeddable":true,"href":"https:\/\/quehacerpolitico.mx\/index.php?rest_route=%2Fwp%2Fv2%2Ftags&post=108905"}],"curies":[{"name":"wp","href":"https:\/\/api.w.org\/{rel}","templated":true}]}}