{"id":108877,"date":"2024-03-25T17:29:21","date_gmt":"2024-03-25T17:29:21","guid":{"rendered":"https:\/\/quehacerpolitico.mx\/?p=108877"},"modified":"2024-03-25T17:29:23","modified_gmt":"2024-03-25T17:29:23","slug":"el-secuestro-masivo-de-66-personas-en-sinaloa-fue-por-una-confrontacion-de-bandas-asegura-amlo","status":"publish","type":"post","link":"https:\/\/quehacerpolitico.mx\/?p=108877","title":{"rendered":"El secuestro masivo de 66 personas en Sinaloa fue por una &#8220;confrontaci\u00f3n de bandas&#8221;, asegura AMLO"},"content":{"rendered":"\n<p>Por Redacci\u00f3n QP<\/p>\n\n\n\n<p>El presidente L\u00f3pez Obrador inform\u00f3 que al menos mil 800 soldados mantienen un operativo en Sinaloa, tras el secuestro de 66 personas<\/p>\n\n\n\n<p>El presidente mexicano,\u00a0<strong>Andres Manuel\u00a0L\u00f3pez Obrador<\/strong>, inform\u00f3 que al menos\u00a0<strong>mil 800 soldados<\/strong>\u00a0mantienen un operativo en\u00a0<strong>Sinaloa<\/strong>\u00a0para buscar a las ocho v\u00edctimas restantes de un\u00a0<strong>secuestro masivo<\/strong>\u00a0de 66 personas en\u00a0<strong>Culiac\u00e1n<\/strong>, aunque reconoci\u00f3 que solo hay 3 detenidos por el caso.<\/p>\n\n\n\n<p>Hay mil 800 elementos de las Fuerzas Armadas en este operativo. Hubo un enfrentamiento, lamentablemente perdi\u00f3 la vida un soldado y se detuvieron a tres personas\u201d, apunt\u00f3 el mandatario durante su rueda de prensa matutina.<\/p>\n\n\n\n<p>El gobernante mexicano atribuy\u00f3 a un enfrentamiento de bandas el secuestro de 66 personas el pasado viernes por presuntos integrantes de grupos criminales, aunque durante el\u00a0s\u00e1bado y el domingo aparecieron 58, entre ellos 22 ni\u00f1as y ni\u00f1os.<\/p>\n\n\n\n<figure class=\"wp-block-embed is-type-rich is-provider-twitter wp-block-embed-twitter\"><div class=\"wp-block-embed__wrapper\">\n<blockquote class=\"twitter-tweet\" data-width=\"550\" data-dnt=\"true\"><p lang=\"es\" dir=\"ltr\">. <a href=\"https:\/\/twitter.com\/lopezobrador_?ref_src=twsrc%5Etfw\">@lopezobrador_<\/a> inform\u00f3 que la mayor\u00eda de las 66 personas secuestradas en <a href=\"https:\/\/twitter.com\/hashtag\/Sinaloa?src=hash&amp;ref_src=twsrc%5Etfw\">#Sinaloa<\/a> desde el viernes pasado, ya fueron localizadas.<br><br>&quot;Es una confrotaci\u00f3n de bandas&quot; <a href=\"https:\/\/t.co\/IHOI00YaFg\">pic.twitter.com\/IHOI00YaFg<\/a><\/p>&mdash; Ruido en la Red (@RuidoEnLaRed) <a href=\"https:\/\/twitter.com\/RuidoEnLaRed\/status\/1772276979032596752?ref_src=twsrc%5Etfw\">March 25, 2024<\/a><\/blockquote><script async src=\"https:\/\/platform.twitter.com\/widgets.js\" charset=\"utf-8\"><\/script>\n<\/div><\/figure>\n\n\n\n<p>El gobernador de Sinaloa,&nbsp;<strong>Rub\u00e9n Rocha Moya<\/strong>, reconoci\u00f3 el fin de semana el apoyo de fuerzas federales, como el Ej\u00e9rcito Mexicano, y la Guardia Nacional, en la b\u00fasqueda de las personas desaparecidas, aunque se\u00f1al\u00f3 que el n\u00famero ascend\u00eda a poco m\u00e1s de 900 elementos.<\/p>\n\n\n\n<p>L\u00f3pez Obrador no detall\u00f3 qu\u00e9 grupos estaban involucrados, aunque el principal grupo en el estado es el&nbsp;<strong>C\u00e1rtel de Sinaloa<\/strong>.<\/p>\n\n\n\n<p>Celebr\u00f3 que hayan aparecido paulatinamente las personas secuestradas.<\/p>\n\n\n\n<p>\u201cY eso es lo que deseamos, que aparezcan todos y se est\u00e1 actuando desde el primer momento\u201d, enfatiz\u00f3.<\/p>\n\n\n\n<p>Asimismo, confirm\u00f3 que tras el secuestro hubo un enfrentamiento entre grupos criminales y Fuerzas Armadas, en el que muri\u00f3 un soldado y un polic\u00eda result\u00f3 herido.<\/p>\n\n\n\n<p>Finalmente, dijo a los familiares de las personas que permanecen secuestradas que se est\u00e1 trabajando en la b\u00fasqueda.<\/p>\n\n\n\n<p>\u201cYa se tiene la identidad de algunos de los ocho, afortunadamente no hay menores de edad\u201d, enfatiz\u00f3.<\/p>\n\n\n\n<p>El domingo, autoridades estatales informaron que en total se hab\u00edan localizado a 58 personas de las 66 secuestradas, aunque el secretario de Seguridad P\u00fablica del estado,<strong>&nbsp;Gerardo M\u00e9rida S\u00e1nchez<\/strong>, se\u00f1al\u00f3 que no pod\u00edan hablar de forma estricta de un secuestro, pues quienes aparecieron no han interpuesto denuncia alguna.<\/p>\n\n\n\n<p>Los hechos ocurren luego de que la semana pasada autoridades informaran del asesinato de\u00a0<strong>Samuel Ibarra Peralta<\/strong>, alias\u00a0<em><strong>El P\u00eda<\/strong><\/em>, l\u00edder o \u2018jefe de plaza\u2019 de\u00a0<strong>Los Chapitos<\/strong>\u00a0o La Chapiza del\u00a0<strong>C\u00e1rtel de Sinaloa<\/strong>\u00a0en Sonora y Baja California, estados en la frontera noroeste de M\u00e9xico con Estados Unidos, en medio de una disputa de bandas.<\/p>\n\n\n\n<p>Con informaci\u00f3n de EFE<\/p>\n","protected":false},"excerpt":{"rendered":"<p>Por Redacci\u00f3n QP El presidente L\u00f3pez Obrador inform\u00f3 que al menos mil 800 soldados mantienen&#8230;<\/p>\n","protected":false},"author":2,"featured_media":108878,"comment_status":"open","ping_status":"open","sticky":false,"template":"","format":"standard","meta":{"_monsterinsights_skip_tracking":false,"_monsterinsights_sitenote_active":false,"_monsterinsights_sitenote_note":"","_monsterinsights_sitenote_category":0,"footnotes":""},"categories":[2],"tags":[],"class_list":["post-108877","post","type-post","status-publish","format-standard","has-post-thumbnail","hentry","category-noticias"],"yoast_head":"<!-- This site is optimized with the Yoast SEO plugin v27.3 - https:\/\/yoast.com\/product\/yoast-seo-wordpress\/ -->\n<title>El secuestro masivo de 66 personas en Sinaloa fue por una &quot;confrontaci\u00f3n de bandas&quot;, asegura AMLO -<\/title>\n<meta name=\"robots\" content=\"index, follow, max-snippet:-1, max-image-preview:large, max-video-preview:-1\" \/>\n<link rel=\"canonical\" href=\"https:\/\/quehacerpolitico.mx\/?p=108877\" \/>\n<meta property=\"og:locale\" content=\"es_MX\" \/>\n<meta property=\"og:type\" content=\"article\" \/>\n<meta property=\"og:title\" content=\"El secuestro masivo de 66 personas en Sinaloa fue por una &quot;confrontaci\u00f3n de bandas&quot;, asegura AMLO -\" \/>\n<meta property=\"og:description\" content=\"Por Redacci\u00f3n QP El presidente L\u00f3pez Obrador inform\u00f3 que al menos mil 800 soldados mantienen...\" \/>\n<meta property=\"og:url\" content=\"https:\/\/quehacerpolitico.mx\/?p=108877\" \/>\n<meta property=\"article:published_time\" content=\"2024-03-25T17:29:21+00:00\" \/>\n<meta property=\"article:modified_time\" content=\"2024-03-25T17:29:23+00:00\" \/>\n<meta property=\"og:image\" content=\"https:\/\/quehacerpolitico.mx\/wp-content\/uploads\/2024\/03\/IMG_4476.jpeg\" \/>\n\t<meta property=\"og:image:width\" content=\"1284\" \/>\n\t<meta property=\"og:image:height\" content=\"708\" \/>\n\t<meta property=\"og:image:type\" content=\"image\/jpeg\" \/>\n<meta name=\"author\" content=\"Redacci\u00f3n QP\" \/>\n<meta name=\"twitter:card\" content=\"summary_large_image\" \/>\n<meta name=\"twitter:label1\" content=\"Escrito por\" \/>\n\t<meta name=\"twitter:data1\" content=\"Redacci\u00f3n QP\" \/>\n\t<meta name=\"twitter:label2\" content=\"Tiempo de lectura\" \/>\n\t<meta name=\"twitter:data2\" content=\"2 minutos\" \/>\n<script type=\"application\/ld+json\" class=\"yoast-schema-graph\">{\"@context\":\"https:\\\/\\\/schema.org\",\"@graph\":[{\"@type\":\"Article\",\"@id\":\"https:\\\/\\\/quehacerpolitico.mx\\\/?p=108877#article\",\"isPartOf\":{\"@id\":\"https:\\\/\\\/quehacerpolitico.mx\\\/?p=108877\"},\"author\":{\"name\":\"Redacci\u00f3n QP\",\"@id\":\"https:\\\/\\\/quehacerpolitico.mx\\\/#\\\/schema\\\/person\\\/496d8ad2d1d3f8036101dca7ee39e585\"},\"headline\":\"El secuestro masivo de 66 personas en Sinaloa fue por una &#8220;confrontaci\u00f3n de bandas&#8221;, asegura AMLO\",\"datePublished\":\"2024-03-25T17:29:21+00:00\",\"dateModified\":\"2024-03-25T17:29:23+00:00\",\"mainEntityOfPage\":{\"@id\":\"https:\\\/\\\/quehacerpolitico.mx\\\/?p=108877\"},\"wordCount\":451,\"commentCount\":0,\"image\":{\"@id\":\"https:\\\/\\\/quehacerpolitico.mx\\\/?p=108877#primaryimage\"},\"thumbnailUrl\":\"https:\\\/\\\/quehacerpolitico.mx\\\/wp-content\\\/uploads\\\/2024\\\/03\\\/IMG_4476.jpeg\",\"articleSection\":[\"Noticias\"],\"inLanguage\":\"es\",\"potentialAction\":[{\"@type\":\"CommentAction\",\"name\":\"Comment\",\"target\":[\"https:\\\/\\\/quehacerpolitico.mx\\\/?p=108877#respond\"]}]},{\"@type\":\"WebPage\",\"@id\":\"https:\\\/\\\/quehacerpolitico.mx\\\/?p=108877\",\"url\":\"https:\\\/\\\/quehacerpolitico.mx\\\/?p=108877\",\"name\":\"El secuestro masivo de 66 personas en Sinaloa fue por una \\\"confrontaci\u00f3n de bandas\\\", asegura AMLO -\",\"isPartOf\":{\"@id\":\"https:\\\/\\\/quehacerpolitico.mx\\\/#website\"},\"primaryImageOfPage\":{\"@id\":\"https:\\\/\\\/quehacerpolitico.mx\\\/?p=108877#primaryimage\"},\"image\":{\"@id\":\"https:\\\/\\\/quehacerpolitico.mx\\\/?p=108877#primaryimage\"},\"thumbnailUrl\":\"https:\\\/\\\/quehacerpolitico.mx\\\/wp-content\\\/uploads\\\/2024\\\/03\\\/IMG_4476.jpeg\",\"datePublished\":\"2024-03-25T17:29:21+00:00\",\"dateModified\":\"2024-03-25T17:29:23+00:00\",\"author\":{\"@id\":\"https:\\\/\\\/quehacerpolitico.mx\\\/#\\\/schema\\\/person\\\/496d8ad2d1d3f8036101dca7ee39e585\"},\"breadcrumb\":{\"@id\":\"https:\\\/\\\/quehacerpolitico.mx\\\/?p=108877#breadcrumb\"},\"inLanguage\":\"es\",\"potentialAction\":[{\"@type\":\"ReadAction\",\"target\":[\"https:\\\/\\\/quehacerpolitico.mx\\\/?p=108877\"]}]},{\"@type\":\"ImageObject\",\"inLanguage\":\"es\",\"@id\":\"https:\\\/\\\/quehacerpolitico.mx\\\/?p=108877#primaryimage\",\"url\":\"https:\\\/\\\/quehacerpolitico.mx\\\/wp-content\\\/uploads\\\/2024\\\/03\\\/IMG_4476.jpeg\",\"contentUrl\":\"https:\\\/\\\/quehacerpolitico.mx\\\/wp-content\\\/uploads\\\/2024\\\/03\\\/IMG_4476.jpeg\",\"width\":1284,\"height\":708},{\"@type\":\"BreadcrumbList\",\"@id\":\"https:\\\/\\\/quehacerpolitico.mx\\\/?p=108877#breadcrumb\",\"itemListElement\":[{\"@type\":\"ListItem\",\"position\":1,\"name\":\"Inicio\",\"item\":\"https:\\\/\\\/quehacerpolitico.mx\\\/\"},{\"@type\":\"ListItem\",\"position\":2,\"name\":\"El secuestro masivo de 66 personas en Sinaloa fue por una &#8220;confrontaci\u00f3n de bandas&#8221;, asegura AMLO\"}]},{\"@type\":\"WebSite\",\"@id\":\"https:\\\/\\\/quehacerpolitico.mx\\\/#website\",\"url\":\"https:\\\/\\\/quehacerpolitico.mx\\\/\",\"name\":\"\",\"description\":\"\",\"potentialAction\":[{\"@type\":\"SearchAction\",\"target\":{\"@type\":\"EntryPoint\",\"urlTemplate\":\"https:\\\/\\\/quehacerpolitico.mx\\\/?s={search_term_string}\"},\"query-input\":{\"@type\":\"PropertyValueSpecification\",\"valueRequired\":true,\"valueName\":\"search_term_string\"}}],\"inLanguage\":\"es\"},{\"@type\":\"Person\",\"@id\":\"https:\\\/\\\/quehacerpolitico.mx\\\/#\\\/schema\\\/person\\\/496d8ad2d1d3f8036101dca7ee39e585\",\"name\":\"Redacci\u00f3n QP\",\"image\":{\"@type\":\"ImageObject\",\"inLanguage\":\"es\",\"@id\":\"https:\\\/\\\/secure.gravatar.com\\\/avatar\\\/c7164ed6fdec453195284ad24a5ae5b6e1eed2b848477fa2a4787ba9adf39a41?s=96&d=mm&r=g\",\"url\":\"https:\\\/\\\/secure.gravatar.com\\\/avatar\\\/c7164ed6fdec453195284ad24a5ae5b6e1eed2b848477fa2a4787ba9adf39a41?s=96&d=mm&r=g\",\"contentUrl\":\"https:\\\/\\\/secure.gravatar.com\\\/avatar\\\/c7164ed6fdec453195284ad24a5ae5b6e1eed2b848477fa2a4787ba9adf39a41?s=96&d=mm&r=g\",\"caption\":\"Redacci\u00f3n QP\"},\"url\":\"https:\\\/\\\/quehacerpolitico.mx\\\/?author=2\"}]}<\/script>\n<!-- \/ Yoast SEO plugin. -->","yoast_head_json":{"title":"El secuestro masivo de 66 personas en Sinaloa fue por una \"confrontaci\u00f3n de bandas\", asegura AMLO -","robots":{"index":"index","follow":"follow","max-snippet":"max-snippet:-1","max-image-preview":"max-image-preview:large","max-video-preview":"max-video-preview:-1"},"canonical":"https:\/\/quehacerpolitico.mx\/?p=108877","og_locale":"es_MX","og_type":"article","og_title":"El secuestro masivo de 66 personas en Sinaloa fue por una \"confrontaci\u00f3n de bandas\", asegura AMLO -","og_description":"Por Redacci\u00f3n QP El presidente L\u00f3pez Obrador inform\u00f3 que al menos mil 800 soldados mantienen...","og_url":"https:\/\/quehacerpolitico.mx\/?p=108877","article_published_time":"2024-03-25T17:29:21+00:00","article_modified_time":"2024-03-25T17:29:23+00:00","og_image":[{"width":1284,"height":708,"url":"https:\/\/quehacerpolitico.mx\/wp-content\/uploads\/2024\/03\/IMG_4476.jpeg","type":"image\/jpeg"}],"author":"Redacci\u00f3n QP","twitter_card":"summary_large_image","twitter_misc":{"Escrito por":"Redacci\u00f3n QP","Tiempo de lectura":"2 minutos"},"schema":{"@context":"https:\/\/schema.org","@graph":[{"@type":"Article","@id":"https:\/\/quehacerpolitico.mx\/?p=108877#article","isPartOf":{"@id":"https:\/\/quehacerpolitico.mx\/?p=108877"},"author":{"name":"Redacci\u00f3n QP","@id":"https:\/\/quehacerpolitico.mx\/#\/schema\/person\/496d8ad2d1d3f8036101dca7ee39e585"},"headline":"El secuestro masivo de 66 personas en Sinaloa fue por una &#8220;confrontaci\u00f3n de bandas&#8221;, asegura AMLO","datePublished":"2024-03-25T17:29:21+00:00","dateModified":"2024-03-25T17:29:23+00:00","mainEntityOfPage":{"@id":"https:\/\/quehacerpolitico.mx\/?p=108877"},"wordCount":451,"commentCount":0,"image":{"@id":"https:\/\/quehacerpolitico.mx\/?p=108877#primaryimage"},"thumbnailUrl":"https:\/\/quehacerpolitico.mx\/wp-content\/uploads\/2024\/03\/IMG_4476.jpeg","articleSection":["Noticias"],"inLanguage":"es","potentialAction":[{"@type":"CommentAction","name":"Comment","target":["https:\/\/quehacerpolitico.mx\/?p=108877#respond"]}]},{"@type":"WebPage","@id":"https:\/\/quehacerpolitico.mx\/?p=108877","url":"https:\/\/quehacerpolitico.mx\/?p=108877","name":"El secuestro masivo de 66 personas en Sinaloa fue por una \"confrontaci\u00f3n de bandas\", asegura AMLO -","isPartOf":{"@id":"https:\/\/quehacerpolitico.mx\/#website"},"primaryImageOfPage":{"@id":"https:\/\/quehacerpolitico.mx\/?p=108877#primaryimage"},"image":{"@id":"https:\/\/quehacerpolitico.mx\/?p=108877#primaryimage"},"thumbnailUrl":"https:\/\/quehacerpolitico.mx\/wp-content\/uploads\/2024\/03\/IMG_4476.jpeg","datePublished":"2024-03-25T17:29:21+00:00","dateModified":"2024-03-25T17:29:23+00:00","author":{"@id":"https:\/\/quehacerpolitico.mx\/#\/schema\/person\/496d8ad2d1d3f8036101dca7ee39e585"},"breadcrumb":{"@id":"https:\/\/quehacerpolitico.mx\/?p=108877#breadcrumb"},"inLanguage":"es","potentialAction":[{"@type":"ReadAction","target":["https:\/\/quehacerpolitico.mx\/?p=108877"]}]},{"@type":"ImageObject","inLanguage":"es","@id":"https:\/\/quehacerpolitico.mx\/?p=108877#primaryimage","url":"https:\/\/quehacerpolitico.mx\/wp-content\/uploads\/2024\/03\/IMG_4476.jpeg","contentUrl":"https:\/\/quehacerpolitico.mx\/wp-content\/uploads\/2024\/03\/IMG_4476.jpeg","width":1284,"height":708},{"@type":"BreadcrumbList","@id":"https:\/\/quehacerpolitico.mx\/?p=108877#breadcrumb","itemListElement":[{"@type":"ListItem","position":1,"name":"Inicio","item":"https:\/\/quehacerpolitico.mx\/"},{"@type":"ListItem","position":2,"name":"El secuestro masivo de 66 personas en Sinaloa fue por una &#8220;confrontaci\u00f3n de bandas&#8221;, asegura AMLO"}]},{"@type":"WebSite","@id":"https:\/\/quehacerpolitico.mx\/#website","url":"https:\/\/quehacerpolitico.mx\/","name":"","description":"","potentialAction":[{"@type":"SearchAction","target":{"@type":"EntryPoint","urlTemplate":"https:\/\/quehacerpolitico.mx\/?s={search_term_string}"},"query-input":{"@type":"PropertyValueSpecification","valueRequired":true,"valueName":"search_term_string"}}],"inLanguage":"es"},{"@type":"Person","@id":"https:\/\/quehacerpolitico.mx\/#\/schema\/person\/496d8ad2d1d3f8036101dca7ee39e585","name":"Redacci\u00f3n QP","image":{"@type":"ImageObject","inLanguage":"es","@id":"https:\/\/secure.gravatar.com\/avatar\/c7164ed6fdec453195284ad24a5ae5b6e1eed2b848477fa2a4787ba9adf39a41?s=96&d=mm&r=g","url":"https:\/\/secure.gravatar.com\/avatar\/c7164ed6fdec453195284ad24a5ae5b6e1eed2b848477fa2a4787ba9adf39a41?s=96&d=mm&r=g","contentUrl":"https:\/\/secure.gravatar.com\/avatar\/c7164ed6fdec453195284ad24a5ae5b6e1eed2b848477fa2a4787ba9adf39a41?s=96&d=mm&r=g","caption":"Redacci\u00f3n QP"},"url":"https:\/\/quehacerpolitico.mx\/?author=2"}]}},"featured_image_urls":{"full":["https:\/\/quehacerpolitico.mx\/wp-content\/uploads\/2024\/03\/IMG_4476.jpeg",1284,708,false],"thumbnail":["https:\/\/quehacerpolitico.mx\/wp-content\/uploads\/2024\/03\/IMG_4476-150x150.jpeg",150,150,true],"medium":["https:\/\/quehacerpolitico.mx\/wp-content\/uploads\/2024\/03\/IMG_4476-300x165.jpeg",300,165,true],"medium_large":["https:\/\/quehacerpolitico.mx\/wp-content\/uploads\/2024\/03\/IMG_4476-768x423.jpeg",640,353,true],"large":["https:\/\/quehacerpolitico.mx\/wp-content\/uploads\/2024\/03\/IMG_4476-1024x565.jpeg",640,353,true],"1536x1536":["https:\/\/quehacerpolitico.mx\/wp-content\/uploads\/2024\/03\/IMG_4476.jpeg",1284,708,false],"2048x2048":["https:\/\/quehacerpolitico.mx\/wp-content\/uploads\/2024\/03\/IMG_4476.jpeg",1284,708,false],"covernews-featured":["https:\/\/quehacerpolitico.mx\/wp-content\/uploads\/2024\/03\/IMG_4476.jpeg",1024,565,false],"covernews-medium":["https:\/\/quehacerpolitico.mx\/wp-content\/uploads\/2024\/03\/IMG_4476.jpeg",540,298,false]},"author_info":{"display_name":"Redacci\u00f3n QP","author_link":"https:\/\/quehacerpolitico.mx\/?author=2"},"category_info":"<a href=\"https:\/\/quehacerpolitico.mx\/?cat=2\" rel=\"category\">Noticias<\/a>","tag_info":"Noticias","comment_count":"0","_links":{"self":[{"href":"https:\/\/quehacerpolitico.mx\/index.php?rest_route=\/wp\/v2\/posts\/108877","targetHints":{"allow":["GET"]}}],"collection":[{"href":"https:\/\/quehacerpolitico.mx\/index.php?rest_route=\/wp\/v2\/posts"}],"about":[{"href":"https:\/\/quehacerpolitico.mx\/index.php?rest_route=\/wp\/v2\/types\/post"}],"author":[{"embeddable":true,"href":"https:\/\/quehacerpolitico.mx\/index.php?rest_route=\/wp\/v2\/users\/2"}],"replies":[{"embeddable":true,"href":"https:\/\/quehacerpolitico.mx\/index.php?rest_route=%2Fwp%2Fv2%2Fcomments&post=108877"}],"version-history":[{"count":1,"href":"https:\/\/quehacerpolitico.mx\/index.php?rest_route=\/wp\/v2\/posts\/108877\/revisions"}],"predecessor-version":[{"id":108879,"href":"https:\/\/quehacerpolitico.mx\/index.php?rest_route=\/wp\/v2\/posts\/108877\/revisions\/108879"}],"wp:featuredmedia":[{"embeddable":true,"href":"https:\/\/quehacerpolitico.mx\/index.php?rest_route=\/wp\/v2\/media\/108878"}],"wp:attachment":[{"href":"https:\/\/quehacerpolitico.mx\/index.php?rest_route=%2Fwp%2Fv2%2Fmedia&parent=108877"}],"wp:term":[{"taxonomy":"category","embeddable":true,"href":"https:\/\/quehacerpolitico.mx\/index.php?rest_route=%2Fwp%2Fv2%2Fcategories&post=108877"},{"taxonomy":"post_tag","embeddable":true,"href":"https:\/\/quehacerpolitico.mx\/index.php?rest_route=%2Fwp%2Fv2%2Ftags&post=108877"}],"curies":[{"name":"wp","href":"https:\/\/api.w.org\/{rel}","templated":true}]}}