{"id":108871,"date":"2024-03-25T15:19:09","date_gmt":"2024-03-25T15:19:09","guid":{"rendered":"https:\/\/quehacerpolitico.mx\/?p=108871"},"modified":"2024-03-25T15:19:12","modified_gmt":"2024-03-25T15:19:12","slug":"el-quehacer-politico-jose-alberto-prado-angeles-el-carnal-marcelo-fuego-amigo","status":"publish","type":"post","link":"https:\/\/quehacerpolitico.mx\/?p=108871","title":{"rendered":"El Quehacer Pol\u00edtico\/\/\/Jose Alberto Prado \u00c1ngeles\/\/\/El carnal Marcelo fuego amigo"},"content":{"rendered":"\n<p>Por Jos\u00e9 Alberto Prado Angeles<\/p>\n\n\n\n<p>Director General y Editor<\/p>\n\n\n\n<p>El ex canciller Marcelo Ebrard hab\u00eda estado muy calladito y de pronto aparece y \u201cle echa m\u00e1s le\u00f1a al fuego\u201d y eso no es una buena se\u00f1al.&nbsp;<\/p>\n\n\n\n<p>De la manera como se han desarrollado los \u00faltimos acontecimientos preelectorales en M\u00e9xico y Estados Unidos, el sentido com\u00fan nos habla de un panorama general de la siguiente manera: aqu\u00ed, Claudia Sheinbaum asumir\u00e1 la Presidencia, mientras que con los vecinos del norte Donald Trump estar\u00e1 regresando a la Casa Blanca. Y usando la l\u00f3gica -por los antecedentes- se esperar\u00eda una relaci\u00f3n bastante tensa entre ambos pa\u00edses.&nbsp;<\/p>\n\n\n\n<p>Solamente hay que recordar como Donald Trump nos \u201cendilgo\u201d -mediante amenazas arancelarias- a los migrantes rechazados por el sistema migratorio estadounidense con aquel programa \u201cQu\u00e9date en M\u00e9xico\u201d -del que Ebrard fue protagonista como intermediario-, que nos hizo aumentar la poblaci\u00f3n y los problemas a lo largo de la frontera. Tambi\u00e9n recordamos los \u201cagradables elogios\u201d de Trump sobre nuestros connacionales de quienes dijo son \u201ccriminales, drogadictos y violadores\u201d, y apenas la semana pasada volvi\u00f3 a calificarlos como \u201canimales\u201d, al decir \u201cno s\u00e9 si se les pueda llamar personas\u201d. Opin\u00f3 que \u201cen algunos casos no son personas\u201d.<\/p>\n\n\n\n<p>Marcelo Ebrard, quien ayer reapareci\u00f3 en foros importantes y asisti\u00f3 a la Cumbre de Capital Privado 2024 (Amexcap), despu\u00e9s de mucho tiempo no expresar opiniones de trascendencia -al irse de ermita\u00f1o al perder la nominaci\u00f3n morenista- dijo que en caso que Donald Trump regrese a la presidencia en Estados Unidos, \u201cM\u00e9xico tendr\u00e1 turbulencias, por lo que deber\u00e1 de abrocharse el cintur\u00f3n\u201d.<\/p>\n\n\n\n<p>Y en la misma conferencia, Ebrard hizo referencia a las intenciones del Gobierno de Texas de otorgar amplios poderes a la Polic\u00eda para arrestar a inmigrantes sospechosos de cruzar la frontera ilegalmente -ley que fue rechazada por un tribunal federal de apelaciones despu\u00e9s de que la Corte Suprema lo autorizara-. Ebrard dijo que \u201cresulta que te ponen una ley que dice, cualquier persona que entre a este pa\u00eds que no tenga sus documentos se convierte en delincuente. Nunca lo hab\u00edamos visto. Segundo, la autoridad puede detener detener a quien quiera, entonces, por tu aspecto, porque hablas espa\u00f1ol, te van a detener en la calle y llevarte a una estaci\u00f3n de Polic\u00eda detenido con tu familia para ver si tienes documentos, Entonces es inaceptable, yo digo que es un apartheid eso\u201d. (Apartheid: Sistema pol\u00edtico en Sud\u00e1frica que otorgaba privilegios a la minor\u00eda blanca y discriminaba a la poblaci\u00f3n negra, que ten\u00eda menos derechos.)<\/p>\n\n\n\n<p>Estos comentarios seguramente llegar\u00e1n a los o\u00eddos del ex presidente, y en caso de que llegue a la Casa Blanca y Ebrard ocupe un puesto en la administraci\u00f3n de Claudia, el ex canciller es el que deber\u00e1 \u201cabrocharse el cintur\u00f3n\u201d para enfrentar la \u201cturbulencia\u201d, adem\u00e1s de enfrentar el comentario de discriminaci\u00f3n, cuando la medida antiinmigrante viene del gobernador republicano Greg Abbott, un incondicional de Trump. Conociendo a Trump, eso es \u201cecharle le\u00f1a al fuego\u201d.<\/p>\n\n\n\n<p>As\u00ed el Quehacer Pol\u00edtico Desde 1980, inquiriendo en la pol\u00edtica de M\u00e9xico, cuestionando, exponiendo, revelando y razonando.Es cuanto.<\/p>\n","protected":false},"excerpt":{"rendered":"<p>Por Jos\u00e9 Alberto Prado Angeles Director General y Editor El ex canciller Marcelo Ebrard hab\u00eda&#8230;<\/p>\n","protected":false},"author":2,"featured_media":108872,"comment_status":"open","ping_status":"open","sticky":false,"template":"","format":"standard","meta":{"_monsterinsights_skip_tracking":false,"_monsterinsights_sitenote_active":false,"_monsterinsights_sitenote_note":"","_monsterinsights_sitenote_category":0,"footnotes":""},"categories":[2],"tags":[],"class_list":["post-108871","post","type-post","status-publish","format-standard","has-post-thumbnail","hentry","category-noticias"],"yoast_head":"<!-- This site is optimized with the Yoast SEO plugin v27.3 - https:\/\/yoast.com\/product\/yoast-seo-wordpress\/ -->\n<title>El Quehacer Pol\u00edtico\/\/\/Jose Alberto Prado \u00c1ngeles\/\/\/El carnal Marcelo fuego amigo -<\/title>\n<meta name=\"robots\" content=\"index, follow, max-snippet:-1, max-image-preview:large, max-video-preview:-1\" \/>\n<link rel=\"canonical\" href=\"https:\/\/quehacerpolitico.mx\/?p=108871\" \/>\n<meta property=\"og:locale\" content=\"es_MX\" \/>\n<meta property=\"og:type\" content=\"article\" \/>\n<meta property=\"og:title\" content=\"El Quehacer Pol\u00edtico\/\/\/Jose Alberto Prado \u00c1ngeles\/\/\/El carnal Marcelo fuego amigo -\" \/>\n<meta property=\"og:description\" content=\"Por Jos\u00e9 Alberto Prado Angeles Director General y Editor El ex canciller Marcelo Ebrard hab\u00eda...\" \/>\n<meta property=\"og:url\" content=\"https:\/\/quehacerpolitico.mx\/?p=108871\" \/>\n<meta property=\"article:published_time\" content=\"2024-03-25T15:19:09+00:00\" \/>\n<meta property=\"article:modified_time\" content=\"2024-03-25T15:19:12+00:00\" \/>\n<meta property=\"og:image\" content=\"https:\/\/quehacerpolitico.mx\/wp-content\/uploads\/2024\/03\/511bc7b1-f34b-4418-b917-5120714f846d-3.jpeg\" \/>\n\t<meta property=\"og:image:width\" content=\"963\" \/>\n\t<meta property=\"og:image:height\" content=\"493\" \/>\n\t<meta property=\"og:image:type\" content=\"image\/jpeg\" \/>\n<meta name=\"author\" content=\"Redacci\u00f3n QP\" \/>\n<meta name=\"twitter:card\" content=\"summary_large_image\" \/>\n<meta name=\"twitter:label1\" content=\"Escrito por\" \/>\n\t<meta name=\"twitter:data1\" content=\"Redacci\u00f3n QP\" \/>\n\t<meta name=\"twitter:label2\" content=\"Tiempo de lectura\" \/>\n\t<meta name=\"twitter:data2\" content=\"3 minutos\" \/>\n<script type=\"application\/ld+json\" class=\"yoast-schema-graph\">{\"@context\":\"https:\\\/\\\/schema.org\",\"@graph\":[{\"@type\":\"Article\",\"@id\":\"https:\\\/\\\/quehacerpolitico.mx\\\/?p=108871#article\",\"isPartOf\":{\"@id\":\"https:\\\/\\\/quehacerpolitico.mx\\\/?p=108871\"},\"author\":{\"name\":\"Redacci\u00f3n QP\",\"@id\":\"https:\\\/\\\/quehacerpolitico.mx\\\/#\\\/schema\\\/person\\\/496d8ad2d1d3f8036101dca7ee39e585\"},\"headline\":\"El Quehacer Pol\u00edtico\\\/\\\/\\\/Jose Alberto Prado \u00c1ngeles\\\/\\\/\\\/El carnal Marcelo fuego amigo\",\"datePublished\":\"2024-03-25T15:19:09+00:00\",\"dateModified\":\"2024-03-25T15:19:12+00:00\",\"mainEntityOfPage\":{\"@id\":\"https:\\\/\\\/quehacerpolitico.mx\\\/?p=108871\"},\"wordCount\":557,\"commentCount\":0,\"image\":{\"@id\":\"https:\\\/\\\/quehacerpolitico.mx\\\/?p=108871#primaryimage\"},\"thumbnailUrl\":\"https:\\\/\\\/quehacerpolitico.mx\\\/wp-content\\\/uploads\\\/2024\\\/03\\\/511bc7b1-f34b-4418-b917-5120714f846d-3.jpeg\",\"articleSection\":[\"Noticias\"],\"inLanguage\":\"es\",\"potentialAction\":[{\"@type\":\"CommentAction\",\"name\":\"Comment\",\"target\":[\"https:\\\/\\\/quehacerpolitico.mx\\\/?p=108871#respond\"]}]},{\"@type\":\"WebPage\",\"@id\":\"https:\\\/\\\/quehacerpolitico.mx\\\/?p=108871\",\"url\":\"https:\\\/\\\/quehacerpolitico.mx\\\/?p=108871\",\"name\":\"El Quehacer Pol\u00edtico\\\/\\\/\\\/Jose Alberto Prado \u00c1ngeles\\\/\\\/\\\/El carnal Marcelo fuego amigo -\",\"isPartOf\":{\"@id\":\"https:\\\/\\\/quehacerpolitico.mx\\\/#website\"},\"primaryImageOfPage\":{\"@id\":\"https:\\\/\\\/quehacerpolitico.mx\\\/?p=108871#primaryimage\"},\"image\":{\"@id\":\"https:\\\/\\\/quehacerpolitico.mx\\\/?p=108871#primaryimage\"},\"thumbnailUrl\":\"https:\\\/\\\/quehacerpolitico.mx\\\/wp-content\\\/uploads\\\/2024\\\/03\\\/511bc7b1-f34b-4418-b917-5120714f846d-3.jpeg\",\"datePublished\":\"2024-03-25T15:19:09+00:00\",\"dateModified\":\"2024-03-25T15:19:12+00:00\",\"author\":{\"@id\":\"https:\\\/\\\/quehacerpolitico.mx\\\/#\\\/schema\\\/person\\\/496d8ad2d1d3f8036101dca7ee39e585\"},\"breadcrumb\":{\"@id\":\"https:\\\/\\\/quehacerpolitico.mx\\\/?p=108871#breadcrumb\"},\"inLanguage\":\"es\",\"potentialAction\":[{\"@type\":\"ReadAction\",\"target\":[\"https:\\\/\\\/quehacerpolitico.mx\\\/?p=108871\"]}]},{\"@type\":\"ImageObject\",\"inLanguage\":\"es\",\"@id\":\"https:\\\/\\\/quehacerpolitico.mx\\\/?p=108871#primaryimage\",\"url\":\"https:\\\/\\\/quehacerpolitico.mx\\\/wp-content\\\/uploads\\\/2024\\\/03\\\/511bc7b1-f34b-4418-b917-5120714f846d-3.jpeg\",\"contentUrl\":\"https:\\\/\\\/quehacerpolitico.mx\\\/wp-content\\\/uploads\\\/2024\\\/03\\\/511bc7b1-f34b-4418-b917-5120714f846d-3.jpeg\",\"width\":963,\"height\":493},{\"@type\":\"BreadcrumbList\",\"@id\":\"https:\\\/\\\/quehacerpolitico.mx\\\/?p=108871#breadcrumb\",\"itemListElement\":[{\"@type\":\"ListItem\",\"position\":1,\"name\":\"Inicio\",\"item\":\"https:\\\/\\\/quehacerpolitico.mx\\\/\"},{\"@type\":\"ListItem\",\"position\":2,\"name\":\"El Quehacer Pol\u00edtico\\\/\\\/\\\/Jose Alberto Prado \u00c1ngeles\\\/\\\/\\\/El carnal Marcelo fuego amigo\"}]},{\"@type\":\"WebSite\",\"@id\":\"https:\\\/\\\/quehacerpolitico.mx\\\/#website\",\"url\":\"https:\\\/\\\/quehacerpolitico.mx\\\/\",\"name\":\"\",\"description\":\"\",\"potentialAction\":[{\"@type\":\"SearchAction\",\"target\":{\"@type\":\"EntryPoint\",\"urlTemplate\":\"https:\\\/\\\/quehacerpolitico.mx\\\/?s={search_term_string}\"},\"query-input\":{\"@type\":\"PropertyValueSpecification\",\"valueRequired\":true,\"valueName\":\"search_term_string\"}}],\"inLanguage\":\"es\"},{\"@type\":\"Person\",\"@id\":\"https:\\\/\\\/quehacerpolitico.mx\\\/#\\\/schema\\\/person\\\/496d8ad2d1d3f8036101dca7ee39e585\",\"name\":\"Redacci\u00f3n QP\",\"image\":{\"@type\":\"ImageObject\",\"inLanguage\":\"es\",\"@id\":\"https:\\\/\\\/secure.gravatar.com\\\/avatar\\\/c7164ed6fdec453195284ad24a5ae5b6e1eed2b848477fa2a4787ba9adf39a41?s=96&d=mm&r=g\",\"url\":\"https:\\\/\\\/secure.gravatar.com\\\/avatar\\\/c7164ed6fdec453195284ad24a5ae5b6e1eed2b848477fa2a4787ba9adf39a41?s=96&d=mm&r=g\",\"contentUrl\":\"https:\\\/\\\/secure.gravatar.com\\\/avatar\\\/c7164ed6fdec453195284ad24a5ae5b6e1eed2b848477fa2a4787ba9adf39a41?s=96&d=mm&r=g\",\"caption\":\"Redacci\u00f3n QP\"},\"url\":\"https:\\\/\\\/quehacerpolitico.mx\\\/?author=2\"}]}<\/script>\n<!-- \/ Yoast SEO plugin. -->","yoast_head_json":{"title":"El Quehacer Pol\u00edtico\/\/\/Jose Alberto Prado \u00c1ngeles\/\/\/El carnal Marcelo fuego amigo -","robots":{"index":"index","follow":"follow","max-snippet":"max-snippet:-1","max-image-preview":"max-image-preview:large","max-video-preview":"max-video-preview:-1"},"canonical":"https:\/\/quehacerpolitico.mx\/?p=108871","og_locale":"es_MX","og_type":"article","og_title":"El Quehacer Pol\u00edtico\/\/\/Jose Alberto Prado \u00c1ngeles\/\/\/El carnal Marcelo fuego amigo -","og_description":"Por Jos\u00e9 Alberto Prado Angeles Director General y Editor El ex canciller Marcelo Ebrard hab\u00eda...","og_url":"https:\/\/quehacerpolitico.mx\/?p=108871","article_published_time":"2024-03-25T15:19:09+00:00","article_modified_time":"2024-03-25T15:19:12+00:00","og_image":[{"width":963,"height":493,"url":"https:\/\/quehacerpolitico.mx\/wp-content\/uploads\/2024\/03\/511bc7b1-f34b-4418-b917-5120714f846d-3.jpeg","type":"image\/jpeg"}],"author":"Redacci\u00f3n QP","twitter_card":"summary_large_image","twitter_misc":{"Escrito por":"Redacci\u00f3n QP","Tiempo de lectura":"3 minutos"},"schema":{"@context":"https:\/\/schema.org","@graph":[{"@type":"Article","@id":"https:\/\/quehacerpolitico.mx\/?p=108871#article","isPartOf":{"@id":"https:\/\/quehacerpolitico.mx\/?p=108871"},"author":{"name":"Redacci\u00f3n QP","@id":"https:\/\/quehacerpolitico.mx\/#\/schema\/person\/496d8ad2d1d3f8036101dca7ee39e585"},"headline":"El Quehacer Pol\u00edtico\/\/\/Jose Alberto Prado \u00c1ngeles\/\/\/El carnal Marcelo fuego amigo","datePublished":"2024-03-25T15:19:09+00:00","dateModified":"2024-03-25T15:19:12+00:00","mainEntityOfPage":{"@id":"https:\/\/quehacerpolitico.mx\/?p=108871"},"wordCount":557,"commentCount":0,"image":{"@id":"https:\/\/quehacerpolitico.mx\/?p=108871#primaryimage"},"thumbnailUrl":"https:\/\/quehacerpolitico.mx\/wp-content\/uploads\/2024\/03\/511bc7b1-f34b-4418-b917-5120714f846d-3.jpeg","articleSection":["Noticias"],"inLanguage":"es","potentialAction":[{"@type":"CommentAction","name":"Comment","target":["https:\/\/quehacerpolitico.mx\/?p=108871#respond"]}]},{"@type":"WebPage","@id":"https:\/\/quehacerpolitico.mx\/?p=108871","url":"https:\/\/quehacerpolitico.mx\/?p=108871","name":"El Quehacer Pol\u00edtico\/\/\/Jose Alberto Prado \u00c1ngeles\/\/\/El carnal Marcelo fuego amigo -","isPartOf":{"@id":"https:\/\/quehacerpolitico.mx\/#website"},"primaryImageOfPage":{"@id":"https:\/\/quehacerpolitico.mx\/?p=108871#primaryimage"},"image":{"@id":"https:\/\/quehacerpolitico.mx\/?p=108871#primaryimage"},"thumbnailUrl":"https:\/\/quehacerpolitico.mx\/wp-content\/uploads\/2024\/03\/511bc7b1-f34b-4418-b917-5120714f846d-3.jpeg","datePublished":"2024-03-25T15:19:09+00:00","dateModified":"2024-03-25T15:19:12+00:00","author":{"@id":"https:\/\/quehacerpolitico.mx\/#\/schema\/person\/496d8ad2d1d3f8036101dca7ee39e585"},"breadcrumb":{"@id":"https:\/\/quehacerpolitico.mx\/?p=108871#breadcrumb"},"inLanguage":"es","potentialAction":[{"@type":"ReadAction","target":["https:\/\/quehacerpolitico.mx\/?p=108871"]}]},{"@type":"ImageObject","inLanguage":"es","@id":"https:\/\/quehacerpolitico.mx\/?p=108871#primaryimage","url":"https:\/\/quehacerpolitico.mx\/wp-content\/uploads\/2024\/03\/511bc7b1-f34b-4418-b917-5120714f846d-3.jpeg","contentUrl":"https:\/\/quehacerpolitico.mx\/wp-content\/uploads\/2024\/03\/511bc7b1-f34b-4418-b917-5120714f846d-3.jpeg","width":963,"height":493},{"@type":"BreadcrumbList","@id":"https:\/\/quehacerpolitico.mx\/?p=108871#breadcrumb","itemListElement":[{"@type":"ListItem","position":1,"name":"Inicio","item":"https:\/\/quehacerpolitico.mx\/"},{"@type":"ListItem","position":2,"name":"El Quehacer Pol\u00edtico\/\/\/Jose Alberto Prado \u00c1ngeles\/\/\/El carnal Marcelo fuego amigo"}]},{"@type":"WebSite","@id":"https:\/\/quehacerpolitico.mx\/#website","url":"https:\/\/quehacerpolitico.mx\/","name":"","description":"","potentialAction":[{"@type":"SearchAction","target":{"@type":"EntryPoint","urlTemplate":"https:\/\/quehacerpolitico.mx\/?s={search_term_string}"},"query-input":{"@type":"PropertyValueSpecification","valueRequired":true,"valueName":"search_term_string"}}],"inLanguage":"es"},{"@type":"Person","@id":"https:\/\/quehacerpolitico.mx\/#\/schema\/person\/496d8ad2d1d3f8036101dca7ee39e585","name":"Redacci\u00f3n QP","image":{"@type":"ImageObject","inLanguage":"es","@id":"https:\/\/secure.gravatar.com\/avatar\/c7164ed6fdec453195284ad24a5ae5b6e1eed2b848477fa2a4787ba9adf39a41?s=96&d=mm&r=g","url":"https:\/\/secure.gravatar.com\/avatar\/c7164ed6fdec453195284ad24a5ae5b6e1eed2b848477fa2a4787ba9adf39a41?s=96&d=mm&r=g","contentUrl":"https:\/\/secure.gravatar.com\/avatar\/c7164ed6fdec453195284ad24a5ae5b6e1eed2b848477fa2a4787ba9adf39a41?s=96&d=mm&r=g","caption":"Redacci\u00f3n QP"},"url":"https:\/\/quehacerpolitico.mx\/?author=2"}]}},"featured_image_urls":{"full":["https:\/\/quehacerpolitico.mx\/wp-content\/uploads\/2024\/03\/511bc7b1-f34b-4418-b917-5120714f846d-3.jpeg",963,493,false],"thumbnail":["https:\/\/quehacerpolitico.mx\/wp-content\/uploads\/2024\/03\/511bc7b1-f34b-4418-b917-5120714f846d-3-150x150.jpeg",150,150,true],"medium":["https:\/\/quehacerpolitico.mx\/wp-content\/uploads\/2024\/03\/511bc7b1-f34b-4418-b917-5120714f846d-3-300x154.jpeg",300,154,true],"medium_large":["https:\/\/quehacerpolitico.mx\/wp-content\/uploads\/2024\/03\/511bc7b1-f34b-4418-b917-5120714f846d-3-768x393.jpeg",640,328,true],"large":["https:\/\/quehacerpolitico.mx\/wp-content\/uploads\/2024\/03\/511bc7b1-f34b-4418-b917-5120714f846d-3.jpeg",640,328,false],"1536x1536":["https:\/\/quehacerpolitico.mx\/wp-content\/uploads\/2024\/03\/511bc7b1-f34b-4418-b917-5120714f846d-3.jpeg",963,493,false],"2048x2048":["https:\/\/quehacerpolitico.mx\/wp-content\/uploads\/2024\/03\/511bc7b1-f34b-4418-b917-5120714f846d-3.jpeg",963,493,false],"covernews-featured":["https:\/\/quehacerpolitico.mx\/wp-content\/uploads\/2024\/03\/511bc7b1-f34b-4418-b917-5120714f846d-3.jpeg",963,493,false],"covernews-medium":["https:\/\/quehacerpolitico.mx\/wp-content\/uploads\/2024\/03\/511bc7b1-f34b-4418-b917-5120714f846d-3.jpeg",540,276,false]},"author_info":{"display_name":"Redacci\u00f3n QP","author_link":"https:\/\/quehacerpolitico.mx\/?author=2"},"category_info":"<a href=\"https:\/\/quehacerpolitico.mx\/?cat=2\" rel=\"category\">Noticias<\/a>","tag_info":"Noticias","comment_count":"0","_links":{"self":[{"href":"https:\/\/quehacerpolitico.mx\/index.php?rest_route=\/wp\/v2\/posts\/108871","targetHints":{"allow":["GET"]}}],"collection":[{"href":"https:\/\/quehacerpolitico.mx\/index.php?rest_route=\/wp\/v2\/posts"}],"about":[{"href":"https:\/\/quehacerpolitico.mx\/index.php?rest_route=\/wp\/v2\/types\/post"}],"author":[{"embeddable":true,"href":"https:\/\/quehacerpolitico.mx\/index.php?rest_route=\/wp\/v2\/users\/2"}],"replies":[{"embeddable":true,"href":"https:\/\/quehacerpolitico.mx\/index.php?rest_route=%2Fwp%2Fv2%2Fcomments&post=108871"}],"version-history":[{"count":1,"href":"https:\/\/quehacerpolitico.mx\/index.php?rest_route=\/wp\/v2\/posts\/108871\/revisions"}],"predecessor-version":[{"id":108873,"href":"https:\/\/quehacerpolitico.mx\/index.php?rest_route=\/wp\/v2\/posts\/108871\/revisions\/108873"}],"wp:featuredmedia":[{"embeddable":true,"href":"https:\/\/quehacerpolitico.mx\/index.php?rest_route=\/wp\/v2\/media\/108872"}],"wp:attachment":[{"href":"https:\/\/quehacerpolitico.mx\/index.php?rest_route=%2Fwp%2Fv2%2Fmedia&parent=108871"}],"wp:term":[{"taxonomy":"category","embeddable":true,"href":"https:\/\/quehacerpolitico.mx\/index.php?rest_route=%2Fwp%2Fv2%2Fcategories&post=108871"},{"taxonomy":"post_tag","embeddable":true,"href":"https:\/\/quehacerpolitico.mx\/index.php?rest_route=%2Fwp%2Fv2%2Ftags&post=108871"}],"curies":[{"name":"wp","href":"https:\/\/api.w.org\/{rel}","templated":true}]}}