{"id":108840,"date":"2024-03-21T17:59:10","date_gmt":"2024-03-21T17:59:10","guid":{"rendered":"https:\/\/quehacerpolitico.mx\/?p=108840"},"modified":"2024-03-21T17:59:15","modified_gmt":"2024-03-21T17:59:15","slug":"amlo-insiste-en-dialogo-con-padres-de-normalistas-de-ayotzinapa-pero-sin-intermediarios","status":"publish","type":"post","link":"https:\/\/quehacerpolitico.mx\/?p=108840","title":{"rendered":"AMLO insiste en di\u00e1logo con padres de normalistas de Ayotzinapa, pero sin intermediarios"},"content":{"rendered":"\n<p>Por Redacci\u00f3n QP<\/p>\n\n\n\n<p>L\u00f3pez Obrador dijo que quiere darles a los familiares de los 43 normalistas de Ayotzinapa informaci\u00f3n que no les han dado sus asesores<\/p>\n\n\n\n<p><strong>Andres Manuel L\u00f3pez Obrador<\/strong>, presidente de M\u00e9xico, confirm\u00f3 su\u00a0<strong>intenci\u00f3n<\/strong>\u00a0de\u00a0<strong>reunirse<\/strong>\u00a0con los\u00a0<strong>familiares<\/strong>\u00a0de los 43 normalistas desaparecidos de\u00a0<strong>Ayotzinapa<\/strong>, pero\u00a0<strong>sin intermediarios.<\/strong><\/p>\n\n\n\n<p>En la conferencia matutina realizada en\u00a0<strong>Santa Luc\u00eda del Camino<\/strong>, en Oaxaca, L\u00f3pez Obrador dej\u00f3 en claro que quiere darles a los familiares de los estudiantes desaparecidos informaci\u00f3n que no les han proporcionado sus abogados y asesores.<\/p>\n\n\n\n<figure class=\"wp-block-embed is-type-rich is-provider-twitter wp-block-embed-twitter\"><div class=\"wp-block-embed__wrapper\">\n<blockquote class=\"twitter-tweet\" data-width=\"550\" data-dnt=\"true\"><p lang=\"es\" dir=\"ltr\">AMLO insiste en di\u00e1logo con padres de normalistas de <a href=\"https:\/\/twitter.com\/hashtag\/Ayotzinapa?src=hash&amp;ref_src=twsrc%5Etfw\">#Ayotzinapa<\/a>, pero sin intermediarios <a href=\"https:\/\/t.co\/3RjyIS64Pi\">pic.twitter.com\/3RjyIS64Pi<\/a><\/p>&mdash; Manuel Lopez San Martin (@MLopezSanMartin) <a href=\"https:\/\/twitter.com\/MLopezSanMartin\/status\/1770836502458634612?ref_src=twsrc%5Etfw\">March 21, 2024<\/a><\/blockquote><script async src=\"https:\/\/platform.twitter.com\/widgets.js\" charset=\"utf-8\"><\/script>\n<\/div><\/figure>\n\n\n\n<p>S\u00ed, vamos a dialogar, estamos esperando que nos den sus puntos de vista acerca del planteamiento que les hice, de que quiero hablar con ellos sin los abogados y sin sus asesores de las organizaciones, supuestamente de defensa de derechos humanos, quiero hablar con ellos\u201d, extern\u00f3.<\/p>\n\n\n\n<p>\u201cEllos son mayores, muy conscientes y quiero darles su informaci\u00f3n que estoy seguro no les han proporcionado sus abogados y sus asesores, quiero que conozcan lo que ha venido sucediendo con la investigaci\u00f3n. No tienen por qu\u00e9 terminar crey\u00e9ndome, lo \u00fanico que deseo es que ellos conozcan mi punto de vista.<\/p>\n\n\n\n<p>El mandatario mexicano reiter\u00f3 a los padres que su&nbsp;<strong>Gobierno<\/strong>busca a los 43 normalistas de&nbsp;<strong>Ayotzinapa<\/strong>&nbsp;\u201cintensamente, como nunca\u201d.<\/p>\n\n\n\n<p>\u201cY desde luego garantizarles, estamos buscando a los j\u00f3venes intensamente, como nunca y que tenemos avances en la b\u00fasqueda y que por eso tambi\u00e9n sentimos que hay mucha hostilidad de los abogados y de las organizaciones de derechos humanos, vinculadas a la Comisi\u00f3n Interamericana de Derechos Humanos de la OEA de Estados Unidos\u201d, indic\u00f3 el tabasque\u00f1o en el Sal\u00f3n Tesorer\u00eda.<\/p>\n\n\n\n<p>El pasado 6 de marzo, normalistas rompieron\u00a0 una de las puertas principales del Palacio Nacional mientras el presidente L\u00f3pez Obrador realizaba adentro su tradicional\u00a0conferencia matutina, en protesta por la desaparici\u00f3n de los 43 estudiantes de\u00a0<strong>Ayotzinapa<\/strong>, ocurrida en septiembre de 2014.<\/p>\n\n\n\n<p>Los manifestantes, quienes acusan a L\u00f3pez Obrador de no resolver el caso para proteger a militares involucrados, tomaron una camioneta que pertenece a la Comisi\u00f3n Federal de Electricidad (CFE) para tumbar la puerta 1 sobre la calle Moneda del centro hist\u00f3rico de Ciudad de M\u00e9xico.<\/p>\n\n\n\n<p>Mientras respond\u00eda preguntas de la prensa, el mandatario se enter\u00f3 del hecho, al que llam\u00f3 una \u201cprovocaci\u00f3n\u201d, aunque descart\u00f3 represalias.<\/p>\n","protected":false},"excerpt":{"rendered":"<p>Por Redacci\u00f3n QP L\u00f3pez Obrador dijo que quiere darles a los familiares de los 43&#8230;<\/p>\n","protected":false},"author":2,"featured_media":108841,"comment_status":"open","ping_status":"open","sticky":false,"template":"","format":"standard","meta":{"_monsterinsights_skip_tracking":false,"_monsterinsights_sitenote_active":false,"_monsterinsights_sitenote_note":"","_monsterinsights_sitenote_category":0,"footnotes":""},"categories":[2],"tags":[],"class_list":["post-108840","post","type-post","status-publish","format-standard","has-post-thumbnail","hentry","category-noticias"],"yoast_head":"<!-- This site is optimized with the Yoast SEO plugin v27.3 - https:\/\/yoast.com\/product\/yoast-seo-wordpress\/ -->\n<title>AMLO insiste en di\u00e1logo con padres de normalistas de Ayotzinapa, pero sin intermediarios -<\/title>\n<meta name=\"robots\" content=\"index, follow, max-snippet:-1, max-image-preview:large, max-video-preview:-1\" \/>\n<link rel=\"canonical\" href=\"https:\/\/quehacerpolitico.mx\/?p=108840\" \/>\n<meta property=\"og:locale\" content=\"es_MX\" \/>\n<meta property=\"og:type\" content=\"article\" \/>\n<meta property=\"og:title\" content=\"AMLO insiste en di\u00e1logo con padres de normalistas de Ayotzinapa, pero sin intermediarios -\" \/>\n<meta property=\"og:description\" content=\"Por Redacci\u00f3n QP L\u00f3pez Obrador dijo que quiere darles a los familiares de los 43...\" \/>\n<meta property=\"og:url\" content=\"https:\/\/quehacerpolitico.mx\/?p=108840\" \/>\n<meta property=\"article:published_time\" content=\"2024-03-21T17:59:10+00:00\" \/>\n<meta property=\"article:modified_time\" content=\"2024-03-21T17:59:15+00:00\" \/>\n<meta property=\"og:image\" content=\"https:\/\/quehacerpolitico.mx\/wp-content\/uploads\/2024\/03\/IMG_4417.jpeg\" \/>\n\t<meta property=\"og:image:width\" content=\"1284\" \/>\n\t<meta property=\"og:image:height\" content=\"718\" \/>\n\t<meta property=\"og:image:type\" content=\"image\/jpeg\" \/>\n<meta name=\"author\" content=\"Redacci\u00f3n QP\" \/>\n<meta name=\"twitter:card\" content=\"summary_large_image\" \/>\n<meta name=\"twitter:label1\" content=\"Escrito por\" \/>\n\t<meta name=\"twitter:data1\" content=\"Redacci\u00f3n QP\" \/>\n\t<meta name=\"twitter:label2\" content=\"Tiempo de lectura\" \/>\n\t<meta name=\"twitter:data2\" content=\"2 minutos\" \/>\n<script type=\"application\/ld+json\" class=\"yoast-schema-graph\">{\"@context\":\"https:\\\/\\\/schema.org\",\"@graph\":[{\"@type\":\"Article\",\"@id\":\"https:\\\/\\\/quehacerpolitico.mx\\\/?p=108840#article\",\"isPartOf\":{\"@id\":\"https:\\\/\\\/quehacerpolitico.mx\\\/?p=108840\"},\"author\":{\"name\":\"Redacci\u00f3n QP\",\"@id\":\"https:\\\/\\\/quehacerpolitico.mx\\\/#\\\/schema\\\/person\\\/496d8ad2d1d3f8036101dca7ee39e585\"},\"headline\":\"AMLO insiste en di\u00e1logo con padres de normalistas de Ayotzinapa, pero sin intermediarios\",\"datePublished\":\"2024-03-21T17:59:10+00:00\",\"dateModified\":\"2024-03-21T17:59:15+00:00\",\"mainEntityOfPage\":{\"@id\":\"https:\\\/\\\/quehacerpolitico.mx\\\/?p=108840\"},\"wordCount\":419,\"commentCount\":0,\"image\":{\"@id\":\"https:\\\/\\\/quehacerpolitico.mx\\\/?p=108840#primaryimage\"},\"thumbnailUrl\":\"https:\\\/\\\/quehacerpolitico.mx\\\/wp-content\\\/uploads\\\/2024\\\/03\\\/IMG_4417.jpeg\",\"articleSection\":[\"Noticias\"],\"inLanguage\":\"es\",\"potentialAction\":[{\"@type\":\"CommentAction\",\"name\":\"Comment\",\"target\":[\"https:\\\/\\\/quehacerpolitico.mx\\\/?p=108840#respond\"]}]},{\"@type\":\"WebPage\",\"@id\":\"https:\\\/\\\/quehacerpolitico.mx\\\/?p=108840\",\"url\":\"https:\\\/\\\/quehacerpolitico.mx\\\/?p=108840\",\"name\":\"AMLO insiste en di\u00e1logo con padres de normalistas de Ayotzinapa, pero sin intermediarios -\",\"isPartOf\":{\"@id\":\"https:\\\/\\\/quehacerpolitico.mx\\\/#website\"},\"primaryImageOfPage\":{\"@id\":\"https:\\\/\\\/quehacerpolitico.mx\\\/?p=108840#primaryimage\"},\"image\":{\"@id\":\"https:\\\/\\\/quehacerpolitico.mx\\\/?p=108840#primaryimage\"},\"thumbnailUrl\":\"https:\\\/\\\/quehacerpolitico.mx\\\/wp-content\\\/uploads\\\/2024\\\/03\\\/IMG_4417.jpeg\",\"datePublished\":\"2024-03-21T17:59:10+00:00\",\"dateModified\":\"2024-03-21T17:59:15+00:00\",\"author\":{\"@id\":\"https:\\\/\\\/quehacerpolitico.mx\\\/#\\\/schema\\\/person\\\/496d8ad2d1d3f8036101dca7ee39e585\"},\"breadcrumb\":{\"@id\":\"https:\\\/\\\/quehacerpolitico.mx\\\/?p=108840#breadcrumb\"},\"inLanguage\":\"es\",\"potentialAction\":[{\"@type\":\"ReadAction\",\"target\":[\"https:\\\/\\\/quehacerpolitico.mx\\\/?p=108840\"]}]},{\"@type\":\"ImageObject\",\"inLanguage\":\"es\",\"@id\":\"https:\\\/\\\/quehacerpolitico.mx\\\/?p=108840#primaryimage\",\"url\":\"https:\\\/\\\/quehacerpolitico.mx\\\/wp-content\\\/uploads\\\/2024\\\/03\\\/IMG_4417.jpeg\",\"contentUrl\":\"https:\\\/\\\/quehacerpolitico.mx\\\/wp-content\\\/uploads\\\/2024\\\/03\\\/IMG_4417.jpeg\",\"width\":1284,\"height\":718},{\"@type\":\"BreadcrumbList\",\"@id\":\"https:\\\/\\\/quehacerpolitico.mx\\\/?p=108840#breadcrumb\",\"itemListElement\":[{\"@type\":\"ListItem\",\"position\":1,\"name\":\"Inicio\",\"item\":\"https:\\\/\\\/quehacerpolitico.mx\\\/\"},{\"@type\":\"ListItem\",\"position\":2,\"name\":\"AMLO insiste en di\u00e1logo con padres de normalistas de Ayotzinapa, pero sin intermediarios\"}]},{\"@type\":\"WebSite\",\"@id\":\"https:\\\/\\\/quehacerpolitico.mx\\\/#website\",\"url\":\"https:\\\/\\\/quehacerpolitico.mx\\\/\",\"name\":\"\",\"description\":\"\",\"potentialAction\":[{\"@type\":\"SearchAction\",\"target\":{\"@type\":\"EntryPoint\",\"urlTemplate\":\"https:\\\/\\\/quehacerpolitico.mx\\\/?s={search_term_string}\"},\"query-input\":{\"@type\":\"PropertyValueSpecification\",\"valueRequired\":true,\"valueName\":\"search_term_string\"}}],\"inLanguage\":\"es\"},{\"@type\":\"Person\",\"@id\":\"https:\\\/\\\/quehacerpolitico.mx\\\/#\\\/schema\\\/person\\\/496d8ad2d1d3f8036101dca7ee39e585\",\"name\":\"Redacci\u00f3n QP\",\"image\":{\"@type\":\"ImageObject\",\"inLanguage\":\"es\",\"@id\":\"https:\\\/\\\/secure.gravatar.com\\\/avatar\\\/c7164ed6fdec453195284ad24a5ae5b6e1eed2b848477fa2a4787ba9adf39a41?s=96&d=mm&r=g\",\"url\":\"https:\\\/\\\/secure.gravatar.com\\\/avatar\\\/c7164ed6fdec453195284ad24a5ae5b6e1eed2b848477fa2a4787ba9adf39a41?s=96&d=mm&r=g\",\"contentUrl\":\"https:\\\/\\\/secure.gravatar.com\\\/avatar\\\/c7164ed6fdec453195284ad24a5ae5b6e1eed2b848477fa2a4787ba9adf39a41?s=96&d=mm&r=g\",\"caption\":\"Redacci\u00f3n QP\"},\"url\":\"https:\\\/\\\/quehacerpolitico.mx\\\/?author=2\"}]}<\/script>\n<!-- \/ Yoast SEO plugin. -->","yoast_head_json":{"title":"AMLO insiste en di\u00e1logo con padres de normalistas de Ayotzinapa, pero sin intermediarios -","robots":{"index":"index","follow":"follow","max-snippet":"max-snippet:-1","max-image-preview":"max-image-preview:large","max-video-preview":"max-video-preview:-1"},"canonical":"https:\/\/quehacerpolitico.mx\/?p=108840","og_locale":"es_MX","og_type":"article","og_title":"AMLO insiste en di\u00e1logo con padres de normalistas de Ayotzinapa, pero sin intermediarios -","og_description":"Por Redacci\u00f3n QP L\u00f3pez Obrador dijo que quiere darles a los familiares de los 43...","og_url":"https:\/\/quehacerpolitico.mx\/?p=108840","article_published_time":"2024-03-21T17:59:10+00:00","article_modified_time":"2024-03-21T17:59:15+00:00","og_image":[{"width":1284,"height":718,"url":"https:\/\/quehacerpolitico.mx\/wp-content\/uploads\/2024\/03\/IMG_4417.jpeg","type":"image\/jpeg"}],"author":"Redacci\u00f3n QP","twitter_card":"summary_large_image","twitter_misc":{"Escrito por":"Redacci\u00f3n QP","Tiempo de lectura":"2 minutos"},"schema":{"@context":"https:\/\/schema.org","@graph":[{"@type":"Article","@id":"https:\/\/quehacerpolitico.mx\/?p=108840#article","isPartOf":{"@id":"https:\/\/quehacerpolitico.mx\/?p=108840"},"author":{"name":"Redacci\u00f3n QP","@id":"https:\/\/quehacerpolitico.mx\/#\/schema\/person\/496d8ad2d1d3f8036101dca7ee39e585"},"headline":"AMLO insiste en di\u00e1logo con padres de normalistas de Ayotzinapa, pero sin intermediarios","datePublished":"2024-03-21T17:59:10+00:00","dateModified":"2024-03-21T17:59:15+00:00","mainEntityOfPage":{"@id":"https:\/\/quehacerpolitico.mx\/?p=108840"},"wordCount":419,"commentCount":0,"image":{"@id":"https:\/\/quehacerpolitico.mx\/?p=108840#primaryimage"},"thumbnailUrl":"https:\/\/quehacerpolitico.mx\/wp-content\/uploads\/2024\/03\/IMG_4417.jpeg","articleSection":["Noticias"],"inLanguage":"es","potentialAction":[{"@type":"CommentAction","name":"Comment","target":["https:\/\/quehacerpolitico.mx\/?p=108840#respond"]}]},{"@type":"WebPage","@id":"https:\/\/quehacerpolitico.mx\/?p=108840","url":"https:\/\/quehacerpolitico.mx\/?p=108840","name":"AMLO insiste en di\u00e1logo con padres de normalistas de Ayotzinapa, pero sin intermediarios -","isPartOf":{"@id":"https:\/\/quehacerpolitico.mx\/#website"},"primaryImageOfPage":{"@id":"https:\/\/quehacerpolitico.mx\/?p=108840#primaryimage"},"image":{"@id":"https:\/\/quehacerpolitico.mx\/?p=108840#primaryimage"},"thumbnailUrl":"https:\/\/quehacerpolitico.mx\/wp-content\/uploads\/2024\/03\/IMG_4417.jpeg","datePublished":"2024-03-21T17:59:10+00:00","dateModified":"2024-03-21T17:59:15+00:00","author":{"@id":"https:\/\/quehacerpolitico.mx\/#\/schema\/person\/496d8ad2d1d3f8036101dca7ee39e585"},"breadcrumb":{"@id":"https:\/\/quehacerpolitico.mx\/?p=108840#breadcrumb"},"inLanguage":"es","potentialAction":[{"@type":"ReadAction","target":["https:\/\/quehacerpolitico.mx\/?p=108840"]}]},{"@type":"ImageObject","inLanguage":"es","@id":"https:\/\/quehacerpolitico.mx\/?p=108840#primaryimage","url":"https:\/\/quehacerpolitico.mx\/wp-content\/uploads\/2024\/03\/IMG_4417.jpeg","contentUrl":"https:\/\/quehacerpolitico.mx\/wp-content\/uploads\/2024\/03\/IMG_4417.jpeg","width":1284,"height":718},{"@type":"BreadcrumbList","@id":"https:\/\/quehacerpolitico.mx\/?p=108840#breadcrumb","itemListElement":[{"@type":"ListItem","position":1,"name":"Inicio","item":"https:\/\/quehacerpolitico.mx\/"},{"@type":"ListItem","position":2,"name":"AMLO insiste en di\u00e1logo con padres de normalistas de Ayotzinapa, pero sin intermediarios"}]},{"@type":"WebSite","@id":"https:\/\/quehacerpolitico.mx\/#website","url":"https:\/\/quehacerpolitico.mx\/","name":"","description":"","potentialAction":[{"@type":"SearchAction","target":{"@type":"EntryPoint","urlTemplate":"https:\/\/quehacerpolitico.mx\/?s={search_term_string}"},"query-input":{"@type":"PropertyValueSpecification","valueRequired":true,"valueName":"search_term_string"}}],"inLanguage":"es"},{"@type":"Person","@id":"https:\/\/quehacerpolitico.mx\/#\/schema\/person\/496d8ad2d1d3f8036101dca7ee39e585","name":"Redacci\u00f3n QP","image":{"@type":"ImageObject","inLanguage":"es","@id":"https:\/\/secure.gravatar.com\/avatar\/c7164ed6fdec453195284ad24a5ae5b6e1eed2b848477fa2a4787ba9adf39a41?s=96&d=mm&r=g","url":"https:\/\/secure.gravatar.com\/avatar\/c7164ed6fdec453195284ad24a5ae5b6e1eed2b848477fa2a4787ba9adf39a41?s=96&d=mm&r=g","contentUrl":"https:\/\/secure.gravatar.com\/avatar\/c7164ed6fdec453195284ad24a5ae5b6e1eed2b848477fa2a4787ba9adf39a41?s=96&d=mm&r=g","caption":"Redacci\u00f3n QP"},"url":"https:\/\/quehacerpolitico.mx\/?author=2"}]}},"featured_image_urls":{"full":["https:\/\/quehacerpolitico.mx\/wp-content\/uploads\/2024\/03\/IMG_4417.jpeg",1284,718,false],"thumbnail":["https:\/\/quehacerpolitico.mx\/wp-content\/uploads\/2024\/03\/IMG_4417-150x150.jpeg",150,150,true],"medium":["https:\/\/quehacerpolitico.mx\/wp-content\/uploads\/2024\/03\/IMG_4417-300x168.jpeg",300,168,true],"medium_large":["https:\/\/quehacerpolitico.mx\/wp-content\/uploads\/2024\/03\/IMG_4417-768x429.jpeg",640,358,true],"large":["https:\/\/quehacerpolitico.mx\/wp-content\/uploads\/2024\/03\/IMG_4417-1024x573.jpeg",640,358,true],"1536x1536":["https:\/\/quehacerpolitico.mx\/wp-content\/uploads\/2024\/03\/IMG_4417.jpeg",1284,718,false],"2048x2048":["https:\/\/quehacerpolitico.mx\/wp-content\/uploads\/2024\/03\/IMG_4417.jpeg",1284,718,false],"covernews-featured":["https:\/\/quehacerpolitico.mx\/wp-content\/uploads\/2024\/03\/IMG_4417.jpeg",1024,573,false],"covernews-medium":["https:\/\/quehacerpolitico.mx\/wp-content\/uploads\/2024\/03\/IMG_4417.jpeg",540,302,false]},"author_info":{"display_name":"Redacci\u00f3n QP","author_link":"https:\/\/quehacerpolitico.mx\/?author=2"},"category_info":"<a href=\"https:\/\/quehacerpolitico.mx\/?cat=2\" rel=\"category\">Noticias<\/a>","tag_info":"Noticias","comment_count":"0","_links":{"self":[{"href":"https:\/\/quehacerpolitico.mx\/index.php?rest_route=\/wp\/v2\/posts\/108840","targetHints":{"allow":["GET"]}}],"collection":[{"href":"https:\/\/quehacerpolitico.mx\/index.php?rest_route=\/wp\/v2\/posts"}],"about":[{"href":"https:\/\/quehacerpolitico.mx\/index.php?rest_route=\/wp\/v2\/types\/post"}],"author":[{"embeddable":true,"href":"https:\/\/quehacerpolitico.mx\/index.php?rest_route=\/wp\/v2\/users\/2"}],"replies":[{"embeddable":true,"href":"https:\/\/quehacerpolitico.mx\/index.php?rest_route=%2Fwp%2Fv2%2Fcomments&post=108840"}],"version-history":[{"count":1,"href":"https:\/\/quehacerpolitico.mx\/index.php?rest_route=\/wp\/v2\/posts\/108840\/revisions"}],"predecessor-version":[{"id":108842,"href":"https:\/\/quehacerpolitico.mx\/index.php?rest_route=\/wp\/v2\/posts\/108840\/revisions\/108842"}],"wp:featuredmedia":[{"embeddable":true,"href":"https:\/\/quehacerpolitico.mx\/index.php?rest_route=\/wp\/v2\/media\/108841"}],"wp:attachment":[{"href":"https:\/\/quehacerpolitico.mx\/index.php?rest_route=%2Fwp%2Fv2%2Fmedia&parent=108840"}],"wp:term":[{"taxonomy":"category","embeddable":true,"href":"https:\/\/quehacerpolitico.mx\/index.php?rest_route=%2Fwp%2Fv2%2Fcategories&post=108840"},{"taxonomy":"post_tag","embeddable":true,"href":"https:\/\/quehacerpolitico.mx\/index.php?rest_route=%2Fwp%2Fv2%2Ftags&post=108840"}],"curies":[{"name":"wp","href":"https:\/\/api.w.org\/{rel}","templated":true}]}}