{"id":108837,"date":"2024-03-21T13:57:05","date_gmt":"2024-03-21T13:57:05","guid":{"rendered":"https:\/\/quehacerpolitico.mx\/?p=108837"},"modified":"2024-03-21T13:57:08","modified_gmt":"2024-03-21T13:57:08","slug":"esta-es-la-calidad-del-aire-y-clima-para-este-jueves-21-de-marzo-en-la-ciudad-de-mexico-ponte-atento","status":"publish","type":"post","link":"https:\/\/quehacerpolitico.mx\/?p=108837","title":{"rendered":"Esta es la calidad del aire y clima para este jueves 21 de marzo en la Ciudad de M\u00e9xico ponte atento"},"content":{"rendered":"\n<p>Por Redacci\u00f3n QP<\/p>\n\n\n\n<p>Esta es la calidad del aire y clima para este jueves 21 de marzo en la Ciudad de M\u00e9xico.<\/p>\n\n\n\n<p>En la\u00a0<strong>Ciudad de M\u00e9xico<\/strong>, la calidad del aire para este\u00a0<strong>21 de marzo de 2024<\/strong>\u00a0se reporta como\u00a0<strong>REGULAR<\/strong>, con\u00a0<strong>riesgo moderado para la salud<\/strong>, de acuerdo con el reporte de la\u00a0<strong>Secretar\u00eda del Medio Ambiente<\/strong>\u00a0(SEDEMA).<\/p>\n\n\n\n<p>Debido a que\u00a0<strong>la calidad del aire es un riesgo para la salud<\/strong>, las autoridades recomiendan\u00a0<strong>evitar realizar actividades de alto impacto al aire libre<\/strong>, principalmente entre las personas de\u00a0<strong>grupos vulnerables<\/strong>.<\/p>\n\n\n\n<p><strong>Clima hoy, 21 de marzo<\/strong><\/p>\n\n\n\n<p>Durante esta noche y madrugada, el ingreso de humedad generado por la\u00a0<strong>corriente en chorro subtropical<\/strong>\u00a0hacia los estados del centro del pa\u00eds, ocasionar\u00e1 chubascos en zonas de Puebla y Tlaxcala, y\u00a0<strong>lluvias aisladas en Hidalgo y Estado de M\u00e9xico<\/strong>, las cuales podr\u00edan estar acompa\u00f1ar de\u00a0<strong>descargas el\u00e9ctricas<\/strong>.<\/p>\n\n\n\n<figure class=\"wp-block-embed is-type-rich is-provider-twitter wp-block-embed-twitter\"><div class=\"wp-block-embed__wrapper\">\n<blockquote class=\"twitter-tweet\" data-width=\"550\" data-dnt=\"true\"><p lang=\"es\" dir=\"ltr\">\ud83d\udca8\ud83c\udf2b\ufe0f Consulta en los gr\u00e1ficos, las condiciones <a href=\"https:\/\/twitter.com\/hashtag\/Meteorol%C3%B3gicas?src=hash&amp;ref_src=twsrc%5Etfw\">#Meteorol\u00f3gicas<\/a> que prevalecer\u00e1n en los estados de la regi\u00f3n central de la Rep\u00fablica Mexicana, incluido el <a href=\"https:\/\/twitter.com\/hashtag\/ValleDeM%C3%A9xico?src=hash&amp;ref_src=twsrc%5Etfw\">#ValleDeM\u00e9xico<\/a>, en las pr\u00f3ximas tres horas \u2b07\ufe0f <a href=\"https:\/\/t.co\/FZysBRJ8Vp\">pic.twitter.com\/FZysBRJ8Vp<\/a><\/p>&mdash; CONAGUA Clima (@conagua_clima) <a href=\"https:\/\/twitter.com\/conagua_clima\/status\/1770737035462005005?ref_src=twsrc%5Etfw\">March 21, 2024<\/a><\/blockquote><script async src=\"https:\/\/platform.twitter.com\/widgets.js\" charset=\"utf-8\"><\/script>\n<\/div><\/figure>\n\n\n\n<p>Para hoy,&nbsp;<strong>jueves 21 de marzo<\/strong>, se pronostica&nbsp;<strong>ambiente templado al amanecer y fresco en zonas altas de la regi\u00f3n<\/strong>. Por la&nbsp;<strong>tarde<\/strong>,&nbsp;<strong>cielo parcialmente nublado, ambiente de c\u00e1lido a caluroso y sin lluvia en la Ciudad de M\u00e9xico<\/strong>&nbsp;y&nbsp;<strong>Estado de M\u00e9xico<\/strong>.<\/p>\n\n\n\n<ul class=\"wp-block-list\">\n<li>Temperatura&nbsp;<strong>m\u00e1xima&nbsp;<\/strong>estimada en la Ciudad de M\u00e9xico:&nbsp;<strong>29 a 31 \u00b0C.<\/strong><\/li>\n\n\n\n<li>Temperatura&nbsp;<strong>m\u00ednima&nbsp;<\/strong>estimada en la Ciudad de M\u00e9xico:&nbsp;<strong>14 a 16 \u00b0C<\/strong>.<\/li>\n\n\n\n<li><strong>Viento&nbsp;<\/strong>del oeste y suroeste de 10 a 25 km\/h con rachas de 40-60 km\/h y posibles tolvaneras.<\/li>\n<\/ul>\n\n\n\n<p><strong>\u00bfQu\u00e9 hacer ante las altas temperaturas?<\/strong><\/p>\n\n\n\n<p>Ante las altas temperaturas, y con el prop\u00f3sito de\u00a0<strong>evitar golpes de calor<\/strong>,\u00a0<strong>enfermedades estomacales y da\u00f1os a la piel<\/strong>, la<strong>\u00a0Secretar\u00eda de Gesti\u00f3n Integral de Riesgos y Protecci\u00f3n Civil<\/strong>(SGIRPC) emiti\u00f3 las siguientes recomendaciones:<\/p>\n\n\n\n<ul class=\"wp-block-list\">\n<li>Usar&nbsp;<strong>bloqueador<\/strong><\/li>\n\n\n\n<li>Vestir con ropa de&nbsp;<strong>colores claros, usar gafas de sol, sombrero y\/o gorra<\/strong><\/li>\n\n\n\n<li>Procurar&nbsp;<strong>no exponerse por tiempo prolongado al sol<\/strong><\/li>\n\n\n\n<li><strong>Evitar comer en la v\u00eda p\u00fablica<\/strong>, ya que los alimentos se descomponen r\u00e1pidamente<\/li>\n\n\n\n<li><strong>Tomar agua y suero<\/strong>; evitar el consumo de bebidas azucaradas<\/li>\n<\/ul>\n\n\n\n<h2 class=\"wp-block-heading\">\u00bfQu\u00e9 es un golpe de calor?<\/h2>\n\n\n\n<p>Un&nbsp;<strong>golpe de calor<\/strong>&nbsp;es el&nbsp;<strong>aumento s\u00fabito de temperatura debido a la exposici\u00f3n al sol o a la permanencia prolongada en lugares calientes y sin ventilaci\u00f3n<\/strong>. Aunque esto es m\u00e1s com\u00fan en adultos mayores y ni\u00f1os menores de 6 a\u00f1os, as\u00ed como en viajeros que pasan de condiciones fr\u00edas a c\u00e1lidas,&nbsp;<strong>cualquier persona puede sufrirlo<\/strong>.<\/p>\n\n\n\n<p>Entre los\u00a0s\u00edntomas m\u00e1s caracter\u00edsticos se encuentra la<strong>\u00a0temperatura alta en el cuerpo, no sudar pero tener mucho calor<\/strong>, lo que es de suma importancia pues para disminuir la temperatura un regulador es la secreci\u00f3n de sudor, mismo que distribuyen el calor mediante la sangre y lo expulsa hacia el exterior.<\/p>\n","protected":false},"excerpt":{"rendered":"<p>Por Redacci\u00f3n QP Esta es la calidad del aire y clima para este jueves 21&#8230;<\/p>\n","protected":false},"author":2,"featured_media":108838,"comment_status":"open","ping_status":"open","sticky":false,"template":"","format":"standard","meta":{"_monsterinsights_skip_tracking":false,"_monsterinsights_sitenote_active":false,"_monsterinsights_sitenote_note":"","_monsterinsights_sitenote_category":0,"footnotes":""},"categories":[55],"tags":[],"class_list":["post-108837","post","type-post","status-publish","format-standard","has-post-thumbnail","hentry","category-cdmx"],"yoast_head":"<!-- This site is optimized with the Yoast SEO plugin v27.3 - https:\/\/yoast.com\/product\/yoast-seo-wordpress\/ -->\n<title>Esta es la calidad del aire y clima para este jueves 21 de marzo en la Ciudad de M\u00e9xico ponte atento -<\/title>\n<meta name=\"robots\" content=\"index, follow, max-snippet:-1, max-image-preview:large, max-video-preview:-1\" \/>\n<link rel=\"canonical\" href=\"https:\/\/quehacerpolitico.mx\/?p=108837\" \/>\n<meta property=\"og:locale\" content=\"es_MX\" \/>\n<meta property=\"og:type\" content=\"article\" \/>\n<meta property=\"og:title\" content=\"Esta es la calidad del aire y clima para este jueves 21 de marzo en la Ciudad de M\u00e9xico ponte atento -\" \/>\n<meta property=\"og:description\" content=\"Por Redacci\u00f3n QP Esta es la calidad del aire y clima para este jueves 21...\" \/>\n<meta property=\"og:url\" content=\"https:\/\/quehacerpolitico.mx\/?p=108837\" \/>\n<meta property=\"article:published_time\" content=\"2024-03-21T13:57:05+00:00\" \/>\n<meta property=\"article:modified_time\" content=\"2024-03-21T13:57:08+00:00\" \/>\n<meta property=\"og:image\" content=\"https:\/\/quehacerpolitico.mx\/wp-content\/uploads\/2024\/03\/IMG_4413.jpeg\" \/>\n\t<meta property=\"og:image:width\" content=\"735\" \/>\n\t<meta property=\"og:image:height\" content=\"417\" \/>\n\t<meta property=\"og:image:type\" content=\"image\/jpeg\" \/>\n<meta name=\"author\" content=\"Redacci\u00f3n QP\" \/>\n<meta name=\"twitter:card\" content=\"summary_large_image\" \/>\n<meta name=\"twitter:label1\" content=\"Escrito por\" \/>\n\t<meta name=\"twitter:data1\" content=\"Redacci\u00f3n QP\" \/>\n\t<meta name=\"twitter:label2\" content=\"Tiempo de lectura\" \/>\n\t<meta name=\"twitter:data2\" content=\"2 minutos\" \/>\n<script type=\"application\/ld+json\" class=\"yoast-schema-graph\">{\"@context\":\"https:\\\/\\\/schema.org\",\"@graph\":[{\"@type\":\"Article\",\"@id\":\"https:\\\/\\\/quehacerpolitico.mx\\\/?p=108837#article\",\"isPartOf\":{\"@id\":\"https:\\\/\\\/quehacerpolitico.mx\\\/?p=108837\"},\"author\":{\"name\":\"Redacci\u00f3n QP\",\"@id\":\"https:\\\/\\\/quehacerpolitico.mx\\\/#\\\/schema\\\/person\\\/496d8ad2d1d3f8036101dca7ee39e585\"},\"headline\":\"Esta es la calidad del aire y clima para este jueves 21 de marzo en la Ciudad de M\u00e9xico ponte atento\",\"datePublished\":\"2024-03-21T13:57:05+00:00\",\"dateModified\":\"2024-03-21T13:57:08+00:00\",\"mainEntityOfPage\":{\"@id\":\"https:\\\/\\\/quehacerpolitico.mx\\\/?p=108837\"},\"wordCount\":512,\"commentCount\":0,\"image\":{\"@id\":\"https:\\\/\\\/quehacerpolitico.mx\\\/?p=108837#primaryimage\"},\"thumbnailUrl\":\"https:\\\/\\\/quehacerpolitico.mx\\\/wp-content\\\/uploads\\\/2024\\\/03\\\/IMG_4413.jpeg\",\"articleSection\":[\"CDMX\"],\"inLanguage\":\"es\",\"potentialAction\":[{\"@type\":\"CommentAction\",\"name\":\"Comment\",\"target\":[\"https:\\\/\\\/quehacerpolitico.mx\\\/?p=108837#respond\"]}]},{\"@type\":\"WebPage\",\"@id\":\"https:\\\/\\\/quehacerpolitico.mx\\\/?p=108837\",\"url\":\"https:\\\/\\\/quehacerpolitico.mx\\\/?p=108837\",\"name\":\"Esta es la calidad del aire y clima para este jueves 21 de marzo en la Ciudad de M\u00e9xico ponte atento -\",\"isPartOf\":{\"@id\":\"https:\\\/\\\/quehacerpolitico.mx\\\/#website\"},\"primaryImageOfPage\":{\"@id\":\"https:\\\/\\\/quehacerpolitico.mx\\\/?p=108837#primaryimage\"},\"image\":{\"@id\":\"https:\\\/\\\/quehacerpolitico.mx\\\/?p=108837#primaryimage\"},\"thumbnailUrl\":\"https:\\\/\\\/quehacerpolitico.mx\\\/wp-content\\\/uploads\\\/2024\\\/03\\\/IMG_4413.jpeg\",\"datePublished\":\"2024-03-21T13:57:05+00:00\",\"dateModified\":\"2024-03-21T13:57:08+00:00\",\"author\":{\"@id\":\"https:\\\/\\\/quehacerpolitico.mx\\\/#\\\/schema\\\/person\\\/496d8ad2d1d3f8036101dca7ee39e585\"},\"breadcrumb\":{\"@id\":\"https:\\\/\\\/quehacerpolitico.mx\\\/?p=108837#breadcrumb\"},\"inLanguage\":\"es\",\"potentialAction\":[{\"@type\":\"ReadAction\",\"target\":[\"https:\\\/\\\/quehacerpolitico.mx\\\/?p=108837\"]}]},{\"@type\":\"ImageObject\",\"inLanguage\":\"es\",\"@id\":\"https:\\\/\\\/quehacerpolitico.mx\\\/?p=108837#primaryimage\",\"url\":\"https:\\\/\\\/quehacerpolitico.mx\\\/wp-content\\\/uploads\\\/2024\\\/03\\\/IMG_4413.jpeg\",\"contentUrl\":\"https:\\\/\\\/quehacerpolitico.mx\\\/wp-content\\\/uploads\\\/2024\\\/03\\\/IMG_4413.jpeg\",\"width\":735,\"height\":417},{\"@type\":\"BreadcrumbList\",\"@id\":\"https:\\\/\\\/quehacerpolitico.mx\\\/?p=108837#breadcrumb\",\"itemListElement\":[{\"@type\":\"ListItem\",\"position\":1,\"name\":\"Inicio\",\"item\":\"https:\\\/\\\/quehacerpolitico.mx\\\/\"},{\"@type\":\"ListItem\",\"position\":2,\"name\":\"Esta es la calidad del aire y clima para este jueves 21 de marzo en la Ciudad de M\u00e9xico ponte atento\"}]},{\"@type\":\"WebSite\",\"@id\":\"https:\\\/\\\/quehacerpolitico.mx\\\/#website\",\"url\":\"https:\\\/\\\/quehacerpolitico.mx\\\/\",\"name\":\"\",\"description\":\"\",\"potentialAction\":[{\"@type\":\"SearchAction\",\"target\":{\"@type\":\"EntryPoint\",\"urlTemplate\":\"https:\\\/\\\/quehacerpolitico.mx\\\/?s={search_term_string}\"},\"query-input\":{\"@type\":\"PropertyValueSpecification\",\"valueRequired\":true,\"valueName\":\"search_term_string\"}}],\"inLanguage\":\"es\"},{\"@type\":\"Person\",\"@id\":\"https:\\\/\\\/quehacerpolitico.mx\\\/#\\\/schema\\\/person\\\/496d8ad2d1d3f8036101dca7ee39e585\",\"name\":\"Redacci\u00f3n QP\",\"image\":{\"@type\":\"ImageObject\",\"inLanguage\":\"es\",\"@id\":\"https:\\\/\\\/secure.gravatar.com\\\/avatar\\\/c7164ed6fdec453195284ad24a5ae5b6e1eed2b848477fa2a4787ba9adf39a41?s=96&d=mm&r=g\",\"url\":\"https:\\\/\\\/secure.gravatar.com\\\/avatar\\\/c7164ed6fdec453195284ad24a5ae5b6e1eed2b848477fa2a4787ba9adf39a41?s=96&d=mm&r=g\",\"contentUrl\":\"https:\\\/\\\/secure.gravatar.com\\\/avatar\\\/c7164ed6fdec453195284ad24a5ae5b6e1eed2b848477fa2a4787ba9adf39a41?s=96&d=mm&r=g\",\"caption\":\"Redacci\u00f3n QP\"},\"url\":\"https:\\\/\\\/quehacerpolitico.mx\\\/?author=2\"}]}<\/script>\n<!-- \/ Yoast SEO plugin. -->","yoast_head_json":{"title":"Esta es la calidad del aire y clima para este jueves 21 de marzo en la Ciudad de M\u00e9xico ponte atento -","robots":{"index":"index","follow":"follow","max-snippet":"max-snippet:-1","max-image-preview":"max-image-preview:large","max-video-preview":"max-video-preview:-1"},"canonical":"https:\/\/quehacerpolitico.mx\/?p=108837","og_locale":"es_MX","og_type":"article","og_title":"Esta es la calidad del aire y clima para este jueves 21 de marzo en la Ciudad de M\u00e9xico ponte atento -","og_description":"Por Redacci\u00f3n QP Esta es la calidad del aire y clima para este jueves 21...","og_url":"https:\/\/quehacerpolitico.mx\/?p=108837","article_published_time":"2024-03-21T13:57:05+00:00","article_modified_time":"2024-03-21T13:57:08+00:00","og_image":[{"width":735,"height":417,"url":"https:\/\/quehacerpolitico.mx\/wp-content\/uploads\/2024\/03\/IMG_4413.jpeg","type":"image\/jpeg"}],"author":"Redacci\u00f3n QP","twitter_card":"summary_large_image","twitter_misc":{"Escrito por":"Redacci\u00f3n QP","Tiempo de lectura":"2 minutos"},"schema":{"@context":"https:\/\/schema.org","@graph":[{"@type":"Article","@id":"https:\/\/quehacerpolitico.mx\/?p=108837#article","isPartOf":{"@id":"https:\/\/quehacerpolitico.mx\/?p=108837"},"author":{"name":"Redacci\u00f3n QP","@id":"https:\/\/quehacerpolitico.mx\/#\/schema\/person\/496d8ad2d1d3f8036101dca7ee39e585"},"headline":"Esta es la calidad del aire y clima para este jueves 21 de marzo en la Ciudad de M\u00e9xico ponte atento","datePublished":"2024-03-21T13:57:05+00:00","dateModified":"2024-03-21T13:57:08+00:00","mainEntityOfPage":{"@id":"https:\/\/quehacerpolitico.mx\/?p=108837"},"wordCount":512,"commentCount":0,"image":{"@id":"https:\/\/quehacerpolitico.mx\/?p=108837#primaryimage"},"thumbnailUrl":"https:\/\/quehacerpolitico.mx\/wp-content\/uploads\/2024\/03\/IMG_4413.jpeg","articleSection":["CDMX"],"inLanguage":"es","potentialAction":[{"@type":"CommentAction","name":"Comment","target":["https:\/\/quehacerpolitico.mx\/?p=108837#respond"]}]},{"@type":"WebPage","@id":"https:\/\/quehacerpolitico.mx\/?p=108837","url":"https:\/\/quehacerpolitico.mx\/?p=108837","name":"Esta es la calidad del aire y clima para este jueves 21 de marzo en la Ciudad de M\u00e9xico ponte atento -","isPartOf":{"@id":"https:\/\/quehacerpolitico.mx\/#website"},"primaryImageOfPage":{"@id":"https:\/\/quehacerpolitico.mx\/?p=108837#primaryimage"},"image":{"@id":"https:\/\/quehacerpolitico.mx\/?p=108837#primaryimage"},"thumbnailUrl":"https:\/\/quehacerpolitico.mx\/wp-content\/uploads\/2024\/03\/IMG_4413.jpeg","datePublished":"2024-03-21T13:57:05+00:00","dateModified":"2024-03-21T13:57:08+00:00","author":{"@id":"https:\/\/quehacerpolitico.mx\/#\/schema\/person\/496d8ad2d1d3f8036101dca7ee39e585"},"breadcrumb":{"@id":"https:\/\/quehacerpolitico.mx\/?p=108837#breadcrumb"},"inLanguage":"es","potentialAction":[{"@type":"ReadAction","target":["https:\/\/quehacerpolitico.mx\/?p=108837"]}]},{"@type":"ImageObject","inLanguage":"es","@id":"https:\/\/quehacerpolitico.mx\/?p=108837#primaryimage","url":"https:\/\/quehacerpolitico.mx\/wp-content\/uploads\/2024\/03\/IMG_4413.jpeg","contentUrl":"https:\/\/quehacerpolitico.mx\/wp-content\/uploads\/2024\/03\/IMG_4413.jpeg","width":735,"height":417},{"@type":"BreadcrumbList","@id":"https:\/\/quehacerpolitico.mx\/?p=108837#breadcrumb","itemListElement":[{"@type":"ListItem","position":1,"name":"Inicio","item":"https:\/\/quehacerpolitico.mx\/"},{"@type":"ListItem","position":2,"name":"Esta es la calidad del aire y clima para este jueves 21 de marzo en la Ciudad de M\u00e9xico ponte atento"}]},{"@type":"WebSite","@id":"https:\/\/quehacerpolitico.mx\/#website","url":"https:\/\/quehacerpolitico.mx\/","name":"","description":"","potentialAction":[{"@type":"SearchAction","target":{"@type":"EntryPoint","urlTemplate":"https:\/\/quehacerpolitico.mx\/?s={search_term_string}"},"query-input":{"@type":"PropertyValueSpecification","valueRequired":true,"valueName":"search_term_string"}}],"inLanguage":"es"},{"@type":"Person","@id":"https:\/\/quehacerpolitico.mx\/#\/schema\/person\/496d8ad2d1d3f8036101dca7ee39e585","name":"Redacci\u00f3n QP","image":{"@type":"ImageObject","inLanguage":"es","@id":"https:\/\/secure.gravatar.com\/avatar\/c7164ed6fdec453195284ad24a5ae5b6e1eed2b848477fa2a4787ba9adf39a41?s=96&d=mm&r=g","url":"https:\/\/secure.gravatar.com\/avatar\/c7164ed6fdec453195284ad24a5ae5b6e1eed2b848477fa2a4787ba9adf39a41?s=96&d=mm&r=g","contentUrl":"https:\/\/secure.gravatar.com\/avatar\/c7164ed6fdec453195284ad24a5ae5b6e1eed2b848477fa2a4787ba9adf39a41?s=96&d=mm&r=g","caption":"Redacci\u00f3n QP"},"url":"https:\/\/quehacerpolitico.mx\/?author=2"}]}},"featured_image_urls":{"full":["https:\/\/quehacerpolitico.mx\/wp-content\/uploads\/2024\/03\/IMG_4413.jpeg",735,417,false],"thumbnail":["https:\/\/quehacerpolitico.mx\/wp-content\/uploads\/2024\/03\/IMG_4413-150x150.jpeg",150,150,true],"medium":["https:\/\/quehacerpolitico.mx\/wp-content\/uploads\/2024\/03\/IMG_4413-300x170.jpeg",300,170,true],"medium_large":["https:\/\/quehacerpolitico.mx\/wp-content\/uploads\/2024\/03\/IMG_4413.jpeg",640,363,false],"large":["https:\/\/quehacerpolitico.mx\/wp-content\/uploads\/2024\/03\/IMG_4413.jpeg",640,363,false],"1536x1536":["https:\/\/quehacerpolitico.mx\/wp-content\/uploads\/2024\/03\/IMG_4413.jpeg",735,417,false],"2048x2048":["https:\/\/quehacerpolitico.mx\/wp-content\/uploads\/2024\/03\/IMG_4413.jpeg",735,417,false],"covernews-featured":["https:\/\/quehacerpolitico.mx\/wp-content\/uploads\/2024\/03\/IMG_4413.jpeg",735,417,false],"covernews-medium":["https:\/\/quehacerpolitico.mx\/wp-content\/uploads\/2024\/03\/IMG_4413.jpeg",540,306,false]},"author_info":{"display_name":"Redacci\u00f3n QP","author_link":"https:\/\/quehacerpolitico.mx\/?author=2"},"category_info":"<a href=\"https:\/\/quehacerpolitico.mx\/?cat=55\" rel=\"category\">CDMX<\/a>","tag_info":"CDMX","comment_count":"0","_links":{"self":[{"href":"https:\/\/quehacerpolitico.mx\/index.php?rest_route=\/wp\/v2\/posts\/108837","targetHints":{"allow":["GET"]}}],"collection":[{"href":"https:\/\/quehacerpolitico.mx\/index.php?rest_route=\/wp\/v2\/posts"}],"about":[{"href":"https:\/\/quehacerpolitico.mx\/index.php?rest_route=\/wp\/v2\/types\/post"}],"author":[{"embeddable":true,"href":"https:\/\/quehacerpolitico.mx\/index.php?rest_route=\/wp\/v2\/users\/2"}],"replies":[{"embeddable":true,"href":"https:\/\/quehacerpolitico.mx\/index.php?rest_route=%2Fwp%2Fv2%2Fcomments&post=108837"}],"version-history":[{"count":1,"href":"https:\/\/quehacerpolitico.mx\/index.php?rest_route=\/wp\/v2\/posts\/108837\/revisions"}],"predecessor-version":[{"id":108839,"href":"https:\/\/quehacerpolitico.mx\/index.php?rest_route=\/wp\/v2\/posts\/108837\/revisions\/108839"}],"wp:featuredmedia":[{"embeddable":true,"href":"https:\/\/quehacerpolitico.mx\/index.php?rest_route=\/wp\/v2\/media\/108838"}],"wp:attachment":[{"href":"https:\/\/quehacerpolitico.mx\/index.php?rest_route=%2Fwp%2Fv2%2Fmedia&parent=108837"}],"wp:term":[{"taxonomy":"category","embeddable":true,"href":"https:\/\/quehacerpolitico.mx\/index.php?rest_route=%2Fwp%2Fv2%2Fcategories&post=108837"},{"taxonomy":"post_tag","embeddable":true,"href":"https:\/\/quehacerpolitico.mx\/index.php?rest_route=%2Fwp%2Fv2%2Ftags&post=108837"}],"curies":[{"name":"wp","href":"https:\/\/api.w.org\/{rel}","templated":true}]}}