{"id":108752,"date":"2024-03-18T17:30:20","date_gmt":"2024-03-18T17:30:20","guid":{"rendered":"https:\/\/quehacerpolitico.mx\/?p=108752"},"modified":"2024-03-18T17:40:18","modified_gmt":"2024-03-18T17:40:18","slug":"muere-el-paricutin-de-television-nicandro-diaz-a-los-60-anos-de-edad","status":"publish","type":"post","link":"https:\/\/quehacerpolitico.mx\/?p=108752","title":{"rendered":"Muere el productor de televisi\u00f3n Nicandro D\u00edaz a los 60 a\u00f1os de edad"},"content":{"rendered":"\n<p>Por Redacci\u00f3n QP<\/p>\n\n\n\n<p>El productor Nicandro D\u00edaz hab\u00eda sido hospitalizado tras sufrir un fuerte accidente en moto acu\u00e1tica en Cozumel, Quintana Roo<\/p>\n\n\n\n<p><strong>Nicandro D\u00edaz<\/strong>, productor de televisi\u00f3n y teatro,\u00a0<strong>muri\u00f3<\/strong>\u00a0este lunes a los\u00a0<strong>60 a\u00f1os<\/strong>\u00a0de edad, luego de estar\u00a0<strong>hospitalizado<\/strong>\u00a0tras sufrir un accidente.<\/p>\n\n\n\n<figure class=\"wp-block-embed is-type-rich is-provider-twitter wp-block-embed-twitter\"><div class=\"wp-block-embed__wrapper\">\n<blockquote class=\"twitter-tweet\" data-width=\"550\" data-dnt=\"true\"><p lang=\"es\" dir=\"ltr\">Lamentamos el sensible fallecimiento del productor <a href=\"https:\/\/twitter.com\/hashtag\/NicandroD%C3%ADaz?src=hash&amp;ref_src=twsrc%5Etfw\">#NicandroD\u00edaz<\/a> Q.E.P.D. \ud83d\ude4f\ud83c\udffc<br><br>Nos unimos a la pena que embarga a sus familiares, amigos y seguidores \ud83d\udd4a\ufe0f\ud83e\udd0d <a href=\"https:\/\/t.co\/s0eDSuEF4X\">pic.twitter.com\/s0eDSuEF4X<\/a><\/p>&mdash; Programa Hoy (@programa_hoy) <a href=\"https:\/\/twitter.com\/programa_hoy\/status\/1769764928477393084?ref_src=twsrc%5Etfw\">March 18, 2024<\/a><\/blockquote><script async src=\"https:\/\/platform.twitter.com\/widgets.js\" charset=\"utf-8\"><\/script>\n<\/div><\/figure>\n\n\n\n<p>Medios detallaron que D\u00edaz hab\u00eda sido hospitalizado tras sufrir un fuerte&nbsp;<strong>accidente<\/strong>&nbsp;en&nbsp;<strong>moto acu\u00e1tica<\/strong>&nbsp;en&nbsp;<strong>Cozumel, Quintana Roo<\/strong>.<\/p>\n\n\n\n<p>A trav\u00e9s de redes sociales, se hab\u00edan solicitado donadores de sangre para el productor de televisi\u00f3n, quien fue hospitalizado en primera instancia en el nosocomio Costamed de Cozumel.<\/p>\n\n\n\n<p>\u201c\u00a1URGENTE! Amigos de Cozumel, les pedimos su valioso apoyo para donar sangre tipo AB negativo u O negativo en el Hospital Costamed Cozumel a nombre de Nicandro D\u00edaz Gonz\u00e1lez. Agradecemos su pronta ayuda\u201d, se apunt\u00f3 en un mensaje publicado en la cuenta de X del productor de telenovelas como&nbsp;<em>Golpe de Suerte<\/em>.<\/p>\n\n\n\n<p>Nicandro D\u00edaz Gonz\u00e1lez naci\u00f3 el 7 de agosto de 1863, Su trayectoria profesional abarc\u00f3 30 a\u00f1os dentro de la industria del entretenimiento. Inici\u00f3 como asistente en telenovelas como&nbsp;<em>Monte calvario<\/em>&nbsp;y&nbsp;<em>Rosa salvaje<\/em>, en los a\u00f1os 80.<\/p>\n\n\n\n<p>Entre las telenovelas en las que estuvo detr\u00e1s de su producci\u00f3n son:&nbsp;<em>Alma rebelde<\/em>&nbsp;(1999),&nbsp;<em>Carita de \u00e1ngel<\/em>&nbsp;(2000),&nbsp;<em>\u00a1Vivan los ni\u00f1os!<\/em>&nbsp;(2002),&nbsp;<em>Contra viento y marea<\/em>&nbsp;(2005),<em>&nbsp;Destilando amor<\/em>(2007),&nbsp;<em>Ma\u00f1ana es para siempre<\/em>&nbsp;(2008),&nbsp;<em>Soy tu due\u00f1a<\/em>&nbsp;(2010),&nbsp;<em>Amores verdaderos<\/em>&nbsp;(2012),&nbsp;<em>Hasta el fin del mundo<\/em>&nbsp;(2014),<em>&nbsp;El Bienamado<\/em>&nbsp;(2017),&nbsp;<em>Hijas de la luna<\/em>&nbsp;(2018),&nbsp;<em>La mexicana y el g\u00fcero<\/em>&nbsp;(2020),&nbsp;<em>Mi fortuna es amarte<\/em>&nbsp;(2021),&nbsp;<em>Mi camino es amarte<\/em>(2022) y&nbsp;<em>Golpe de suerte<\/em>&nbsp;(2023).<\/p>\n","protected":false},"excerpt":{"rendered":"<p>Por Redacci\u00f3n QP El productor Nicandro D\u00edaz hab\u00eda sido hospitalizado tras sufrir un fuerte accidente&#8230;<\/p>\n","protected":false},"author":2,"featured_media":108753,"comment_status":"open","ping_status":"open","sticky":false,"template":"","format":"standard","meta":{"_monsterinsights_skip_tracking":false,"_monsterinsights_sitenote_active":false,"_monsterinsights_sitenote_note":"","_monsterinsights_sitenote_category":0,"footnotes":""},"categories":[58],"tags":[],"class_list":["post-108752","post","type-post","status-publish","format-standard","has-post-thumbnail","hentry","category-cultura"],"yoast_head":"<!-- This site is optimized with the Yoast SEO plugin v27.3 - https:\/\/yoast.com\/product\/yoast-seo-wordpress\/ -->\n<title>Muere el productor de televisi\u00f3n Nicandro D\u00edaz a los 60 a\u00f1os de edad -<\/title>\n<meta name=\"robots\" content=\"index, follow, max-snippet:-1, max-image-preview:large, max-video-preview:-1\" \/>\n<link rel=\"canonical\" href=\"https:\/\/quehacerpolitico.mx\/?p=108752\" \/>\n<meta property=\"og:locale\" content=\"es_MX\" \/>\n<meta property=\"og:type\" content=\"article\" \/>\n<meta property=\"og:title\" content=\"Muere el productor de televisi\u00f3n Nicandro D\u00edaz a los 60 a\u00f1os de edad -\" \/>\n<meta property=\"og:description\" content=\"Por Redacci\u00f3n QP El productor Nicandro D\u00edaz hab\u00eda sido hospitalizado tras sufrir un fuerte accidente...\" \/>\n<meta property=\"og:url\" content=\"https:\/\/quehacerpolitico.mx\/?p=108752\" \/>\n<meta property=\"article:published_time\" content=\"2024-03-18T17:30:20+00:00\" \/>\n<meta property=\"article:modified_time\" content=\"2024-03-18T17:40:18+00:00\" \/>\n<meta property=\"og:image\" content=\"https:\/\/quehacerpolitico.mx\/wp-content\/uploads\/2024\/03\/IMG_4351.jpeg\" \/>\n\t<meta property=\"og:image:width\" content=\"480\" \/>\n\t<meta property=\"og:image:height\" content=\"288\" \/>\n\t<meta property=\"og:image:type\" content=\"image\/jpeg\" \/>\n<meta name=\"author\" content=\"Redacci\u00f3n QP\" \/>\n<meta name=\"twitter:card\" content=\"summary_large_image\" \/>\n<meta name=\"twitter:label1\" content=\"Escrito por\" \/>\n\t<meta name=\"twitter:data1\" content=\"Redacci\u00f3n QP\" \/>\n\t<meta name=\"twitter:label2\" content=\"Tiempo de lectura\" \/>\n\t<meta name=\"twitter:data2\" content=\"2 minutos\" \/>\n<script type=\"application\/ld+json\" class=\"yoast-schema-graph\">{\"@context\":\"https:\\\/\\\/schema.org\",\"@graph\":[{\"@type\":\"Article\",\"@id\":\"https:\\\/\\\/quehacerpolitico.mx\\\/?p=108752#article\",\"isPartOf\":{\"@id\":\"https:\\\/\\\/quehacerpolitico.mx\\\/?p=108752\"},\"author\":{\"name\":\"Redacci\u00f3n QP\",\"@id\":\"https:\\\/\\\/quehacerpolitico.mx\\\/#\\\/schema\\\/person\\\/496d8ad2d1d3f8036101dca7ee39e585\"},\"headline\":\"Muere el productor de televisi\u00f3n Nicandro D\u00edaz a los 60 a\u00f1os de edad\",\"datePublished\":\"2024-03-18T17:30:20+00:00\",\"dateModified\":\"2024-03-18T17:40:18+00:00\",\"mainEntityOfPage\":{\"@id\":\"https:\\\/\\\/quehacerpolitico.mx\\\/?p=108752\"},\"wordCount\":329,\"commentCount\":0,\"image\":{\"@id\":\"https:\\\/\\\/quehacerpolitico.mx\\\/?p=108752#primaryimage\"},\"thumbnailUrl\":\"https:\\\/\\\/quehacerpolitico.mx\\\/wp-content\\\/uploads\\\/2024\\\/03\\\/IMG_4351.jpeg\",\"articleSection\":[\"Cultura y Entretenimiento\"],\"inLanguage\":\"es\",\"potentialAction\":[{\"@type\":\"CommentAction\",\"name\":\"Comment\",\"target\":[\"https:\\\/\\\/quehacerpolitico.mx\\\/?p=108752#respond\"]}]},{\"@type\":\"WebPage\",\"@id\":\"https:\\\/\\\/quehacerpolitico.mx\\\/?p=108752\",\"url\":\"https:\\\/\\\/quehacerpolitico.mx\\\/?p=108752\",\"name\":\"Muere el productor de televisi\u00f3n Nicandro D\u00edaz a los 60 a\u00f1os de edad -\",\"isPartOf\":{\"@id\":\"https:\\\/\\\/quehacerpolitico.mx\\\/#website\"},\"primaryImageOfPage\":{\"@id\":\"https:\\\/\\\/quehacerpolitico.mx\\\/?p=108752#primaryimage\"},\"image\":{\"@id\":\"https:\\\/\\\/quehacerpolitico.mx\\\/?p=108752#primaryimage\"},\"thumbnailUrl\":\"https:\\\/\\\/quehacerpolitico.mx\\\/wp-content\\\/uploads\\\/2024\\\/03\\\/IMG_4351.jpeg\",\"datePublished\":\"2024-03-18T17:30:20+00:00\",\"dateModified\":\"2024-03-18T17:40:18+00:00\",\"author\":{\"@id\":\"https:\\\/\\\/quehacerpolitico.mx\\\/#\\\/schema\\\/person\\\/496d8ad2d1d3f8036101dca7ee39e585\"},\"breadcrumb\":{\"@id\":\"https:\\\/\\\/quehacerpolitico.mx\\\/?p=108752#breadcrumb\"},\"inLanguage\":\"es\",\"potentialAction\":[{\"@type\":\"ReadAction\",\"target\":[\"https:\\\/\\\/quehacerpolitico.mx\\\/?p=108752\"]}]},{\"@type\":\"ImageObject\",\"inLanguage\":\"es\",\"@id\":\"https:\\\/\\\/quehacerpolitico.mx\\\/?p=108752#primaryimage\",\"url\":\"https:\\\/\\\/quehacerpolitico.mx\\\/wp-content\\\/uploads\\\/2024\\\/03\\\/IMG_4351.jpeg\",\"contentUrl\":\"https:\\\/\\\/quehacerpolitico.mx\\\/wp-content\\\/uploads\\\/2024\\\/03\\\/IMG_4351.jpeg\",\"width\":480,\"height\":288},{\"@type\":\"BreadcrumbList\",\"@id\":\"https:\\\/\\\/quehacerpolitico.mx\\\/?p=108752#breadcrumb\",\"itemListElement\":[{\"@type\":\"ListItem\",\"position\":1,\"name\":\"Inicio\",\"item\":\"https:\\\/\\\/quehacerpolitico.mx\\\/\"},{\"@type\":\"ListItem\",\"position\":2,\"name\":\"Muere el productor de televisi\u00f3n Nicandro D\u00edaz a los 60 a\u00f1os de edad\"}]},{\"@type\":\"WebSite\",\"@id\":\"https:\\\/\\\/quehacerpolitico.mx\\\/#website\",\"url\":\"https:\\\/\\\/quehacerpolitico.mx\\\/\",\"name\":\"\",\"description\":\"\",\"potentialAction\":[{\"@type\":\"SearchAction\",\"target\":{\"@type\":\"EntryPoint\",\"urlTemplate\":\"https:\\\/\\\/quehacerpolitico.mx\\\/?s={search_term_string}\"},\"query-input\":{\"@type\":\"PropertyValueSpecification\",\"valueRequired\":true,\"valueName\":\"search_term_string\"}}],\"inLanguage\":\"es\"},{\"@type\":\"Person\",\"@id\":\"https:\\\/\\\/quehacerpolitico.mx\\\/#\\\/schema\\\/person\\\/496d8ad2d1d3f8036101dca7ee39e585\",\"name\":\"Redacci\u00f3n QP\",\"image\":{\"@type\":\"ImageObject\",\"inLanguage\":\"es\",\"@id\":\"https:\\\/\\\/secure.gravatar.com\\\/avatar\\\/c7164ed6fdec453195284ad24a5ae5b6e1eed2b848477fa2a4787ba9adf39a41?s=96&d=mm&r=g\",\"url\":\"https:\\\/\\\/secure.gravatar.com\\\/avatar\\\/c7164ed6fdec453195284ad24a5ae5b6e1eed2b848477fa2a4787ba9adf39a41?s=96&d=mm&r=g\",\"contentUrl\":\"https:\\\/\\\/secure.gravatar.com\\\/avatar\\\/c7164ed6fdec453195284ad24a5ae5b6e1eed2b848477fa2a4787ba9adf39a41?s=96&d=mm&r=g\",\"caption\":\"Redacci\u00f3n QP\"},\"url\":\"https:\\\/\\\/quehacerpolitico.mx\\\/?author=2\"}]}<\/script>\n<!-- \/ Yoast SEO plugin. -->","yoast_head_json":{"title":"Muere el productor de televisi\u00f3n Nicandro D\u00edaz a los 60 a\u00f1os de edad -","robots":{"index":"index","follow":"follow","max-snippet":"max-snippet:-1","max-image-preview":"max-image-preview:large","max-video-preview":"max-video-preview:-1"},"canonical":"https:\/\/quehacerpolitico.mx\/?p=108752","og_locale":"es_MX","og_type":"article","og_title":"Muere el productor de televisi\u00f3n Nicandro D\u00edaz a los 60 a\u00f1os de edad -","og_description":"Por Redacci\u00f3n QP El productor Nicandro D\u00edaz hab\u00eda sido hospitalizado tras sufrir un fuerte accidente...","og_url":"https:\/\/quehacerpolitico.mx\/?p=108752","article_published_time":"2024-03-18T17:30:20+00:00","article_modified_time":"2024-03-18T17:40:18+00:00","og_image":[{"width":480,"height":288,"url":"https:\/\/quehacerpolitico.mx\/wp-content\/uploads\/2024\/03\/IMG_4351.jpeg","type":"image\/jpeg"}],"author":"Redacci\u00f3n QP","twitter_card":"summary_large_image","twitter_misc":{"Escrito por":"Redacci\u00f3n QP","Tiempo de lectura":"2 minutos"},"schema":{"@context":"https:\/\/schema.org","@graph":[{"@type":"Article","@id":"https:\/\/quehacerpolitico.mx\/?p=108752#article","isPartOf":{"@id":"https:\/\/quehacerpolitico.mx\/?p=108752"},"author":{"name":"Redacci\u00f3n QP","@id":"https:\/\/quehacerpolitico.mx\/#\/schema\/person\/496d8ad2d1d3f8036101dca7ee39e585"},"headline":"Muere el productor de televisi\u00f3n Nicandro D\u00edaz a los 60 a\u00f1os de edad","datePublished":"2024-03-18T17:30:20+00:00","dateModified":"2024-03-18T17:40:18+00:00","mainEntityOfPage":{"@id":"https:\/\/quehacerpolitico.mx\/?p=108752"},"wordCount":329,"commentCount":0,"image":{"@id":"https:\/\/quehacerpolitico.mx\/?p=108752#primaryimage"},"thumbnailUrl":"https:\/\/quehacerpolitico.mx\/wp-content\/uploads\/2024\/03\/IMG_4351.jpeg","articleSection":["Cultura y Entretenimiento"],"inLanguage":"es","potentialAction":[{"@type":"CommentAction","name":"Comment","target":["https:\/\/quehacerpolitico.mx\/?p=108752#respond"]}]},{"@type":"WebPage","@id":"https:\/\/quehacerpolitico.mx\/?p=108752","url":"https:\/\/quehacerpolitico.mx\/?p=108752","name":"Muere el productor de televisi\u00f3n Nicandro D\u00edaz a los 60 a\u00f1os de edad -","isPartOf":{"@id":"https:\/\/quehacerpolitico.mx\/#website"},"primaryImageOfPage":{"@id":"https:\/\/quehacerpolitico.mx\/?p=108752#primaryimage"},"image":{"@id":"https:\/\/quehacerpolitico.mx\/?p=108752#primaryimage"},"thumbnailUrl":"https:\/\/quehacerpolitico.mx\/wp-content\/uploads\/2024\/03\/IMG_4351.jpeg","datePublished":"2024-03-18T17:30:20+00:00","dateModified":"2024-03-18T17:40:18+00:00","author":{"@id":"https:\/\/quehacerpolitico.mx\/#\/schema\/person\/496d8ad2d1d3f8036101dca7ee39e585"},"breadcrumb":{"@id":"https:\/\/quehacerpolitico.mx\/?p=108752#breadcrumb"},"inLanguage":"es","potentialAction":[{"@type":"ReadAction","target":["https:\/\/quehacerpolitico.mx\/?p=108752"]}]},{"@type":"ImageObject","inLanguage":"es","@id":"https:\/\/quehacerpolitico.mx\/?p=108752#primaryimage","url":"https:\/\/quehacerpolitico.mx\/wp-content\/uploads\/2024\/03\/IMG_4351.jpeg","contentUrl":"https:\/\/quehacerpolitico.mx\/wp-content\/uploads\/2024\/03\/IMG_4351.jpeg","width":480,"height":288},{"@type":"BreadcrumbList","@id":"https:\/\/quehacerpolitico.mx\/?p=108752#breadcrumb","itemListElement":[{"@type":"ListItem","position":1,"name":"Inicio","item":"https:\/\/quehacerpolitico.mx\/"},{"@type":"ListItem","position":2,"name":"Muere el productor de televisi\u00f3n Nicandro D\u00edaz a los 60 a\u00f1os de edad"}]},{"@type":"WebSite","@id":"https:\/\/quehacerpolitico.mx\/#website","url":"https:\/\/quehacerpolitico.mx\/","name":"","description":"","potentialAction":[{"@type":"SearchAction","target":{"@type":"EntryPoint","urlTemplate":"https:\/\/quehacerpolitico.mx\/?s={search_term_string}"},"query-input":{"@type":"PropertyValueSpecification","valueRequired":true,"valueName":"search_term_string"}}],"inLanguage":"es"},{"@type":"Person","@id":"https:\/\/quehacerpolitico.mx\/#\/schema\/person\/496d8ad2d1d3f8036101dca7ee39e585","name":"Redacci\u00f3n QP","image":{"@type":"ImageObject","inLanguage":"es","@id":"https:\/\/secure.gravatar.com\/avatar\/c7164ed6fdec453195284ad24a5ae5b6e1eed2b848477fa2a4787ba9adf39a41?s=96&d=mm&r=g","url":"https:\/\/secure.gravatar.com\/avatar\/c7164ed6fdec453195284ad24a5ae5b6e1eed2b848477fa2a4787ba9adf39a41?s=96&d=mm&r=g","contentUrl":"https:\/\/secure.gravatar.com\/avatar\/c7164ed6fdec453195284ad24a5ae5b6e1eed2b848477fa2a4787ba9adf39a41?s=96&d=mm&r=g","caption":"Redacci\u00f3n QP"},"url":"https:\/\/quehacerpolitico.mx\/?author=2"}]}},"featured_image_urls":{"full":["https:\/\/quehacerpolitico.mx\/wp-content\/uploads\/2024\/03\/IMG_4351.jpeg",480,288,false],"thumbnail":["https:\/\/quehacerpolitico.mx\/wp-content\/uploads\/2024\/03\/IMG_4351-150x150.jpeg",150,150,true],"medium":["https:\/\/quehacerpolitico.mx\/wp-content\/uploads\/2024\/03\/IMG_4351-300x180.jpeg",300,180,true],"medium_large":["https:\/\/quehacerpolitico.mx\/wp-content\/uploads\/2024\/03\/IMG_4351.jpeg",480,288,false],"large":["https:\/\/quehacerpolitico.mx\/wp-content\/uploads\/2024\/03\/IMG_4351.jpeg",480,288,false],"1536x1536":["https:\/\/quehacerpolitico.mx\/wp-content\/uploads\/2024\/03\/IMG_4351.jpeg",480,288,false],"2048x2048":["https:\/\/quehacerpolitico.mx\/wp-content\/uploads\/2024\/03\/IMG_4351.jpeg",480,288,false],"covernews-featured":["https:\/\/quehacerpolitico.mx\/wp-content\/uploads\/2024\/03\/IMG_4351.jpeg",480,288,false],"covernews-medium":["https:\/\/quehacerpolitico.mx\/wp-content\/uploads\/2024\/03\/IMG_4351.jpeg",480,288,false]},"author_info":{"display_name":"Redacci\u00f3n QP","author_link":"https:\/\/quehacerpolitico.mx\/?author=2"},"category_info":"<a href=\"https:\/\/quehacerpolitico.mx\/?cat=58\" rel=\"category\">Cultura y Entretenimiento<\/a>","tag_info":"Cultura y Entretenimiento","comment_count":"0","_links":{"self":[{"href":"https:\/\/quehacerpolitico.mx\/index.php?rest_route=\/wp\/v2\/posts\/108752","targetHints":{"allow":["GET"]}}],"collection":[{"href":"https:\/\/quehacerpolitico.mx\/index.php?rest_route=\/wp\/v2\/posts"}],"about":[{"href":"https:\/\/quehacerpolitico.mx\/index.php?rest_route=\/wp\/v2\/types\/post"}],"author":[{"embeddable":true,"href":"https:\/\/quehacerpolitico.mx\/index.php?rest_route=\/wp\/v2\/users\/2"}],"replies":[{"embeddable":true,"href":"https:\/\/quehacerpolitico.mx\/index.php?rest_route=%2Fwp%2Fv2%2Fcomments&post=108752"}],"version-history":[{"count":3,"href":"https:\/\/quehacerpolitico.mx\/index.php?rest_route=\/wp\/v2\/posts\/108752\/revisions"}],"predecessor-version":[{"id":108757,"href":"https:\/\/quehacerpolitico.mx\/index.php?rest_route=\/wp\/v2\/posts\/108752\/revisions\/108757"}],"wp:featuredmedia":[{"embeddable":true,"href":"https:\/\/quehacerpolitico.mx\/index.php?rest_route=\/wp\/v2\/media\/108753"}],"wp:attachment":[{"href":"https:\/\/quehacerpolitico.mx\/index.php?rest_route=%2Fwp%2Fv2%2Fmedia&parent=108752"}],"wp:term":[{"taxonomy":"category","embeddable":true,"href":"https:\/\/quehacerpolitico.mx\/index.php?rest_route=%2Fwp%2Fv2%2Fcategories&post=108752"},{"taxonomy":"post_tag","embeddable":true,"href":"https:\/\/quehacerpolitico.mx\/index.php?rest_route=%2Fwp%2Fv2%2Ftags&post=108752"}],"curies":[{"name":"wp","href":"https:\/\/api.w.org\/{rel}","templated":true}]}}