{"id":108749,"date":"2024-03-18T16:58:47","date_gmt":"2024-03-18T16:58:47","guid":{"rendered":"https:\/\/quehacerpolitico.mx\/?p=108749"},"modified":"2024-03-18T16:58:49","modified_gmt":"2024-03-18T16:58:49","slug":"ah-pues-aqui-que-me-la-entregue-que-me-la-deje-aqui-detallo-amlo-al-finalizar-la-mananera-respecto-a-la-pala-de-mando-de-ceci-flores","status":"publish","type":"post","link":"https:\/\/quehacerpolitico.mx\/?p=108749","title":{"rendered":"\u00a1Ah! Pues aqu\u00ed que me la entregue, que me la deje aqu\u00ed\u201d, detall\u00f3 amlo al finalizar la\u00a0ma\u00f1anera\u00a0respecto a la pala de mando de Ceci Flores"},"content":{"rendered":"\n<p>Por Redacci\u00f3n QP<\/p>\n\n\n\n<p>L\u00f3pez Obrador respondi\u00f3 a la fundadora del Colectivo Madres Buscadoras de Sonora, Cecilia Flores, quien exige que se busque a desaparecidos<\/p>\n\n\n\n<p>El presidente de M\u00e9xico,\u00a0<strong>Andres Manuel L\u00f3pez Obrador<\/strong>, pidi\u00f3 a la fundadora del\u00a0<strong>Colectivo Madres Buscadoras de Sonora<\/strong>,<strong>Cecilia Flores<\/strong>, que le deje en Palacio Nacional la \u2018pala de mando\u2018 con la que busca a\u00a0<strong>desaparecidos<\/strong>\u00a0en el norte de M\u00e9xico.<\/p>\n\n\n\n<p>\u00a1Ah! Pues aqu\u00ed que me la entregue, que me la deje aqu\u00ed\u201d, detall\u00f3 el tabasque\u00f1o al finalizar la\u00a0<em>ma\u00f1anera<\/em>\u00a0en Palacio Nacional.<\/p>\n\n\n\n<figure class=\"wp-block-embed is-type-rich is-provider-twitter wp-block-embed-twitter\"><div class=\"wp-block-embed__wrapper\">\n<blockquote class=\"twitter-tweet\" data-width=\"550\" data-dnt=\"true\"><p lang=\"es\" dir=\"ltr\">&quot;Pues que me la deje aqu\u00ed&quot;, le responde AMLO a la madre buscadora Ceci Flores, quien se manifest\u00f3 afuera de Palacio Nacional para entregarle una &#39;pala de mando&#39;<a href=\"https:\/\/t.co\/lnLariz9YE\">pic.twitter.com\/lnLariz9YE<\/a> <a href=\"https:\/\/t.co\/KeClPPVfut\">pic.twitter.com\/KeClPPVfut<\/a><\/p>&mdash; Manuel Lopez San Martin (@MLopezSanMartin) <a href=\"https:\/\/twitter.com\/MLopezSanMartin\/status\/1769752243316625915?ref_src=twsrc%5Etfw\">March 18, 2024<\/a><\/blockquote><script async src=\"https:\/\/platform.twitter.com\/widgets.js\" charset=\"utf-8\"><\/script>\n<\/div><\/figure>\n\n\n\n<p>Al ser cuestionado sobre si recibir\u00eda a las madres buscadoras en lo que resta de su sexenio, el mandatario mexicano solo apunt\u00f3 a los reporteros que \u201cma\u00f1ana hablamos de eso, ma\u00f1ana lo tratamos\u201d.<\/p>\n\n\n\n<p>Este lunes, la fundadora del Colectivo Madres Buscadoras de Sonora, Cecilia Flores, se present\u00f3 en Palacio Nacional para buscar entregarle al mandatario mexicano una \u2018pala de mando\u2019, como un s\u00edmbolo para que busque a personas desaparecidas en nuestro pa\u00eds.<\/p>\n\n\n\n<figure class=\"wp-block-embed is-type-rich is-provider-twitter wp-block-embed-twitter\"><div class=\"wp-block-embed__wrapper\">\n<blockquote class=\"twitter-tweet\" data-width=\"550\" data-dnt=\"true\"><p lang=\"es\" dir=\"ltr\">Esta pala debi\u00f3 usarse para hacer los surcos donde se siembran semillas, esa ropa debi\u00f3 ser lo que le quitara el fr\u00edo a nuestros hijos y no una se\u00f1al de que encontramos un cuerpo, esta madre debi\u00f3 hacerse vieja rodeada de sus hijos y no rodeada de desiertos que esconden cuerpos.<\/p>&mdash; Ceci Flores 6623415616 (@CeciPatriciaF) <a href=\"https:\/\/twitter.com\/CeciPatriciaF\/status\/1769725891817398532?ref_src=twsrc%5Etfw\">March 18, 2024<\/a><\/blockquote><script async src=\"https:\/\/platform.twitter.com\/widgets.js\" charset=\"utf-8\"><\/script>\n<\/div><\/figure>\n\n\n\n<p>\u201cVine a tocar las puertas de Palacio\u00a0@lopezobrador_para entregarle la pala con la que busco a mis hijos Esta pala nunca debi\u00f3 estar en mis manos, ni debi\u00f3 sentir los huesos romperse de los cuerpos que ha desenterrado Tome el mando Presidente, h\u00e1gase cargo de los desaparecidos\u201d, indic\u00f3.<\/p>\n\n\n\n<figure class=\"wp-block-embed is-type-video is-provider-youtube wp-block-embed-youtube wp-embed-aspect-16-9 wp-has-aspect-ratio\"><div class=\"wp-block-embed__wrapper\">\nhttps:\/\/youtube.com\/shorts\/zHATFgXz9k0?si=JbPPouan1g86_BsG\n<\/div><\/figure>\n\n\n\n<p>\u201cEsta pala debi\u00f3 usarse para hacer los surcos donde se siembran semillas, esa ropa debi\u00f3 ser lo que le quitara el fr\u00edo a nuestros hijos y no una se\u00f1al de que encontramos un cuerpo, esta madre debi\u00f3 hacerse vieja rodeada de sus hijos y no rodeada de desiertos que esconden cuerpos\u201d, puntualiz\u00f3.<\/p>\n\n\n\n<p>En M\u00e9xico hay\u00a099 mil 729 desaparecidos y personas no localizadas, tras la\u00a0<strong>actualizaci\u00f3n\u00a0<\/strong>al\u00a0<strong>censo<\/strong>\u00a0que realiz\u00f3 el Gobierno federal en las \u00faltimas semanas.<\/p>\n\n\n\n<p>Lo anterior fue informado por la\u00a0secretaria de\u00a0<strong>Gobernaci\u00f3n<\/strong>\u00a0(Segob), <strong>Luisa Mar\u00eda Alcalde<\/strong>, en la conferencia matutina de Palacio Nacional, donde inform\u00f3 sobre los avances en la localizaci\u00f3n de personas desaparecidas de acuerdo a la nueva nueva metodolog\u00eda.<\/p>\n","protected":false},"excerpt":{"rendered":"<p>Por Redacci\u00f3n QP L\u00f3pez Obrador respondi\u00f3 a la fundadora del Colectivo Madres Buscadoras de Sonora,&#8230;<\/p>\n","protected":false},"author":2,"featured_media":108750,"comment_status":"open","ping_status":"open","sticky":false,"template":"","format":"standard","meta":{"_monsterinsights_skip_tracking":false,"_monsterinsights_sitenote_active":false,"_monsterinsights_sitenote_note":"","_monsterinsights_sitenote_category":0,"footnotes":""},"categories":[2],"tags":[],"class_list":["post-108749","post","type-post","status-publish","format-standard","has-post-thumbnail","hentry","category-noticias"],"yoast_head":"<!-- This site is optimized with the Yoast SEO plugin v27.3 - https:\/\/yoast.com\/product\/yoast-seo-wordpress\/ -->\n<title>\u00a1Ah! Pues aqu\u00ed que me la entregue, que me la deje aqu\u00ed\u201d, detall\u00f3 amlo al finalizar la\u00a0ma\u00f1anera\u00a0respecto a la pala de mando de Ceci Flores -<\/title>\n<meta name=\"robots\" content=\"index, follow, max-snippet:-1, max-image-preview:large, max-video-preview:-1\" \/>\n<link rel=\"canonical\" href=\"https:\/\/quehacerpolitico.mx\/?p=108749\" \/>\n<meta property=\"og:locale\" content=\"es_MX\" \/>\n<meta property=\"og:type\" content=\"article\" \/>\n<meta property=\"og:title\" content=\"\u00a1Ah! Pues aqu\u00ed que me la entregue, que me la deje aqu\u00ed\u201d, detall\u00f3 amlo al finalizar la\u00a0ma\u00f1anera\u00a0respecto a la pala de mando de Ceci Flores -\" \/>\n<meta property=\"og:description\" content=\"Por Redacci\u00f3n QP L\u00f3pez Obrador respondi\u00f3 a la fundadora del Colectivo Madres Buscadoras de Sonora,...\" \/>\n<meta property=\"og:url\" content=\"https:\/\/quehacerpolitico.mx\/?p=108749\" \/>\n<meta property=\"article:published_time\" content=\"2024-03-18T16:58:47+00:00\" \/>\n<meta property=\"article:modified_time\" content=\"2024-03-18T16:58:49+00:00\" \/>\n<meta property=\"og:image\" content=\"https:\/\/quehacerpolitico.mx\/wp-content\/uploads\/2024\/03\/IMG_4350.jpeg\" \/>\n\t<meta property=\"og:image:width\" content=\"715\" \/>\n\t<meta property=\"og:image:height\" content=\"429\" \/>\n\t<meta property=\"og:image:type\" content=\"image\/jpeg\" \/>\n<meta name=\"author\" content=\"Redacci\u00f3n QP\" \/>\n<meta name=\"twitter:card\" content=\"summary_large_image\" \/>\n<meta name=\"twitter:label1\" content=\"Escrito por\" \/>\n\t<meta name=\"twitter:data1\" content=\"Redacci\u00f3n QP\" \/>\n\t<meta name=\"twitter:label2\" content=\"Tiempo de lectura\" \/>\n\t<meta name=\"twitter:data2\" content=\"2 minutos\" \/>\n<script type=\"application\/ld+json\" class=\"yoast-schema-graph\">{\"@context\":\"https:\\\/\\\/schema.org\",\"@graph\":[{\"@type\":\"Article\",\"@id\":\"https:\\\/\\\/quehacerpolitico.mx\\\/?p=108749#article\",\"isPartOf\":{\"@id\":\"https:\\\/\\\/quehacerpolitico.mx\\\/?p=108749\"},\"author\":{\"name\":\"Redacci\u00f3n QP\",\"@id\":\"https:\\\/\\\/quehacerpolitico.mx\\\/#\\\/schema\\\/person\\\/496d8ad2d1d3f8036101dca7ee39e585\"},\"headline\":\"\u00a1Ah! Pues aqu\u00ed que me la entregue, que me la deje aqu\u00ed\u201d, detall\u00f3 amlo al finalizar la\u00a0ma\u00f1anera\u00a0respecto a la pala de mando de Ceci Flores\",\"datePublished\":\"2024-03-18T16:58:47+00:00\",\"dateModified\":\"2024-03-18T16:58:49+00:00\",\"mainEntityOfPage\":{\"@id\":\"https:\\\/\\\/quehacerpolitico.mx\\\/?p=108749\"},\"wordCount\":402,\"commentCount\":0,\"image\":{\"@id\":\"https:\\\/\\\/quehacerpolitico.mx\\\/?p=108749#primaryimage\"},\"thumbnailUrl\":\"https:\\\/\\\/quehacerpolitico.mx\\\/wp-content\\\/uploads\\\/2024\\\/03\\\/IMG_4350.jpeg\",\"articleSection\":[\"Noticias\"],\"inLanguage\":\"es\",\"potentialAction\":[{\"@type\":\"CommentAction\",\"name\":\"Comment\",\"target\":[\"https:\\\/\\\/quehacerpolitico.mx\\\/?p=108749#respond\"]}]},{\"@type\":\"WebPage\",\"@id\":\"https:\\\/\\\/quehacerpolitico.mx\\\/?p=108749\",\"url\":\"https:\\\/\\\/quehacerpolitico.mx\\\/?p=108749\",\"name\":\"\u00a1Ah! Pues aqu\u00ed que me la entregue, que me la deje aqu\u00ed\u201d, detall\u00f3 amlo al finalizar la\u00a0ma\u00f1anera\u00a0respecto a la pala de mando de Ceci Flores -\",\"isPartOf\":{\"@id\":\"https:\\\/\\\/quehacerpolitico.mx\\\/#website\"},\"primaryImageOfPage\":{\"@id\":\"https:\\\/\\\/quehacerpolitico.mx\\\/?p=108749#primaryimage\"},\"image\":{\"@id\":\"https:\\\/\\\/quehacerpolitico.mx\\\/?p=108749#primaryimage\"},\"thumbnailUrl\":\"https:\\\/\\\/quehacerpolitico.mx\\\/wp-content\\\/uploads\\\/2024\\\/03\\\/IMG_4350.jpeg\",\"datePublished\":\"2024-03-18T16:58:47+00:00\",\"dateModified\":\"2024-03-18T16:58:49+00:00\",\"author\":{\"@id\":\"https:\\\/\\\/quehacerpolitico.mx\\\/#\\\/schema\\\/person\\\/496d8ad2d1d3f8036101dca7ee39e585\"},\"breadcrumb\":{\"@id\":\"https:\\\/\\\/quehacerpolitico.mx\\\/?p=108749#breadcrumb\"},\"inLanguage\":\"es\",\"potentialAction\":[{\"@type\":\"ReadAction\",\"target\":[\"https:\\\/\\\/quehacerpolitico.mx\\\/?p=108749\"]}]},{\"@type\":\"ImageObject\",\"inLanguage\":\"es\",\"@id\":\"https:\\\/\\\/quehacerpolitico.mx\\\/?p=108749#primaryimage\",\"url\":\"https:\\\/\\\/quehacerpolitico.mx\\\/wp-content\\\/uploads\\\/2024\\\/03\\\/IMG_4350.jpeg\",\"contentUrl\":\"https:\\\/\\\/quehacerpolitico.mx\\\/wp-content\\\/uploads\\\/2024\\\/03\\\/IMG_4350.jpeg\",\"width\":715,\"height\":429},{\"@type\":\"BreadcrumbList\",\"@id\":\"https:\\\/\\\/quehacerpolitico.mx\\\/?p=108749#breadcrumb\",\"itemListElement\":[{\"@type\":\"ListItem\",\"position\":1,\"name\":\"Inicio\",\"item\":\"https:\\\/\\\/quehacerpolitico.mx\\\/\"},{\"@type\":\"ListItem\",\"position\":2,\"name\":\"\u00a1Ah! Pues aqu\u00ed que me la entregue, que me la deje aqu\u00ed\u201d, detall\u00f3 amlo al finalizar la\u00a0ma\u00f1anera\u00a0respecto a la pala de mando de Ceci Flores\"}]},{\"@type\":\"WebSite\",\"@id\":\"https:\\\/\\\/quehacerpolitico.mx\\\/#website\",\"url\":\"https:\\\/\\\/quehacerpolitico.mx\\\/\",\"name\":\"\",\"description\":\"\",\"potentialAction\":[{\"@type\":\"SearchAction\",\"target\":{\"@type\":\"EntryPoint\",\"urlTemplate\":\"https:\\\/\\\/quehacerpolitico.mx\\\/?s={search_term_string}\"},\"query-input\":{\"@type\":\"PropertyValueSpecification\",\"valueRequired\":true,\"valueName\":\"search_term_string\"}}],\"inLanguage\":\"es\"},{\"@type\":\"Person\",\"@id\":\"https:\\\/\\\/quehacerpolitico.mx\\\/#\\\/schema\\\/person\\\/496d8ad2d1d3f8036101dca7ee39e585\",\"name\":\"Redacci\u00f3n QP\",\"image\":{\"@type\":\"ImageObject\",\"inLanguage\":\"es\",\"@id\":\"https:\\\/\\\/secure.gravatar.com\\\/avatar\\\/c7164ed6fdec453195284ad24a5ae5b6e1eed2b848477fa2a4787ba9adf39a41?s=96&d=mm&r=g\",\"url\":\"https:\\\/\\\/secure.gravatar.com\\\/avatar\\\/c7164ed6fdec453195284ad24a5ae5b6e1eed2b848477fa2a4787ba9adf39a41?s=96&d=mm&r=g\",\"contentUrl\":\"https:\\\/\\\/secure.gravatar.com\\\/avatar\\\/c7164ed6fdec453195284ad24a5ae5b6e1eed2b848477fa2a4787ba9adf39a41?s=96&d=mm&r=g\",\"caption\":\"Redacci\u00f3n QP\"},\"url\":\"https:\\\/\\\/quehacerpolitico.mx\\\/?author=2\"}]}<\/script>\n<!-- \/ Yoast SEO plugin. -->","yoast_head_json":{"title":"\u00a1Ah! Pues aqu\u00ed que me la entregue, que me la deje aqu\u00ed\u201d, detall\u00f3 amlo al finalizar la\u00a0ma\u00f1anera\u00a0respecto a la pala de mando de Ceci Flores -","robots":{"index":"index","follow":"follow","max-snippet":"max-snippet:-1","max-image-preview":"max-image-preview:large","max-video-preview":"max-video-preview:-1"},"canonical":"https:\/\/quehacerpolitico.mx\/?p=108749","og_locale":"es_MX","og_type":"article","og_title":"\u00a1Ah! Pues aqu\u00ed que me la entregue, que me la deje aqu\u00ed\u201d, detall\u00f3 amlo al finalizar la\u00a0ma\u00f1anera\u00a0respecto a la pala de mando de Ceci Flores -","og_description":"Por Redacci\u00f3n QP L\u00f3pez Obrador respondi\u00f3 a la fundadora del Colectivo Madres Buscadoras de Sonora,...","og_url":"https:\/\/quehacerpolitico.mx\/?p=108749","article_published_time":"2024-03-18T16:58:47+00:00","article_modified_time":"2024-03-18T16:58:49+00:00","og_image":[{"width":715,"height":429,"url":"https:\/\/quehacerpolitico.mx\/wp-content\/uploads\/2024\/03\/IMG_4350.jpeg","type":"image\/jpeg"}],"author":"Redacci\u00f3n QP","twitter_card":"summary_large_image","twitter_misc":{"Escrito por":"Redacci\u00f3n QP","Tiempo de lectura":"2 minutos"},"schema":{"@context":"https:\/\/schema.org","@graph":[{"@type":"Article","@id":"https:\/\/quehacerpolitico.mx\/?p=108749#article","isPartOf":{"@id":"https:\/\/quehacerpolitico.mx\/?p=108749"},"author":{"name":"Redacci\u00f3n QP","@id":"https:\/\/quehacerpolitico.mx\/#\/schema\/person\/496d8ad2d1d3f8036101dca7ee39e585"},"headline":"\u00a1Ah! Pues aqu\u00ed que me la entregue, que me la deje aqu\u00ed\u201d, detall\u00f3 amlo al finalizar la\u00a0ma\u00f1anera\u00a0respecto a la pala de mando de Ceci Flores","datePublished":"2024-03-18T16:58:47+00:00","dateModified":"2024-03-18T16:58:49+00:00","mainEntityOfPage":{"@id":"https:\/\/quehacerpolitico.mx\/?p=108749"},"wordCount":402,"commentCount":0,"image":{"@id":"https:\/\/quehacerpolitico.mx\/?p=108749#primaryimage"},"thumbnailUrl":"https:\/\/quehacerpolitico.mx\/wp-content\/uploads\/2024\/03\/IMG_4350.jpeg","articleSection":["Noticias"],"inLanguage":"es","potentialAction":[{"@type":"CommentAction","name":"Comment","target":["https:\/\/quehacerpolitico.mx\/?p=108749#respond"]}]},{"@type":"WebPage","@id":"https:\/\/quehacerpolitico.mx\/?p=108749","url":"https:\/\/quehacerpolitico.mx\/?p=108749","name":"\u00a1Ah! Pues aqu\u00ed que me la entregue, que me la deje aqu\u00ed\u201d, detall\u00f3 amlo al finalizar la\u00a0ma\u00f1anera\u00a0respecto a la pala de mando de Ceci Flores -","isPartOf":{"@id":"https:\/\/quehacerpolitico.mx\/#website"},"primaryImageOfPage":{"@id":"https:\/\/quehacerpolitico.mx\/?p=108749#primaryimage"},"image":{"@id":"https:\/\/quehacerpolitico.mx\/?p=108749#primaryimage"},"thumbnailUrl":"https:\/\/quehacerpolitico.mx\/wp-content\/uploads\/2024\/03\/IMG_4350.jpeg","datePublished":"2024-03-18T16:58:47+00:00","dateModified":"2024-03-18T16:58:49+00:00","author":{"@id":"https:\/\/quehacerpolitico.mx\/#\/schema\/person\/496d8ad2d1d3f8036101dca7ee39e585"},"breadcrumb":{"@id":"https:\/\/quehacerpolitico.mx\/?p=108749#breadcrumb"},"inLanguage":"es","potentialAction":[{"@type":"ReadAction","target":["https:\/\/quehacerpolitico.mx\/?p=108749"]}]},{"@type":"ImageObject","inLanguage":"es","@id":"https:\/\/quehacerpolitico.mx\/?p=108749#primaryimage","url":"https:\/\/quehacerpolitico.mx\/wp-content\/uploads\/2024\/03\/IMG_4350.jpeg","contentUrl":"https:\/\/quehacerpolitico.mx\/wp-content\/uploads\/2024\/03\/IMG_4350.jpeg","width":715,"height":429},{"@type":"BreadcrumbList","@id":"https:\/\/quehacerpolitico.mx\/?p=108749#breadcrumb","itemListElement":[{"@type":"ListItem","position":1,"name":"Inicio","item":"https:\/\/quehacerpolitico.mx\/"},{"@type":"ListItem","position":2,"name":"\u00a1Ah! Pues aqu\u00ed que me la entregue, que me la deje aqu\u00ed\u201d, detall\u00f3 amlo al finalizar la\u00a0ma\u00f1anera\u00a0respecto a la pala de mando de Ceci Flores"}]},{"@type":"WebSite","@id":"https:\/\/quehacerpolitico.mx\/#website","url":"https:\/\/quehacerpolitico.mx\/","name":"","description":"","potentialAction":[{"@type":"SearchAction","target":{"@type":"EntryPoint","urlTemplate":"https:\/\/quehacerpolitico.mx\/?s={search_term_string}"},"query-input":{"@type":"PropertyValueSpecification","valueRequired":true,"valueName":"search_term_string"}}],"inLanguage":"es"},{"@type":"Person","@id":"https:\/\/quehacerpolitico.mx\/#\/schema\/person\/496d8ad2d1d3f8036101dca7ee39e585","name":"Redacci\u00f3n QP","image":{"@type":"ImageObject","inLanguage":"es","@id":"https:\/\/secure.gravatar.com\/avatar\/c7164ed6fdec453195284ad24a5ae5b6e1eed2b848477fa2a4787ba9adf39a41?s=96&d=mm&r=g","url":"https:\/\/secure.gravatar.com\/avatar\/c7164ed6fdec453195284ad24a5ae5b6e1eed2b848477fa2a4787ba9adf39a41?s=96&d=mm&r=g","contentUrl":"https:\/\/secure.gravatar.com\/avatar\/c7164ed6fdec453195284ad24a5ae5b6e1eed2b848477fa2a4787ba9adf39a41?s=96&d=mm&r=g","caption":"Redacci\u00f3n QP"},"url":"https:\/\/quehacerpolitico.mx\/?author=2"}]}},"featured_image_urls":{"full":["https:\/\/quehacerpolitico.mx\/wp-content\/uploads\/2024\/03\/IMG_4350.jpeg",715,429,false],"thumbnail":["https:\/\/quehacerpolitico.mx\/wp-content\/uploads\/2024\/03\/IMG_4350-150x150.jpeg",150,150,true],"medium":["https:\/\/quehacerpolitico.mx\/wp-content\/uploads\/2024\/03\/IMG_4350-300x180.jpeg",300,180,true],"medium_large":["https:\/\/quehacerpolitico.mx\/wp-content\/uploads\/2024\/03\/IMG_4350.jpeg",640,384,false],"large":["https:\/\/quehacerpolitico.mx\/wp-content\/uploads\/2024\/03\/IMG_4350.jpeg",640,384,false],"1536x1536":["https:\/\/quehacerpolitico.mx\/wp-content\/uploads\/2024\/03\/IMG_4350.jpeg",715,429,false],"2048x2048":["https:\/\/quehacerpolitico.mx\/wp-content\/uploads\/2024\/03\/IMG_4350.jpeg",715,429,false],"covernews-featured":["https:\/\/quehacerpolitico.mx\/wp-content\/uploads\/2024\/03\/IMG_4350.jpeg",715,429,false],"covernews-medium":["https:\/\/quehacerpolitico.mx\/wp-content\/uploads\/2024\/03\/IMG_4350.jpeg",540,324,false]},"author_info":{"display_name":"Redacci\u00f3n QP","author_link":"https:\/\/quehacerpolitico.mx\/?author=2"},"category_info":"<a href=\"https:\/\/quehacerpolitico.mx\/?cat=2\" rel=\"category\">Noticias<\/a>","tag_info":"Noticias","comment_count":"0","_links":{"self":[{"href":"https:\/\/quehacerpolitico.mx\/index.php?rest_route=\/wp\/v2\/posts\/108749","targetHints":{"allow":["GET"]}}],"collection":[{"href":"https:\/\/quehacerpolitico.mx\/index.php?rest_route=\/wp\/v2\/posts"}],"about":[{"href":"https:\/\/quehacerpolitico.mx\/index.php?rest_route=\/wp\/v2\/types\/post"}],"author":[{"embeddable":true,"href":"https:\/\/quehacerpolitico.mx\/index.php?rest_route=\/wp\/v2\/users\/2"}],"replies":[{"embeddable":true,"href":"https:\/\/quehacerpolitico.mx\/index.php?rest_route=%2Fwp%2Fv2%2Fcomments&post=108749"}],"version-history":[{"count":1,"href":"https:\/\/quehacerpolitico.mx\/index.php?rest_route=\/wp\/v2\/posts\/108749\/revisions"}],"predecessor-version":[{"id":108751,"href":"https:\/\/quehacerpolitico.mx\/index.php?rest_route=\/wp\/v2\/posts\/108749\/revisions\/108751"}],"wp:featuredmedia":[{"embeddable":true,"href":"https:\/\/quehacerpolitico.mx\/index.php?rest_route=\/wp\/v2\/media\/108750"}],"wp:attachment":[{"href":"https:\/\/quehacerpolitico.mx\/index.php?rest_route=%2Fwp%2Fv2%2Fmedia&parent=108749"}],"wp:term":[{"taxonomy":"category","embeddable":true,"href":"https:\/\/quehacerpolitico.mx\/index.php?rest_route=%2Fwp%2Fv2%2Fcategories&post=108749"},{"taxonomy":"post_tag","embeddable":true,"href":"https:\/\/quehacerpolitico.mx\/index.php?rest_route=%2Fwp%2Fv2%2Ftags&post=108749"}],"curies":[{"name":"wp","href":"https:\/\/api.w.org\/{rel}","templated":true}]}}