{"id":108719,"date":"2024-03-15T18:32:42","date_gmt":"2024-03-15T18:32:42","guid":{"rendered":"https:\/\/quehacerpolitico.mx\/?p=108719"},"modified":"2024-03-15T18:34:57","modified_gmt":"2024-03-15T18:34:57","slug":"amlo-dice-que-hay-empresarios-en-el-pais-que-se-resisten-a-pagar-impuestos","status":"publish","type":"post","link":"https:\/\/quehacerpolitico.mx\/?p=108719","title":{"rendered":"AMLO dice que hay\u00a0empresarios\u00a0en el pa\u00eds que\u00a0se resisten\u00a0a\u00a0pagar\u00a0impuestos"},"content":{"rendered":"\n<p>Por Redacci\u00f3n QP<\/p>\n\n\n\n<p>El presidente L\u00f3pez Obrador indic\u00f3 que antes las grandes corporaciones no pagaban sus impuestos, lo que ahora ya no es as\u00ed<\/p>\n\n\n\n<p>El presidente\u00a0<strong>Andres Manuel L\u00f3pez Obrador<\/strong>\u00a0detall\u00f3 que hay\u00a0<strong>empresarios<\/strong>\u00a0en el pa\u00eds que<strong>\u00a0se resisten<\/strong>\u00a0a\u00a0<strong>pagar<\/strong>\u00a0<strong>impuestos<\/strong>.<\/p>\n\n\n\n<p>En la conferencia matutina realizada en la ciudad de La Paz, en Baja California Sur, L\u00f3pez Obrador indic\u00f3 que antes las\u00a0<strong>grandes corporaciones en nuestro pa\u00eds que no pagaban<\/strong>\u00a0sus contribuciones, lo que ahora ya no es as\u00ed, raz\u00f3n por la cual ahora est\u00e1n muy\u00a0<strong>enojados<\/strong>\u00a0contra su Gobierno.<\/p>\n\n\n\n<p>\u201cLos del mero arriba, las grandes corporaciones financieras, empresariales, no pagaban, eso los tiene bastante molestos, pero era una gran injusticia\u201d, argument\u00f3.<\/p>\n\n\n\n<p>Afortunadamente todos, y tengo que agradecer, a los empresarios, comerciantes, todos, todos pagan impuestos, sin embargo hay quienes se resisten\u201d, indic\u00f3.<\/p>\n\n\n\n<p>El mandatario mexicano indic\u00f3 que su Gobierno no persigue a nadie, pero se busca que todos paguen impuestos para obras en beneficio del pueblo de M\u00e9xico.<\/p>\n\n\n\n<p>\u201cNosotros no actuamos de manera autoritaria, no perseguimos a nadie, pero s\u00ed buscamos que no haya privilegios fiscales porque es muy injusto\u201d, resalt\u00f3.<\/p>\n\n\n\n<p>\u201c\u00bfC\u00f3mo los trabajadores de M\u00e9xico pagan m\u00e1s impuestos sobre la renta que los empresarios? Tiene que haber justicia\u201d, argument\u00f3.<\/p>\n\n\n\n<p>El mandatario mexicano dej\u00f3 en claro que \u201cno hay inter\u00e9s de nuestra parte de perjudicar a nadie, de da\u00f1ar a nadie\u201d,<\/p>\n\n\n\n<p>\u201cPero imag\u00ednense queda un. empresario grande sin pagar impuestos, \u00bfqu\u00e9 dicen l,os otros? Porque ahora que ya se proh\u00edbe la condonaci\u00f3n de impuestos\u201d, manifest\u00f3.<\/p>\n\n\n\n<p>\u201cEl due\u00f1o de los Oxxos pag\u00f3 12 mil millones de pesos, los due\u00f1os de Walmart pagaron 14 mil millones de pesos, los due\u00f1os de Televisa que vendieron a Univisi\u00f3n pagaron creo que 5 o 6 mil millones de pesos, Slim est\u00e1 al corriente, todos \u00bfQu\u00e9 hacemos si hay uno, dos o tres empresarios que dicen \u2018no pagamos\u2019, es un mal ejemplo?\u201d, resalt\u00f3.<\/p>\n\n\n\n<p>En la previa, L\u00f3pez Obrador indic\u00f3 que que quienes no pagan sus contribuciones \u201cse presentan juicios, la Procuradur\u00eda Fiscal tiene esa funci\u00f3n, hay algunos juicios.<\/p>\n\n\n\n<p>\u201cNo hay muchos (juicios) en proceso, entender que no es uno no edita de oro, pero es nuestra funci\u00f3n, para qu\u00e9 nos eligieron, para actuar con rectitud, hacer justicia .Imag\u00ednense la gran inmoralidad que significa que los que tienen m\u00e1s no paguen impuestos\u201d, recalc\u00f3.<\/p>\n","protected":false},"excerpt":{"rendered":"<p>Por Redacci\u00f3n QP El presidente L\u00f3pez Obrador indic\u00f3 que antes las grandes corporaciones no pagaban&#8230;<\/p>\n","protected":false},"author":2,"featured_media":108720,"comment_status":"open","ping_status":"open","sticky":false,"template":"","format":"standard","meta":{"_monsterinsights_skip_tracking":false,"_monsterinsights_sitenote_active":false,"_monsterinsights_sitenote_note":"","_monsterinsights_sitenote_category":0,"footnotes":""},"categories":[56],"tags":[],"class_list":["post-108719","post","type-post","status-publish","format-standard","has-post-thumbnail","hentry","category-economia"],"yoast_head":"<!-- This site is optimized with the Yoast SEO plugin v27.3 - https:\/\/yoast.com\/product\/yoast-seo-wordpress\/ -->\n<title>AMLO dice que hay\u00a0empresarios\u00a0en el pa\u00eds que\u00a0se resisten\u00a0a\u00a0pagar\u00a0impuestos -<\/title>\n<meta name=\"robots\" content=\"index, follow, max-snippet:-1, max-image-preview:large, max-video-preview:-1\" \/>\n<link rel=\"canonical\" href=\"https:\/\/quehacerpolitico.mx\/?p=108719\" \/>\n<meta property=\"og:locale\" content=\"es_MX\" \/>\n<meta property=\"og:type\" content=\"article\" \/>\n<meta property=\"og:title\" content=\"AMLO dice que hay\u00a0empresarios\u00a0en el pa\u00eds que\u00a0se resisten\u00a0a\u00a0pagar\u00a0impuestos -\" \/>\n<meta property=\"og:description\" content=\"Por Redacci\u00f3n QP El presidente L\u00f3pez Obrador indic\u00f3 que antes las grandes corporaciones no pagaban...\" \/>\n<meta property=\"og:url\" content=\"https:\/\/quehacerpolitico.mx\/?p=108719\" \/>\n<meta property=\"article:published_time\" content=\"2024-03-15T18:32:42+00:00\" \/>\n<meta property=\"article:modified_time\" content=\"2024-03-15T18:34:57+00:00\" \/>\n<meta property=\"og:image\" content=\"https:\/\/quehacerpolitico.mx\/wp-content\/uploads\/2024\/03\/IMG_4310.jpeg\" \/>\n\t<meta property=\"og:image:width\" content=\"1284\" \/>\n\t<meta property=\"og:image:height\" content=\"694\" \/>\n\t<meta property=\"og:image:type\" content=\"image\/jpeg\" \/>\n<meta name=\"author\" content=\"Redacci\u00f3n QP\" \/>\n<meta name=\"twitter:card\" content=\"summary_large_image\" \/>\n<meta name=\"twitter:label1\" content=\"Escrito por\" \/>\n\t<meta name=\"twitter:data1\" content=\"Redacci\u00f3n QP\" \/>\n\t<meta name=\"twitter:label2\" content=\"Tiempo de lectura\" \/>\n\t<meta name=\"twitter:data2\" content=\"2 minutos\" \/>\n<script type=\"application\/ld+json\" class=\"yoast-schema-graph\">{\"@context\":\"https:\\\/\\\/schema.org\",\"@graph\":[{\"@type\":\"Article\",\"@id\":\"https:\\\/\\\/quehacerpolitico.mx\\\/?p=108719#article\",\"isPartOf\":{\"@id\":\"https:\\\/\\\/quehacerpolitico.mx\\\/?p=108719\"},\"author\":{\"name\":\"Redacci\u00f3n QP\",\"@id\":\"https:\\\/\\\/quehacerpolitico.mx\\\/#\\\/schema\\\/person\\\/496d8ad2d1d3f8036101dca7ee39e585\"},\"headline\":\"AMLO dice que hay\u00a0empresarios\u00a0en el pa\u00eds que\u00a0se resisten\u00a0a\u00a0pagar\u00a0impuestos\",\"datePublished\":\"2024-03-15T18:32:42+00:00\",\"dateModified\":\"2024-03-15T18:34:57+00:00\",\"mainEntityOfPage\":{\"@id\":\"https:\\\/\\\/quehacerpolitico.mx\\\/?p=108719\"},\"wordCount\":418,\"commentCount\":0,\"image\":{\"@id\":\"https:\\\/\\\/quehacerpolitico.mx\\\/?p=108719#primaryimage\"},\"thumbnailUrl\":\"https:\\\/\\\/quehacerpolitico.mx\\\/wp-content\\\/uploads\\\/2024\\\/03\\\/IMG_4310.jpeg\",\"articleSection\":[\"Econom\u00eda\"],\"inLanguage\":\"es\",\"potentialAction\":[{\"@type\":\"CommentAction\",\"name\":\"Comment\",\"target\":[\"https:\\\/\\\/quehacerpolitico.mx\\\/?p=108719#respond\"]}]},{\"@type\":\"WebPage\",\"@id\":\"https:\\\/\\\/quehacerpolitico.mx\\\/?p=108719\",\"url\":\"https:\\\/\\\/quehacerpolitico.mx\\\/?p=108719\",\"name\":\"AMLO dice que hay\u00a0empresarios\u00a0en el pa\u00eds que\u00a0se resisten\u00a0a\u00a0pagar\u00a0impuestos -\",\"isPartOf\":{\"@id\":\"https:\\\/\\\/quehacerpolitico.mx\\\/#website\"},\"primaryImageOfPage\":{\"@id\":\"https:\\\/\\\/quehacerpolitico.mx\\\/?p=108719#primaryimage\"},\"image\":{\"@id\":\"https:\\\/\\\/quehacerpolitico.mx\\\/?p=108719#primaryimage\"},\"thumbnailUrl\":\"https:\\\/\\\/quehacerpolitico.mx\\\/wp-content\\\/uploads\\\/2024\\\/03\\\/IMG_4310.jpeg\",\"datePublished\":\"2024-03-15T18:32:42+00:00\",\"dateModified\":\"2024-03-15T18:34:57+00:00\",\"author\":{\"@id\":\"https:\\\/\\\/quehacerpolitico.mx\\\/#\\\/schema\\\/person\\\/496d8ad2d1d3f8036101dca7ee39e585\"},\"breadcrumb\":{\"@id\":\"https:\\\/\\\/quehacerpolitico.mx\\\/?p=108719#breadcrumb\"},\"inLanguage\":\"es\",\"potentialAction\":[{\"@type\":\"ReadAction\",\"target\":[\"https:\\\/\\\/quehacerpolitico.mx\\\/?p=108719\"]}]},{\"@type\":\"ImageObject\",\"inLanguage\":\"es\",\"@id\":\"https:\\\/\\\/quehacerpolitico.mx\\\/?p=108719#primaryimage\",\"url\":\"https:\\\/\\\/quehacerpolitico.mx\\\/wp-content\\\/uploads\\\/2024\\\/03\\\/IMG_4310.jpeg\",\"contentUrl\":\"https:\\\/\\\/quehacerpolitico.mx\\\/wp-content\\\/uploads\\\/2024\\\/03\\\/IMG_4310.jpeg\",\"width\":1284,\"height\":694},{\"@type\":\"BreadcrumbList\",\"@id\":\"https:\\\/\\\/quehacerpolitico.mx\\\/?p=108719#breadcrumb\",\"itemListElement\":[{\"@type\":\"ListItem\",\"position\":1,\"name\":\"Inicio\",\"item\":\"https:\\\/\\\/quehacerpolitico.mx\\\/\"},{\"@type\":\"ListItem\",\"position\":2,\"name\":\"AMLO dice que hay\u00a0empresarios\u00a0en el pa\u00eds que\u00a0se resisten\u00a0a\u00a0pagar\u00a0impuestos\"}]},{\"@type\":\"WebSite\",\"@id\":\"https:\\\/\\\/quehacerpolitico.mx\\\/#website\",\"url\":\"https:\\\/\\\/quehacerpolitico.mx\\\/\",\"name\":\"\",\"description\":\"\",\"potentialAction\":[{\"@type\":\"SearchAction\",\"target\":{\"@type\":\"EntryPoint\",\"urlTemplate\":\"https:\\\/\\\/quehacerpolitico.mx\\\/?s={search_term_string}\"},\"query-input\":{\"@type\":\"PropertyValueSpecification\",\"valueRequired\":true,\"valueName\":\"search_term_string\"}}],\"inLanguage\":\"es\"},{\"@type\":\"Person\",\"@id\":\"https:\\\/\\\/quehacerpolitico.mx\\\/#\\\/schema\\\/person\\\/496d8ad2d1d3f8036101dca7ee39e585\",\"name\":\"Redacci\u00f3n QP\",\"image\":{\"@type\":\"ImageObject\",\"inLanguage\":\"es\",\"@id\":\"https:\\\/\\\/secure.gravatar.com\\\/avatar\\\/c7164ed6fdec453195284ad24a5ae5b6e1eed2b848477fa2a4787ba9adf39a41?s=96&d=mm&r=g\",\"url\":\"https:\\\/\\\/secure.gravatar.com\\\/avatar\\\/c7164ed6fdec453195284ad24a5ae5b6e1eed2b848477fa2a4787ba9adf39a41?s=96&d=mm&r=g\",\"contentUrl\":\"https:\\\/\\\/secure.gravatar.com\\\/avatar\\\/c7164ed6fdec453195284ad24a5ae5b6e1eed2b848477fa2a4787ba9adf39a41?s=96&d=mm&r=g\",\"caption\":\"Redacci\u00f3n QP\"},\"url\":\"https:\\\/\\\/quehacerpolitico.mx\\\/?author=2\"}]}<\/script>\n<!-- \/ Yoast SEO plugin. -->","yoast_head_json":{"title":"AMLO dice que hay\u00a0empresarios\u00a0en el pa\u00eds que\u00a0se resisten\u00a0a\u00a0pagar\u00a0impuestos -","robots":{"index":"index","follow":"follow","max-snippet":"max-snippet:-1","max-image-preview":"max-image-preview:large","max-video-preview":"max-video-preview:-1"},"canonical":"https:\/\/quehacerpolitico.mx\/?p=108719","og_locale":"es_MX","og_type":"article","og_title":"AMLO dice que hay\u00a0empresarios\u00a0en el pa\u00eds que\u00a0se resisten\u00a0a\u00a0pagar\u00a0impuestos -","og_description":"Por Redacci\u00f3n QP El presidente L\u00f3pez Obrador indic\u00f3 que antes las grandes corporaciones no pagaban...","og_url":"https:\/\/quehacerpolitico.mx\/?p=108719","article_published_time":"2024-03-15T18:32:42+00:00","article_modified_time":"2024-03-15T18:34:57+00:00","og_image":[{"width":1284,"height":694,"url":"https:\/\/quehacerpolitico.mx\/wp-content\/uploads\/2024\/03\/IMG_4310.jpeg","type":"image\/jpeg"}],"author":"Redacci\u00f3n QP","twitter_card":"summary_large_image","twitter_misc":{"Escrito por":"Redacci\u00f3n QP","Tiempo de lectura":"2 minutos"},"schema":{"@context":"https:\/\/schema.org","@graph":[{"@type":"Article","@id":"https:\/\/quehacerpolitico.mx\/?p=108719#article","isPartOf":{"@id":"https:\/\/quehacerpolitico.mx\/?p=108719"},"author":{"name":"Redacci\u00f3n QP","@id":"https:\/\/quehacerpolitico.mx\/#\/schema\/person\/496d8ad2d1d3f8036101dca7ee39e585"},"headline":"AMLO dice que hay\u00a0empresarios\u00a0en el pa\u00eds que\u00a0se resisten\u00a0a\u00a0pagar\u00a0impuestos","datePublished":"2024-03-15T18:32:42+00:00","dateModified":"2024-03-15T18:34:57+00:00","mainEntityOfPage":{"@id":"https:\/\/quehacerpolitico.mx\/?p=108719"},"wordCount":418,"commentCount":0,"image":{"@id":"https:\/\/quehacerpolitico.mx\/?p=108719#primaryimage"},"thumbnailUrl":"https:\/\/quehacerpolitico.mx\/wp-content\/uploads\/2024\/03\/IMG_4310.jpeg","articleSection":["Econom\u00eda"],"inLanguage":"es","potentialAction":[{"@type":"CommentAction","name":"Comment","target":["https:\/\/quehacerpolitico.mx\/?p=108719#respond"]}]},{"@type":"WebPage","@id":"https:\/\/quehacerpolitico.mx\/?p=108719","url":"https:\/\/quehacerpolitico.mx\/?p=108719","name":"AMLO dice que hay\u00a0empresarios\u00a0en el pa\u00eds que\u00a0se resisten\u00a0a\u00a0pagar\u00a0impuestos -","isPartOf":{"@id":"https:\/\/quehacerpolitico.mx\/#website"},"primaryImageOfPage":{"@id":"https:\/\/quehacerpolitico.mx\/?p=108719#primaryimage"},"image":{"@id":"https:\/\/quehacerpolitico.mx\/?p=108719#primaryimage"},"thumbnailUrl":"https:\/\/quehacerpolitico.mx\/wp-content\/uploads\/2024\/03\/IMG_4310.jpeg","datePublished":"2024-03-15T18:32:42+00:00","dateModified":"2024-03-15T18:34:57+00:00","author":{"@id":"https:\/\/quehacerpolitico.mx\/#\/schema\/person\/496d8ad2d1d3f8036101dca7ee39e585"},"breadcrumb":{"@id":"https:\/\/quehacerpolitico.mx\/?p=108719#breadcrumb"},"inLanguage":"es","potentialAction":[{"@type":"ReadAction","target":["https:\/\/quehacerpolitico.mx\/?p=108719"]}]},{"@type":"ImageObject","inLanguage":"es","@id":"https:\/\/quehacerpolitico.mx\/?p=108719#primaryimage","url":"https:\/\/quehacerpolitico.mx\/wp-content\/uploads\/2024\/03\/IMG_4310.jpeg","contentUrl":"https:\/\/quehacerpolitico.mx\/wp-content\/uploads\/2024\/03\/IMG_4310.jpeg","width":1284,"height":694},{"@type":"BreadcrumbList","@id":"https:\/\/quehacerpolitico.mx\/?p=108719#breadcrumb","itemListElement":[{"@type":"ListItem","position":1,"name":"Inicio","item":"https:\/\/quehacerpolitico.mx\/"},{"@type":"ListItem","position":2,"name":"AMLO dice que hay\u00a0empresarios\u00a0en el pa\u00eds que\u00a0se resisten\u00a0a\u00a0pagar\u00a0impuestos"}]},{"@type":"WebSite","@id":"https:\/\/quehacerpolitico.mx\/#website","url":"https:\/\/quehacerpolitico.mx\/","name":"","description":"","potentialAction":[{"@type":"SearchAction","target":{"@type":"EntryPoint","urlTemplate":"https:\/\/quehacerpolitico.mx\/?s={search_term_string}"},"query-input":{"@type":"PropertyValueSpecification","valueRequired":true,"valueName":"search_term_string"}}],"inLanguage":"es"},{"@type":"Person","@id":"https:\/\/quehacerpolitico.mx\/#\/schema\/person\/496d8ad2d1d3f8036101dca7ee39e585","name":"Redacci\u00f3n QP","image":{"@type":"ImageObject","inLanguage":"es","@id":"https:\/\/secure.gravatar.com\/avatar\/c7164ed6fdec453195284ad24a5ae5b6e1eed2b848477fa2a4787ba9adf39a41?s=96&d=mm&r=g","url":"https:\/\/secure.gravatar.com\/avatar\/c7164ed6fdec453195284ad24a5ae5b6e1eed2b848477fa2a4787ba9adf39a41?s=96&d=mm&r=g","contentUrl":"https:\/\/secure.gravatar.com\/avatar\/c7164ed6fdec453195284ad24a5ae5b6e1eed2b848477fa2a4787ba9adf39a41?s=96&d=mm&r=g","caption":"Redacci\u00f3n QP"},"url":"https:\/\/quehacerpolitico.mx\/?author=2"}]}},"featured_image_urls":{"full":["https:\/\/quehacerpolitico.mx\/wp-content\/uploads\/2024\/03\/IMG_4310.jpeg",1284,694,false],"thumbnail":["https:\/\/quehacerpolitico.mx\/wp-content\/uploads\/2024\/03\/IMG_4310-150x150.jpeg",150,150,true],"medium":["https:\/\/quehacerpolitico.mx\/wp-content\/uploads\/2024\/03\/IMG_4310-300x162.jpeg",300,162,true],"medium_large":["https:\/\/quehacerpolitico.mx\/wp-content\/uploads\/2024\/03\/IMG_4310-768x415.jpeg",640,346,true],"large":["https:\/\/quehacerpolitico.mx\/wp-content\/uploads\/2024\/03\/IMG_4310-1024x553.jpeg",640,346,true],"1536x1536":["https:\/\/quehacerpolitico.mx\/wp-content\/uploads\/2024\/03\/IMG_4310.jpeg",1284,694,false],"2048x2048":["https:\/\/quehacerpolitico.mx\/wp-content\/uploads\/2024\/03\/IMG_4310.jpeg",1284,694,false],"covernews-featured":["https:\/\/quehacerpolitico.mx\/wp-content\/uploads\/2024\/03\/IMG_4310.jpeg",1024,553,false],"covernews-medium":["https:\/\/quehacerpolitico.mx\/wp-content\/uploads\/2024\/03\/IMG_4310.jpeg",540,292,false]},"author_info":{"display_name":"Redacci\u00f3n QP","author_link":"https:\/\/quehacerpolitico.mx\/?author=2"},"category_info":"<a href=\"https:\/\/quehacerpolitico.mx\/?cat=56\" rel=\"category\">Econom\u00eda<\/a>","tag_info":"Econom\u00eda","comment_count":"0","_links":{"self":[{"href":"https:\/\/quehacerpolitico.mx\/index.php?rest_route=\/wp\/v2\/posts\/108719","targetHints":{"allow":["GET"]}}],"collection":[{"href":"https:\/\/quehacerpolitico.mx\/index.php?rest_route=\/wp\/v2\/posts"}],"about":[{"href":"https:\/\/quehacerpolitico.mx\/index.php?rest_route=\/wp\/v2\/types\/post"}],"author":[{"embeddable":true,"href":"https:\/\/quehacerpolitico.mx\/index.php?rest_route=\/wp\/v2\/users\/2"}],"replies":[{"embeddable":true,"href":"https:\/\/quehacerpolitico.mx\/index.php?rest_route=%2Fwp%2Fv2%2Fcomments&post=108719"}],"version-history":[{"count":1,"href":"https:\/\/quehacerpolitico.mx\/index.php?rest_route=\/wp\/v2\/posts\/108719\/revisions"}],"predecessor-version":[{"id":108721,"href":"https:\/\/quehacerpolitico.mx\/index.php?rest_route=\/wp\/v2\/posts\/108719\/revisions\/108721"}],"wp:featuredmedia":[{"embeddable":true,"href":"https:\/\/quehacerpolitico.mx\/index.php?rest_route=\/wp\/v2\/media\/108720"}],"wp:attachment":[{"href":"https:\/\/quehacerpolitico.mx\/index.php?rest_route=%2Fwp%2Fv2%2Fmedia&parent=108719"}],"wp:term":[{"taxonomy":"category","embeddable":true,"href":"https:\/\/quehacerpolitico.mx\/index.php?rest_route=%2Fwp%2Fv2%2Fcategories&post=108719"},{"taxonomy":"post_tag","embeddable":true,"href":"https:\/\/quehacerpolitico.mx\/index.php?rest_route=%2Fwp%2Fv2%2Ftags&post=108719"}],"curies":[{"name":"wp","href":"https:\/\/api.w.org\/{rel}","templated":true}]}}