{"id":108707,"date":"2024-03-14T22:01:35","date_gmt":"2024-03-14T22:01:35","guid":{"rendered":"https:\/\/quehacerpolitico.mx\/?p=108707"},"modified":"2024-03-14T22:01:38","modified_gmt":"2024-03-14T22:01:38","slug":"cae-cemento-a-convoy-del-metrocdmx-en-la-interestacion-eje-central-parque-de-los-venados-de-la-linea12","status":"publish","type":"post","link":"https:\/\/quehacerpolitico.mx\/?p=108707","title":{"rendered":"Cae cemento a convoy del MetroCDMX, en la interestaci\u00f3n Eje Central- Parque de los Venados, de la L\u00ednea12"},"content":{"rendered":"\n<p>Por Redacci\u00f3n QP<\/p>\n\n\n\n<p>Este jueves se registr\u00f3 la ca\u00edda de\u00a0<strong>cemento<\/strong> sobre  un convoy del Metro de la Ciudad de M\u00e9xico en el t\u00fanel de la interestaci\u00f3n Eje Central-Parque de los Venados de la\u00a0<strong>L\u00ednea 12<\/strong>, debido a una filtraci\u00f3n en un t\u00fanel.<\/p>\n\n\n\n<p>De acuerdo con im\u00e1genes que circulan en redes sociales, un tren de dicha l\u00ednea quedo embarrado en la parte superior con\u00a0<strong>cemento<\/strong> cuando paso por el t\u00fanel entre esas dos estaciones con direcci\u00f3n a\u00a0<strong>Tl\u00e1huac<\/strong>.<\/p>\n\n\n\n<p>Por su parte, Guillermo Calder\u00f3n, director del Sistema de Transporte Colectivo Metro de la Ciudad de M\u00e9xico, inform\u00f3 en su cuenta de X, antes Twitter, que el personal se encuentra atendiendo \u201cuna probable\u00a0<strong>filtraci\u00f3n<\/strong>\u201c.<\/p>\n\n\n\n<figure class=\"wp-block-embed is-type-rich is-provider-twitter wp-block-embed-twitter\"><div class=\"wp-block-embed__wrapper\">\n<blockquote class=\"twitter-tweet\" data-width=\"550\" data-dnt=\"true\"><p lang=\"es\" dir=\"ltr\"><a href=\"https:\/\/twitter.com\/hashtag\/QPMX?src=hash&amp;ref_src=twsrc%5Etfw\">#QPMX<\/a> <a href=\"https:\/\/twitter.com\/hashtag\/QuehacerPolitico?src=hash&amp;ref_src=twsrc%5Etfw\">#QuehacerPolitico<\/a> <a href=\"https:\/\/twitter.com\/hashtag\/InquiriendoLaNoticia?src=hash&amp;ref_src=twsrc%5Etfw\">#InquiriendoLaNoticia<\/a> <br><br>Otra m\u00e1s del Metro CDMX<br><br>Cae cemento a convoy del <a href=\"https:\/\/twitter.com\/MetroCDMX?ref_src=twsrc%5Etfw\">@MetroCDMX<\/a>, en la interestaci\u00f3n Eje Central- Parque de los Venados, de la <a href=\"https:\/\/twitter.com\/hashtag\/L%C3%ADnea12?src=hash&amp;ref_src=twsrc%5Etfw\">#L\u00ednea12<\/a><br><br>Cay\u00e9ndose a pedazos\u2026 <a href=\"https:\/\/t.co\/BSZ0BIeZJ9\">pic.twitter.com\/BSZ0BIeZJ9<\/a><\/p>&mdash; Quehacer Pol\u00edtico (@QueHacerPolitic) <a href=\"https:\/\/twitter.com\/QueHacerPolitic\/status\/1768355768863227944?ref_src=twsrc%5Etfw\">March 14, 2024<\/a><\/blockquote><script async src=\"https:\/\/platform.twitter.com\/widgets.js\" charset=\"utf-8\"><\/script>\n<\/div><\/figure>\n\n\n\n<p>\u201cMe encuentro al exterior de la interestaci\u00f3n Eje Central y Parque de los Venados de L\u00ednea 12, en donde una empresa que realiza obras para la construcci\u00f3n de departamentos, perfor\u00f3 el t\u00fanel y provoc\u00f3 una filtraci\u00f3n\u201d, indic\u00f3.<\/p>\n\n\n\n<p>Inform\u00f3 que la Secretaria de Gesti\u00f3n Integral de Riesgos y Protecci\u00f3n Civil capitalina ya coloc\u00f3 los sellos de suspensi\u00f3n de la obra y afirm\u00f3 que la L\u00ednea 12 se encuentra \u201cofreciendo servicio, la circulaci\u00f3n y paso de los trenes es segura\u201d.<\/p>\n\n\n\n<p>Apenas el pasado 15 de enero, el gobierno capitalino reabri\u00f3 nueve estaciones de dicha l\u00ednea, en el tramo que va de Mixcoac a Atlalico.<\/p>\n\n\n\n<p>En esta misma l\u00ednea fue donde hace casi tres a\u00f1os se desplom\u00f3 una trabe en la parte elevada, dejando un saldo de 26 personas\u00a0<strong>muertas<\/strong>\u00a0y una centena de heridos.<\/p>\n\n\n\n<p>Al momento de su reapertura, la entonces jefa de Gobierno,&nbsp;<strong>Claudia Sheinbaum<\/strong>, afirm\u00f3 que las labores se hicieron con el seguimiento de un comit\u00e9 t\u00e9cnico asesor.<\/p>\n\n\n\n<p>\u201cLa rehabilitaci\u00f3n se hizo con base en todas las especificaciones t\u00e9cnicas y su seguimiento de un comit\u00e9 t\u00e9cnico asesor, esta&nbsp;<strong>rehabilitaci\u00f3n<\/strong>&nbsp;consisti\u00f3, pues, en un trabajo muy importante de un cambio de la sub-base, de la base (\u2026) el cambio de aquello que no estaba en buena condiciones\u201d.<\/p>\n\n\n\n<p>\u201cSe encontr\u00f3 en su momento un porcentaje muy importante de\u00a0<strong>humedad<\/strong>, por eso se hicieron estos cambios\u201d, se\u00f1al\u00f3.<\/p>\n","protected":false},"excerpt":{"rendered":"<p>Por Redacci\u00f3n QP Este jueves se registr\u00f3 la ca\u00edda de\u00a0cemento sobre un convoy del Metro&#8230;<\/p>\n","protected":false},"author":2,"featured_media":108708,"comment_status":"open","ping_status":"open","sticky":false,"template":"","format":"standard","meta":{"_monsterinsights_skip_tracking":false,"_monsterinsights_sitenote_active":false,"_monsterinsights_sitenote_note":"","_monsterinsights_sitenote_category":0,"footnotes":""},"categories":[55],"tags":[],"class_list":["post-108707","post","type-post","status-publish","format-standard","has-post-thumbnail","hentry","category-cdmx"],"yoast_head":"<!-- This site is optimized with the Yoast SEO plugin v27.3 - https:\/\/yoast.com\/product\/yoast-seo-wordpress\/ -->\n<title>Cae cemento a convoy del MetroCDMX, en la interestaci\u00f3n Eje Central- Parque de los Venados, de la L\u00ednea12 -<\/title>\n<meta name=\"robots\" content=\"index, follow, max-snippet:-1, max-image-preview:large, max-video-preview:-1\" \/>\n<link rel=\"canonical\" href=\"https:\/\/quehacerpolitico.mx\/?p=108707\" \/>\n<meta property=\"og:locale\" content=\"es_MX\" \/>\n<meta property=\"og:type\" content=\"article\" \/>\n<meta property=\"og:title\" content=\"Cae cemento a convoy del MetroCDMX, en la interestaci\u00f3n Eje Central- Parque de los Venados, de la L\u00ednea12 -\" \/>\n<meta property=\"og:description\" content=\"Por Redacci\u00f3n QP Este jueves se registr\u00f3 la ca\u00edda de\u00a0cemento sobre un convoy del Metro...\" \/>\n<meta property=\"og:url\" content=\"https:\/\/quehacerpolitico.mx\/?p=108707\" \/>\n<meta property=\"article:published_time\" content=\"2024-03-14T22:01:35+00:00\" \/>\n<meta property=\"article:modified_time\" content=\"2024-03-14T22:01:38+00:00\" \/>\n<meta property=\"og:image\" content=\"https:\/\/quehacerpolitico.mx\/wp-content\/uploads\/2024\/03\/IMG_4297.jpeg\" \/>\n\t<meta property=\"og:image:width\" content=\"1281\" \/>\n\t<meta property=\"og:image:height\" content=\"1006\" \/>\n\t<meta property=\"og:image:type\" content=\"image\/jpeg\" \/>\n<meta name=\"author\" content=\"Redacci\u00f3n QP\" \/>\n<meta name=\"twitter:card\" content=\"summary_large_image\" \/>\n<meta name=\"twitter:label1\" content=\"Escrito por\" \/>\n\t<meta name=\"twitter:data1\" content=\"Redacci\u00f3n QP\" \/>\n\t<meta name=\"twitter:label2\" content=\"Tiempo de lectura\" \/>\n\t<meta name=\"twitter:data2\" content=\"2 minutos\" \/>\n<script type=\"application\/ld+json\" class=\"yoast-schema-graph\">{\"@context\":\"https:\\\/\\\/schema.org\",\"@graph\":[{\"@type\":\"Article\",\"@id\":\"https:\\\/\\\/quehacerpolitico.mx\\\/?p=108707#article\",\"isPartOf\":{\"@id\":\"https:\\\/\\\/quehacerpolitico.mx\\\/?p=108707\"},\"author\":{\"name\":\"Redacci\u00f3n QP\",\"@id\":\"https:\\\/\\\/quehacerpolitico.mx\\\/#\\\/schema\\\/person\\\/496d8ad2d1d3f8036101dca7ee39e585\"},\"headline\":\"Cae cemento a convoy del MetroCDMX, en la interestaci\u00f3n Eje Central- Parque de los Venados, de la L\u00ednea12\",\"datePublished\":\"2024-03-14T22:01:35+00:00\",\"dateModified\":\"2024-03-14T22:01:38+00:00\",\"mainEntityOfPage\":{\"@id\":\"https:\\\/\\\/quehacerpolitico.mx\\\/?p=108707\"},\"wordCount\":399,\"commentCount\":0,\"image\":{\"@id\":\"https:\\\/\\\/quehacerpolitico.mx\\\/?p=108707#primaryimage\"},\"thumbnailUrl\":\"https:\\\/\\\/quehacerpolitico.mx\\\/wp-content\\\/uploads\\\/2024\\\/03\\\/IMG_4297.jpeg\",\"articleSection\":[\"CDMX\"],\"inLanguage\":\"es\",\"potentialAction\":[{\"@type\":\"CommentAction\",\"name\":\"Comment\",\"target\":[\"https:\\\/\\\/quehacerpolitico.mx\\\/?p=108707#respond\"]}]},{\"@type\":\"WebPage\",\"@id\":\"https:\\\/\\\/quehacerpolitico.mx\\\/?p=108707\",\"url\":\"https:\\\/\\\/quehacerpolitico.mx\\\/?p=108707\",\"name\":\"Cae cemento a convoy del MetroCDMX, en la interestaci\u00f3n Eje Central- Parque de los Venados, de la L\u00ednea12 -\",\"isPartOf\":{\"@id\":\"https:\\\/\\\/quehacerpolitico.mx\\\/#website\"},\"primaryImageOfPage\":{\"@id\":\"https:\\\/\\\/quehacerpolitico.mx\\\/?p=108707#primaryimage\"},\"image\":{\"@id\":\"https:\\\/\\\/quehacerpolitico.mx\\\/?p=108707#primaryimage\"},\"thumbnailUrl\":\"https:\\\/\\\/quehacerpolitico.mx\\\/wp-content\\\/uploads\\\/2024\\\/03\\\/IMG_4297.jpeg\",\"datePublished\":\"2024-03-14T22:01:35+00:00\",\"dateModified\":\"2024-03-14T22:01:38+00:00\",\"author\":{\"@id\":\"https:\\\/\\\/quehacerpolitico.mx\\\/#\\\/schema\\\/person\\\/496d8ad2d1d3f8036101dca7ee39e585\"},\"breadcrumb\":{\"@id\":\"https:\\\/\\\/quehacerpolitico.mx\\\/?p=108707#breadcrumb\"},\"inLanguage\":\"es\",\"potentialAction\":[{\"@type\":\"ReadAction\",\"target\":[\"https:\\\/\\\/quehacerpolitico.mx\\\/?p=108707\"]}]},{\"@type\":\"ImageObject\",\"inLanguage\":\"es\",\"@id\":\"https:\\\/\\\/quehacerpolitico.mx\\\/?p=108707#primaryimage\",\"url\":\"https:\\\/\\\/quehacerpolitico.mx\\\/wp-content\\\/uploads\\\/2024\\\/03\\\/IMG_4297.jpeg\",\"contentUrl\":\"https:\\\/\\\/quehacerpolitico.mx\\\/wp-content\\\/uploads\\\/2024\\\/03\\\/IMG_4297.jpeg\",\"width\":1281,\"height\":1006},{\"@type\":\"BreadcrumbList\",\"@id\":\"https:\\\/\\\/quehacerpolitico.mx\\\/?p=108707#breadcrumb\",\"itemListElement\":[{\"@type\":\"ListItem\",\"position\":1,\"name\":\"Inicio\",\"item\":\"https:\\\/\\\/quehacerpolitico.mx\\\/\"},{\"@type\":\"ListItem\",\"position\":2,\"name\":\"Cae cemento a convoy del MetroCDMX, en la interestaci\u00f3n Eje Central- Parque de los Venados, de la L\u00ednea12\"}]},{\"@type\":\"WebSite\",\"@id\":\"https:\\\/\\\/quehacerpolitico.mx\\\/#website\",\"url\":\"https:\\\/\\\/quehacerpolitico.mx\\\/\",\"name\":\"\",\"description\":\"\",\"potentialAction\":[{\"@type\":\"SearchAction\",\"target\":{\"@type\":\"EntryPoint\",\"urlTemplate\":\"https:\\\/\\\/quehacerpolitico.mx\\\/?s={search_term_string}\"},\"query-input\":{\"@type\":\"PropertyValueSpecification\",\"valueRequired\":true,\"valueName\":\"search_term_string\"}}],\"inLanguage\":\"es\"},{\"@type\":\"Person\",\"@id\":\"https:\\\/\\\/quehacerpolitico.mx\\\/#\\\/schema\\\/person\\\/496d8ad2d1d3f8036101dca7ee39e585\",\"name\":\"Redacci\u00f3n QP\",\"image\":{\"@type\":\"ImageObject\",\"inLanguage\":\"es\",\"@id\":\"https:\\\/\\\/secure.gravatar.com\\\/avatar\\\/c7164ed6fdec453195284ad24a5ae5b6e1eed2b848477fa2a4787ba9adf39a41?s=96&d=mm&r=g\",\"url\":\"https:\\\/\\\/secure.gravatar.com\\\/avatar\\\/c7164ed6fdec453195284ad24a5ae5b6e1eed2b848477fa2a4787ba9adf39a41?s=96&d=mm&r=g\",\"contentUrl\":\"https:\\\/\\\/secure.gravatar.com\\\/avatar\\\/c7164ed6fdec453195284ad24a5ae5b6e1eed2b848477fa2a4787ba9adf39a41?s=96&d=mm&r=g\",\"caption\":\"Redacci\u00f3n QP\"},\"url\":\"https:\\\/\\\/quehacerpolitico.mx\\\/?author=2\"}]}<\/script>\n<!-- \/ Yoast SEO plugin. -->","yoast_head_json":{"title":"Cae cemento a convoy del MetroCDMX, en la interestaci\u00f3n Eje Central- Parque de los Venados, de la L\u00ednea12 -","robots":{"index":"index","follow":"follow","max-snippet":"max-snippet:-1","max-image-preview":"max-image-preview:large","max-video-preview":"max-video-preview:-1"},"canonical":"https:\/\/quehacerpolitico.mx\/?p=108707","og_locale":"es_MX","og_type":"article","og_title":"Cae cemento a convoy del MetroCDMX, en la interestaci\u00f3n Eje Central- Parque de los Venados, de la L\u00ednea12 -","og_description":"Por Redacci\u00f3n QP Este jueves se registr\u00f3 la ca\u00edda de\u00a0cemento sobre un convoy del Metro...","og_url":"https:\/\/quehacerpolitico.mx\/?p=108707","article_published_time":"2024-03-14T22:01:35+00:00","article_modified_time":"2024-03-14T22:01:38+00:00","og_image":[{"width":1281,"height":1006,"url":"https:\/\/quehacerpolitico.mx\/wp-content\/uploads\/2024\/03\/IMG_4297.jpeg","type":"image\/jpeg"}],"author":"Redacci\u00f3n QP","twitter_card":"summary_large_image","twitter_misc":{"Escrito por":"Redacci\u00f3n QP","Tiempo de lectura":"2 minutos"},"schema":{"@context":"https:\/\/schema.org","@graph":[{"@type":"Article","@id":"https:\/\/quehacerpolitico.mx\/?p=108707#article","isPartOf":{"@id":"https:\/\/quehacerpolitico.mx\/?p=108707"},"author":{"name":"Redacci\u00f3n QP","@id":"https:\/\/quehacerpolitico.mx\/#\/schema\/person\/496d8ad2d1d3f8036101dca7ee39e585"},"headline":"Cae cemento a convoy del MetroCDMX, en la interestaci\u00f3n Eje Central- Parque de los Venados, de la L\u00ednea12","datePublished":"2024-03-14T22:01:35+00:00","dateModified":"2024-03-14T22:01:38+00:00","mainEntityOfPage":{"@id":"https:\/\/quehacerpolitico.mx\/?p=108707"},"wordCount":399,"commentCount":0,"image":{"@id":"https:\/\/quehacerpolitico.mx\/?p=108707#primaryimage"},"thumbnailUrl":"https:\/\/quehacerpolitico.mx\/wp-content\/uploads\/2024\/03\/IMG_4297.jpeg","articleSection":["CDMX"],"inLanguage":"es","potentialAction":[{"@type":"CommentAction","name":"Comment","target":["https:\/\/quehacerpolitico.mx\/?p=108707#respond"]}]},{"@type":"WebPage","@id":"https:\/\/quehacerpolitico.mx\/?p=108707","url":"https:\/\/quehacerpolitico.mx\/?p=108707","name":"Cae cemento a convoy del MetroCDMX, en la interestaci\u00f3n Eje Central- Parque de los Venados, de la L\u00ednea12 -","isPartOf":{"@id":"https:\/\/quehacerpolitico.mx\/#website"},"primaryImageOfPage":{"@id":"https:\/\/quehacerpolitico.mx\/?p=108707#primaryimage"},"image":{"@id":"https:\/\/quehacerpolitico.mx\/?p=108707#primaryimage"},"thumbnailUrl":"https:\/\/quehacerpolitico.mx\/wp-content\/uploads\/2024\/03\/IMG_4297.jpeg","datePublished":"2024-03-14T22:01:35+00:00","dateModified":"2024-03-14T22:01:38+00:00","author":{"@id":"https:\/\/quehacerpolitico.mx\/#\/schema\/person\/496d8ad2d1d3f8036101dca7ee39e585"},"breadcrumb":{"@id":"https:\/\/quehacerpolitico.mx\/?p=108707#breadcrumb"},"inLanguage":"es","potentialAction":[{"@type":"ReadAction","target":["https:\/\/quehacerpolitico.mx\/?p=108707"]}]},{"@type":"ImageObject","inLanguage":"es","@id":"https:\/\/quehacerpolitico.mx\/?p=108707#primaryimage","url":"https:\/\/quehacerpolitico.mx\/wp-content\/uploads\/2024\/03\/IMG_4297.jpeg","contentUrl":"https:\/\/quehacerpolitico.mx\/wp-content\/uploads\/2024\/03\/IMG_4297.jpeg","width":1281,"height":1006},{"@type":"BreadcrumbList","@id":"https:\/\/quehacerpolitico.mx\/?p=108707#breadcrumb","itemListElement":[{"@type":"ListItem","position":1,"name":"Inicio","item":"https:\/\/quehacerpolitico.mx\/"},{"@type":"ListItem","position":2,"name":"Cae cemento a convoy del MetroCDMX, en la interestaci\u00f3n Eje Central- Parque de los Venados, de la L\u00ednea12"}]},{"@type":"WebSite","@id":"https:\/\/quehacerpolitico.mx\/#website","url":"https:\/\/quehacerpolitico.mx\/","name":"","description":"","potentialAction":[{"@type":"SearchAction","target":{"@type":"EntryPoint","urlTemplate":"https:\/\/quehacerpolitico.mx\/?s={search_term_string}"},"query-input":{"@type":"PropertyValueSpecification","valueRequired":true,"valueName":"search_term_string"}}],"inLanguage":"es"},{"@type":"Person","@id":"https:\/\/quehacerpolitico.mx\/#\/schema\/person\/496d8ad2d1d3f8036101dca7ee39e585","name":"Redacci\u00f3n QP","image":{"@type":"ImageObject","inLanguage":"es","@id":"https:\/\/secure.gravatar.com\/avatar\/c7164ed6fdec453195284ad24a5ae5b6e1eed2b848477fa2a4787ba9adf39a41?s=96&d=mm&r=g","url":"https:\/\/secure.gravatar.com\/avatar\/c7164ed6fdec453195284ad24a5ae5b6e1eed2b848477fa2a4787ba9adf39a41?s=96&d=mm&r=g","contentUrl":"https:\/\/secure.gravatar.com\/avatar\/c7164ed6fdec453195284ad24a5ae5b6e1eed2b848477fa2a4787ba9adf39a41?s=96&d=mm&r=g","caption":"Redacci\u00f3n QP"},"url":"https:\/\/quehacerpolitico.mx\/?author=2"}]}},"featured_image_urls":{"full":["https:\/\/quehacerpolitico.mx\/wp-content\/uploads\/2024\/03\/IMG_4297.jpeg",1281,1006,false],"thumbnail":["https:\/\/quehacerpolitico.mx\/wp-content\/uploads\/2024\/03\/IMG_4297-150x150.jpeg",150,150,true],"medium":["https:\/\/quehacerpolitico.mx\/wp-content\/uploads\/2024\/03\/IMG_4297-300x236.jpeg",300,236,true],"medium_large":["https:\/\/quehacerpolitico.mx\/wp-content\/uploads\/2024\/03\/IMG_4297-768x603.jpeg",640,503,true],"large":["https:\/\/quehacerpolitico.mx\/wp-content\/uploads\/2024\/03\/IMG_4297-1024x804.jpeg",640,503,true],"1536x1536":["https:\/\/quehacerpolitico.mx\/wp-content\/uploads\/2024\/03\/IMG_4297.jpeg",1281,1006,false],"2048x2048":["https:\/\/quehacerpolitico.mx\/wp-content\/uploads\/2024\/03\/IMG_4297.jpeg",1281,1006,false],"covernews-featured":["https:\/\/quehacerpolitico.mx\/wp-content\/uploads\/2024\/03\/IMG_4297.jpeg",1024,804,false],"covernews-medium":["https:\/\/quehacerpolitico.mx\/wp-content\/uploads\/2024\/03\/IMG_4297.jpeg",433,340,false]},"author_info":{"display_name":"Redacci\u00f3n QP","author_link":"https:\/\/quehacerpolitico.mx\/?author=2"},"category_info":"<a href=\"https:\/\/quehacerpolitico.mx\/?cat=55\" rel=\"category\">CDMX<\/a>","tag_info":"CDMX","comment_count":"0","_links":{"self":[{"href":"https:\/\/quehacerpolitico.mx\/index.php?rest_route=\/wp\/v2\/posts\/108707","targetHints":{"allow":["GET"]}}],"collection":[{"href":"https:\/\/quehacerpolitico.mx\/index.php?rest_route=\/wp\/v2\/posts"}],"about":[{"href":"https:\/\/quehacerpolitico.mx\/index.php?rest_route=\/wp\/v2\/types\/post"}],"author":[{"embeddable":true,"href":"https:\/\/quehacerpolitico.mx\/index.php?rest_route=\/wp\/v2\/users\/2"}],"replies":[{"embeddable":true,"href":"https:\/\/quehacerpolitico.mx\/index.php?rest_route=%2Fwp%2Fv2%2Fcomments&post=108707"}],"version-history":[{"count":1,"href":"https:\/\/quehacerpolitico.mx\/index.php?rest_route=\/wp\/v2\/posts\/108707\/revisions"}],"predecessor-version":[{"id":108709,"href":"https:\/\/quehacerpolitico.mx\/index.php?rest_route=\/wp\/v2\/posts\/108707\/revisions\/108709"}],"wp:featuredmedia":[{"embeddable":true,"href":"https:\/\/quehacerpolitico.mx\/index.php?rest_route=\/wp\/v2\/media\/108708"}],"wp:attachment":[{"href":"https:\/\/quehacerpolitico.mx\/index.php?rest_route=%2Fwp%2Fv2%2Fmedia&parent=108707"}],"wp:term":[{"taxonomy":"category","embeddable":true,"href":"https:\/\/quehacerpolitico.mx\/index.php?rest_route=%2Fwp%2Fv2%2Fcategories&post=108707"},{"taxonomy":"post_tag","embeddable":true,"href":"https:\/\/quehacerpolitico.mx\/index.php?rest_route=%2Fwp%2Fv2%2Ftags&post=108707"}],"curies":[{"name":"wp","href":"https:\/\/api.w.org\/{rel}","templated":true}]}}