{"id":108700,"date":"2024-03-14T20:32:33","date_gmt":"2024-03-14T20:32:33","guid":{"rendered":"https:\/\/quehacerpolitico.mx\/?p=108700"},"modified":"2024-03-14T20:32:35","modified_gmt":"2024-03-14T20:32:35","slug":"participa-en-los-conversatorios-sobre-programacion-cultural-desde-un-enfoque-participativo-y-comunitario","status":"publish","type":"post","link":"https:\/\/quehacerpolitico.mx\/?p=108700","title":{"rendered":"Participa en los conversatorios sobre programaci\u00f3n cultural desde un enfoque participativo y comunitario"},"content":{"rendered":"\n<p>Por Redacci\u00f3n QP<\/p>\n\n\n\n<p>Con el objetivo de generar un encuentro para el an\u00e1lisis, di\u00e1logo, reflexi\u00f3n e intercambio de saberes que fortalezca el trabajo de mediaci\u00f3n, promoci\u00f3n y gesti\u00f3n cultural de las personas dedicadas e interesadas en la promoci\u00f3n y la gesti\u00f3n cultural de base comunitaria, se invita a participar en el ciclo de conversatorios La Pixca: la programaci\u00f3n cultural desde un enfoque participativo y comunitario. Proyectos, experiencias y retos.<\/p>\n\n\n\n<p>La Pixca es un espacio para la formacio\u00ecn e intercambio de experiencias desde la animacio\u00ecn y mediacio\u00ecn sociocultural.<\/p>\n\n\n\n<figure class=\"wp-block-image size-large\"><img loading=\"lazy\" decoding=\"async\" width=\"1024\" height=\"1024\" src=\"https:\/\/quehacerpolitico.mx\/wp-content\/uploads\/2024\/03\/image-38-1024x1024.jpeg\" alt=\"\" class=\"wp-image-108701\" srcset=\"https:\/\/quehacerpolitico.mx\/wp-content\/uploads\/2024\/03\/image-38-1024x1024.jpeg 1024w, https:\/\/quehacerpolitico.mx\/wp-content\/uploads\/2024\/03\/image-38-300x300.jpeg 300w, https:\/\/quehacerpolitico.mx\/wp-content\/uploads\/2024\/03\/image-38-150x150.jpeg 150w, https:\/\/quehacerpolitico.mx\/wp-content\/uploads\/2024\/03\/image-38-768x768.jpeg 768w, https:\/\/quehacerpolitico.mx\/wp-content\/uploads\/2024\/03\/image-38-1536x1536.jpeg 1536w, https:\/\/quehacerpolitico.mx\/wp-content\/uploads\/2024\/03\/image-38-2048x2048.jpeg 2048w, https:\/\/quehacerpolitico.mx\/wp-content\/uploads\/2024\/03\/image-38-146x146.jpeg 146w, https:\/\/quehacerpolitico.mx\/wp-content\/uploads\/2024\/03\/image-38-50x50.jpeg 50w, https:\/\/quehacerpolitico.mx\/wp-content\/uploads\/2024\/03\/image-38-75x75.jpeg 75w, https:\/\/quehacerpolitico.mx\/wp-content\/uploads\/2024\/03\/image-38-85x85.jpeg 85w, https:\/\/quehacerpolitico.mx\/wp-content\/uploads\/2024\/03\/image-38-80x80.jpeg 80w\" sizes=\"auto, (max-width: 1024px) 100vw, 1024px\" \/><\/figure>\n\n\n\n<p>Se trata de 11 conversatorios virtuales en cuatro ciclos tem\u00e1ticos, que se llevar\u00e1n a cabo del 27 de marzo al 3 de diciembre de 2024, en donde promotoras y promotores culturales independientes o colectivos, desde iniciativas autogestivas y gubernamentales de diferentes estados del pa\u00eds, compartir\u00e1n sus experiencias, retos y estrategias de vinculaci\u00f3n y participaci\u00f3n comunitaria.<\/p>\n\n\n\n<p>El primer ciclo: De lo personal a lo colectivo, pr\u00e1cticas art\u00edsticas para hacer comunidad, abrir\u00e1 el mi\u00e9rcoles 27 de marzo de 17:00 a 19:00 horas con la sesi\u00f3n Apropiaci\u00f3n afectiva de los espacios p\u00fablicos desde el arte comunitario, compartida por Ale Queb, Estefany Rend\u00f3n, Mar\u00eda Huch\u00edn, promotoras de los Convites culturales en la regi\u00f3n de Camino Real, Campeche; en compa\u00f1\u00eda de Cristina Ochoa y Elisenda Estrems.<\/p>\n\n\n\n<p>Quienes tengan inter\u00e9s en asistir deben registrarse en el siguiente&nbsp;<em>link:<\/em>&nbsp;<a href=\"https:\/\/bit.ly\/ConversatorioPixca01\" target=\"_blank\" rel=\"noreferrer noopener\">bit.ly\/ConversatorioPixca01<\/a>, del 11 al 14 de marzo de 2024. La actividad es gratuita, con un cupo m\u00e1ximo de 100 personas por reuni\u00f3n. Se emitir\u00e1 constancia de participaci\u00f3n a las personas que est\u00e9n presentes en al menos ocho conversatorios.<\/p>\n\n\n\n<p>Se trata de 11 conversatorios virtuales en cuatro ciclos tem\u00e1ticos, que se llevar\u00e1n a cabo del 27 de marzo al 3 de diciembre de 2024, en donde promotoras y promotores culturales independientes o colectivos, desde iniciativas autogestivas y gubernamentales de diferentes estados del pa\u00eds, compartir\u00e1n sus experiencias, retos y estrategias de vinculaci\u00f3n y participaci\u00f3n comunitaria.<\/p>\n\n\n\n<p>El primer ciclo: De lo personal a lo colectivo, pr\u00e1cticas art\u00edsticas para hacer comunidad, abrir\u00e1 el mi\u00e9rcoles 27 de marzo de 17:00 a 19:00 horas con la sesi\u00f3n Apropiaci\u00f3n afectiva de los espacios p\u00fablicos desde el arte comunitario, compartida por Ale Queb, Estefany Rend\u00f3n, Mar\u00eda Huch\u00edn, promotoras de los Convites culturales en la regi\u00f3n de Camino Real, Campeche; en compa\u00f1\u00eda de Cristina Ochoa y Elisenda Estrems.<\/p>\n\n\n\n<p>Quienes tengan inter\u00e9s en asistir deben registrarse en el siguiente\u00a0<em>link:<\/em>\u00a0<a href=\"https:\/\/bit.ly\/ConversatorioPixca01\" target=\"_blank\" rel=\"noreferrer noopener\">bit.ly\/ConversatorioPixca01<\/a>, del 11 al 14 de marzo de 2024. La actividad es gratuita, con un cupo m\u00e1ximo de 100 personas por reuni\u00f3n. Se emitir\u00e1 constancia de participaci\u00f3n a las personas que est\u00e9n presentes en al menos ocho conversatorios.<\/p>\n","protected":false},"excerpt":{"rendered":"<p>Por Redacci\u00f3n QP Con el objetivo de generar un encuentro para el an\u00e1lisis, di\u00e1logo, reflexi\u00f3n&#8230;<\/p>\n","protected":false},"author":2,"featured_media":108702,"comment_status":"open","ping_status":"open","sticky":false,"template":"","format":"standard","meta":{"_monsterinsights_skip_tracking":false,"_monsterinsights_sitenote_active":false,"_monsterinsights_sitenote_note":"","_monsterinsights_sitenote_category":0,"footnotes":""},"categories":[58],"tags":[],"class_list":["post-108700","post","type-post","status-publish","format-standard","has-post-thumbnail","hentry","category-cultura"],"yoast_head":"<!-- This site is optimized with the Yoast SEO plugin v27.3 - https:\/\/yoast.com\/product\/yoast-seo-wordpress\/ -->\n<title>Participa en los conversatorios sobre programaci\u00f3n cultural desde un enfoque participativo y comunitario -<\/title>\n<meta name=\"robots\" content=\"index, follow, max-snippet:-1, max-image-preview:large, max-video-preview:-1\" \/>\n<link rel=\"canonical\" href=\"https:\/\/quehacerpolitico.mx\/?p=108700\" \/>\n<meta property=\"og:locale\" content=\"es_MX\" \/>\n<meta property=\"og:type\" content=\"article\" \/>\n<meta property=\"og:title\" content=\"Participa en los conversatorios sobre programaci\u00f3n cultural desde un enfoque participativo y comunitario -\" \/>\n<meta property=\"og:description\" content=\"Por Redacci\u00f3n QP Con el objetivo de generar un encuentro para el an\u00e1lisis, di\u00e1logo, reflexi\u00f3n...\" \/>\n<meta property=\"og:url\" content=\"https:\/\/quehacerpolitico.mx\/?p=108700\" \/>\n<meta property=\"article:published_time\" content=\"2024-03-14T20:32:33+00:00\" \/>\n<meta property=\"article:modified_time\" content=\"2024-03-14T20:32:35+00:00\" \/>\n<meta property=\"og:image\" content=\"https:\/\/quehacerpolitico.mx\/wp-content\/uploads\/2024\/03\/IMG_4294.jpeg\" \/>\n\t<meta property=\"og:image:width\" content=\"724\" \/>\n\t<meta property=\"og:image:height\" content=\"423\" \/>\n\t<meta property=\"og:image:type\" content=\"image\/jpeg\" \/>\n<meta name=\"author\" content=\"Redacci\u00f3n QP\" \/>\n<meta name=\"twitter:card\" content=\"summary_large_image\" \/>\n<meta name=\"twitter:label1\" content=\"Escrito por\" \/>\n\t<meta name=\"twitter:data1\" content=\"Redacci\u00f3n QP\" \/>\n\t<meta name=\"twitter:label2\" content=\"Tiempo de lectura\" \/>\n\t<meta name=\"twitter:data2\" content=\"2 minutos\" \/>\n<script type=\"application\/ld+json\" class=\"yoast-schema-graph\">{\"@context\":\"https:\\\/\\\/schema.org\",\"@graph\":[{\"@type\":\"Article\",\"@id\":\"https:\\\/\\\/quehacerpolitico.mx\\\/?p=108700#article\",\"isPartOf\":{\"@id\":\"https:\\\/\\\/quehacerpolitico.mx\\\/?p=108700\"},\"author\":{\"name\":\"Redacci\u00f3n QP\",\"@id\":\"https:\\\/\\\/quehacerpolitico.mx\\\/#\\\/schema\\\/person\\\/496d8ad2d1d3f8036101dca7ee39e585\"},\"headline\":\"Participa en los conversatorios sobre programaci\u00f3n cultural desde un enfoque participativo y comunitario\",\"datePublished\":\"2024-03-14T20:32:33+00:00\",\"dateModified\":\"2024-03-14T20:32:35+00:00\",\"mainEntityOfPage\":{\"@id\":\"https:\\\/\\\/quehacerpolitico.mx\\\/?p=108700\"},\"wordCount\":482,\"commentCount\":0,\"image\":{\"@id\":\"https:\\\/\\\/quehacerpolitico.mx\\\/?p=108700#primaryimage\"},\"thumbnailUrl\":\"https:\\\/\\\/quehacerpolitico.mx\\\/wp-content\\\/uploads\\\/2024\\\/03\\\/IMG_4294.jpeg\",\"articleSection\":[\"Cultura y Entretenimiento\"],\"inLanguage\":\"es\",\"potentialAction\":[{\"@type\":\"CommentAction\",\"name\":\"Comment\",\"target\":[\"https:\\\/\\\/quehacerpolitico.mx\\\/?p=108700#respond\"]}]},{\"@type\":\"WebPage\",\"@id\":\"https:\\\/\\\/quehacerpolitico.mx\\\/?p=108700\",\"url\":\"https:\\\/\\\/quehacerpolitico.mx\\\/?p=108700\",\"name\":\"Participa en los conversatorios sobre programaci\u00f3n cultural desde un enfoque participativo y comunitario -\",\"isPartOf\":{\"@id\":\"https:\\\/\\\/quehacerpolitico.mx\\\/#website\"},\"primaryImageOfPage\":{\"@id\":\"https:\\\/\\\/quehacerpolitico.mx\\\/?p=108700#primaryimage\"},\"image\":{\"@id\":\"https:\\\/\\\/quehacerpolitico.mx\\\/?p=108700#primaryimage\"},\"thumbnailUrl\":\"https:\\\/\\\/quehacerpolitico.mx\\\/wp-content\\\/uploads\\\/2024\\\/03\\\/IMG_4294.jpeg\",\"datePublished\":\"2024-03-14T20:32:33+00:00\",\"dateModified\":\"2024-03-14T20:32:35+00:00\",\"author\":{\"@id\":\"https:\\\/\\\/quehacerpolitico.mx\\\/#\\\/schema\\\/person\\\/496d8ad2d1d3f8036101dca7ee39e585\"},\"breadcrumb\":{\"@id\":\"https:\\\/\\\/quehacerpolitico.mx\\\/?p=108700#breadcrumb\"},\"inLanguage\":\"es\",\"potentialAction\":[{\"@type\":\"ReadAction\",\"target\":[\"https:\\\/\\\/quehacerpolitico.mx\\\/?p=108700\"]}]},{\"@type\":\"ImageObject\",\"inLanguage\":\"es\",\"@id\":\"https:\\\/\\\/quehacerpolitico.mx\\\/?p=108700#primaryimage\",\"url\":\"https:\\\/\\\/quehacerpolitico.mx\\\/wp-content\\\/uploads\\\/2024\\\/03\\\/IMG_4294.jpeg\",\"contentUrl\":\"https:\\\/\\\/quehacerpolitico.mx\\\/wp-content\\\/uploads\\\/2024\\\/03\\\/IMG_4294.jpeg\",\"width\":724,\"height\":423},{\"@type\":\"BreadcrumbList\",\"@id\":\"https:\\\/\\\/quehacerpolitico.mx\\\/?p=108700#breadcrumb\",\"itemListElement\":[{\"@type\":\"ListItem\",\"position\":1,\"name\":\"Inicio\",\"item\":\"https:\\\/\\\/quehacerpolitico.mx\\\/\"},{\"@type\":\"ListItem\",\"position\":2,\"name\":\"Participa en los conversatorios sobre programaci\u00f3n cultural desde un enfoque participativo y comunitario\"}]},{\"@type\":\"WebSite\",\"@id\":\"https:\\\/\\\/quehacerpolitico.mx\\\/#website\",\"url\":\"https:\\\/\\\/quehacerpolitico.mx\\\/\",\"name\":\"\",\"description\":\"\",\"potentialAction\":[{\"@type\":\"SearchAction\",\"target\":{\"@type\":\"EntryPoint\",\"urlTemplate\":\"https:\\\/\\\/quehacerpolitico.mx\\\/?s={search_term_string}\"},\"query-input\":{\"@type\":\"PropertyValueSpecification\",\"valueRequired\":true,\"valueName\":\"search_term_string\"}}],\"inLanguage\":\"es\"},{\"@type\":\"Person\",\"@id\":\"https:\\\/\\\/quehacerpolitico.mx\\\/#\\\/schema\\\/person\\\/496d8ad2d1d3f8036101dca7ee39e585\",\"name\":\"Redacci\u00f3n QP\",\"image\":{\"@type\":\"ImageObject\",\"inLanguage\":\"es\",\"@id\":\"https:\\\/\\\/secure.gravatar.com\\\/avatar\\\/c7164ed6fdec453195284ad24a5ae5b6e1eed2b848477fa2a4787ba9adf39a41?s=96&d=mm&r=g\",\"url\":\"https:\\\/\\\/secure.gravatar.com\\\/avatar\\\/c7164ed6fdec453195284ad24a5ae5b6e1eed2b848477fa2a4787ba9adf39a41?s=96&d=mm&r=g\",\"contentUrl\":\"https:\\\/\\\/secure.gravatar.com\\\/avatar\\\/c7164ed6fdec453195284ad24a5ae5b6e1eed2b848477fa2a4787ba9adf39a41?s=96&d=mm&r=g\",\"caption\":\"Redacci\u00f3n QP\"},\"url\":\"https:\\\/\\\/quehacerpolitico.mx\\\/?author=2\"}]}<\/script>\n<!-- \/ Yoast SEO plugin. -->","yoast_head_json":{"title":"Participa en los conversatorios sobre programaci\u00f3n cultural desde un enfoque participativo y comunitario -","robots":{"index":"index","follow":"follow","max-snippet":"max-snippet:-1","max-image-preview":"max-image-preview:large","max-video-preview":"max-video-preview:-1"},"canonical":"https:\/\/quehacerpolitico.mx\/?p=108700","og_locale":"es_MX","og_type":"article","og_title":"Participa en los conversatorios sobre programaci\u00f3n cultural desde un enfoque participativo y comunitario -","og_description":"Por Redacci\u00f3n QP Con el objetivo de generar un encuentro para el an\u00e1lisis, di\u00e1logo, reflexi\u00f3n...","og_url":"https:\/\/quehacerpolitico.mx\/?p=108700","article_published_time":"2024-03-14T20:32:33+00:00","article_modified_time":"2024-03-14T20:32:35+00:00","og_image":[{"width":724,"height":423,"url":"https:\/\/quehacerpolitico.mx\/wp-content\/uploads\/2024\/03\/IMG_4294.jpeg","type":"image\/jpeg"}],"author":"Redacci\u00f3n QP","twitter_card":"summary_large_image","twitter_misc":{"Escrito por":"Redacci\u00f3n QP","Tiempo de lectura":"2 minutos"},"schema":{"@context":"https:\/\/schema.org","@graph":[{"@type":"Article","@id":"https:\/\/quehacerpolitico.mx\/?p=108700#article","isPartOf":{"@id":"https:\/\/quehacerpolitico.mx\/?p=108700"},"author":{"name":"Redacci\u00f3n QP","@id":"https:\/\/quehacerpolitico.mx\/#\/schema\/person\/496d8ad2d1d3f8036101dca7ee39e585"},"headline":"Participa en los conversatorios sobre programaci\u00f3n cultural desde un enfoque participativo y comunitario","datePublished":"2024-03-14T20:32:33+00:00","dateModified":"2024-03-14T20:32:35+00:00","mainEntityOfPage":{"@id":"https:\/\/quehacerpolitico.mx\/?p=108700"},"wordCount":482,"commentCount":0,"image":{"@id":"https:\/\/quehacerpolitico.mx\/?p=108700#primaryimage"},"thumbnailUrl":"https:\/\/quehacerpolitico.mx\/wp-content\/uploads\/2024\/03\/IMG_4294.jpeg","articleSection":["Cultura y Entretenimiento"],"inLanguage":"es","potentialAction":[{"@type":"CommentAction","name":"Comment","target":["https:\/\/quehacerpolitico.mx\/?p=108700#respond"]}]},{"@type":"WebPage","@id":"https:\/\/quehacerpolitico.mx\/?p=108700","url":"https:\/\/quehacerpolitico.mx\/?p=108700","name":"Participa en los conversatorios sobre programaci\u00f3n cultural desde un enfoque participativo y comunitario -","isPartOf":{"@id":"https:\/\/quehacerpolitico.mx\/#website"},"primaryImageOfPage":{"@id":"https:\/\/quehacerpolitico.mx\/?p=108700#primaryimage"},"image":{"@id":"https:\/\/quehacerpolitico.mx\/?p=108700#primaryimage"},"thumbnailUrl":"https:\/\/quehacerpolitico.mx\/wp-content\/uploads\/2024\/03\/IMG_4294.jpeg","datePublished":"2024-03-14T20:32:33+00:00","dateModified":"2024-03-14T20:32:35+00:00","author":{"@id":"https:\/\/quehacerpolitico.mx\/#\/schema\/person\/496d8ad2d1d3f8036101dca7ee39e585"},"breadcrumb":{"@id":"https:\/\/quehacerpolitico.mx\/?p=108700#breadcrumb"},"inLanguage":"es","potentialAction":[{"@type":"ReadAction","target":["https:\/\/quehacerpolitico.mx\/?p=108700"]}]},{"@type":"ImageObject","inLanguage":"es","@id":"https:\/\/quehacerpolitico.mx\/?p=108700#primaryimage","url":"https:\/\/quehacerpolitico.mx\/wp-content\/uploads\/2024\/03\/IMG_4294.jpeg","contentUrl":"https:\/\/quehacerpolitico.mx\/wp-content\/uploads\/2024\/03\/IMG_4294.jpeg","width":724,"height":423},{"@type":"BreadcrumbList","@id":"https:\/\/quehacerpolitico.mx\/?p=108700#breadcrumb","itemListElement":[{"@type":"ListItem","position":1,"name":"Inicio","item":"https:\/\/quehacerpolitico.mx\/"},{"@type":"ListItem","position":2,"name":"Participa en los conversatorios sobre programaci\u00f3n cultural desde un enfoque participativo y comunitario"}]},{"@type":"WebSite","@id":"https:\/\/quehacerpolitico.mx\/#website","url":"https:\/\/quehacerpolitico.mx\/","name":"","description":"","potentialAction":[{"@type":"SearchAction","target":{"@type":"EntryPoint","urlTemplate":"https:\/\/quehacerpolitico.mx\/?s={search_term_string}"},"query-input":{"@type":"PropertyValueSpecification","valueRequired":true,"valueName":"search_term_string"}}],"inLanguage":"es"},{"@type":"Person","@id":"https:\/\/quehacerpolitico.mx\/#\/schema\/person\/496d8ad2d1d3f8036101dca7ee39e585","name":"Redacci\u00f3n QP","image":{"@type":"ImageObject","inLanguage":"es","@id":"https:\/\/secure.gravatar.com\/avatar\/c7164ed6fdec453195284ad24a5ae5b6e1eed2b848477fa2a4787ba9adf39a41?s=96&d=mm&r=g","url":"https:\/\/secure.gravatar.com\/avatar\/c7164ed6fdec453195284ad24a5ae5b6e1eed2b848477fa2a4787ba9adf39a41?s=96&d=mm&r=g","contentUrl":"https:\/\/secure.gravatar.com\/avatar\/c7164ed6fdec453195284ad24a5ae5b6e1eed2b848477fa2a4787ba9adf39a41?s=96&d=mm&r=g","caption":"Redacci\u00f3n QP"},"url":"https:\/\/quehacerpolitico.mx\/?author=2"}]}},"featured_image_urls":{"full":["https:\/\/quehacerpolitico.mx\/wp-content\/uploads\/2024\/03\/IMG_4294.jpeg",724,423,false],"thumbnail":["https:\/\/quehacerpolitico.mx\/wp-content\/uploads\/2024\/03\/IMG_4294-150x150.jpeg",150,150,true],"medium":["https:\/\/quehacerpolitico.mx\/wp-content\/uploads\/2024\/03\/IMG_4294-300x175.jpeg",300,175,true],"medium_large":["https:\/\/quehacerpolitico.mx\/wp-content\/uploads\/2024\/03\/IMG_4294.jpeg",640,374,false],"large":["https:\/\/quehacerpolitico.mx\/wp-content\/uploads\/2024\/03\/IMG_4294.jpeg",640,374,false],"1536x1536":["https:\/\/quehacerpolitico.mx\/wp-content\/uploads\/2024\/03\/IMG_4294.jpeg",724,423,false],"2048x2048":["https:\/\/quehacerpolitico.mx\/wp-content\/uploads\/2024\/03\/IMG_4294.jpeg",724,423,false],"covernews-featured":["https:\/\/quehacerpolitico.mx\/wp-content\/uploads\/2024\/03\/IMG_4294.jpeg",724,423,false],"covernews-medium":["https:\/\/quehacerpolitico.mx\/wp-content\/uploads\/2024\/03\/IMG_4294.jpeg",540,315,false]},"author_info":{"display_name":"Redacci\u00f3n QP","author_link":"https:\/\/quehacerpolitico.mx\/?author=2"},"category_info":"<a href=\"https:\/\/quehacerpolitico.mx\/?cat=58\" rel=\"category\">Cultura y Entretenimiento<\/a>","tag_info":"Cultura y Entretenimiento","comment_count":"0","_links":{"self":[{"href":"https:\/\/quehacerpolitico.mx\/index.php?rest_route=\/wp\/v2\/posts\/108700","targetHints":{"allow":["GET"]}}],"collection":[{"href":"https:\/\/quehacerpolitico.mx\/index.php?rest_route=\/wp\/v2\/posts"}],"about":[{"href":"https:\/\/quehacerpolitico.mx\/index.php?rest_route=\/wp\/v2\/types\/post"}],"author":[{"embeddable":true,"href":"https:\/\/quehacerpolitico.mx\/index.php?rest_route=\/wp\/v2\/users\/2"}],"replies":[{"embeddable":true,"href":"https:\/\/quehacerpolitico.mx\/index.php?rest_route=%2Fwp%2Fv2%2Fcomments&post=108700"}],"version-history":[{"count":1,"href":"https:\/\/quehacerpolitico.mx\/index.php?rest_route=\/wp\/v2\/posts\/108700\/revisions"}],"predecessor-version":[{"id":108703,"href":"https:\/\/quehacerpolitico.mx\/index.php?rest_route=\/wp\/v2\/posts\/108700\/revisions\/108703"}],"wp:featuredmedia":[{"embeddable":true,"href":"https:\/\/quehacerpolitico.mx\/index.php?rest_route=\/wp\/v2\/media\/108702"}],"wp:attachment":[{"href":"https:\/\/quehacerpolitico.mx\/index.php?rest_route=%2Fwp%2Fv2%2Fmedia&parent=108700"}],"wp:term":[{"taxonomy":"category","embeddable":true,"href":"https:\/\/quehacerpolitico.mx\/index.php?rest_route=%2Fwp%2Fv2%2Fcategories&post=108700"},{"taxonomy":"post_tag","embeddable":true,"href":"https:\/\/quehacerpolitico.mx\/index.php?rest_route=%2Fwp%2Fv2%2Ftags&post=108700"}],"curies":[{"name":"wp","href":"https:\/\/api.w.org\/{rel}","templated":true}]}}