{"id":108694,"date":"2024-03-14T20:04:17","date_gmt":"2024-03-14T20:04:17","guid":{"rendered":"https:\/\/quehacerpolitico.mx\/?p=108694"},"modified":"2024-03-14T20:04:20","modified_gmt":"2024-03-14T20:04:20","slug":"fernando-gago-entrenador-de-las-chivas-del-guadalajara-defiende-su-gestion","status":"publish","type":"post","link":"https:\/\/quehacerpolitico.mx\/?p=108694","title":{"rendered":"Fernando Gago, entrenador de las\u00a0Chivas del Guadalajara defiende su gesti\u00f3n"},"content":{"rendered":"\n<p>Por Redacci\u00f3n QP<\/p>\n\n\n\n<p>El argentino Fernando Gago necesita este s\u00e1bado un triunfo ante el Am\u00e9rica para respirar en el banquillo de las Chivas<\/p>\n\n\n\n<p>El argentino\u00a0<strong>Fernando Gago<\/strong>, entrenador de las\u00a0<strong>Chivas del Guadalajara<\/strong>, defender\u00e1 su gesti\u00f3n al mando del equipo Rojiblanco al recibir este s\u00e1bado a las campeonas\u00a0<strong>\u00c1guilas del Am\u00e9rica<\/strong>, en el Cl\u00e1sico del\u00a0f\u00fatbol mexicano.<\/p>\n\n\n\n<p>En el partido m\u00e1s atractivo de la duod\u00e9cima jornada del torneo Clausura 2024, Gago necesita un triunfo para respirar en el banquillo del Guadalajara, eliminado el mi\u00e9rcoles pasado por el Am\u00e9rica por 5-3 en los octavos de final de la\u00a0Copa de Campeones de la CONCACAF.<\/p>\n\n\n\n<p>La derrota del mi\u00e9rcoles dej\u00f3 tocada la gesti\u00f3n de Gago, que reci\u00e9n inici\u00f3 en enero pasado. El exjugador del Real Madrid llev\u00f3 a las Chivas a caer por 0-3 en Guadalajara en el duelo de ida y a pesar de que en el partido de vuelta se impuso 2-3 en casa del Am\u00e9rica, no fue suficiente para clasificarse a los cuartos de final.<\/p>\n\n\n\n<figure class=\"wp-block-image size-large\"><img loading=\"lazy\" decoding=\"async\" width=\"646\" height=\"1024\" src=\"https:\/\/quehacerpolitico.mx\/wp-content\/uploads\/2024\/03\/image-37-646x1024.jpeg\" alt=\"\" class=\"wp-image-108697\" srcset=\"https:\/\/quehacerpolitico.mx\/wp-content\/uploads\/2024\/03\/image-37-646x1024.jpeg 646w, https:\/\/quehacerpolitico.mx\/wp-content\/uploads\/2024\/03\/image-37-189x300.jpeg 189w, https:\/\/quehacerpolitico.mx\/wp-content\/uploads\/2024\/03\/image-37-768x1217.jpeg 768w, https:\/\/quehacerpolitico.mx\/wp-content\/uploads\/2024\/03\/image-37-969x1536.jpeg 969w, https:\/\/quehacerpolitico.mx\/wp-content\/uploads\/2024\/03\/image-37-92x146.jpeg 92w, https:\/\/quehacerpolitico.mx\/wp-content\/uploads\/2024\/03\/image-37-32x50.jpeg 32w, https:\/\/quehacerpolitico.mx\/wp-content\/uploads\/2024\/03\/image-37-47x75.jpeg 47w, https:\/\/quehacerpolitico.mx\/wp-content\/uploads\/2024\/03\/image-37.jpeg 1284w\" sizes=\"auto, (max-width: 646px) 100vw, 646px\" \/><\/figure>\n\n\n\n<figure class=\"wp-block-image size-large\"><img loading=\"lazy\" decoding=\"async\" width=\"643\" height=\"1024\" src=\"https:\/\/quehacerpolitico.mx\/wp-content\/uploads\/2024\/03\/image-36-643x1024.jpeg\" alt=\"\" class=\"wp-image-108696\" srcset=\"https:\/\/quehacerpolitico.mx\/wp-content\/uploads\/2024\/03\/image-36-643x1024.jpeg 643w, https:\/\/quehacerpolitico.mx\/wp-content\/uploads\/2024\/03\/image-36-188x300.jpeg 188w, https:\/\/quehacerpolitico.mx\/wp-content\/uploads\/2024\/03\/image-36-768x1223.jpeg 768w, https:\/\/quehacerpolitico.mx\/wp-content\/uploads\/2024\/03\/image-36-964x1536.jpeg 964w, https:\/\/quehacerpolitico.mx\/wp-content\/uploads\/2024\/03\/image-36-92x146.jpeg 92w, https:\/\/quehacerpolitico.mx\/wp-content\/uploads\/2024\/03\/image-36-31x50.jpeg 31w, https:\/\/quehacerpolitico.mx\/wp-content\/uploads\/2024\/03\/image-36-47x75.jpeg 47w, https:\/\/quehacerpolitico.mx\/wp-content\/uploads\/2024\/03\/image-36.jpeg 1284w\" sizes=\"auto, (max-width: 643px) 100vw, 643px\" \/><\/figure>\n\n\n\n<figure class=\"wp-block-image size-large\"><img loading=\"lazy\" decoding=\"async\" width=\"641\" height=\"1024\" src=\"https:\/\/quehacerpolitico.mx\/wp-content\/uploads\/2024\/03\/image-35-641x1024.jpeg\" alt=\"\" class=\"wp-image-108695\" srcset=\"https:\/\/quehacerpolitico.mx\/wp-content\/uploads\/2024\/03\/image-35-641x1024.jpeg 641w, https:\/\/quehacerpolitico.mx\/wp-content\/uploads\/2024\/03\/image-35-188x300.jpeg 188w, https:\/\/quehacerpolitico.mx\/wp-content\/uploads\/2024\/03\/image-35-768x1227.jpeg 768w, https:\/\/quehacerpolitico.mx\/wp-content\/uploads\/2024\/03\/image-35-962x1536.jpeg 962w, https:\/\/quehacerpolitico.mx\/wp-content\/uploads\/2024\/03\/image-35-1282x2048.jpeg 1282w, https:\/\/quehacerpolitico.mx\/wp-content\/uploads\/2024\/03\/image-35-91x146.jpeg 91w, https:\/\/quehacerpolitico.mx\/wp-content\/uploads\/2024\/03\/image-35-31x50.jpeg 31w, https:\/\/quehacerpolitico.mx\/wp-content\/uploads\/2024\/03\/image-35-47x75.jpeg 47w, https:\/\/quehacerpolitico.mx\/wp-content\/uploads\/2024\/03\/image-35.jpeg 1284w\" sizes=\"auto, (max-width: 641px) 100vw, 641px\" \/><\/figure>\n\n\n\n<p>En el Clausura, la situaci\u00f3n para el Guadalajara no es diferente ya que en sus \u00faltimos cinco partidos apenas suma una victoria, un empate y tres derrotas, las \u00faltimas dos de forma consecutiva.<\/p>\n\n\n\n<p>Estos resultados han llevado a las Chivas de Gago a caer al noveno lugar de la clasificaci\u00f3n con 15 puntos, a dos de salir de la zona de repesca en la parte final de la fase regular del campeonato.<\/p>\n\n\n\n<p>En contraparte, el Am\u00e9rica vive un momento dulce ya que no s\u00f3lo avanz\u00f3 de ronda en la Copa de Campeones, sino que en la liga ocupa la segunda posici\u00f3n de la tabla con 24 unidades, a una de igualar a los l\u00edderes Rayados del Monterrey.<\/p>\n\n\n\n<p>Las \u00c1guilas, dirigidas por el brasile\u00f1o Andr\u00e9 Jardine, tienen una derrota, un empate y tres victorias, todas en fila, en sus \u00faltimos cinco partidos, adem\u00e1s de presumir el cuarto mejor ataque con 19 dianas convertidas y la mejor defensa, con solo seis tantos permitidos.<\/p>\n\n\n\n<p>La duod\u00e9cima jornada arrancar\u00e1 este viernes cuando los Gallos Blancos del Quer\u00e9taro reciban al colero Ju\u00e1rez FC, que sue\u00f1a con obtener su primera victoria en el torneo, y el enrachado Santos Laguna visite al Tijuana.<\/p>\n\n\n\n<p>El s\u00e1bado, el Cruz Azul del estratega argentino Mart\u00edn Anselmi intentar\u00e1 mantenerse entre los tres primeros clasificados al recibir al Necaxa, el Le\u00f3n ser\u00e1 anfitri\u00f3n del Puebla, los Tigres UANL del manejador uruguayo Robert Dante Siboldi intentar\u00e1n retomar el buen paso ante el Mazatl\u00e1n y la jornada sabatina terminar\u00e1 con el duelo Guadalajara-Am\u00e9rica.<\/p>\n\n\n\n<p>El domingo, el Atlas ser\u00e1 local ante el l\u00edder Monterrey, los Tuzos del Pachuca del entrenador uruguayo Guillermo Almada tratar\u00e1n de mantenerse entre los punteros en su visita al San Luis y los duelos finalizar\u00e1n con el Toluca-Pumas UNAM.<\/p>\n\n\n\n<h3 class=\"wp-block-heading\">Partidos de la duod\u00e9cima jornada del Clausura mexicano.<\/h3>\n\n\n\n<p>15.03: Quer\u00e9taro-Ju\u00e1rez FC y Tijuana-Santos Laguna.<\/p>\n\n\n\n<p>16.03: Cruz Azul-Necaxa, Le\u00f3n-Puebla, Tigres UANL-Mazatl\u00e1n FC y Guadalajara-Am\u00e9rica.<\/p>\n\n\n\n<p>17.03: Atlas-Monterrey, San Luis-Pachuca y Toluca-Pumas UNAM.<\/p>\n\n\n\n<p>Con informaci\u00f3n de EFE<\/p>\n","protected":false},"excerpt":{"rendered":"<p>Por Redacci\u00f3n QP El argentino Fernando Gago necesita este s\u00e1bado un triunfo ante el Am\u00e9rica&#8230;<\/p>\n","protected":false},"author":2,"featured_media":108698,"comment_status":"open","ping_status":"open","sticky":false,"template":"","format":"standard","meta":{"_monsterinsights_skip_tracking":false,"_monsterinsights_sitenote_active":false,"_monsterinsights_sitenote_note":"","_monsterinsights_sitenote_category":0,"footnotes":""},"categories":[54],"tags":[],"class_list":["post-108694","post","type-post","status-publish","format-standard","has-post-thumbnail","hentry","category-deportes"],"yoast_head":"<!-- This site is optimized with the Yoast SEO plugin v27.3 - https:\/\/yoast.com\/product\/yoast-seo-wordpress\/ -->\n<title>Fernando Gago, entrenador de las\u00a0Chivas del Guadalajara defiende su gesti\u00f3n -<\/title>\n<meta name=\"robots\" content=\"index, follow, max-snippet:-1, max-image-preview:large, max-video-preview:-1\" \/>\n<link rel=\"canonical\" href=\"https:\/\/quehacerpolitico.mx\/?p=108694\" \/>\n<meta property=\"og:locale\" content=\"es_MX\" \/>\n<meta property=\"og:type\" content=\"article\" \/>\n<meta property=\"og:title\" content=\"Fernando Gago, entrenador de las\u00a0Chivas del Guadalajara defiende su gesti\u00f3n -\" \/>\n<meta property=\"og:description\" content=\"Por Redacci\u00f3n QP El argentino Fernando Gago necesita este s\u00e1bado un triunfo ante el Am\u00e9rica...\" \/>\n<meta property=\"og:url\" content=\"https:\/\/quehacerpolitico.mx\/?p=108694\" \/>\n<meta property=\"article:published_time\" content=\"2024-03-14T20:04:17+00:00\" \/>\n<meta property=\"article:modified_time\" content=\"2024-03-14T20:04:20+00:00\" \/>\n<meta property=\"og:image\" content=\"https:\/\/quehacerpolitico.mx\/wp-content\/uploads\/2024\/03\/IMG_4292.jpeg\" \/>\n\t<meta property=\"og:image:width\" content=\"725\" \/>\n\t<meta property=\"og:image:height\" content=\"423\" \/>\n\t<meta property=\"og:image:type\" content=\"image\/jpeg\" \/>\n<meta name=\"author\" content=\"Redacci\u00f3n QP\" \/>\n<meta name=\"twitter:card\" content=\"summary_large_image\" \/>\n<meta name=\"twitter:label1\" content=\"Escrito por\" \/>\n\t<meta name=\"twitter:data1\" content=\"Redacci\u00f3n QP\" \/>\n\t<meta name=\"twitter:label2\" content=\"Tiempo de lectura\" \/>\n\t<meta name=\"twitter:data2\" content=\"3 minutos\" \/>\n<script type=\"application\/ld+json\" class=\"yoast-schema-graph\">{\"@context\":\"https:\\\/\\\/schema.org\",\"@graph\":[{\"@type\":\"Article\",\"@id\":\"https:\\\/\\\/quehacerpolitico.mx\\\/?p=108694#article\",\"isPartOf\":{\"@id\":\"https:\\\/\\\/quehacerpolitico.mx\\\/?p=108694\"},\"author\":{\"name\":\"Redacci\u00f3n QP\",\"@id\":\"https:\\\/\\\/quehacerpolitico.mx\\\/#\\\/schema\\\/person\\\/496d8ad2d1d3f8036101dca7ee39e585\"},\"headline\":\"Fernando Gago, entrenador de las\u00a0Chivas del Guadalajara defiende su gesti\u00f3n\",\"datePublished\":\"2024-03-14T20:04:17+00:00\",\"dateModified\":\"2024-03-14T20:04:20+00:00\",\"mainEntityOfPage\":{\"@id\":\"https:\\\/\\\/quehacerpolitico.mx\\\/?p=108694\"},\"wordCount\":538,\"commentCount\":0,\"image\":{\"@id\":\"https:\\\/\\\/quehacerpolitico.mx\\\/?p=108694#primaryimage\"},\"thumbnailUrl\":\"https:\\\/\\\/quehacerpolitico.mx\\\/wp-content\\\/uploads\\\/2024\\\/03\\\/IMG_4292.jpeg\",\"articleSection\":[\"Deportes\"],\"inLanguage\":\"es\",\"potentialAction\":[{\"@type\":\"CommentAction\",\"name\":\"Comment\",\"target\":[\"https:\\\/\\\/quehacerpolitico.mx\\\/?p=108694#respond\"]}]},{\"@type\":\"WebPage\",\"@id\":\"https:\\\/\\\/quehacerpolitico.mx\\\/?p=108694\",\"url\":\"https:\\\/\\\/quehacerpolitico.mx\\\/?p=108694\",\"name\":\"Fernando Gago, entrenador de las\u00a0Chivas del Guadalajara defiende su gesti\u00f3n -\",\"isPartOf\":{\"@id\":\"https:\\\/\\\/quehacerpolitico.mx\\\/#website\"},\"primaryImageOfPage\":{\"@id\":\"https:\\\/\\\/quehacerpolitico.mx\\\/?p=108694#primaryimage\"},\"image\":{\"@id\":\"https:\\\/\\\/quehacerpolitico.mx\\\/?p=108694#primaryimage\"},\"thumbnailUrl\":\"https:\\\/\\\/quehacerpolitico.mx\\\/wp-content\\\/uploads\\\/2024\\\/03\\\/IMG_4292.jpeg\",\"datePublished\":\"2024-03-14T20:04:17+00:00\",\"dateModified\":\"2024-03-14T20:04:20+00:00\",\"author\":{\"@id\":\"https:\\\/\\\/quehacerpolitico.mx\\\/#\\\/schema\\\/person\\\/496d8ad2d1d3f8036101dca7ee39e585\"},\"breadcrumb\":{\"@id\":\"https:\\\/\\\/quehacerpolitico.mx\\\/?p=108694#breadcrumb\"},\"inLanguage\":\"es\",\"potentialAction\":[{\"@type\":\"ReadAction\",\"target\":[\"https:\\\/\\\/quehacerpolitico.mx\\\/?p=108694\"]}]},{\"@type\":\"ImageObject\",\"inLanguage\":\"es\",\"@id\":\"https:\\\/\\\/quehacerpolitico.mx\\\/?p=108694#primaryimage\",\"url\":\"https:\\\/\\\/quehacerpolitico.mx\\\/wp-content\\\/uploads\\\/2024\\\/03\\\/IMG_4292.jpeg\",\"contentUrl\":\"https:\\\/\\\/quehacerpolitico.mx\\\/wp-content\\\/uploads\\\/2024\\\/03\\\/IMG_4292.jpeg\",\"width\":725,\"height\":423},{\"@type\":\"BreadcrumbList\",\"@id\":\"https:\\\/\\\/quehacerpolitico.mx\\\/?p=108694#breadcrumb\",\"itemListElement\":[{\"@type\":\"ListItem\",\"position\":1,\"name\":\"Inicio\",\"item\":\"https:\\\/\\\/quehacerpolitico.mx\\\/\"},{\"@type\":\"ListItem\",\"position\":2,\"name\":\"Fernando Gago, entrenador de las\u00a0Chivas del Guadalajara defiende su gesti\u00f3n\"}]},{\"@type\":\"WebSite\",\"@id\":\"https:\\\/\\\/quehacerpolitico.mx\\\/#website\",\"url\":\"https:\\\/\\\/quehacerpolitico.mx\\\/\",\"name\":\"\",\"description\":\"\",\"potentialAction\":[{\"@type\":\"SearchAction\",\"target\":{\"@type\":\"EntryPoint\",\"urlTemplate\":\"https:\\\/\\\/quehacerpolitico.mx\\\/?s={search_term_string}\"},\"query-input\":{\"@type\":\"PropertyValueSpecification\",\"valueRequired\":true,\"valueName\":\"search_term_string\"}}],\"inLanguage\":\"es\"},{\"@type\":\"Person\",\"@id\":\"https:\\\/\\\/quehacerpolitico.mx\\\/#\\\/schema\\\/person\\\/496d8ad2d1d3f8036101dca7ee39e585\",\"name\":\"Redacci\u00f3n QP\",\"image\":{\"@type\":\"ImageObject\",\"inLanguage\":\"es\",\"@id\":\"https:\\\/\\\/secure.gravatar.com\\\/avatar\\\/c7164ed6fdec453195284ad24a5ae5b6e1eed2b848477fa2a4787ba9adf39a41?s=96&d=mm&r=g\",\"url\":\"https:\\\/\\\/secure.gravatar.com\\\/avatar\\\/c7164ed6fdec453195284ad24a5ae5b6e1eed2b848477fa2a4787ba9adf39a41?s=96&d=mm&r=g\",\"contentUrl\":\"https:\\\/\\\/secure.gravatar.com\\\/avatar\\\/c7164ed6fdec453195284ad24a5ae5b6e1eed2b848477fa2a4787ba9adf39a41?s=96&d=mm&r=g\",\"caption\":\"Redacci\u00f3n QP\"},\"url\":\"https:\\\/\\\/quehacerpolitico.mx\\\/?author=2\"}]}<\/script>\n<!-- \/ Yoast SEO plugin. -->","yoast_head_json":{"title":"Fernando Gago, entrenador de las\u00a0Chivas del Guadalajara defiende su gesti\u00f3n -","robots":{"index":"index","follow":"follow","max-snippet":"max-snippet:-1","max-image-preview":"max-image-preview:large","max-video-preview":"max-video-preview:-1"},"canonical":"https:\/\/quehacerpolitico.mx\/?p=108694","og_locale":"es_MX","og_type":"article","og_title":"Fernando Gago, entrenador de las\u00a0Chivas del Guadalajara defiende su gesti\u00f3n -","og_description":"Por Redacci\u00f3n QP El argentino Fernando Gago necesita este s\u00e1bado un triunfo ante el Am\u00e9rica...","og_url":"https:\/\/quehacerpolitico.mx\/?p=108694","article_published_time":"2024-03-14T20:04:17+00:00","article_modified_time":"2024-03-14T20:04:20+00:00","og_image":[{"width":725,"height":423,"url":"https:\/\/quehacerpolitico.mx\/wp-content\/uploads\/2024\/03\/IMG_4292.jpeg","type":"image\/jpeg"}],"author":"Redacci\u00f3n QP","twitter_card":"summary_large_image","twitter_misc":{"Escrito por":"Redacci\u00f3n QP","Tiempo de lectura":"3 minutos"},"schema":{"@context":"https:\/\/schema.org","@graph":[{"@type":"Article","@id":"https:\/\/quehacerpolitico.mx\/?p=108694#article","isPartOf":{"@id":"https:\/\/quehacerpolitico.mx\/?p=108694"},"author":{"name":"Redacci\u00f3n QP","@id":"https:\/\/quehacerpolitico.mx\/#\/schema\/person\/496d8ad2d1d3f8036101dca7ee39e585"},"headline":"Fernando Gago, entrenador de las\u00a0Chivas del Guadalajara defiende su gesti\u00f3n","datePublished":"2024-03-14T20:04:17+00:00","dateModified":"2024-03-14T20:04:20+00:00","mainEntityOfPage":{"@id":"https:\/\/quehacerpolitico.mx\/?p=108694"},"wordCount":538,"commentCount":0,"image":{"@id":"https:\/\/quehacerpolitico.mx\/?p=108694#primaryimage"},"thumbnailUrl":"https:\/\/quehacerpolitico.mx\/wp-content\/uploads\/2024\/03\/IMG_4292.jpeg","articleSection":["Deportes"],"inLanguage":"es","potentialAction":[{"@type":"CommentAction","name":"Comment","target":["https:\/\/quehacerpolitico.mx\/?p=108694#respond"]}]},{"@type":"WebPage","@id":"https:\/\/quehacerpolitico.mx\/?p=108694","url":"https:\/\/quehacerpolitico.mx\/?p=108694","name":"Fernando Gago, entrenador de las\u00a0Chivas del Guadalajara defiende su gesti\u00f3n -","isPartOf":{"@id":"https:\/\/quehacerpolitico.mx\/#website"},"primaryImageOfPage":{"@id":"https:\/\/quehacerpolitico.mx\/?p=108694#primaryimage"},"image":{"@id":"https:\/\/quehacerpolitico.mx\/?p=108694#primaryimage"},"thumbnailUrl":"https:\/\/quehacerpolitico.mx\/wp-content\/uploads\/2024\/03\/IMG_4292.jpeg","datePublished":"2024-03-14T20:04:17+00:00","dateModified":"2024-03-14T20:04:20+00:00","author":{"@id":"https:\/\/quehacerpolitico.mx\/#\/schema\/person\/496d8ad2d1d3f8036101dca7ee39e585"},"breadcrumb":{"@id":"https:\/\/quehacerpolitico.mx\/?p=108694#breadcrumb"},"inLanguage":"es","potentialAction":[{"@type":"ReadAction","target":["https:\/\/quehacerpolitico.mx\/?p=108694"]}]},{"@type":"ImageObject","inLanguage":"es","@id":"https:\/\/quehacerpolitico.mx\/?p=108694#primaryimage","url":"https:\/\/quehacerpolitico.mx\/wp-content\/uploads\/2024\/03\/IMG_4292.jpeg","contentUrl":"https:\/\/quehacerpolitico.mx\/wp-content\/uploads\/2024\/03\/IMG_4292.jpeg","width":725,"height":423},{"@type":"BreadcrumbList","@id":"https:\/\/quehacerpolitico.mx\/?p=108694#breadcrumb","itemListElement":[{"@type":"ListItem","position":1,"name":"Inicio","item":"https:\/\/quehacerpolitico.mx\/"},{"@type":"ListItem","position":2,"name":"Fernando Gago, entrenador de las\u00a0Chivas del Guadalajara defiende su gesti\u00f3n"}]},{"@type":"WebSite","@id":"https:\/\/quehacerpolitico.mx\/#website","url":"https:\/\/quehacerpolitico.mx\/","name":"","description":"","potentialAction":[{"@type":"SearchAction","target":{"@type":"EntryPoint","urlTemplate":"https:\/\/quehacerpolitico.mx\/?s={search_term_string}"},"query-input":{"@type":"PropertyValueSpecification","valueRequired":true,"valueName":"search_term_string"}}],"inLanguage":"es"},{"@type":"Person","@id":"https:\/\/quehacerpolitico.mx\/#\/schema\/person\/496d8ad2d1d3f8036101dca7ee39e585","name":"Redacci\u00f3n QP","image":{"@type":"ImageObject","inLanguage":"es","@id":"https:\/\/secure.gravatar.com\/avatar\/c7164ed6fdec453195284ad24a5ae5b6e1eed2b848477fa2a4787ba9adf39a41?s=96&d=mm&r=g","url":"https:\/\/secure.gravatar.com\/avatar\/c7164ed6fdec453195284ad24a5ae5b6e1eed2b848477fa2a4787ba9adf39a41?s=96&d=mm&r=g","contentUrl":"https:\/\/secure.gravatar.com\/avatar\/c7164ed6fdec453195284ad24a5ae5b6e1eed2b848477fa2a4787ba9adf39a41?s=96&d=mm&r=g","caption":"Redacci\u00f3n QP"},"url":"https:\/\/quehacerpolitico.mx\/?author=2"}]}},"featured_image_urls":{"full":["https:\/\/quehacerpolitico.mx\/wp-content\/uploads\/2024\/03\/IMG_4292.jpeg",725,423,false],"thumbnail":["https:\/\/quehacerpolitico.mx\/wp-content\/uploads\/2024\/03\/IMG_4292-150x150.jpeg",150,150,true],"medium":["https:\/\/quehacerpolitico.mx\/wp-content\/uploads\/2024\/03\/IMG_4292-300x175.jpeg",300,175,true],"medium_large":["https:\/\/quehacerpolitico.mx\/wp-content\/uploads\/2024\/03\/IMG_4292.jpeg",640,373,false],"large":["https:\/\/quehacerpolitico.mx\/wp-content\/uploads\/2024\/03\/IMG_4292.jpeg",640,373,false],"1536x1536":["https:\/\/quehacerpolitico.mx\/wp-content\/uploads\/2024\/03\/IMG_4292.jpeg",725,423,false],"2048x2048":["https:\/\/quehacerpolitico.mx\/wp-content\/uploads\/2024\/03\/IMG_4292.jpeg",725,423,false],"covernews-featured":["https:\/\/quehacerpolitico.mx\/wp-content\/uploads\/2024\/03\/IMG_4292.jpeg",725,423,false],"covernews-medium":["https:\/\/quehacerpolitico.mx\/wp-content\/uploads\/2024\/03\/IMG_4292.jpeg",540,315,false]},"author_info":{"display_name":"Redacci\u00f3n QP","author_link":"https:\/\/quehacerpolitico.mx\/?author=2"},"category_info":"<a href=\"https:\/\/quehacerpolitico.mx\/?cat=54\" rel=\"category\">Deportes<\/a>","tag_info":"Deportes","comment_count":"0","_links":{"self":[{"href":"https:\/\/quehacerpolitico.mx\/index.php?rest_route=\/wp\/v2\/posts\/108694","targetHints":{"allow":["GET"]}}],"collection":[{"href":"https:\/\/quehacerpolitico.mx\/index.php?rest_route=\/wp\/v2\/posts"}],"about":[{"href":"https:\/\/quehacerpolitico.mx\/index.php?rest_route=\/wp\/v2\/types\/post"}],"author":[{"embeddable":true,"href":"https:\/\/quehacerpolitico.mx\/index.php?rest_route=\/wp\/v2\/users\/2"}],"replies":[{"embeddable":true,"href":"https:\/\/quehacerpolitico.mx\/index.php?rest_route=%2Fwp%2Fv2%2Fcomments&post=108694"}],"version-history":[{"count":1,"href":"https:\/\/quehacerpolitico.mx\/index.php?rest_route=\/wp\/v2\/posts\/108694\/revisions"}],"predecessor-version":[{"id":108699,"href":"https:\/\/quehacerpolitico.mx\/index.php?rest_route=\/wp\/v2\/posts\/108694\/revisions\/108699"}],"wp:featuredmedia":[{"embeddable":true,"href":"https:\/\/quehacerpolitico.mx\/index.php?rest_route=\/wp\/v2\/media\/108698"}],"wp:attachment":[{"href":"https:\/\/quehacerpolitico.mx\/index.php?rest_route=%2Fwp%2Fv2%2Fmedia&parent=108694"}],"wp:term":[{"taxonomy":"category","embeddable":true,"href":"https:\/\/quehacerpolitico.mx\/index.php?rest_route=%2Fwp%2Fv2%2Fcategories&post=108694"},{"taxonomy":"post_tag","embeddable":true,"href":"https:\/\/quehacerpolitico.mx\/index.php?rest_route=%2Fwp%2Fv2%2Ftags&post=108694"}],"curies":[{"name":"wp","href":"https:\/\/api.w.org\/{rel}","templated":true}]}}