{"id":108691,"date":"2024-03-14T19:37:20","date_gmt":"2024-03-14T19:37:20","guid":{"rendered":"https:\/\/quehacerpolitico.mx\/?p=108691"},"modified":"2024-03-14T19:37:23","modified_gmt":"2024-03-14T19:37:23","slug":"la-comision-de-quejas-del-ine-ordena-a-amlo-bajar-o-editar-entrevista-con-canal-red-por-hablar-de-las-elecciones-es-censura-acusa-el-presidente","status":"publish","type":"post","link":"https:\/\/quehacerpolitico.mx\/?p=108691","title":{"rendered":"La Comisi\u00f3n de Quejas del INE ordena a AMLO bajar o editar entrevista con Canal Red por hablar de las elecciones Es &#8220;censura&#8221;, acusa el presidente"},"content":{"rendered":"\n<p>Por Redacci\u00f3n QP<\/p>\n\n\n\n<p>El presidente L\u00f3pez Obrador apunt\u00f3 que dicha entrevista molesto a sus adversarios y que ahora una comisi\u00f3n del INE lo censura<\/p>\n\n\n\n<p>El presidente\u00a0<strong>Andres Manuel\u00a0L\u00f3pez Obrador<\/strong>\u00a0reclam\u00f3 esta ma\u00f1ana al\u00a0<strong>Instituto Nacional Electoral<\/strong>\u00a0(<strong>INE<\/strong>) que le hayan\u00a0<em><strong>cepillado<\/strong><\/em>\u00a0la\u00a0<strong>entrevista<\/strong>\u00a0que tuvo con la periodista independiente\u00a0Inna Afinogenova para<strong>\u00a0Canal Red<\/strong>, realizada en febrero pasado.<\/p>\n\n\n\n<p>En la conferencia matutina realizada en Mexicali, Baja California, L\u00f3pez Obrador apunt\u00f3 que dicha entrevista molesto a sus adversarios y que ahora el INE lo censura.<\/p>\n\n\n\n<p>Los del INE ya volvieron otra vez a cepillarme, como se dice en el b\u00e9isbol (\u2026) Acaban de resolver que nos van a bajar una entrevista que nos hizo una periodista espa\u00f1ola de origen ruso, Inna (Afinogenova). Todav\u00eda no nos han notificado, ya parezco abogado huizachero del Poder Judicial (risas) \u00bfNo es as\u00ed, que mientras no te notifiquen\u2026?\u201d, dijo.<\/p>\n\n\n\n<p>\u201cEs una buena entrevista que me hizo esta periodista, se ha visto mucho en M\u00e9xico y en Espa\u00f1a, y porque hablamos de lo que me pregunta, y ahora resulta que quieren que la baje. Censura, acaba de venir una marquesa, duquesa, condesa espa\u00f1ola a hablar mal de mi, y a ella no la censuran, la trajo el bloque conservador\u201d, expuso.<\/p>\n\n\n\n<figure class=\"wp-block-embed is-type-rich is-provider-twitter wp-block-embed-twitter\"><div class=\"wp-block-embed__wrapper\">\n<blockquote class=\"twitter-tweet\" data-width=\"550\" data-dnt=\"true\"><p lang=\"es\" dir=\"ltr\">La Comisi\u00f3n de Quejas del <a href=\"https:\/\/twitter.com\/INEMexico?ref_src=twsrc%5Etfw\">@INEMexico<\/a> ordena a AMLO bajar o editar entrevista con Canal Red por hablar de las elecciones<br><br>Es &quot;censura&quot;, acusa el presidente <a href=\"https:\/\/t.co\/m1jVHjrWnO\">pic.twitter.com\/m1jVHjrWnO<\/a><\/p>&mdash; Manuel Lopez San Martin (@MLopezSanMartin) <a href=\"https:\/\/twitter.com\/MLopezSanMartin\/status\/1768338927952273522?ref_src=twsrc%5Etfw\">March 14, 2024<\/a><\/blockquote><script async src=\"https:\/\/platform.twitter.com\/widgets.js\" charset=\"utf-8\"><\/script>\n<\/div><\/figure>\n\n\n\n<p>\u201cLe di la entrevista a este medio independiente y ahora les molest\u00f3 y la est\u00e1n censurando Est\u00e1 bastante vista la entrevista porque hasta me dej\u00f3 como in lim\u00f3n exprimido, porque me pregunt\u00f3 de todo, y ahorita me est\u00e1n informando que ya la censuraron, nada m\u00e1s que podemos acudir al Tribunal (Electoral) verdad? Nos va a dar tiempo\u201d, manifest\u00f3.<\/p>\n\n\n\n<p>La<strong>&nbsp;Comisi\u00f3n de Quejas y Denuncias del INE<\/strong>&nbsp;orden\u00f3 al mandatario mexicano eliminar o modificar la entrevista difundida en redes sociales por la periodista Inna Afinogenova, donde habl\u00f3 sobre temas referentes a la elecci\u00f3n federal as\u00ed como la candidata morenista Claudia Sheinbaum Pardo.<\/p>\n\n\n\n<p>Dicha Comisi\u00f3n del INE le orden\u00f3 tambi\u00e9n al tabasque\u00f1o que a abstenerse de pronunciarse sobre el actual proceso electoral y apegarse por completo a los principios de neutralidad e imparcialidad que debe tener una autoridad.<\/p>\n\n\n\n<p>La denuncia a dicha entrevista fue realizada por el PAN y PRD denunciaron dicha entrevista al detallar que podr\u00edan vulnerar los principios de neutralidad, equidad e imparcialidad en el proceso electoral 2024, as\u00ed como uso indebido de recursos p\u00fablicos.<\/p>\n","protected":false},"excerpt":{"rendered":"<p>Por Redacci\u00f3n QP El presidente L\u00f3pez Obrador apunt\u00f3 que dicha entrevista molesto a sus adversarios&#8230;<\/p>\n","protected":false},"author":2,"featured_media":108692,"comment_status":"open","ping_status":"open","sticky":false,"template":"","format":"standard","meta":{"_monsterinsights_skip_tracking":false,"_monsterinsights_sitenote_active":false,"_monsterinsights_sitenote_note":"","_monsterinsights_sitenote_category":0,"footnotes":""},"categories":[2],"tags":[],"class_list":["post-108691","post","type-post","status-publish","format-standard","has-post-thumbnail","hentry","category-noticias"],"yoast_head":"<!-- This site is optimized with the Yoast SEO plugin v27.3 - https:\/\/yoast.com\/product\/yoast-seo-wordpress\/ -->\n<title>La Comisi\u00f3n de Quejas del INE ordena a AMLO bajar o editar entrevista con Canal Red por hablar de las elecciones Es &quot;censura&quot;, acusa el presidente -<\/title>\n<meta name=\"robots\" content=\"index, follow, max-snippet:-1, max-image-preview:large, max-video-preview:-1\" \/>\n<link rel=\"canonical\" href=\"https:\/\/quehacerpolitico.mx\/?p=108691\" \/>\n<meta property=\"og:locale\" content=\"es_MX\" \/>\n<meta property=\"og:type\" content=\"article\" \/>\n<meta property=\"og:title\" content=\"La Comisi\u00f3n de Quejas del INE ordena a AMLO bajar o editar entrevista con Canal Red por hablar de las elecciones Es &quot;censura&quot;, acusa el presidente -\" \/>\n<meta property=\"og:description\" content=\"Por Redacci\u00f3n QP El presidente L\u00f3pez Obrador apunt\u00f3 que dicha entrevista molesto a sus adversarios...\" \/>\n<meta property=\"og:url\" content=\"https:\/\/quehacerpolitico.mx\/?p=108691\" \/>\n<meta property=\"article:published_time\" content=\"2024-03-14T19:37:20+00:00\" \/>\n<meta property=\"article:modified_time\" content=\"2024-03-14T19:37:23+00:00\" \/>\n<meta property=\"og:image\" content=\"https:\/\/quehacerpolitico.mx\/wp-content\/uploads\/2024\/03\/IMG_4288.jpeg\" \/>\n\t<meta property=\"og:image:width\" content=\"1284\" \/>\n\t<meta property=\"og:image:height\" content=\"693\" \/>\n\t<meta property=\"og:image:type\" content=\"image\/jpeg\" \/>\n<meta name=\"author\" content=\"Redacci\u00f3n QP\" \/>\n<meta name=\"twitter:card\" content=\"summary_large_image\" \/>\n<meta name=\"twitter:label1\" content=\"Escrito por\" \/>\n\t<meta name=\"twitter:data1\" content=\"Redacci\u00f3n QP\" \/>\n\t<meta name=\"twitter:label2\" content=\"Tiempo de lectura\" \/>\n\t<meta name=\"twitter:data2\" content=\"2 minutos\" \/>\n<script type=\"application\/ld+json\" class=\"yoast-schema-graph\">{\"@context\":\"https:\\\/\\\/schema.org\",\"@graph\":[{\"@type\":\"Article\",\"@id\":\"https:\\\/\\\/quehacerpolitico.mx\\\/?p=108691#article\",\"isPartOf\":{\"@id\":\"https:\\\/\\\/quehacerpolitico.mx\\\/?p=108691\"},\"author\":{\"name\":\"Redacci\u00f3n QP\",\"@id\":\"https:\\\/\\\/quehacerpolitico.mx\\\/#\\\/schema\\\/person\\\/496d8ad2d1d3f8036101dca7ee39e585\"},\"headline\":\"La Comisi\u00f3n de Quejas del INE ordena a AMLO bajar o editar entrevista con Canal Red por hablar de las elecciones Es &#8220;censura&#8221;, acusa el presidente\",\"datePublished\":\"2024-03-14T19:37:20+00:00\",\"dateModified\":\"2024-03-14T19:37:23+00:00\",\"mainEntityOfPage\":{\"@id\":\"https:\\\/\\\/quehacerpolitico.mx\\\/?p=108691\"},\"wordCount\":440,\"commentCount\":0,\"image\":{\"@id\":\"https:\\\/\\\/quehacerpolitico.mx\\\/?p=108691#primaryimage\"},\"thumbnailUrl\":\"https:\\\/\\\/quehacerpolitico.mx\\\/wp-content\\\/uploads\\\/2024\\\/03\\\/IMG_4288.jpeg\",\"articleSection\":[\"Noticias\"],\"inLanguage\":\"es\",\"potentialAction\":[{\"@type\":\"CommentAction\",\"name\":\"Comment\",\"target\":[\"https:\\\/\\\/quehacerpolitico.mx\\\/?p=108691#respond\"]}]},{\"@type\":\"WebPage\",\"@id\":\"https:\\\/\\\/quehacerpolitico.mx\\\/?p=108691\",\"url\":\"https:\\\/\\\/quehacerpolitico.mx\\\/?p=108691\",\"name\":\"La Comisi\u00f3n de Quejas del INE ordena a AMLO bajar o editar entrevista con Canal Red por hablar de las elecciones Es \\\"censura\\\", acusa el presidente -\",\"isPartOf\":{\"@id\":\"https:\\\/\\\/quehacerpolitico.mx\\\/#website\"},\"primaryImageOfPage\":{\"@id\":\"https:\\\/\\\/quehacerpolitico.mx\\\/?p=108691#primaryimage\"},\"image\":{\"@id\":\"https:\\\/\\\/quehacerpolitico.mx\\\/?p=108691#primaryimage\"},\"thumbnailUrl\":\"https:\\\/\\\/quehacerpolitico.mx\\\/wp-content\\\/uploads\\\/2024\\\/03\\\/IMG_4288.jpeg\",\"datePublished\":\"2024-03-14T19:37:20+00:00\",\"dateModified\":\"2024-03-14T19:37:23+00:00\",\"author\":{\"@id\":\"https:\\\/\\\/quehacerpolitico.mx\\\/#\\\/schema\\\/person\\\/496d8ad2d1d3f8036101dca7ee39e585\"},\"breadcrumb\":{\"@id\":\"https:\\\/\\\/quehacerpolitico.mx\\\/?p=108691#breadcrumb\"},\"inLanguage\":\"es\",\"potentialAction\":[{\"@type\":\"ReadAction\",\"target\":[\"https:\\\/\\\/quehacerpolitico.mx\\\/?p=108691\"]}]},{\"@type\":\"ImageObject\",\"inLanguage\":\"es\",\"@id\":\"https:\\\/\\\/quehacerpolitico.mx\\\/?p=108691#primaryimage\",\"url\":\"https:\\\/\\\/quehacerpolitico.mx\\\/wp-content\\\/uploads\\\/2024\\\/03\\\/IMG_4288.jpeg\",\"contentUrl\":\"https:\\\/\\\/quehacerpolitico.mx\\\/wp-content\\\/uploads\\\/2024\\\/03\\\/IMG_4288.jpeg\",\"width\":1284,\"height\":693},{\"@type\":\"BreadcrumbList\",\"@id\":\"https:\\\/\\\/quehacerpolitico.mx\\\/?p=108691#breadcrumb\",\"itemListElement\":[{\"@type\":\"ListItem\",\"position\":1,\"name\":\"Inicio\",\"item\":\"https:\\\/\\\/quehacerpolitico.mx\\\/\"},{\"@type\":\"ListItem\",\"position\":2,\"name\":\"La Comisi\u00f3n de Quejas del INE ordena a AMLO bajar o editar entrevista con Canal Red por hablar de las elecciones Es &#8220;censura&#8221;, acusa el presidente\"}]},{\"@type\":\"WebSite\",\"@id\":\"https:\\\/\\\/quehacerpolitico.mx\\\/#website\",\"url\":\"https:\\\/\\\/quehacerpolitico.mx\\\/\",\"name\":\"\",\"description\":\"\",\"potentialAction\":[{\"@type\":\"SearchAction\",\"target\":{\"@type\":\"EntryPoint\",\"urlTemplate\":\"https:\\\/\\\/quehacerpolitico.mx\\\/?s={search_term_string}\"},\"query-input\":{\"@type\":\"PropertyValueSpecification\",\"valueRequired\":true,\"valueName\":\"search_term_string\"}}],\"inLanguage\":\"es\"},{\"@type\":\"Person\",\"@id\":\"https:\\\/\\\/quehacerpolitico.mx\\\/#\\\/schema\\\/person\\\/496d8ad2d1d3f8036101dca7ee39e585\",\"name\":\"Redacci\u00f3n QP\",\"image\":{\"@type\":\"ImageObject\",\"inLanguage\":\"es\",\"@id\":\"https:\\\/\\\/secure.gravatar.com\\\/avatar\\\/c7164ed6fdec453195284ad24a5ae5b6e1eed2b848477fa2a4787ba9adf39a41?s=96&d=mm&r=g\",\"url\":\"https:\\\/\\\/secure.gravatar.com\\\/avatar\\\/c7164ed6fdec453195284ad24a5ae5b6e1eed2b848477fa2a4787ba9adf39a41?s=96&d=mm&r=g\",\"contentUrl\":\"https:\\\/\\\/secure.gravatar.com\\\/avatar\\\/c7164ed6fdec453195284ad24a5ae5b6e1eed2b848477fa2a4787ba9adf39a41?s=96&d=mm&r=g\",\"caption\":\"Redacci\u00f3n QP\"},\"url\":\"https:\\\/\\\/quehacerpolitico.mx\\\/?author=2\"}]}<\/script>\n<!-- \/ Yoast SEO plugin. -->","yoast_head_json":{"title":"La Comisi\u00f3n de Quejas del INE ordena a AMLO bajar o editar entrevista con Canal Red por hablar de las elecciones Es \"censura\", acusa el presidente -","robots":{"index":"index","follow":"follow","max-snippet":"max-snippet:-1","max-image-preview":"max-image-preview:large","max-video-preview":"max-video-preview:-1"},"canonical":"https:\/\/quehacerpolitico.mx\/?p=108691","og_locale":"es_MX","og_type":"article","og_title":"La Comisi\u00f3n de Quejas del INE ordena a AMLO bajar o editar entrevista con Canal Red por hablar de las elecciones Es \"censura\", acusa el presidente -","og_description":"Por Redacci\u00f3n QP El presidente L\u00f3pez Obrador apunt\u00f3 que dicha entrevista molesto a sus adversarios...","og_url":"https:\/\/quehacerpolitico.mx\/?p=108691","article_published_time":"2024-03-14T19:37:20+00:00","article_modified_time":"2024-03-14T19:37:23+00:00","og_image":[{"width":1284,"height":693,"url":"https:\/\/quehacerpolitico.mx\/wp-content\/uploads\/2024\/03\/IMG_4288.jpeg","type":"image\/jpeg"}],"author":"Redacci\u00f3n QP","twitter_card":"summary_large_image","twitter_misc":{"Escrito por":"Redacci\u00f3n QP","Tiempo de lectura":"2 minutos"},"schema":{"@context":"https:\/\/schema.org","@graph":[{"@type":"Article","@id":"https:\/\/quehacerpolitico.mx\/?p=108691#article","isPartOf":{"@id":"https:\/\/quehacerpolitico.mx\/?p=108691"},"author":{"name":"Redacci\u00f3n QP","@id":"https:\/\/quehacerpolitico.mx\/#\/schema\/person\/496d8ad2d1d3f8036101dca7ee39e585"},"headline":"La Comisi\u00f3n de Quejas del INE ordena a AMLO bajar o editar entrevista con Canal Red por hablar de las elecciones Es &#8220;censura&#8221;, acusa el presidente","datePublished":"2024-03-14T19:37:20+00:00","dateModified":"2024-03-14T19:37:23+00:00","mainEntityOfPage":{"@id":"https:\/\/quehacerpolitico.mx\/?p=108691"},"wordCount":440,"commentCount":0,"image":{"@id":"https:\/\/quehacerpolitico.mx\/?p=108691#primaryimage"},"thumbnailUrl":"https:\/\/quehacerpolitico.mx\/wp-content\/uploads\/2024\/03\/IMG_4288.jpeg","articleSection":["Noticias"],"inLanguage":"es","potentialAction":[{"@type":"CommentAction","name":"Comment","target":["https:\/\/quehacerpolitico.mx\/?p=108691#respond"]}]},{"@type":"WebPage","@id":"https:\/\/quehacerpolitico.mx\/?p=108691","url":"https:\/\/quehacerpolitico.mx\/?p=108691","name":"La Comisi\u00f3n de Quejas del INE ordena a AMLO bajar o editar entrevista con Canal Red por hablar de las elecciones Es \"censura\", acusa el presidente -","isPartOf":{"@id":"https:\/\/quehacerpolitico.mx\/#website"},"primaryImageOfPage":{"@id":"https:\/\/quehacerpolitico.mx\/?p=108691#primaryimage"},"image":{"@id":"https:\/\/quehacerpolitico.mx\/?p=108691#primaryimage"},"thumbnailUrl":"https:\/\/quehacerpolitico.mx\/wp-content\/uploads\/2024\/03\/IMG_4288.jpeg","datePublished":"2024-03-14T19:37:20+00:00","dateModified":"2024-03-14T19:37:23+00:00","author":{"@id":"https:\/\/quehacerpolitico.mx\/#\/schema\/person\/496d8ad2d1d3f8036101dca7ee39e585"},"breadcrumb":{"@id":"https:\/\/quehacerpolitico.mx\/?p=108691#breadcrumb"},"inLanguage":"es","potentialAction":[{"@type":"ReadAction","target":["https:\/\/quehacerpolitico.mx\/?p=108691"]}]},{"@type":"ImageObject","inLanguage":"es","@id":"https:\/\/quehacerpolitico.mx\/?p=108691#primaryimage","url":"https:\/\/quehacerpolitico.mx\/wp-content\/uploads\/2024\/03\/IMG_4288.jpeg","contentUrl":"https:\/\/quehacerpolitico.mx\/wp-content\/uploads\/2024\/03\/IMG_4288.jpeg","width":1284,"height":693},{"@type":"BreadcrumbList","@id":"https:\/\/quehacerpolitico.mx\/?p=108691#breadcrumb","itemListElement":[{"@type":"ListItem","position":1,"name":"Inicio","item":"https:\/\/quehacerpolitico.mx\/"},{"@type":"ListItem","position":2,"name":"La Comisi\u00f3n de Quejas del INE ordena a AMLO bajar o editar entrevista con Canal Red por hablar de las elecciones Es &#8220;censura&#8221;, acusa el presidente"}]},{"@type":"WebSite","@id":"https:\/\/quehacerpolitico.mx\/#website","url":"https:\/\/quehacerpolitico.mx\/","name":"","description":"","potentialAction":[{"@type":"SearchAction","target":{"@type":"EntryPoint","urlTemplate":"https:\/\/quehacerpolitico.mx\/?s={search_term_string}"},"query-input":{"@type":"PropertyValueSpecification","valueRequired":true,"valueName":"search_term_string"}}],"inLanguage":"es"},{"@type":"Person","@id":"https:\/\/quehacerpolitico.mx\/#\/schema\/person\/496d8ad2d1d3f8036101dca7ee39e585","name":"Redacci\u00f3n QP","image":{"@type":"ImageObject","inLanguage":"es","@id":"https:\/\/secure.gravatar.com\/avatar\/c7164ed6fdec453195284ad24a5ae5b6e1eed2b848477fa2a4787ba9adf39a41?s=96&d=mm&r=g","url":"https:\/\/secure.gravatar.com\/avatar\/c7164ed6fdec453195284ad24a5ae5b6e1eed2b848477fa2a4787ba9adf39a41?s=96&d=mm&r=g","contentUrl":"https:\/\/secure.gravatar.com\/avatar\/c7164ed6fdec453195284ad24a5ae5b6e1eed2b848477fa2a4787ba9adf39a41?s=96&d=mm&r=g","caption":"Redacci\u00f3n QP"},"url":"https:\/\/quehacerpolitico.mx\/?author=2"}]}},"featured_image_urls":{"full":["https:\/\/quehacerpolitico.mx\/wp-content\/uploads\/2024\/03\/IMG_4288.jpeg",1284,693,false],"thumbnail":["https:\/\/quehacerpolitico.mx\/wp-content\/uploads\/2024\/03\/IMG_4288-150x150.jpeg",150,150,true],"medium":["https:\/\/quehacerpolitico.mx\/wp-content\/uploads\/2024\/03\/IMG_4288-300x162.jpeg",300,162,true],"medium_large":["https:\/\/quehacerpolitico.mx\/wp-content\/uploads\/2024\/03\/IMG_4288-768x415.jpeg",640,346,true],"large":["https:\/\/quehacerpolitico.mx\/wp-content\/uploads\/2024\/03\/IMG_4288-1024x553.jpeg",640,346,true],"1536x1536":["https:\/\/quehacerpolitico.mx\/wp-content\/uploads\/2024\/03\/IMG_4288.jpeg",1284,693,false],"2048x2048":["https:\/\/quehacerpolitico.mx\/wp-content\/uploads\/2024\/03\/IMG_4288.jpeg",1284,693,false],"covernews-featured":["https:\/\/quehacerpolitico.mx\/wp-content\/uploads\/2024\/03\/IMG_4288.jpeg",1024,553,false],"covernews-medium":["https:\/\/quehacerpolitico.mx\/wp-content\/uploads\/2024\/03\/IMG_4288.jpeg",540,291,false]},"author_info":{"display_name":"Redacci\u00f3n QP","author_link":"https:\/\/quehacerpolitico.mx\/?author=2"},"category_info":"<a href=\"https:\/\/quehacerpolitico.mx\/?cat=2\" rel=\"category\">Noticias<\/a>","tag_info":"Noticias","comment_count":"0","_links":{"self":[{"href":"https:\/\/quehacerpolitico.mx\/index.php?rest_route=\/wp\/v2\/posts\/108691","targetHints":{"allow":["GET"]}}],"collection":[{"href":"https:\/\/quehacerpolitico.mx\/index.php?rest_route=\/wp\/v2\/posts"}],"about":[{"href":"https:\/\/quehacerpolitico.mx\/index.php?rest_route=\/wp\/v2\/types\/post"}],"author":[{"embeddable":true,"href":"https:\/\/quehacerpolitico.mx\/index.php?rest_route=\/wp\/v2\/users\/2"}],"replies":[{"embeddable":true,"href":"https:\/\/quehacerpolitico.mx\/index.php?rest_route=%2Fwp%2Fv2%2Fcomments&post=108691"}],"version-history":[{"count":1,"href":"https:\/\/quehacerpolitico.mx\/index.php?rest_route=\/wp\/v2\/posts\/108691\/revisions"}],"predecessor-version":[{"id":108693,"href":"https:\/\/quehacerpolitico.mx\/index.php?rest_route=\/wp\/v2\/posts\/108691\/revisions\/108693"}],"wp:featuredmedia":[{"embeddable":true,"href":"https:\/\/quehacerpolitico.mx\/index.php?rest_route=\/wp\/v2\/media\/108692"}],"wp:attachment":[{"href":"https:\/\/quehacerpolitico.mx\/index.php?rest_route=%2Fwp%2Fv2%2Fmedia&parent=108691"}],"wp:term":[{"taxonomy":"category","embeddable":true,"href":"https:\/\/quehacerpolitico.mx\/index.php?rest_route=%2Fwp%2Fv2%2Fcategories&post=108691"},{"taxonomy":"post_tag","embeddable":true,"href":"https:\/\/quehacerpolitico.mx\/index.php?rest_route=%2Fwp%2Fv2%2Ftags&post=108691"}],"curies":[{"name":"wp","href":"https:\/\/api.w.org\/{rel}","templated":true}]}}