{"id":108688,"date":"2024-03-14T18:16:41","date_gmt":"2024-03-14T18:16:41","guid":{"rendered":"https:\/\/quehacerpolitico.mx\/?p=108688"},"modified":"2024-03-14T18:16:44","modified_gmt":"2024-03-14T18:16:44","slug":"amlo-no-apoyara-a-ningun-candidato-de-estados-unidossea-quien-sea","status":"publish","type":"post","link":"https:\/\/quehacerpolitico.mx\/?p=108688","title":{"rendered":"AMLO no apoyar\u00e1\u00a0a\u00a0ning\u00fan candidato\u00a0de\u00a0Estados Unidos\u201csea quien sea\u201d"},"content":{"rendered":"\n<p>Por Redacci\u00f3n QP<\/p>\n\n\n\n<p>L\u00f3pez Obrador dijo que solo se reserva su derecho de cuestionar a aquel candidato de Estados Unidos que le falta el respeto a M\u00e9xico<\/p>\n\n\n\n<p>El presidente\u00a0<strong>Andres Manuel L\u00f3pez Obrador<\/strong>\u00a0anunci\u00f3 que su Gobierno\u00a0<strong>no apoyar\u00e1<\/strong>\u00a0a\u00a0<strong>ning\u00fan candidato<\/strong>\u00a0de\u00a0<strong>Estados Unidos<\/strong>\u201csea quien sea\u201d, de cara a las pr\u00f3ximas\u00a0<strong>elecciones<\/strong>\u00a0de\u00a0<strong>noviembre<\/strong>\u00a0pr\u00f3ximo en dicho pa\u00eds.<\/p>\n\n\n\n<p>En la conferencia matutina realizada en Mexicali, Baja California, L\u00f3pez Obrador indic\u00f3 que \u00fanicamente se reserva su derecho de hacer cuestionamientos aquel candidato estadounidense que le falta el respeto a M\u00e9xico<\/p>\n\n\n\n<p>Nosotros no vamos a cometer el error que se cometi\u00f3 en el pasado de apoyar a ning\u00fan candidato de EE.UU., esa es una decisi\u00f3n que corresponde a los ciudadanos de Estados Unidos\u201d, dijo.<\/p>\n\n\n\n<figure class=\"wp-block-embed is-type-rich is-provider-twitter wp-block-embed-twitter\"><div class=\"wp-block-embed__wrapper\">\n<blockquote class=\"twitter-tweet\" data-width=\"550\" data-dnt=\"true\"><p lang=\"es\" dir=\"ltr\">AMLO (<a href=\"https:\/\/twitter.com\/lopezobrador_?ref_src=twsrc%5Etfw\">@lopezobrador_<\/a>) asegura que no apoyar\u00e1 a ning\u00fan candidato presidencial de Estados Unidos y asegur\u00f3 que opinar\u00e1 s\u00f3lo cuando se le falte el respeto a M\u00e9xico. <a href=\"https:\/\/t.co\/X1QFkKvqDX\">pic.twitter.com\/X1QFkKvqDX<\/a><\/p>&mdash; Ruido en la Red (@RuidoEnLaRed) <a href=\"https:\/\/twitter.com\/RuidoEnLaRed\/status\/1768303368982659467?ref_src=twsrc%5Etfw\">March 14, 2024<\/a><\/blockquote><script async src=\"https:\/\/platform.twitter.com\/widgets.js\" charset=\"utf-8\"><\/script>\n<\/div><\/figure>\n\n\n\n<p>\u201cSolo nos reservamos el derecho de hacer cuestionamientos cuando se le falte el respeto al pueblo de M\u00e9xico, sea quien sea. Si no se respeta a los mexicanos aqu\u00ed vamos a estar denunciando\u201d, puntualiz\u00f3.<\/p>\n\n\n\n<p>El mandatario mexicano tambi\u00e9n se refiri\u00f3 a \u201cesos que ponen alambradas y act\u00faan de manera inhumana en contra de migrantes, que amenazan con invadir, a esos s\u00ed los vamos a llamar por su nombre y .<\/p>\n\n\n\n<p>L\u00f3pez Obrador pidi\u00f3 a los paisanos que se encuentran en Estados Unidos que tomen en cuenta la actitud antimexicana al momento de emitir su voto en noviembre pr\u00f3ximo.<\/p>\n\n\n\n<p>Les vamos a pedir a los paisanos, con todo respeto, que tomen en cuenta esa actitud antimexicana. Nada m\u00e1s les vamos a decir que el que no quiere a su patria, no quiere a su madre\u201d, expuso<\/p>\n\n\n\n<p>\u201cQue se recuerde eso para que nos respeten como nosotros vamos a respetar siempre a quienes viven en otros pa\u00edses y tiene otros Gobiernos. La pol\u00edtica de M\u00e9xico siempre va a ser de no intervenci\u00f3n y de la autodeterminaci\u00f3n de los pueblos\u201d, puntualiz\u00f3.<\/p>\n\n\n\n<p>El presidente de EE.UU., el dem\u00f3crata&nbsp;<strong>Joe Biden<\/strong>, y el exmandatario republicano&nbsp;<strong>Donald Trump<\/strong>&nbsp;(2017-2021), convertidos matem\u00e1ticamente en los candidatos a la Casa Blanca, inauguraron este mi\u00e9rcoles una cruenta campa\u00f1a electoral llena de ataques personales y que se prev\u00e9 especialmente bronca.<\/p>\n\n\n\n<p>Biden y Trump lograron el\u00a0pasado martes por la noche la mayor\u00eda de delegados necesarios para ganar las primarias a 239 d\u00edas de la contienda electoral del 5 de noviembre. Lo hicieron a la vez, despu\u00e9s de imponerse en Georgia, Misisipi y el estado de Washington.<\/p>\n\n\n\n<p>Ser\u00e1 por lo tanto una de las campa\u00f1as m\u00e1s largas de la historia moderna de Estados Unidos, comparable con las de los a\u00f1os 2000 y 2004.<\/p>\n","protected":false},"excerpt":{"rendered":"<p>Por Redacci\u00f3n QP L\u00f3pez Obrador dijo que solo se reserva su derecho de cuestionar a&#8230;<\/p>\n","protected":false},"author":2,"featured_media":108689,"comment_status":"open","ping_status":"open","sticky":false,"template":"","format":"standard","meta":{"_monsterinsights_skip_tracking":false,"_monsterinsights_sitenote_active":false,"_monsterinsights_sitenote_note":"","_monsterinsights_sitenote_category":0,"footnotes":""},"categories":[2],"tags":[],"class_list":["post-108688","post","type-post","status-publish","format-standard","has-post-thumbnail","hentry","category-noticias"],"yoast_head":"<!-- This site is optimized with the Yoast SEO plugin v27.3 - https:\/\/yoast.com\/product\/yoast-seo-wordpress\/ -->\n<title>AMLO no apoyar\u00e1\u00a0a\u00a0ning\u00fan candidato\u00a0de\u00a0Estados Unidos\u201csea quien sea\u201d -<\/title>\n<meta name=\"robots\" content=\"index, follow, max-snippet:-1, max-image-preview:large, max-video-preview:-1\" \/>\n<link rel=\"canonical\" href=\"https:\/\/quehacerpolitico.mx\/?p=108688\" \/>\n<meta property=\"og:locale\" content=\"es_MX\" \/>\n<meta property=\"og:type\" content=\"article\" \/>\n<meta property=\"og:title\" content=\"AMLO no apoyar\u00e1\u00a0a\u00a0ning\u00fan candidato\u00a0de\u00a0Estados Unidos\u201csea quien sea\u201d -\" \/>\n<meta property=\"og:description\" content=\"Por Redacci\u00f3n QP L\u00f3pez Obrador dijo que solo se reserva su derecho de cuestionar a...\" \/>\n<meta property=\"og:url\" content=\"https:\/\/quehacerpolitico.mx\/?p=108688\" \/>\n<meta property=\"article:published_time\" content=\"2024-03-14T18:16:41+00:00\" \/>\n<meta property=\"article:modified_time\" content=\"2024-03-14T18:16:44+00:00\" \/>\n<meta property=\"og:image\" content=\"https:\/\/quehacerpolitico.mx\/wp-content\/uploads\/2024\/03\/IMG_4285.jpeg\" \/>\n\t<meta property=\"og:image:width\" content=\"1284\" \/>\n\t<meta property=\"og:image:height\" content=\"694\" \/>\n\t<meta property=\"og:image:type\" content=\"image\/jpeg\" \/>\n<meta name=\"author\" content=\"Redacci\u00f3n QP\" \/>\n<meta name=\"twitter:card\" content=\"summary_large_image\" \/>\n<meta name=\"twitter:label1\" content=\"Escrito por\" \/>\n\t<meta name=\"twitter:data1\" content=\"Redacci\u00f3n QP\" \/>\n\t<meta name=\"twitter:label2\" content=\"Tiempo de lectura\" \/>\n\t<meta name=\"twitter:data2\" content=\"2 minutos\" \/>\n<script type=\"application\/ld+json\" class=\"yoast-schema-graph\">{\"@context\":\"https:\\\/\\\/schema.org\",\"@graph\":[{\"@type\":\"Article\",\"@id\":\"https:\\\/\\\/quehacerpolitico.mx\\\/?p=108688#article\",\"isPartOf\":{\"@id\":\"https:\\\/\\\/quehacerpolitico.mx\\\/?p=108688\"},\"author\":{\"name\":\"Redacci\u00f3n QP\",\"@id\":\"https:\\\/\\\/quehacerpolitico.mx\\\/#\\\/schema\\\/person\\\/496d8ad2d1d3f8036101dca7ee39e585\"},\"headline\":\"AMLO no apoyar\u00e1\u00a0a\u00a0ning\u00fan candidato\u00a0de\u00a0Estados Unidos\u201csea quien sea\u201d\",\"datePublished\":\"2024-03-14T18:16:41+00:00\",\"dateModified\":\"2024-03-14T18:16:44+00:00\",\"mainEntityOfPage\":{\"@id\":\"https:\\\/\\\/quehacerpolitico.mx\\\/?p=108688\"},\"wordCount\":472,\"commentCount\":0,\"image\":{\"@id\":\"https:\\\/\\\/quehacerpolitico.mx\\\/?p=108688#primaryimage\"},\"thumbnailUrl\":\"https:\\\/\\\/quehacerpolitico.mx\\\/wp-content\\\/uploads\\\/2024\\\/03\\\/IMG_4285.jpeg\",\"articleSection\":[\"Noticias\"],\"inLanguage\":\"es\",\"potentialAction\":[{\"@type\":\"CommentAction\",\"name\":\"Comment\",\"target\":[\"https:\\\/\\\/quehacerpolitico.mx\\\/?p=108688#respond\"]}]},{\"@type\":\"WebPage\",\"@id\":\"https:\\\/\\\/quehacerpolitico.mx\\\/?p=108688\",\"url\":\"https:\\\/\\\/quehacerpolitico.mx\\\/?p=108688\",\"name\":\"AMLO no apoyar\u00e1\u00a0a\u00a0ning\u00fan candidato\u00a0de\u00a0Estados Unidos\u201csea quien sea\u201d -\",\"isPartOf\":{\"@id\":\"https:\\\/\\\/quehacerpolitico.mx\\\/#website\"},\"primaryImageOfPage\":{\"@id\":\"https:\\\/\\\/quehacerpolitico.mx\\\/?p=108688#primaryimage\"},\"image\":{\"@id\":\"https:\\\/\\\/quehacerpolitico.mx\\\/?p=108688#primaryimage\"},\"thumbnailUrl\":\"https:\\\/\\\/quehacerpolitico.mx\\\/wp-content\\\/uploads\\\/2024\\\/03\\\/IMG_4285.jpeg\",\"datePublished\":\"2024-03-14T18:16:41+00:00\",\"dateModified\":\"2024-03-14T18:16:44+00:00\",\"author\":{\"@id\":\"https:\\\/\\\/quehacerpolitico.mx\\\/#\\\/schema\\\/person\\\/496d8ad2d1d3f8036101dca7ee39e585\"},\"breadcrumb\":{\"@id\":\"https:\\\/\\\/quehacerpolitico.mx\\\/?p=108688#breadcrumb\"},\"inLanguage\":\"es\",\"potentialAction\":[{\"@type\":\"ReadAction\",\"target\":[\"https:\\\/\\\/quehacerpolitico.mx\\\/?p=108688\"]}]},{\"@type\":\"ImageObject\",\"inLanguage\":\"es\",\"@id\":\"https:\\\/\\\/quehacerpolitico.mx\\\/?p=108688#primaryimage\",\"url\":\"https:\\\/\\\/quehacerpolitico.mx\\\/wp-content\\\/uploads\\\/2024\\\/03\\\/IMG_4285.jpeg\",\"contentUrl\":\"https:\\\/\\\/quehacerpolitico.mx\\\/wp-content\\\/uploads\\\/2024\\\/03\\\/IMG_4285.jpeg\",\"width\":1284,\"height\":694},{\"@type\":\"BreadcrumbList\",\"@id\":\"https:\\\/\\\/quehacerpolitico.mx\\\/?p=108688#breadcrumb\",\"itemListElement\":[{\"@type\":\"ListItem\",\"position\":1,\"name\":\"Inicio\",\"item\":\"https:\\\/\\\/quehacerpolitico.mx\\\/\"},{\"@type\":\"ListItem\",\"position\":2,\"name\":\"AMLO no apoyar\u00e1\u00a0a\u00a0ning\u00fan candidato\u00a0de\u00a0Estados Unidos\u201csea quien sea\u201d\"}]},{\"@type\":\"WebSite\",\"@id\":\"https:\\\/\\\/quehacerpolitico.mx\\\/#website\",\"url\":\"https:\\\/\\\/quehacerpolitico.mx\\\/\",\"name\":\"\",\"description\":\"\",\"potentialAction\":[{\"@type\":\"SearchAction\",\"target\":{\"@type\":\"EntryPoint\",\"urlTemplate\":\"https:\\\/\\\/quehacerpolitico.mx\\\/?s={search_term_string}\"},\"query-input\":{\"@type\":\"PropertyValueSpecification\",\"valueRequired\":true,\"valueName\":\"search_term_string\"}}],\"inLanguage\":\"es\"},{\"@type\":\"Person\",\"@id\":\"https:\\\/\\\/quehacerpolitico.mx\\\/#\\\/schema\\\/person\\\/496d8ad2d1d3f8036101dca7ee39e585\",\"name\":\"Redacci\u00f3n QP\",\"image\":{\"@type\":\"ImageObject\",\"inLanguage\":\"es\",\"@id\":\"https:\\\/\\\/secure.gravatar.com\\\/avatar\\\/c7164ed6fdec453195284ad24a5ae5b6e1eed2b848477fa2a4787ba9adf39a41?s=96&d=mm&r=g\",\"url\":\"https:\\\/\\\/secure.gravatar.com\\\/avatar\\\/c7164ed6fdec453195284ad24a5ae5b6e1eed2b848477fa2a4787ba9adf39a41?s=96&d=mm&r=g\",\"contentUrl\":\"https:\\\/\\\/secure.gravatar.com\\\/avatar\\\/c7164ed6fdec453195284ad24a5ae5b6e1eed2b848477fa2a4787ba9adf39a41?s=96&d=mm&r=g\",\"caption\":\"Redacci\u00f3n QP\"},\"url\":\"https:\\\/\\\/quehacerpolitico.mx\\\/?author=2\"}]}<\/script>\n<!-- \/ Yoast SEO plugin. -->","yoast_head_json":{"title":"AMLO no apoyar\u00e1\u00a0a\u00a0ning\u00fan candidato\u00a0de\u00a0Estados Unidos\u201csea quien sea\u201d -","robots":{"index":"index","follow":"follow","max-snippet":"max-snippet:-1","max-image-preview":"max-image-preview:large","max-video-preview":"max-video-preview:-1"},"canonical":"https:\/\/quehacerpolitico.mx\/?p=108688","og_locale":"es_MX","og_type":"article","og_title":"AMLO no apoyar\u00e1\u00a0a\u00a0ning\u00fan candidato\u00a0de\u00a0Estados Unidos\u201csea quien sea\u201d -","og_description":"Por Redacci\u00f3n QP L\u00f3pez Obrador dijo que solo se reserva su derecho de cuestionar a...","og_url":"https:\/\/quehacerpolitico.mx\/?p=108688","article_published_time":"2024-03-14T18:16:41+00:00","article_modified_time":"2024-03-14T18:16:44+00:00","og_image":[{"width":1284,"height":694,"url":"https:\/\/quehacerpolitico.mx\/wp-content\/uploads\/2024\/03\/IMG_4285.jpeg","type":"image\/jpeg"}],"author":"Redacci\u00f3n QP","twitter_card":"summary_large_image","twitter_misc":{"Escrito por":"Redacci\u00f3n QP","Tiempo de lectura":"2 minutos"},"schema":{"@context":"https:\/\/schema.org","@graph":[{"@type":"Article","@id":"https:\/\/quehacerpolitico.mx\/?p=108688#article","isPartOf":{"@id":"https:\/\/quehacerpolitico.mx\/?p=108688"},"author":{"name":"Redacci\u00f3n QP","@id":"https:\/\/quehacerpolitico.mx\/#\/schema\/person\/496d8ad2d1d3f8036101dca7ee39e585"},"headline":"AMLO no apoyar\u00e1\u00a0a\u00a0ning\u00fan candidato\u00a0de\u00a0Estados Unidos\u201csea quien sea\u201d","datePublished":"2024-03-14T18:16:41+00:00","dateModified":"2024-03-14T18:16:44+00:00","mainEntityOfPage":{"@id":"https:\/\/quehacerpolitico.mx\/?p=108688"},"wordCount":472,"commentCount":0,"image":{"@id":"https:\/\/quehacerpolitico.mx\/?p=108688#primaryimage"},"thumbnailUrl":"https:\/\/quehacerpolitico.mx\/wp-content\/uploads\/2024\/03\/IMG_4285.jpeg","articleSection":["Noticias"],"inLanguage":"es","potentialAction":[{"@type":"CommentAction","name":"Comment","target":["https:\/\/quehacerpolitico.mx\/?p=108688#respond"]}]},{"@type":"WebPage","@id":"https:\/\/quehacerpolitico.mx\/?p=108688","url":"https:\/\/quehacerpolitico.mx\/?p=108688","name":"AMLO no apoyar\u00e1\u00a0a\u00a0ning\u00fan candidato\u00a0de\u00a0Estados Unidos\u201csea quien sea\u201d -","isPartOf":{"@id":"https:\/\/quehacerpolitico.mx\/#website"},"primaryImageOfPage":{"@id":"https:\/\/quehacerpolitico.mx\/?p=108688#primaryimage"},"image":{"@id":"https:\/\/quehacerpolitico.mx\/?p=108688#primaryimage"},"thumbnailUrl":"https:\/\/quehacerpolitico.mx\/wp-content\/uploads\/2024\/03\/IMG_4285.jpeg","datePublished":"2024-03-14T18:16:41+00:00","dateModified":"2024-03-14T18:16:44+00:00","author":{"@id":"https:\/\/quehacerpolitico.mx\/#\/schema\/person\/496d8ad2d1d3f8036101dca7ee39e585"},"breadcrumb":{"@id":"https:\/\/quehacerpolitico.mx\/?p=108688#breadcrumb"},"inLanguage":"es","potentialAction":[{"@type":"ReadAction","target":["https:\/\/quehacerpolitico.mx\/?p=108688"]}]},{"@type":"ImageObject","inLanguage":"es","@id":"https:\/\/quehacerpolitico.mx\/?p=108688#primaryimage","url":"https:\/\/quehacerpolitico.mx\/wp-content\/uploads\/2024\/03\/IMG_4285.jpeg","contentUrl":"https:\/\/quehacerpolitico.mx\/wp-content\/uploads\/2024\/03\/IMG_4285.jpeg","width":1284,"height":694},{"@type":"BreadcrumbList","@id":"https:\/\/quehacerpolitico.mx\/?p=108688#breadcrumb","itemListElement":[{"@type":"ListItem","position":1,"name":"Inicio","item":"https:\/\/quehacerpolitico.mx\/"},{"@type":"ListItem","position":2,"name":"AMLO no apoyar\u00e1\u00a0a\u00a0ning\u00fan candidato\u00a0de\u00a0Estados Unidos\u201csea quien sea\u201d"}]},{"@type":"WebSite","@id":"https:\/\/quehacerpolitico.mx\/#website","url":"https:\/\/quehacerpolitico.mx\/","name":"","description":"","potentialAction":[{"@type":"SearchAction","target":{"@type":"EntryPoint","urlTemplate":"https:\/\/quehacerpolitico.mx\/?s={search_term_string}"},"query-input":{"@type":"PropertyValueSpecification","valueRequired":true,"valueName":"search_term_string"}}],"inLanguage":"es"},{"@type":"Person","@id":"https:\/\/quehacerpolitico.mx\/#\/schema\/person\/496d8ad2d1d3f8036101dca7ee39e585","name":"Redacci\u00f3n QP","image":{"@type":"ImageObject","inLanguage":"es","@id":"https:\/\/secure.gravatar.com\/avatar\/c7164ed6fdec453195284ad24a5ae5b6e1eed2b848477fa2a4787ba9adf39a41?s=96&d=mm&r=g","url":"https:\/\/secure.gravatar.com\/avatar\/c7164ed6fdec453195284ad24a5ae5b6e1eed2b848477fa2a4787ba9adf39a41?s=96&d=mm&r=g","contentUrl":"https:\/\/secure.gravatar.com\/avatar\/c7164ed6fdec453195284ad24a5ae5b6e1eed2b848477fa2a4787ba9adf39a41?s=96&d=mm&r=g","caption":"Redacci\u00f3n QP"},"url":"https:\/\/quehacerpolitico.mx\/?author=2"}]}},"featured_image_urls":{"full":["https:\/\/quehacerpolitico.mx\/wp-content\/uploads\/2024\/03\/IMG_4285.jpeg",1284,694,false],"thumbnail":["https:\/\/quehacerpolitico.mx\/wp-content\/uploads\/2024\/03\/IMG_4285-150x150.jpeg",150,150,true],"medium":["https:\/\/quehacerpolitico.mx\/wp-content\/uploads\/2024\/03\/IMG_4285-300x162.jpeg",300,162,true],"medium_large":["https:\/\/quehacerpolitico.mx\/wp-content\/uploads\/2024\/03\/IMG_4285-768x415.jpeg",640,346,true],"large":["https:\/\/quehacerpolitico.mx\/wp-content\/uploads\/2024\/03\/IMG_4285-1024x553.jpeg",640,346,true],"1536x1536":["https:\/\/quehacerpolitico.mx\/wp-content\/uploads\/2024\/03\/IMG_4285.jpeg",1284,694,false],"2048x2048":["https:\/\/quehacerpolitico.mx\/wp-content\/uploads\/2024\/03\/IMG_4285.jpeg",1284,694,false],"covernews-featured":["https:\/\/quehacerpolitico.mx\/wp-content\/uploads\/2024\/03\/IMG_4285.jpeg",1024,553,false],"covernews-medium":["https:\/\/quehacerpolitico.mx\/wp-content\/uploads\/2024\/03\/IMG_4285.jpeg",540,292,false]},"author_info":{"display_name":"Redacci\u00f3n QP","author_link":"https:\/\/quehacerpolitico.mx\/?author=2"},"category_info":"<a href=\"https:\/\/quehacerpolitico.mx\/?cat=2\" rel=\"category\">Noticias<\/a>","tag_info":"Noticias","comment_count":"0","_links":{"self":[{"href":"https:\/\/quehacerpolitico.mx\/index.php?rest_route=\/wp\/v2\/posts\/108688","targetHints":{"allow":["GET"]}}],"collection":[{"href":"https:\/\/quehacerpolitico.mx\/index.php?rest_route=\/wp\/v2\/posts"}],"about":[{"href":"https:\/\/quehacerpolitico.mx\/index.php?rest_route=\/wp\/v2\/types\/post"}],"author":[{"embeddable":true,"href":"https:\/\/quehacerpolitico.mx\/index.php?rest_route=\/wp\/v2\/users\/2"}],"replies":[{"embeddable":true,"href":"https:\/\/quehacerpolitico.mx\/index.php?rest_route=%2Fwp%2Fv2%2Fcomments&post=108688"}],"version-history":[{"count":1,"href":"https:\/\/quehacerpolitico.mx\/index.php?rest_route=\/wp\/v2\/posts\/108688\/revisions"}],"predecessor-version":[{"id":108690,"href":"https:\/\/quehacerpolitico.mx\/index.php?rest_route=\/wp\/v2\/posts\/108688\/revisions\/108690"}],"wp:featuredmedia":[{"embeddable":true,"href":"https:\/\/quehacerpolitico.mx\/index.php?rest_route=\/wp\/v2\/media\/108689"}],"wp:attachment":[{"href":"https:\/\/quehacerpolitico.mx\/index.php?rest_route=%2Fwp%2Fv2%2Fmedia&parent=108688"}],"wp:term":[{"taxonomy":"category","embeddable":true,"href":"https:\/\/quehacerpolitico.mx\/index.php?rest_route=%2Fwp%2Fv2%2Fcategories&post=108688"},{"taxonomy":"post_tag","embeddable":true,"href":"https:\/\/quehacerpolitico.mx\/index.php?rest_route=%2Fwp%2Fv2%2Ftags&post=108688"}],"curies":[{"name":"wp","href":"https:\/\/api.w.org\/{rel}","templated":true}]}}