{"id":108685,"date":"2024-03-14T17:57:08","date_gmt":"2024-03-14T17:57:08","guid":{"rendered":"https:\/\/quehacerpolitico.mx\/?p=108685"},"modified":"2024-03-14T17:57:12","modified_gmt":"2024-03-14T17:57:12","slug":"gobierno-de-mexico-anuncio-la-inversion-de-mil-300-millones-de-dolares-para-la-construccion-de-cinco-plantas-de-ciclo-combinado-en-baja-california","status":"publish","type":"post","link":"https:\/\/quehacerpolitico.mx\/?p=108685","title":{"rendered":"Gobierno de M\u00e9xico\u00a0anunci\u00f3 la\u00a0inversi\u00f3n\u00a0de\u00a0mil 300 millones de d\u00f3lares\u00a0para la construcci\u00f3n de cinco plantas de ciclo combinado en Baja California"},"content":{"rendered":"\n<p>Por Redacci\u00f3n QP<\/p>\n\n\n\n<p>La gobernadora de Baja California, Marina del Pilar \u00c1vila, apunt\u00f3 que la falta de energ\u00eda el\u00e9ctrica en la entidad qued\u00f3 en el pasado<\/p>\n\n\n\n<p>El&nbsp;<strong>Gobierno de M\u00e9xico<\/strong>&nbsp;anunci\u00f3 la&nbsp;<strong>inversi\u00f3n<\/strong>&nbsp;de&nbsp;<strong>mil 300 millones de d\u00f3lares<\/strong>&nbsp;para la construcci\u00f3n de cinco plantas de ciclo combinado para la generaci\u00f3n de&nbsp;<strong>energ\u00eda el\u00e9ctrica<\/strong>&nbsp;en&nbsp;<strong>Baja California<\/strong>, tras la alta demanda que existe en la regi\u00f3n<\/p>\n\n\n\n<p>En la conferencia matutina del presidente\u00a0<strong>Andr\u00e9s Manuel L\u00f3pez Obrador<\/strong>\u00a0realizada en Mexicali, la gobernadora de la entidad<strong> Marina del Pilar \u00c1vila<\/strong>\u00a0calific\u00f3 esta inversi\u00f3n como una buena noticia, y apunt\u00f3 que durante muchos a\u00f1os se dijo que en Baja California hac\u00eda falta energ\u00eda el\u00e9ctrica, pero que dicha situaci\u00f3n ya qued\u00f3 en el pasado.<\/p>\n\n\n\n<figure class=\"wp-block-embed is-type-rich is-provider-twitter wp-block-embed-twitter\"><div class=\"wp-block-embed__wrapper\">\n<blockquote class=\"twitter-tweet\" data-width=\"550\" data-dnt=\"true\"><p lang=\"es\" dir=\"ltr\"><a href=\"https:\/\/twitter.com\/hashtag\/EnLaMa%C3%B1anera?src=hash&amp;ref_src=twsrc%5Etfw\">#EnLaMa\u00f1anera<\/a> | Confirmado por <a href=\"https:\/\/twitter.com\/hashtag\/AMLO?src=hash&amp;ref_src=twsrc%5Etfw\">#AMLO<\/a>, Marina del Pilar, gobernadora de <a href=\"https:\/\/twitter.com\/hashtag\/BajaCalifornia?src=hash&amp;ref_src=twsrc%5Etfw\">#BajaCalifornia<\/a>, anunci\u00f3 la inversi\u00f3n de mil 300 millones de d\u00f3lares en plantas de ciclo combinado en el estado para generar energ\u00eda como un apoyo al subsidio el\u00e9ctrico. <a href=\"https:\/\/t.co\/Ryo7Gh5dbw\">pic.twitter.com\/Ryo7Gh5dbw<\/a><\/p>&mdash; El Financiero TV (@ElFinancieroTv) <a href=\"https:\/\/twitter.com\/ElFinancieroTv\/status\/1768300009366200519?ref_src=twsrc%5Etfw\">March 14, 2024<\/a><\/blockquote><script async src=\"https:\/\/platform.twitter.com\/widgets.js\" charset=\"utf-8\"><\/script>\n<\/div><\/figure>\n\n\n\n<p>\u201cSiempre que nos visita nos trae extraordinarias noticias para nuestra gente, como la noticia que me acaba de confirmar de la inversi\u00f3n de mil 300 millones de d\u00f3lares en la construcci\u00f3n de plantas de ciclo combinado para la generaci\u00f3n de la energ\u00eda de Baja California necesita\u201d, refiri\u00f3.<\/p>\n\n\n\n<p>\u201cDurante muchos a\u00f1os dijeron que en Baja California hacia falta energ\u00eda, hoy eso quedo en el pasado porque gracias a su apoyo presidente hoy Baja California contar\u00e1 con la generaci\u00f3n de energ\u00eda suficiente para nuestro estado\u201d, puntualiz\u00f3 esta ma\u00f1ana.<\/p>\n\n\n\n<p>\u00c1vila Olmeda apunt\u00f3 al mandatario mexicano expuso que su \u201clegado de Gobierno se puede ver en todo el pa\u00eds que avanza con bienestar y justicia\u201d,<\/p>\n\n\n\n<p>\u201cPero sobre todo se siente en todas y todos los mexicanos que vemos en su honestidad, un ejemplo a seguir, que nos da fuerza fuerza para defender y consolidar la regeneraci\u00f3n de nuestra vida p\u00fablica\u201d, puntualiz\u00f3 la mandataria estatal.<\/p>\n\n\n\n<p>El presidente L\u00f3pez Obrador indic\u00f3 que dichas plantas ya est\u00e1n en proceso de construcci\u00f3n, y que en caso de que se terminen durante el proceso electoral se inaugurar\u00edan hasta finales del mes de mayo.<\/p>\n\n\n\n<p>Adem\u00e1s, el tabasque\u00f1o indic\u00f3 esta ma\u00f1ana que adem\u00e1s ya\u00a0firmo un decreto para el\u00a0<strong>subsidio<\/strong>\u00a0en la energ\u00eda el\u00e9ctrica, que incluye baja California. Es un decreto para que ya quede permanente\u201d.<\/p>\n","protected":false},"excerpt":{"rendered":"<p>Por Redacci\u00f3n QP La gobernadora de Baja California, Marina del Pilar \u00c1vila, apunt\u00f3 que la&#8230;<\/p>\n","protected":false},"author":2,"featured_media":108686,"comment_status":"open","ping_status":"open","sticky":false,"template":"","format":"standard","meta":{"_monsterinsights_skip_tracking":false,"_monsterinsights_sitenote_active":false,"_monsterinsights_sitenote_note":"","_monsterinsights_sitenote_category":0,"footnotes":""},"categories":[2],"tags":[],"class_list":["post-108685","post","type-post","status-publish","format-standard","has-post-thumbnail","hentry","category-noticias"],"yoast_head":"<!-- This site is optimized with the Yoast SEO plugin v27.3 - https:\/\/yoast.com\/product\/yoast-seo-wordpress\/ -->\n<title>Gobierno de M\u00e9xico\u00a0anunci\u00f3 la\u00a0inversi\u00f3n\u00a0de\u00a0mil 300 millones de d\u00f3lares\u00a0para la construcci\u00f3n de cinco plantas de ciclo combinado en Baja California -<\/title>\n<meta name=\"robots\" content=\"index, follow, max-snippet:-1, max-image-preview:large, max-video-preview:-1\" \/>\n<link rel=\"canonical\" href=\"https:\/\/quehacerpolitico.mx\/?p=108685\" \/>\n<meta property=\"og:locale\" content=\"es_MX\" \/>\n<meta property=\"og:type\" content=\"article\" \/>\n<meta property=\"og:title\" content=\"Gobierno de M\u00e9xico\u00a0anunci\u00f3 la\u00a0inversi\u00f3n\u00a0de\u00a0mil 300 millones de d\u00f3lares\u00a0para la construcci\u00f3n de cinco plantas de ciclo combinado en Baja California -\" \/>\n<meta property=\"og:description\" content=\"Por Redacci\u00f3n QP La gobernadora de Baja California, Marina del Pilar \u00c1vila, apunt\u00f3 que la...\" \/>\n<meta property=\"og:url\" content=\"https:\/\/quehacerpolitico.mx\/?p=108685\" \/>\n<meta property=\"article:published_time\" content=\"2024-03-14T17:57:08+00:00\" \/>\n<meta property=\"article:modified_time\" content=\"2024-03-14T17:57:12+00:00\" \/>\n<meta property=\"og:image\" content=\"https:\/\/quehacerpolitico.mx\/wp-content\/uploads\/2024\/03\/IMG_4284.jpeg\" \/>\n\t<meta property=\"og:image:width\" content=\"1284\" \/>\n\t<meta property=\"og:image:height\" content=\"684\" \/>\n\t<meta property=\"og:image:type\" content=\"image\/jpeg\" \/>\n<meta name=\"author\" content=\"Redacci\u00f3n QP\" \/>\n<meta name=\"twitter:card\" content=\"summary_large_image\" \/>\n<meta name=\"twitter:label1\" content=\"Escrito por\" \/>\n\t<meta name=\"twitter:data1\" content=\"Redacci\u00f3n QP\" \/>\n\t<meta name=\"twitter:label2\" content=\"Tiempo de lectura\" \/>\n\t<meta name=\"twitter:data2\" content=\"2 minutos\" \/>\n<script type=\"application\/ld+json\" class=\"yoast-schema-graph\">{\"@context\":\"https:\\\/\\\/schema.org\",\"@graph\":[{\"@type\":\"Article\",\"@id\":\"https:\\\/\\\/quehacerpolitico.mx\\\/?p=108685#article\",\"isPartOf\":{\"@id\":\"https:\\\/\\\/quehacerpolitico.mx\\\/?p=108685\"},\"author\":{\"name\":\"Redacci\u00f3n QP\",\"@id\":\"https:\\\/\\\/quehacerpolitico.mx\\\/#\\\/schema\\\/person\\\/496d8ad2d1d3f8036101dca7ee39e585\"},\"headline\":\"Gobierno de M\u00e9xico\u00a0anunci\u00f3 la\u00a0inversi\u00f3n\u00a0de\u00a0mil 300 millones de d\u00f3lares\u00a0para la construcci\u00f3n de cinco plantas de ciclo combinado en Baja California\",\"datePublished\":\"2024-03-14T17:57:08+00:00\",\"dateModified\":\"2024-03-14T17:57:12+00:00\",\"mainEntityOfPage\":{\"@id\":\"https:\\\/\\\/quehacerpolitico.mx\\\/?p=108685\"},\"wordCount\":422,\"commentCount\":0,\"image\":{\"@id\":\"https:\\\/\\\/quehacerpolitico.mx\\\/?p=108685#primaryimage\"},\"thumbnailUrl\":\"https:\\\/\\\/quehacerpolitico.mx\\\/wp-content\\\/uploads\\\/2024\\\/03\\\/IMG_4284.jpeg\",\"articleSection\":[\"Noticias\"],\"inLanguage\":\"es\",\"potentialAction\":[{\"@type\":\"CommentAction\",\"name\":\"Comment\",\"target\":[\"https:\\\/\\\/quehacerpolitico.mx\\\/?p=108685#respond\"]}]},{\"@type\":\"WebPage\",\"@id\":\"https:\\\/\\\/quehacerpolitico.mx\\\/?p=108685\",\"url\":\"https:\\\/\\\/quehacerpolitico.mx\\\/?p=108685\",\"name\":\"Gobierno de M\u00e9xico\u00a0anunci\u00f3 la\u00a0inversi\u00f3n\u00a0de\u00a0mil 300 millones de d\u00f3lares\u00a0para la construcci\u00f3n de cinco plantas de ciclo combinado en Baja California -\",\"isPartOf\":{\"@id\":\"https:\\\/\\\/quehacerpolitico.mx\\\/#website\"},\"primaryImageOfPage\":{\"@id\":\"https:\\\/\\\/quehacerpolitico.mx\\\/?p=108685#primaryimage\"},\"image\":{\"@id\":\"https:\\\/\\\/quehacerpolitico.mx\\\/?p=108685#primaryimage\"},\"thumbnailUrl\":\"https:\\\/\\\/quehacerpolitico.mx\\\/wp-content\\\/uploads\\\/2024\\\/03\\\/IMG_4284.jpeg\",\"datePublished\":\"2024-03-14T17:57:08+00:00\",\"dateModified\":\"2024-03-14T17:57:12+00:00\",\"author\":{\"@id\":\"https:\\\/\\\/quehacerpolitico.mx\\\/#\\\/schema\\\/person\\\/496d8ad2d1d3f8036101dca7ee39e585\"},\"breadcrumb\":{\"@id\":\"https:\\\/\\\/quehacerpolitico.mx\\\/?p=108685#breadcrumb\"},\"inLanguage\":\"es\",\"potentialAction\":[{\"@type\":\"ReadAction\",\"target\":[\"https:\\\/\\\/quehacerpolitico.mx\\\/?p=108685\"]}]},{\"@type\":\"ImageObject\",\"inLanguage\":\"es\",\"@id\":\"https:\\\/\\\/quehacerpolitico.mx\\\/?p=108685#primaryimage\",\"url\":\"https:\\\/\\\/quehacerpolitico.mx\\\/wp-content\\\/uploads\\\/2024\\\/03\\\/IMG_4284.jpeg\",\"contentUrl\":\"https:\\\/\\\/quehacerpolitico.mx\\\/wp-content\\\/uploads\\\/2024\\\/03\\\/IMG_4284.jpeg\",\"width\":1284,\"height\":684},{\"@type\":\"BreadcrumbList\",\"@id\":\"https:\\\/\\\/quehacerpolitico.mx\\\/?p=108685#breadcrumb\",\"itemListElement\":[{\"@type\":\"ListItem\",\"position\":1,\"name\":\"Inicio\",\"item\":\"https:\\\/\\\/quehacerpolitico.mx\\\/\"},{\"@type\":\"ListItem\",\"position\":2,\"name\":\"Gobierno de M\u00e9xico\u00a0anunci\u00f3 la\u00a0inversi\u00f3n\u00a0de\u00a0mil 300 millones de d\u00f3lares\u00a0para la construcci\u00f3n de cinco plantas de ciclo combinado en Baja California\"}]},{\"@type\":\"WebSite\",\"@id\":\"https:\\\/\\\/quehacerpolitico.mx\\\/#website\",\"url\":\"https:\\\/\\\/quehacerpolitico.mx\\\/\",\"name\":\"\",\"description\":\"\",\"potentialAction\":[{\"@type\":\"SearchAction\",\"target\":{\"@type\":\"EntryPoint\",\"urlTemplate\":\"https:\\\/\\\/quehacerpolitico.mx\\\/?s={search_term_string}\"},\"query-input\":{\"@type\":\"PropertyValueSpecification\",\"valueRequired\":true,\"valueName\":\"search_term_string\"}}],\"inLanguage\":\"es\"},{\"@type\":\"Person\",\"@id\":\"https:\\\/\\\/quehacerpolitico.mx\\\/#\\\/schema\\\/person\\\/496d8ad2d1d3f8036101dca7ee39e585\",\"name\":\"Redacci\u00f3n QP\",\"image\":{\"@type\":\"ImageObject\",\"inLanguage\":\"es\",\"@id\":\"https:\\\/\\\/secure.gravatar.com\\\/avatar\\\/c7164ed6fdec453195284ad24a5ae5b6e1eed2b848477fa2a4787ba9adf39a41?s=96&d=mm&r=g\",\"url\":\"https:\\\/\\\/secure.gravatar.com\\\/avatar\\\/c7164ed6fdec453195284ad24a5ae5b6e1eed2b848477fa2a4787ba9adf39a41?s=96&d=mm&r=g\",\"contentUrl\":\"https:\\\/\\\/secure.gravatar.com\\\/avatar\\\/c7164ed6fdec453195284ad24a5ae5b6e1eed2b848477fa2a4787ba9adf39a41?s=96&d=mm&r=g\",\"caption\":\"Redacci\u00f3n QP\"},\"url\":\"https:\\\/\\\/quehacerpolitico.mx\\\/?author=2\"}]}<\/script>\n<!-- \/ Yoast SEO plugin. -->","yoast_head_json":{"title":"Gobierno de M\u00e9xico\u00a0anunci\u00f3 la\u00a0inversi\u00f3n\u00a0de\u00a0mil 300 millones de d\u00f3lares\u00a0para la construcci\u00f3n de cinco plantas de ciclo combinado en Baja California -","robots":{"index":"index","follow":"follow","max-snippet":"max-snippet:-1","max-image-preview":"max-image-preview:large","max-video-preview":"max-video-preview:-1"},"canonical":"https:\/\/quehacerpolitico.mx\/?p=108685","og_locale":"es_MX","og_type":"article","og_title":"Gobierno de M\u00e9xico\u00a0anunci\u00f3 la\u00a0inversi\u00f3n\u00a0de\u00a0mil 300 millones de d\u00f3lares\u00a0para la construcci\u00f3n de cinco plantas de ciclo combinado en Baja California -","og_description":"Por Redacci\u00f3n QP La gobernadora de Baja California, Marina del Pilar \u00c1vila, apunt\u00f3 que la...","og_url":"https:\/\/quehacerpolitico.mx\/?p=108685","article_published_time":"2024-03-14T17:57:08+00:00","article_modified_time":"2024-03-14T17:57:12+00:00","og_image":[{"width":1284,"height":684,"url":"https:\/\/quehacerpolitico.mx\/wp-content\/uploads\/2024\/03\/IMG_4284.jpeg","type":"image\/jpeg"}],"author":"Redacci\u00f3n QP","twitter_card":"summary_large_image","twitter_misc":{"Escrito por":"Redacci\u00f3n QP","Tiempo de lectura":"2 minutos"},"schema":{"@context":"https:\/\/schema.org","@graph":[{"@type":"Article","@id":"https:\/\/quehacerpolitico.mx\/?p=108685#article","isPartOf":{"@id":"https:\/\/quehacerpolitico.mx\/?p=108685"},"author":{"name":"Redacci\u00f3n QP","@id":"https:\/\/quehacerpolitico.mx\/#\/schema\/person\/496d8ad2d1d3f8036101dca7ee39e585"},"headline":"Gobierno de M\u00e9xico\u00a0anunci\u00f3 la\u00a0inversi\u00f3n\u00a0de\u00a0mil 300 millones de d\u00f3lares\u00a0para la construcci\u00f3n de cinco plantas de ciclo combinado en Baja California","datePublished":"2024-03-14T17:57:08+00:00","dateModified":"2024-03-14T17:57:12+00:00","mainEntityOfPage":{"@id":"https:\/\/quehacerpolitico.mx\/?p=108685"},"wordCount":422,"commentCount":0,"image":{"@id":"https:\/\/quehacerpolitico.mx\/?p=108685#primaryimage"},"thumbnailUrl":"https:\/\/quehacerpolitico.mx\/wp-content\/uploads\/2024\/03\/IMG_4284.jpeg","articleSection":["Noticias"],"inLanguage":"es","potentialAction":[{"@type":"CommentAction","name":"Comment","target":["https:\/\/quehacerpolitico.mx\/?p=108685#respond"]}]},{"@type":"WebPage","@id":"https:\/\/quehacerpolitico.mx\/?p=108685","url":"https:\/\/quehacerpolitico.mx\/?p=108685","name":"Gobierno de M\u00e9xico\u00a0anunci\u00f3 la\u00a0inversi\u00f3n\u00a0de\u00a0mil 300 millones de d\u00f3lares\u00a0para la construcci\u00f3n de cinco plantas de ciclo combinado en Baja California -","isPartOf":{"@id":"https:\/\/quehacerpolitico.mx\/#website"},"primaryImageOfPage":{"@id":"https:\/\/quehacerpolitico.mx\/?p=108685#primaryimage"},"image":{"@id":"https:\/\/quehacerpolitico.mx\/?p=108685#primaryimage"},"thumbnailUrl":"https:\/\/quehacerpolitico.mx\/wp-content\/uploads\/2024\/03\/IMG_4284.jpeg","datePublished":"2024-03-14T17:57:08+00:00","dateModified":"2024-03-14T17:57:12+00:00","author":{"@id":"https:\/\/quehacerpolitico.mx\/#\/schema\/person\/496d8ad2d1d3f8036101dca7ee39e585"},"breadcrumb":{"@id":"https:\/\/quehacerpolitico.mx\/?p=108685#breadcrumb"},"inLanguage":"es","potentialAction":[{"@type":"ReadAction","target":["https:\/\/quehacerpolitico.mx\/?p=108685"]}]},{"@type":"ImageObject","inLanguage":"es","@id":"https:\/\/quehacerpolitico.mx\/?p=108685#primaryimage","url":"https:\/\/quehacerpolitico.mx\/wp-content\/uploads\/2024\/03\/IMG_4284.jpeg","contentUrl":"https:\/\/quehacerpolitico.mx\/wp-content\/uploads\/2024\/03\/IMG_4284.jpeg","width":1284,"height":684},{"@type":"BreadcrumbList","@id":"https:\/\/quehacerpolitico.mx\/?p=108685#breadcrumb","itemListElement":[{"@type":"ListItem","position":1,"name":"Inicio","item":"https:\/\/quehacerpolitico.mx\/"},{"@type":"ListItem","position":2,"name":"Gobierno de M\u00e9xico\u00a0anunci\u00f3 la\u00a0inversi\u00f3n\u00a0de\u00a0mil 300 millones de d\u00f3lares\u00a0para la construcci\u00f3n de cinco plantas de ciclo combinado en Baja California"}]},{"@type":"WebSite","@id":"https:\/\/quehacerpolitico.mx\/#website","url":"https:\/\/quehacerpolitico.mx\/","name":"","description":"","potentialAction":[{"@type":"SearchAction","target":{"@type":"EntryPoint","urlTemplate":"https:\/\/quehacerpolitico.mx\/?s={search_term_string}"},"query-input":{"@type":"PropertyValueSpecification","valueRequired":true,"valueName":"search_term_string"}}],"inLanguage":"es"},{"@type":"Person","@id":"https:\/\/quehacerpolitico.mx\/#\/schema\/person\/496d8ad2d1d3f8036101dca7ee39e585","name":"Redacci\u00f3n QP","image":{"@type":"ImageObject","inLanguage":"es","@id":"https:\/\/secure.gravatar.com\/avatar\/c7164ed6fdec453195284ad24a5ae5b6e1eed2b848477fa2a4787ba9adf39a41?s=96&d=mm&r=g","url":"https:\/\/secure.gravatar.com\/avatar\/c7164ed6fdec453195284ad24a5ae5b6e1eed2b848477fa2a4787ba9adf39a41?s=96&d=mm&r=g","contentUrl":"https:\/\/secure.gravatar.com\/avatar\/c7164ed6fdec453195284ad24a5ae5b6e1eed2b848477fa2a4787ba9adf39a41?s=96&d=mm&r=g","caption":"Redacci\u00f3n QP"},"url":"https:\/\/quehacerpolitico.mx\/?author=2"}]}},"featured_image_urls":{"full":["https:\/\/quehacerpolitico.mx\/wp-content\/uploads\/2024\/03\/IMG_4284.jpeg",1284,684,false],"thumbnail":["https:\/\/quehacerpolitico.mx\/wp-content\/uploads\/2024\/03\/IMG_4284-150x150.jpeg",150,150,true],"medium":["https:\/\/quehacerpolitico.mx\/wp-content\/uploads\/2024\/03\/IMG_4284-300x160.jpeg",300,160,true],"medium_large":["https:\/\/quehacerpolitico.mx\/wp-content\/uploads\/2024\/03\/IMG_4284-768x409.jpeg",640,341,true],"large":["https:\/\/quehacerpolitico.mx\/wp-content\/uploads\/2024\/03\/IMG_4284-1024x545.jpeg",640,341,true],"1536x1536":["https:\/\/quehacerpolitico.mx\/wp-content\/uploads\/2024\/03\/IMG_4284.jpeg",1284,684,false],"2048x2048":["https:\/\/quehacerpolitico.mx\/wp-content\/uploads\/2024\/03\/IMG_4284.jpeg",1284,684,false],"covernews-featured":["https:\/\/quehacerpolitico.mx\/wp-content\/uploads\/2024\/03\/IMG_4284.jpeg",1024,545,false],"covernews-medium":["https:\/\/quehacerpolitico.mx\/wp-content\/uploads\/2024\/03\/IMG_4284.jpeg",540,288,false]},"author_info":{"display_name":"Redacci\u00f3n QP","author_link":"https:\/\/quehacerpolitico.mx\/?author=2"},"category_info":"<a href=\"https:\/\/quehacerpolitico.mx\/?cat=2\" rel=\"category\">Noticias<\/a>","tag_info":"Noticias","comment_count":"0","_links":{"self":[{"href":"https:\/\/quehacerpolitico.mx\/index.php?rest_route=\/wp\/v2\/posts\/108685","targetHints":{"allow":["GET"]}}],"collection":[{"href":"https:\/\/quehacerpolitico.mx\/index.php?rest_route=\/wp\/v2\/posts"}],"about":[{"href":"https:\/\/quehacerpolitico.mx\/index.php?rest_route=\/wp\/v2\/types\/post"}],"author":[{"embeddable":true,"href":"https:\/\/quehacerpolitico.mx\/index.php?rest_route=\/wp\/v2\/users\/2"}],"replies":[{"embeddable":true,"href":"https:\/\/quehacerpolitico.mx\/index.php?rest_route=%2Fwp%2Fv2%2Fcomments&post=108685"}],"version-history":[{"count":1,"href":"https:\/\/quehacerpolitico.mx\/index.php?rest_route=\/wp\/v2\/posts\/108685\/revisions"}],"predecessor-version":[{"id":108687,"href":"https:\/\/quehacerpolitico.mx\/index.php?rest_route=\/wp\/v2\/posts\/108685\/revisions\/108687"}],"wp:featuredmedia":[{"embeddable":true,"href":"https:\/\/quehacerpolitico.mx\/index.php?rest_route=\/wp\/v2\/media\/108686"}],"wp:attachment":[{"href":"https:\/\/quehacerpolitico.mx\/index.php?rest_route=%2Fwp%2Fv2%2Fmedia&parent=108685"}],"wp:term":[{"taxonomy":"category","embeddable":true,"href":"https:\/\/quehacerpolitico.mx\/index.php?rest_route=%2Fwp%2Fv2%2Fcategories&post=108685"},{"taxonomy":"post_tag","embeddable":true,"href":"https:\/\/quehacerpolitico.mx\/index.php?rest_route=%2Fwp%2Fv2%2Ftags&post=108685"}],"curies":[{"name":"wp","href":"https:\/\/api.w.org\/{rel}","templated":true}]}}