{"id":108682,"date":"2024-03-14T17:34:19","date_gmt":"2024-03-14T17:34:19","guid":{"rendered":"https:\/\/quehacerpolitico.mx\/?p=108682"},"modified":"2024-03-14T17:34:21","modified_gmt":"2024-03-14T17:34:21","slug":"no-se-calmaran-las-aguas-hasta-que-el-policia-que-asesino-al-estudiante-en-chilpancingo-sea-detenido-vidulfo-rosales","status":"publish","type":"post","link":"https:\/\/quehacerpolitico.mx\/?p=108682","title":{"rendered":"\u201cNo se calmar\u00e1n las aguas\u201d hasta que el\u00a0polic\u00eda\u00a0que\u00a0asesino al estudiante en Chilpancingo\u00a0sea detenido: Vidulfo Rosales"},"content":{"rendered":"\n<p>Por Redacci\u00f3n QP<\/p>\n\n\n\n<p>El abogado Vidulfo Rosales presumi\u00f3 que el nivel de las protestas de normalistas bajar\u00e1 hasta que se detenga al polic\u00eda que asesin\u00f3 a Yanqui Kothan<\/p>\n\n\n\n<p><strong>Vidulfo Rosales<\/strong>, abogado de los familiares de los 43 normalistas desaparecidos de Ayotzinapa, advirti\u00f3 que \u201c<strong>no se calmar\u00e1n las aguas<\/strong>\u201d hasta que el\u00a0<strong>polic\u00eda<\/strong>\u00a0que\u00a0asesino al estudiante en Chilpancingo\u00a0<strong>sea detenido<\/strong>.<\/p>\n\n\n\n<p>La fuga del polic\u00eda deriv\u00f3 en un enojo mayor\u201d, sostuvo el abogado al se\u00f1alar \u201cmucha molestia\u201d por parte de la familia de Yanqui Kothan G\u00f3mez.<\/p>\n\n\n\n<p>En\u00a0entrevista para\u00a0<em>Radio F\u00f3rmula<\/em>, Rosales dese\u00f3 que las autoridades detengan cuanto antes al polic\u00eda implicado en el asesinato del joven estudiante, cuya presentaci\u00f3n voluntaria fue\u00a0solicitada por el presidente Andr\u00e9s Manuel L\u00f3pez Obrador.<\/p>\n\n\n\n<figure class=\"wp-block-embed is-type-rich is-provider-twitter wp-block-embed-twitter\"><div class=\"wp-block-embed__wrapper\">\n<blockquote class=\"twitter-tweet\" data-width=\"550\" data-dnt=\"true\"><p lang=\"es\" dir=\"ltr\">Vidulfo Rosales, abogado de los familiares del caso Ayotzinapa, asiente que los padres del joven normalista asesinado en Chilpancingo continuar\u00e1n buscando que los responsables paguen por lo que hicieron: \u201cNo se calmar\u00e1n las aguas hasta que atrapen al tercer polic\u00eda\u201d. <a href=\"https:\/\/twitter.com\/CiroGomezL?ref_src=twsrc%5Etfw\">@cirogomezl<\/a> <a href=\"https:\/\/t.co\/yPlwTXVIac\">pic.twitter.com\/yPlwTXVIac<\/a><\/p>&mdash; Grupo F\u00f3rmula (@Radio_Formula) <a href=\"https:\/\/twitter.com\/Radio_Formula\/status\/1768275544603255266?ref_src=twsrc%5Etfw\">March 14, 2024<\/a><\/blockquote><script async src=\"https:\/\/platform.twitter.com\/widgets.js\" charset=\"utf-8\"><\/script>\n<\/div><\/figure>\n\n\n\n<p>Yo creo que eso s\u00ed podr\u00eda ayudar un poco, y que se empiece a investigar, sobre todo, a los funcionarios de alto nivel del estado de Guerrero que fueron part\u00edcipes en el desaseo del proceso que se est\u00e1 siguiendo hoy en d\u00eda\u201d, destac\u00f3.<\/p>\n\n\n\n<p>El litigante exhort\u00f3 a la&nbsp;<strong>renuncia<\/strong>&nbsp;de los&nbsp;<strong>secretarios de Gobierno<\/strong>y&nbsp;<strong>Seguridad<\/strong>&nbsp;de&nbsp;<strong>Guerrero<\/strong>&nbsp;para mayor tranquilidad de la familia de Yanqui Kothan y de los normalistas.<\/p>\n\n\n\n<p>Descart\u00f3 por el momento que se pida la renuncia de Evelyn Salgado como gobernadora de Guerrero.<\/p>\n\n\n\n<p>Van a ir bajando de nivel las protestas en la medida en que vaya habiendo resultados en los t\u00e9rminos en los que estamos apuntando\u2026 que se ha detenido al polic\u00eda que hoy en d\u00eda est\u00e1 pr\u00f3fugo, creo que las aguas van a volver a su nivel\u201d, refiri\u00f3.<\/p>\n","protected":false},"excerpt":{"rendered":"<p>Por Redacci\u00f3n QP El abogado Vidulfo Rosales presumi\u00f3 que el nivel de las protestas de&#8230;<\/p>\n","protected":false},"author":2,"featured_media":108683,"comment_status":"open","ping_status":"open","sticky":false,"template":"","format":"standard","meta":{"_monsterinsights_skip_tracking":false,"_monsterinsights_sitenote_active":false,"_monsterinsights_sitenote_note":"","_monsterinsights_sitenote_category":0,"footnotes":""},"categories":[2],"tags":[],"class_list":["post-108682","post","type-post","status-publish","format-standard","has-post-thumbnail","hentry","category-noticias"],"yoast_head":"<!-- This site is optimized with the Yoast SEO plugin v27.3 - https:\/\/yoast.com\/product\/yoast-seo-wordpress\/ -->\n<title>\u201cNo se calmar\u00e1n las aguas\u201d hasta que el\u00a0polic\u00eda\u00a0que\u00a0asesino al estudiante en Chilpancingo\u00a0sea detenido: Vidulfo Rosales -<\/title>\n<meta name=\"robots\" content=\"index, follow, max-snippet:-1, max-image-preview:large, max-video-preview:-1\" \/>\n<link rel=\"canonical\" href=\"https:\/\/quehacerpolitico.mx\/?p=108682\" \/>\n<meta property=\"og:locale\" content=\"es_MX\" \/>\n<meta property=\"og:type\" content=\"article\" \/>\n<meta property=\"og:title\" content=\"\u201cNo se calmar\u00e1n las aguas\u201d hasta que el\u00a0polic\u00eda\u00a0que\u00a0asesino al estudiante en Chilpancingo\u00a0sea detenido: Vidulfo Rosales -\" \/>\n<meta property=\"og:description\" content=\"Por Redacci\u00f3n QP El abogado Vidulfo Rosales presumi\u00f3 que el nivel de las protestas de...\" \/>\n<meta property=\"og:url\" content=\"https:\/\/quehacerpolitico.mx\/?p=108682\" \/>\n<meta property=\"article:published_time\" content=\"2024-03-14T17:34:19+00:00\" \/>\n<meta property=\"article:modified_time\" content=\"2024-03-14T17:34:21+00:00\" \/>\n<meta property=\"og:image\" content=\"https:\/\/quehacerpolitico.mx\/wp-content\/uploads\/2024\/03\/IMG_4283.jpeg\" \/>\n\t<meta property=\"og:image:width\" content=\"1284\" \/>\n\t<meta property=\"og:image:height\" content=\"703\" \/>\n\t<meta property=\"og:image:type\" content=\"image\/jpeg\" \/>\n<meta name=\"author\" content=\"Redacci\u00f3n QP\" \/>\n<meta name=\"twitter:card\" content=\"summary_large_image\" \/>\n<meta name=\"twitter:label1\" content=\"Escrito por\" \/>\n\t<meta name=\"twitter:data1\" content=\"Redacci\u00f3n QP\" \/>\n\t<meta name=\"twitter:label2\" content=\"Tiempo de lectura\" \/>\n\t<meta name=\"twitter:data2\" content=\"1 minuto\" \/>\n<script type=\"application\/ld+json\" class=\"yoast-schema-graph\">{\"@context\":\"https:\\\/\\\/schema.org\",\"@graph\":[{\"@type\":\"Article\",\"@id\":\"https:\\\/\\\/quehacerpolitico.mx\\\/?p=108682#article\",\"isPartOf\":{\"@id\":\"https:\\\/\\\/quehacerpolitico.mx\\\/?p=108682\"},\"author\":{\"name\":\"Redacci\u00f3n QP\",\"@id\":\"https:\\\/\\\/quehacerpolitico.mx\\\/#\\\/schema\\\/person\\\/496d8ad2d1d3f8036101dca7ee39e585\"},\"headline\":\"\u201cNo se calmar\u00e1n las aguas\u201d hasta que el\u00a0polic\u00eda\u00a0que\u00a0asesino al estudiante en Chilpancingo\u00a0sea detenido: Vidulfo Rosales\",\"datePublished\":\"2024-03-14T17:34:19+00:00\",\"dateModified\":\"2024-03-14T17:34:21+00:00\",\"mainEntityOfPage\":{\"@id\":\"https:\\\/\\\/quehacerpolitico.mx\\\/?p=108682\"},\"wordCount\":310,\"commentCount\":0,\"image\":{\"@id\":\"https:\\\/\\\/quehacerpolitico.mx\\\/?p=108682#primaryimage\"},\"thumbnailUrl\":\"https:\\\/\\\/quehacerpolitico.mx\\\/wp-content\\\/uploads\\\/2024\\\/03\\\/IMG_4283.jpeg\",\"articleSection\":[\"Noticias\"],\"inLanguage\":\"es\",\"potentialAction\":[{\"@type\":\"CommentAction\",\"name\":\"Comment\",\"target\":[\"https:\\\/\\\/quehacerpolitico.mx\\\/?p=108682#respond\"]}]},{\"@type\":\"WebPage\",\"@id\":\"https:\\\/\\\/quehacerpolitico.mx\\\/?p=108682\",\"url\":\"https:\\\/\\\/quehacerpolitico.mx\\\/?p=108682\",\"name\":\"\u201cNo se calmar\u00e1n las aguas\u201d hasta que el\u00a0polic\u00eda\u00a0que\u00a0asesino al estudiante en Chilpancingo\u00a0sea detenido: Vidulfo Rosales -\",\"isPartOf\":{\"@id\":\"https:\\\/\\\/quehacerpolitico.mx\\\/#website\"},\"primaryImageOfPage\":{\"@id\":\"https:\\\/\\\/quehacerpolitico.mx\\\/?p=108682#primaryimage\"},\"image\":{\"@id\":\"https:\\\/\\\/quehacerpolitico.mx\\\/?p=108682#primaryimage\"},\"thumbnailUrl\":\"https:\\\/\\\/quehacerpolitico.mx\\\/wp-content\\\/uploads\\\/2024\\\/03\\\/IMG_4283.jpeg\",\"datePublished\":\"2024-03-14T17:34:19+00:00\",\"dateModified\":\"2024-03-14T17:34:21+00:00\",\"author\":{\"@id\":\"https:\\\/\\\/quehacerpolitico.mx\\\/#\\\/schema\\\/person\\\/496d8ad2d1d3f8036101dca7ee39e585\"},\"breadcrumb\":{\"@id\":\"https:\\\/\\\/quehacerpolitico.mx\\\/?p=108682#breadcrumb\"},\"inLanguage\":\"es\",\"potentialAction\":[{\"@type\":\"ReadAction\",\"target\":[\"https:\\\/\\\/quehacerpolitico.mx\\\/?p=108682\"]}]},{\"@type\":\"ImageObject\",\"inLanguage\":\"es\",\"@id\":\"https:\\\/\\\/quehacerpolitico.mx\\\/?p=108682#primaryimage\",\"url\":\"https:\\\/\\\/quehacerpolitico.mx\\\/wp-content\\\/uploads\\\/2024\\\/03\\\/IMG_4283.jpeg\",\"contentUrl\":\"https:\\\/\\\/quehacerpolitico.mx\\\/wp-content\\\/uploads\\\/2024\\\/03\\\/IMG_4283.jpeg\",\"width\":1284,\"height\":703},{\"@type\":\"BreadcrumbList\",\"@id\":\"https:\\\/\\\/quehacerpolitico.mx\\\/?p=108682#breadcrumb\",\"itemListElement\":[{\"@type\":\"ListItem\",\"position\":1,\"name\":\"Inicio\",\"item\":\"https:\\\/\\\/quehacerpolitico.mx\\\/\"},{\"@type\":\"ListItem\",\"position\":2,\"name\":\"\u201cNo se calmar\u00e1n las aguas\u201d hasta que el\u00a0polic\u00eda\u00a0que\u00a0asesino al estudiante en Chilpancingo\u00a0sea detenido: Vidulfo Rosales\"}]},{\"@type\":\"WebSite\",\"@id\":\"https:\\\/\\\/quehacerpolitico.mx\\\/#website\",\"url\":\"https:\\\/\\\/quehacerpolitico.mx\\\/\",\"name\":\"\",\"description\":\"\",\"potentialAction\":[{\"@type\":\"SearchAction\",\"target\":{\"@type\":\"EntryPoint\",\"urlTemplate\":\"https:\\\/\\\/quehacerpolitico.mx\\\/?s={search_term_string}\"},\"query-input\":{\"@type\":\"PropertyValueSpecification\",\"valueRequired\":true,\"valueName\":\"search_term_string\"}}],\"inLanguage\":\"es\"},{\"@type\":\"Person\",\"@id\":\"https:\\\/\\\/quehacerpolitico.mx\\\/#\\\/schema\\\/person\\\/496d8ad2d1d3f8036101dca7ee39e585\",\"name\":\"Redacci\u00f3n QP\",\"image\":{\"@type\":\"ImageObject\",\"inLanguage\":\"es\",\"@id\":\"https:\\\/\\\/secure.gravatar.com\\\/avatar\\\/c7164ed6fdec453195284ad24a5ae5b6e1eed2b848477fa2a4787ba9adf39a41?s=96&d=mm&r=g\",\"url\":\"https:\\\/\\\/secure.gravatar.com\\\/avatar\\\/c7164ed6fdec453195284ad24a5ae5b6e1eed2b848477fa2a4787ba9adf39a41?s=96&d=mm&r=g\",\"contentUrl\":\"https:\\\/\\\/secure.gravatar.com\\\/avatar\\\/c7164ed6fdec453195284ad24a5ae5b6e1eed2b848477fa2a4787ba9adf39a41?s=96&d=mm&r=g\",\"caption\":\"Redacci\u00f3n QP\"},\"url\":\"https:\\\/\\\/quehacerpolitico.mx\\\/?author=2\"}]}<\/script>\n<!-- \/ Yoast SEO plugin. -->","yoast_head_json":{"title":"\u201cNo se calmar\u00e1n las aguas\u201d hasta que el\u00a0polic\u00eda\u00a0que\u00a0asesino al estudiante en Chilpancingo\u00a0sea detenido: Vidulfo Rosales -","robots":{"index":"index","follow":"follow","max-snippet":"max-snippet:-1","max-image-preview":"max-image-preview:large","max-video-preview":"max-video-preview:-1"},"canonical":"https:\/\/quehacerpolitico.mx\/?p=108682","og_locale":"es_MX","og_type":"article","og_title":"\u201cNo se calmar\u00e1n las aguas\u201d hasta que el\u00a0polic\u00eda\u00a0que\u00a0asesino al estudiante en Chilpancingo\u00a0sea detenido: Vidulfo Rosales -","og_description":"Por Redacci\u00f3n QP El abogado Vidulfo Rosales presumi\u00f3 que el nivel de las protestas de...","og_url":"https:\/\/quehacerpolitico.mx\/?p=108682","article_published_time":"2024-03-14T17:34:19+00:00","article_modified_time":"2024-03-14T17:34:21+00:00","og_image":[{"width":1284,"height":703,"url":"https:\/\/quehacerpolitico.mx\/wp-content\/uploads\/2024\/03\/IMG_4283.jpeg","type":"image\/jpeg"}],"author":"Redacci\u00f3n QP","twitter_card":"summary_large_image","twitter_misc":{"Escrito por":"Redacci\u00f3n QP","Tiempo de lectura":"1 minuto"},"schema":{"@context":"https:\/\/schema.org","@graph":[{"@type":"Article","@id":"https:\/\/quehacerpolitico.mx\/?p=108682#article","isPartOf":{"@id":"https:\/\/quehacerpolitico.mx\/?p=108682"},"author":{"name":"Redacci\u00f3n QP","@id":"https:\/\/quehacerpolitico.mx\/#\/schema\/person\/496d8ad2d1d3f8036101dca7ee39e585"},"headline":"\u201cNo se calmar\u00e1n las aguas\u201d hasta que el\u00a0polic\u00eda\u00a0que\u00a0asesino al estudiante en Chilpancingo\u00a0sea detenido: Vidulfo Rosales","datePublished":"2024-03-14T17:34:19+00:00","dateModified":"2024-03-14T17:34:21+00:00","mainEntityOfPage":{"@id":"https:\/\/quehacerpolitico.mx\/?p=108682"},"wordCount":310,"commentCount":0,"image":{"@id":"https:\/\/quehacerpolitico.mx\/?p=108682#primaryimage"},"thumbnailUrl":"https:\/\/quehacerpolitico.mx\/wp-content\/uploads\/2024\/03\/IMG_4283.jpeg","articleSection":["Noticias"],"inLanguage":"es","potentialAction":[{"@type":"CommentAction","name":"Comment","target":["https:\/\/quehacerpolitico.mx\/?p=108682#respond"]}]},{"@type":"WebPage","@id":"https:\/\/quehacerpolitico.mx\/?p=108682","url":"https:\/\/quehacerpolitico.mx\/?p=108682","name":"\u201cNo se calmar\u00e1n las aguas\u201d hasta que el\u00a0polic\u00eda\u00a0que\u00a0asesino al estudiante en Chilpancingo\u00a0sea detenido: Vidulfo Rosales -","isPartOf":{"@id":"https:\/\/quehacerpolitico.mx\/#website"},"primaryImageOfPage":{"@id":"https:\/\/quehacerpolitico.mx\/?p=108682#primaryimage"},"image":{"@id":"https:\/\/quehacerpolitico.mx\/?p=108682#primaryimage"},"thumbnailUrl":"https:\/\/quehacerpolitico.mx\/wp-content\/uploads\/2024\/03\/IMG_4283.jpeg","datePublished":"2024-03-14T17:34:19+00:00","dateModified":"2024-03-14T17:34:21+00:00","author":{"@id":"https:\/\/quehacerpolitico.mx\/#\/schema\/person\/496d8ad2d1d3f8036101dca7ee39e585"},"breadcrumb":{"@id":"https:\/\/quehacerpolitico.mx\/?p=108682#breadcrumb"},"inLanguage":"es","potentialAction":[{"@type":"ReadAction","target":["https:\/\/quehacerpolitico.mx\/?p=108682"]}]},{"@type":"ImageObject","inLanguage":"es","@id":"https:\/\/quehacerpolitico.mx\/?p=108682#primaryimage","url":"https:\/\/quehacerpolitico.mx\/wp-content\/uploads\/2024\/03\/IMG_4283.jpeg","contentUrl":"https:\/\/quehacerpolitico.mx\/wp-content\/uploads\/2024\/03\/IMG_4283.jpeg","width":1284,"height":703},{"@type":"BreadcrumbList","@id":"https:\/\/quehacerpolitico.mx\/?p=108682#breadcrumb","itemListElement":[{"@type":"ListItem","position":1,"name":"Inicio","item":"https:\/\/quehacerpolitico.mx\/"},{"@type":"ListItem","position":2,"name":"\u201cNo se calmar\u00e1n las aguas\u201d hasta que el\u00a0polic\u00eda\u00a0que\u00a0asesino al estudiante en Chilpancingo\u00a0sea detenido: Vidulfo Rosales"}]},{"@type":"WebSite","@id":"https:\/\/quehacerpolitico.mx\/#website","url":"https:\/\/quehacerpolitico.mx\/","name":"","description":"","potentialAction":[{"@type":"SearchAction","target":{"@type":"EntryPoint","urlTemplate":"https:\/\/quehacerpolitico.mx\/?s={search_term_string}"},"query-input":{"@type":"PropertyValueSpecification","valueRequired":true,"valueName":"search_term_string"}}],"inLanguage":"es"},{"@type":"Person","@id":"https:\/\/quehacerpolitico.mx\/#\/schema\/person\/496d8ad2d1d3f8036101dca7ee39e585","name":"Redacci\u00f3n QP","image":{"@type":"ImageObject","inLanguage":"es","@id":"https:\/\/secure.gravatar.com\/avatar\/c7164ed6fdec453195284ad24a5ae5b6e1eed2b848477fa2a4787ba9adf39a41?s=96&d=mm&r=g","url":"https:\/\/secure.gravatar.com\/avatar\/c7164ed6fdec453195284ad24a5ae5b6e1eed2b848477fa2a4787ba9adf39a41?s=96&d=mm&r=g","contentUrl":"https:\/\/secure.gravatar.com\/avatar\/c7164ed6fdec453195284ad24a5ae5b6e1eed2b848477fa2a4787ba9adf39a41?s=96&d=mm&r=g","caption":"Redacci\u00f3n QP"},"url":"https:\/\/quehacerpolitico.mx\/?author=2"}]}},"featured_image_urls":{"full":["https:\/\/quehacerpolitico.mx\/wp-content\/uploads\/2024\/03\/IMG_4283.jpeg",1284,703,false],"thumbnail":["https:\/\/quehacerpolitico.mx\/wp-content\/uploads\/2024\/03\/IMG_4283-150x150.jpeg",150,150,true],"medium":["https:\/\/quehacerpolitico.mx\/wp-content\/uploads\/2024\/03\/IMG_4283-300x164.jpeg",300,164,true],"medium_large":["https:\/\/quehacerpolitico.mx\/wp-content\/uploads\/2024\/03\/IMG_4283-768x420.jpeg",640,350,true],"large":["https:\/\/quehacerpolitico.mx\/wp-content\/uploads\/2024\/03\/IMG_4283-1024x561.jpeg",640,351,true],"1536x1536":["https:\/\/quehacerpolitico.mx\/wp-content\/uploads\/2024\/03\/IMG_4283.jpeg",1284,703,false],"2048x2048":["https:\/\/quehacerpolitico.mx\/wp-content\/uploads\/2024\/03\/IMG_4283.jpeg",1284,703,false],"covernews-featured":["https:\/\/quehacerpolitico.mx\/wp-content\/uploads\/2024\/03\/IMG_4283.jpeg",1024,561,false],"covernews-medium":["https:\/\/quehacerpolitico.mx\/wp-content\/uploads\/2024\/03\/IMG_4283.jpeg",540,296,false]},"author_info":{"display_name":"Redacci\u00f3n QP","author_link":"https:\/\/quehacerpolitico.mx\/?author=2"},"category_info":"<a href=\"https:\/\/quehacerpolitico.mx\/?cat=2\" rel=\"category\">Noticias<\/a>","tag_info":"Noticias","comment_count":"0","_links":{"self":[{"href":"https:\/\/quehacerpolitico.mx\/index.php?rest_route=\/wp\/v2\/posts\/108682","targetHints":{"allow":["GET"]}}],"collection":[{"href":"https:\/\/quehacerpolitico.mx\/index.php?rest_route=\/wp\/v2\/posts"}],"about":[{"href":"https:\/\/quehacerpolitico.mx\/index.php?rest_route=\/wp\/v2\/types\/post"}],"author":[{"embeddable":true,"href":"https:\/\/quehacerpolitico.mx\/index.php?rest_route=\/wp\/v2\/users\/2"}],"replies":[{"embeddable":true,"href":"https:\/\/quehacerpolitico.mx\/index.php?rest_route=%2Fwp%2Fv2%2Fcomments&post=108682"}],"version-history":[{"count":1,"href":"https:\/\/quehacerpolitico.mx\/index.php?rest_route=\/wp\/v2\/posts\/108682\/revisions"}],"predecessor-version":[{"id":108684,"href":"https:\/\/quehacerpolitico.mx\/index.php?rest_route=\/wp\/v2\/posts\/108682\/revisions\/108684"}],"wp:featuredmedia":[{"embeddable":true,"href":"https:\/\/quehacerpolitico.mx\/index.php?rest_route=\/wp\/v2\/media\/108683"}],"wp:attachment":[{"href":"https:\/\/quehacerpolitico.mx\/index.php?rest_route=%2Fwp%2Fv2%2Fmedia&parent=108682"}],"wp:term":[{"taxonomy":"category","embeddable":true,"href":"https:\/\/quehacerpolitico.mx\/index.php?rest_route=%2Fwp%2Fv2%2Fcategories&post=108682"},{"taxonomy":"post_tag","embeddable":true,"href":"https:\/\/quehacerpolitico.mx\/index.php?rest_route=%2Fwp%2Fv2%2Ftags&post=108682"}],"curies":[{"name":"wp","href":"https:\/\/api.w.org\/{rel}","templated":true}]}}