{"id":108673,"date":"2024-03-14T15:16:16","date_gmt":"2024-03-14T15:16:16","guid":{"rendered":"https:\/\/quehacerpolitico.mx\/?p=108673"},"modified":"2024-03-14T15:16:19","modified_gmt":"2024-03-14T15:16:19","slug":"las-marchas-para-este-jueves-14-de-marzo-en-la-cdmx","status":"publish","type":"post","link":"https:\/\/quehacerpolitico.mx\/?p=108673","title":{"rendered":"Las Marchas para este jueves 14 de marzo en la CDMX"},"content":{"rendered":"\n<p>Por Redacci\u00f3n QP<\/p>\n\n\n\n<p>La SSC tiene prevista una marcha para este jueves. Aqu\u00ed te damos los detalles para que puedas planear tu d\u00eda.<\/p>\n\n\n\n<p>Este jueves 14 de marzo de 2024, el Centro de Comando, Control, C\u00f3mputo, Comunicaciones y Contacto Ciudadano de la Ciudad de M\u00e9xico\u00a0(C5) de la Secretar\u00eda de Seguridad Ciudadana (SSC CdMx) tiene previstas<strong> una marcha y 11 concentraciones<\/strong>, as\u00ed como varios eventos de esparcimiento.<\/p>\n\n\n\n<figure class=\"wp-block-embed is-type-rich is-provider-twitter wp-block-embed-twitter\"><div class=\"wp-block-embed__wrapper\">\n<blockquote class=\"twitter-tweet\" data-width=\"550\" data-dnt=\"true\"><p lang=\"es\" dir=\"ltr\"><a href=\"https:\/\/twitter.com\/hashtag\/CiudadSegura?src=hash&amp;ref_src=twsrc%5Etfw\">#CiudadSegura<\/a> |\ud83d\udcf1Consulta la agenda de movilizaciones programadas para este jueves 14 de marzo en la <a href=\"https:\/\/twitter.com\/hashtag\/CiudadDeM%C3%A9xico?src=hash&amp;ref_src=twsrc%5Etfw\">#CiudadDeM\u00e9xico<\/a>.\ud83d\udcd2\ud83d\udc6e\u200d\u2640\ufe0f<br> <br>Ingresa a: <a href=\"https:\/\/t.co\/eeUwshcBIt\">https:\/\/t.co\/eeUwshcBIt<\/a> <a href=\"https:\/\/t.co\/3TiUqBUjtw\">pic.twitter.com\/3TiUqBUjtw<\/a><\/p>&mdash; OVIAL_SSCCDMX (@OVIALCDMX) <a href=\"https:\/\/twitter.com\/OVIALCDMX\/status\/1768245699622121642?ref_src=twsrc%5Etfw\">March 14, 2024<\/a><\/blockquote><script async src=\"https:\/\/platform.twitter.com\/widgets.js\" charset=\"utf-8\"><\/script>\n<\/div><\/figure>\n\n\n\n<p>Por esto que antes de salir, toma precauciones para que no se te haga tarde y puedas planear tus trayectos; aqu\u00ed te contamos<strong>\u00a0d\u00f3nde son las movilizaciones\u00a0<\/strong>que se esperan para hoy.<\/p>\n\n\n\n<p>Debido a los trabajos de mantenimiento de la&nbsp;<strong>nueva L\u00ednea 1<\/strong>, implementaron desv\u00edos en la avenida&nbsp;Arcos de Bel\u00e9n desde Dr. Andrade hasta Balderas, es por ello que te recomiendan usar como alternativas viales la avenida Ju\u00e1rez, la avenida Hidalgo, el Eje 1 Poniente, Dr. R\u00edo de la Loza, Eje Central L\u00e1zaro C\u00e1rdenas y Claudio Bernanrd.<\/p>\n\n\n\n<h2 class=\"wp-block-heading\">Marcha hoy en CdMx<\/h2>\n\n\n\n<p><strong>Miguel Hidalgo<\/strong><\/p>\n\n\n\n<p>18:00 horas:\u00a0trabajadoras de la alcald\u00eda saldr\u00e1n del Teatro \u00c1ngela Peralta (Arist\u00f3teles y Av. Emilio Castelar s\/n., Col. Polanco IV Secci\u00f3n) al Parque Lincoln (Av. Emilio Castelar No. 163, Col. Polanco III Secci\u00f3n) para realizar una caminata nocturna en el marco de la &#8216;Jornada 8M&#8217; por el D\u00eda Internacional de la Mujer.<\/p>\n\n\n\n<p><strong>Concentraciones<\/strong><\/p>\n\n\n\n<p><strong>Miguel Hidalgo<\/strong><\/p>\n\n\n\n<p>16:00 horas: CM Estamos Unidos Mexicanos acudir\u00e1 a la embajada de Suecia en M\u00e9xico, en Av. Paseo de las Palmas No. 1225, Col. Lomas de Chapultepec VIII Secci\u00f3n, para realizar la manifestaci\u00f3n &#8216;\u00a1No Apoyen al Tren de Muerte!&#8217;, con el fin de denunciar la presunta amenaza que representa la operaci\u00f3n del Tren Maya, a los ecosistemas que garantizan refugio a la fauna del la regi\u00f3n, as\u00ed como por violar los derechos de la comunidad maya del sur del pa\u00eds.<\/p>\n\n\n\n<p><strong>Cuauht\u00e9moc<\/strong><\/p>\n\n\n\n<p>10:00 horas:\u00a0el Movimiento Antorchista de \u00c1lvaro Obreg\u00f3n se dar\u00e1 cita en la Torre del Caballito, en Av. Paseo de la Reforma, No. 10, Col. Tabacalera, para realizar una cadena humana y mostrar su inconformidad ante las presuntas irregularidades en la operaci\u00f3n del Instituto para Devolver al Pueblo lo Robado (INDEP), por no cumplir con sus funciones de administrar y devolver al pueblo lo robado y lucrar con los bienes de la naci\u00f3n.<\/p>\n\n\n\n<p>14:00 horas: extrabajadores de la extinta Ruta 100 acudir\u00e1n a la Secretar\u00eda de Gobierno, en Plaza de la Constituci\u00f3n No. 1, Col. Centro Hist\u00f3rico, para solicitar el pago del finiquito por liquidaci\u00f3n del 28 %, intereses, dividendos y utilidades del fideicomiso F\/100, desde el a\u00f1o 1996.<\/p>\n\n\n\n<p>12:00 horas: la candidata a la Jefatura de Gobierno de la Ciudad de M\u00e9xico de la coalici\u00f3n &#8216;Sigamos Haciendo Historia en la Ciudad de M\u00e9xico\u201d&#8217;, se dar\u00e1 cita en el Hotel Hilton Reforma, en Av. Ju\u00e1rez, No. 70, para presentar la estrategia de semaforizaci\u00f3n inteligente para la Ciudad de M\u00e9xico.<\/p>\n\n\n\n<p><strong>\u00c1lvaro Obreg\u00f3n<\/strong><\/p>\n\n\n\n<p>10:00 horas: el candidato a la Jefatura de Gobierno por la coalici\u00f3n &#8216;Va por la Ciudad de M\u00e9xico&#8217; acudir\u00e1 al Instituto Tecnol\u00f3gico Aut\u00f3nomo de M\u00e9xico (ITAM), Auditorio \u201ca\u00fal Baill\u00e9res, en R\u00edo Hondo, No. 1., Col. Altavista, para sostener un encuentro con la comunidad estudiantil y acad\u00e9mica del ITAM.<\/p>\n\n\n\n<p><strong>Iztacalco<\/strong><\/p>\n\n\n\n<p>19:00 horas: la candidata a la Jefatura de Gobierno de la Ciudad de M\u00e9xico, de la coalici\u00f3n &#8216;Sigamos Haciendo Historia en la Ciudad de M\u00e9xico&#8217; acudir\u00e1 a la explanada de la alcald\u00eda Iztacalco, en Av. R\u00edo Churubusco y Av. T\u00e9 s\/n., Col. Gabriel Ramos Mill\u00e1n, para realizar asambleas territoriales con habitantes de la alcald\u00eda Iztacalco, con el fin de dar a conocer su plataforma pol\u00edtica.<\/p>\n\n\n\n<p><strong>Coyoac\u00e1n<\/strong><\/p>\n\n\n\n<p>Durante el d\u00eda:\u00a0habitantes de las colonias Del Carmen y Villa Coyoac\u00e1n se dar\u00e1n cita en el atrio de la Parroquia de San Juan Bautista, en Felipe Carrillo Puerto s\/n., Col. Villa Coyoac\u00e1n, para realizar una asamblea con la presencia de funcionarios del Sistema de Aguas de la Ciudad de M\u00e9xico (SACMEX), y tratar el tema del suministro de agua potable por medio de la red hidr\u00e1ulica.<\/p>\n","protected":false},"excerpt":{"rendered":"<p>Por Redacci\u00f3n QP La SSC tiene prevista una marcha para este jueves. Aqu\u00ed te damos&#8230;<\/p>\n","protected":false},"author":2,"featured_media":108674,"comment_status":"open","ping_status":"open","sticky":false,"template":"","format":"standard","meta":{"_monsterinsights_skip_tracking":false,"_monsterinsights_sitenote_active":false,"_monsterinsights_sitenote_note":"","_monsterinsights_sitenote_category":0,"footnotes":""},"categories":[55],"tags":[],"class_list":["post-108673","post","type-post","status-publish","format-standard","has-post-thumbnail","hentry","category-cdmx"],"yoast_head":"<!-- This site is optimized with the Yoast SEO plugin v27.3 - https:\/\/yoast.com\/product\/yoast-seo-wordpress\/ -->\n<title>Las Marchas para este jueves 14 de marzo en la CDMX -<\/title>\n<meta name=\"robots\" content=\"index, follow, max-snippet:-1, max-image-preview:large, max-video-preview:-1\" \/>\n<link rel=\"canonical\" href=\"https:\/\/quehacerpolitico.mx\/?p=108673\" \/>\n<meta property=\"og:locale\" content=\"es_MX\" \/>\n<meta property=\"og:type\" content=\"article\" \/>\n<meta property=\"og:title\" content=\"Las Marchas para este jueves 14 de marzo en la CDMX -\" \/>\n<meta property=\"og:description\" content=\"Por Redacci\u00f3n QP La SSC tiene prevista una marcha para este jueves. Aqu\u00ed te damos...\" \/>\n<meta property=\"og:url\" content=\"https:\/\/quehacerpolitico.mx\/?p=108673\" \/>\n<meta property=\"article:published_time\" content=\"2024-03-14T15:16:16+00:00\" \/>\n<meta property=\"article:modified_time\" content=\"2024-03-14T15:16:19+00:00\" \/>\n<meta property=\"og:image\" content=\"https:\/\/quehacerpolitico.mx\/wp-content\/uploads\/2024\/03\/IMG_4280.jpeg\" \/>\n\t<meta property=\"og:image:width\" content=\"739\" \/>\n\t<meta property=\"og:image:height\" content=\"415\" \/>\n\t<meta property=\"og:image:type\" content=\"image\/jpeg\" \/>\n<meta name=\"author\" content=\"Redacci\u00f3n QP\" \/>\n<meta name=\"twitter:card\" content=\"summary_large_image\" \/>\n<meta name=\"twitter:label1\" content=\"Escrito por\" \/>\n\t<meta name=\"twitter:data1\" content=\"Redacci\u00f3n QP\" \/>\n\t<meta name=\"twitter:label2\" content=\"Tiempo de lectura\" \/>\n\t<meta name=\"twitter:data2\" content=\"4 minutos\" \/>\n<script type=\"application\/ld+json\" class=\"yoast-schema-graph\">{\"@context\":\"https:\\\/\\\/schema.org\",\"@graph\":[{\"@type\":\"Article\",\"@id\":\"https:\\\/\\\/quehacerpolitico.mx\\\/?p=108673#article\",\"isPartOf\":{\"@id\":\"https:\\\/\\\/quehacerpolitico.mx\\\/?p=108673\"},\"author\":{\"name\":\"Redacci\u00f3n QP\",\"@id\":\"https:\\\/\\\/quehacerpolitico.mx\\\/#\\\/schema\\\/person\\\/496d8ad2d1d3f8036101dca7ee39e585\"},\"headline\":\"Las Marchas para este jueves 14 de marzo en la CDMX\",\"datePublished\":\"2024-03-14T15:16:16+00:00\",\"dateModified\":\"2024-03-14T15:16:19+00:00\",\"mainEntityOfPage\":{\"@id\":\"https:\\\/\\\/quehacerpolitico.mx\\\/?p=108673\"},\"wordCount\":719,\"commentCount\":0,\"image\":{\"@id\":\"https:\\\/\\\/quehacerpolitico.mx\\\/?p=108673#primaryimage\"},\"thumbnailUrl\":\"https:\\\/\\\/quehacerpolitico.mx\\\/wp-content\\\/uploads\\\/2024\\\/03\\\/IMG_4280.jpeg\",\"articleSection\":[\"CDMX\"],\"inLanguage\":\"es\",\"potentialAction\":[{\"@type\":\"CommentAction\",\"name\":\"Comment\",\"target\":[\"https:\\\/\\\/quehacerpolitico.mx\\\/?p=108673#respond\"]}]},{\"@type\":\"WebPage\",\"@id\":\"https:\\\/\\\/quehacerpolitico.mx\\\/?p=108673\",\"url\":\"https:\\\/\\\/quehacerpolitico.mx\\\/?p=108673\",\"name\":\"Las Marchas para este jueves 14 de marzo en la CDMX -\",\"isPartOf\":{\"@id\":\"https:\\\/\\\/quehacerpolitico.mx\\\/#website\"},\"primaryImageOfPage\":{\"@id\":\"https:\\\/\\\/quehacerpolitico.mx\\\/?p=108673#primaryimage\"},\"image\":{\"@id\":\"https:\\\/\\\/quehacerpolitico.mx\\\/?p=108673#primaryimage\"},\"thumbnailUrl\":\"https:\\\/\\\/quehacerpolitico.mx\\\/wp-content\\\/uploads\\\/2024\\\/03\\\/IMG_4280.jpeg\",\"datePublished\":\"2024-03-14T15:16:16+00:00\",\"dateModified\":\"2024-03-14T15:16:19+00:00\",\"author\":{\"@id\":\"https:\\\/\\\/quehacerpolitico.mx\\\/#\\\/schema\\\/person\\\/496d8ad2d1d3f8036101dca7ee39e585\"},\"breadcrumb\":{\"@id\":\"https:\\\/\\\/quehacerpolitico.mx\\\/?p=108673#breadcrumb\"},\"inLanguage\":\"es\",\"potentialAction\":[{\"@type\":\"ReadAction\",\"target\":[\"https:\\\/\\\/quehacerpolitico.mx\\\/?p=108673\"]}]},{\"@type\":\"ImageObject\",\"inLanguage\":\"es\",\"@id\":\"https:\\\/\\\/quehacerpolitico.mx\\\/?p=108673#primaryimage\",\"url\":\"https:\\\/\\\/quehacerpolitico.mx\\\/wp-content\\\/uploads\\\/2024\\\/03\\\/IMG_4280.jpeg\",\"contentUrl\":\"https:\\\/\\\/quehacerpolitico.mx\\\/wp-content\\\/uploads\\\/2024\\\/03\\\/IMG_4280.jpeg\",\"width\":739,\"height\":415},{\"@type\":\"BreadcrumbList\",\"@id\":\"https:\\\/\\\/quehacerpolitico.mx\\\/?p=108673#breadcrumb\",\"itemListElement\":[{\"@type\":\"ListItem\",\"position\":1,\"name\":\"Inicio\",\"item\":\"https:\\\/\\\/quehacerpolitico.mx\\\/\"},{\"@type\":\"ListItem\",\"position\":2,\"name\":\"Las Marchas para este jueves 14 de marzo en la CDMX\"}]},{\"@type\":\"WebSite\",\"@id\":\"https:\\\/\\\/quehacerpolitico.mx\\\/#website\",\"url\":\"https:\\\/\\\/quehacerpolitico.mx\\\/\",\"name\":\"\",\"description\":\"\",\"potentialAction\":[{\"@type\":\"SearchAction\",\"target\":{\"@type\":\"EntryPoint\",\"urlTemplate\":\"https:\\\/\\\/quehacerpolitico.mx\\\/?s={search_term_string}\"},\"query-input\":{\"@type\":\"PropertyValueSpecification\",\"valueRequired\":true,\"valueName\":\"search_term_string\"}}],\"inLanguage\":\"es\"},{\"@type\":\"Person\",\"@id\":\"https:\\\/\\\/quehacerpolitico.mx\\\/#\\\/schema\\\/person\\\/496d8ad2d1d3f8036101dca7ee39e585\",\"name\":\"Redacci\u00f3n QP\",\"image\":{\"@type\":\"ImageObject\",\"inLanguage\":\"es\",\"@id\":\"https:\\\/\\\/secure.gravatar.com\\\/avatar\\\/c7164ed6fdec453195284ad24a5ae5b6e1eed2b848477fa2a4787ba9adf39a41?s=96&d=mm&r=g\",\"url\":\"https:\\\/\\\/secure.gravatar.com\\\/avatar\\\/c7164ed6fdec453195284ad24a5ae5b6e1eed2b848477fa2a4787ba9adf39a41?s=96&d=mm&r=g\",\"contentUrl\":\"https:\\\/\\\/secure.gravatar.com\\\/avatar\\\/c7164ed6fdec453195284ad24a5ae5b6e1eed2b848477fa2a4787ba9adf39a41?s=96&d=mm&r=g\",\"caption\":\"Redacci\u00f3n QP\"},\"url\":\"https:\\\/\\\/quehacerpolitico.mx\\\/?author=2\"}]}<\/script>\n<!-- \/ Yoast SEO plugin. -->","yoast_head_json":{"title":"Las Marchas para este jueves 14 de marzo en la CDMX -","robots":{"index":"index","follow":"follow","max-snippet":"max-snippet:-1","max-image-preview":"max-image-preview:large","max-video-preview":"max-video-preview:-1"},"canonical":"https:\/\/quehacerpolitico.mx\/?p=108673","og_locale":"es_MX","og_type":"article","og_title":"Las Marchas para este jueves 14 de marzo en la CDMX -","og_description":"Por Redacci\u00f3n QP La SSC tiene prevista una marcha para este jueves. Aqu\u00ed te damos...","og_url":"https:\/\/quehacerpolitico.mx\/?p=108673","article_published_time":"2024-03-14T15:16:16+00:00","article_modified_time":"2024-03-14T15:16:19+00:00","og_image":[{"width":739,"height":415,"url":"https:\/\/quehacerpolitico.mx\/wp-content\/uploads\/2024\/03\/IMG_4280.jpeg","type":"image\/jpeg"}],"author":"Redacci\u00f3n QP","twitter_card":"summary_large_image","twitter_misc":{"Escrito por":"Redacci\u00f3n QP","Tiempo de lectura":"4 minutos"},"schema":{"@context":"https:\/\/schema.org","@graph":[{"@type":"Article","@id":"https:\/\/quehacerpolitico.mx\/?p=108673#article","isPartOf":{"@id":"https:\/\/quehacerpolitico.mx\/?p=108673"},"author":{"name":"Redacci\u00f3n QP","@id":"https:\/\/quehacerpolitico.mx\/#\/schema\/person\/496d8ad2d1d3f8036101dca7ee39e585"},"headline":"Las Marchas para este jueves 14 de marzo en la CDMX","datePublished":"2024-03-14T15:16:16+00:00","dateModified":"2024-03-14T15:16:19+00:00","mainEntityOfPage":{"@id":"https:\/\/quehacerpolitico.mx\/?p=108673"},"wordCount":719,"commentCount":0,"image":{"@id":"https:\/\/quehacerpolitico.mx\/?p=108673#primaryimage"},"thumbnailUrl":"https:\/\/quehacerpolitico.mx\/wp-content\/uploads\/2024\/03\/IMG_4280.jpeg","articleSection":["CDMX"],"inLanguage":"es","potentialAction":[{"@type":"CommentAction","name":"Comment","target":["https:\/\/quehacerpolitico.mx\/?p=108673#respond"]}]},{"@type":"WebPage","@id":"https:\/\/quehacerpolitico.mx\/?p=108673","url":"https:\/\/quehacerpolitico.mx\/?p=108673","name":"Las Marchas para este jueves 14 de marzo en la CDMX -","isPartOf":{"@id":"https:\/\/quehacerpolitico.mx\/#website"},"primaryImageOfPage":{"@id":"https:\/\/quehacerpolitico.mx\/?p=108673#primaryimage"},"image":{"@id":"https:\/\/quehacerpolitico.mx\/?p=108673#primaryimage"},"thumbnailUrl":"https:\/\/quehacerpolitico.mx\/wp-content\/uploads\/2024\/03\/IMG_4280.jpeg","datePublished":"2024-03-14T15:16:16+00:00","dateModified":"2024-03-14T15:16:19+00:00","author":{"@id":"https:\/\/quehacerpolitico.mx\/#\/schema\/person\/496d8ad2d1d3f8036101dca7ee39e585"},"breadcrumb":{"@id":"https:\/\/quehacerpolitico.mx\/?p=108673#breadcrumb"},"inLanguage":"es","potentialAction":[{"@type":"ReadAction","target":["https:\/\/quehacerpolitico.mx\/?p=108673"]}]},{"@type":"ImageObject","inLanguage":"es","@id":"https:\/\/quehacerpolitico.mx\/?p=108673#primaryimage","url":"https:\/\/quehacerpolitico.mx\/wp-content\/uploads\/2024\/03\/IMG_4280.jpeg","contentUrl":"https:\/\/quehacerpolitico.mx\/wp-content\/uploads\/2024\/03\/IMG_4280.jpeg","width":739,"height":415},{"@type":"BreadcrumbList","@id":"https:\/\/quehacerpolitico.mx\/?p=108673#breadcrumb","itemListElement":[{"@type":"ListItem","position":1,"name":"Inicio","item":"https:\/\/quehacerpolitico.mx\/"},{"@type":"ListItem","position":2,"name":"Las Marchas para este jueves 14 de marzo en la CDMX"}]},{"@type":"WebSite","@id":"https:\/\/quehacerpolitico.mx\/#website","url":"https:\/\/quehacerpolitico.mx\/","name":"","description":"","potentialAction":[{"@type":"SearchAction","target":{"@type":"EntryPoint","urlTemplate":"https:\/\/quehacerpolitico.mx\/?s={search_term_string}"},"query-input":{"@type":"PropertyValueSpecification","valueRequired":true,"valueName":"search_term_string"}}],"inLanguage":"es"},{"@type":"Person","@id":"https:\/\/quehacerpolitico.mx\/#\/schema\/person\/496d8ad2d1d3f8036101dca7ee39e585","name":"Redacci\u00f3n QP","image":{"@type":"ImageObject","inLanguage":"es","@id":"https:\/\/secure.gravatar.com\/avatar\/c7164ed6fdec453195284ad24a5ae5b6e1eed2b848477fa2a4787ba9adf39a41?s=96&d=mm&r=g","url":"https:\/\/secure.gravatar.com\/avatar\/c7164ed6fdec453195284ad24a5ae5b6e1eed2b848477fa2a4787ba9adf39a41?s=96&d=mm&r=g","contentUrl":"https:\/\/secure.gravatar.com\/avatar\/c7164ed6fdec453195284ad24a5ae5b6e1eed2b848477fa2a4787ba9adf39a41?s=96&d=mm&r=g","caption":"Redacci\u00f3n QP"},"url":"https:\/\/quehacerpolitico.mx\/?author=2"}]}},"featured_image_urls":{"full":["https:\/\/quehacerpolitico.mx\/wp-content\/uploads\/2024\/03\/IMG_4280.jpeg",739,415,false],"thumbnail":["https:\/\/quehacerpolitico.mx\/wp-content\/uploads\/2024\/03\/IMG_4280-150x150.jpeg",150,150,true],"medium":["https:\/\/quehacerpolitico.mx\/wp-content\/uploads\/2024\/03\/IMG_4280-300x168.jpeg",300,168,true],"medium_large":["https:\/\/quehacerpolitico.mx\/wp-content\/uploads\/2024\/03\/IMG_4280.jpeg",640,359,false],"large":["https:\/\/quehacerpolitico.mx\/wp-content\/uploads\/2024\/03\/IMG_4280.jpeg",640,359,false],"1536x1536":["https:\/\/quehacerpolitico.mx\/wp-content\/uploads\/2024\/03\/IMG_4280.jpeg",739,415,false],"2048x2048":["https:\/\/quehacerpolitico.mx\/wp-content\/uploads\/2024\/03\/IMG_4280.jpeg",739,415,false],"covernews-featured":["https:\/\/quehacerpolitico.mx\/wp-content\/uploads\/2024\/03\/IMG_4280.jpeg",739,415,false],"covernews-medium":["https:\/\/quehacerpolitico.mx\/wp-content\/uploads\/2024\/03\/IMG_4280.jpeg",540,303,false]},"author_info":{"display_name":"Redacci\u00f3n QP","author_link":"https:\/\/quehacerpolitico.mx\/?author=2"},"category_info":"<a href=\"https:\/\/quehacerpolitico.mx\/?cat=55\" rel=\"category\">CDMX<\/a>","tag_info":"CDMX","comment_count":"0","_links":{"self":[{"href":"https:\/\/quehacerpolitico.mx\/index.php?rest_route=\/wp\/v2\/posts\/108673","targetHints":{"allow":["GET"]}}],"collection":[{"href":"https:\/\/quehacerpolitico.mx\/index.php?rest_route=\/wp\/v2\/posts"}],"about":[{"href":"https:\/\/quehacerpolitico.mx\/index.php?rest_route=\/wp\/v2\/types\/post"}],"author":[{"embeddable":true,"href":"https:\/\/quehacerpolitico.mx\/index.php?rest_route=\/wp\/v2\/users\/2"}],"replies":[{"embeddable":true,"href":"https:\/\/quehacerpolitico.mx\/index.php?rest_route=%2Fwp%2Fv2%2Fcomments&post=108673"}],"version-history":[{"count":1,"href":"https:\/\/quehacerpolitico.mx\/index.php?rest_route=\/wp\/v2\/posts\/108673\/revisions"}],"predecessor-version":[{"id":108675,"href":"https:\/\/quehacerpolitico.mx\/index.php?rest_route=\/wp\/v2\/posts\/108673\/revisions\/108675"}],"wp:featuredmedia":[{"embeddable":true,"href":"https:\/\/quehacerpolitico.mx\/index.php?rest_route=\/wp\/v2\/media\/108674"}],"wp:attachment":[{"href":"https:\/\/quehacerpolitico.mx\/index.php?rest_route=%2Fwp%2Fv2%2Fmedia&parent=108673"}],"wp:term":[{"taxonomy":"category","embeddable":true,"href":"https:\/\/quehacerpolitico.mx\/index.php?rest_route=%2Fwp%2Fv2%2Fcategories&post=108673"},{"taxonomy":"post_tag","embeddable":true,"href":"https:\/\/quehacerpolitico.mx\/index.php?rest_route=%2Fwp%2Fv2%2Ftags&post=108673"}],"curies":[{"name":"wp","href":"https:\/\/api.w.org\/{rel}","templated":true}]}}