{"id":108662,"date":"2024-03-13T22:53:45","date_gmt":"2024-03-13T22:53:45","guid":{"rendered":"https:\/\/quehacerpolitico.mx\/?p=108662"},"modified":"2024-03-13T22:53:48","modified_gmt":"2024-03-13T22:53:48","slug":"bbva-reduce-pronostico-del-pib-de-mexico-para-2024-al-2-5-debido-a-desaceleracion-de-la-actividad-economica-y-menor-inversion-publica","status":"publish","type":"post","link":"https:\/\/quehacerpolitico.mx\/?p=108662","title":{"rendered":"BBVA reduce pron\u00f3stico del PIB de M\u00e9xico para 2024 al 2.5% debido a desaceleraci\u00f3n de la actividad econ\u00f3mica y menor inversi\u00f3n p\u00fablica"},"content":{"rendered":"\n<p>Por Redacci\u00f3n QP<\/p>\n\n\n\n<p>El BBVA redujo este mi\u00e9rcoles al 2.5% su pron\u00f3stico de crecimiento para la&nbsp;<strong>econom\u00eda mexicana<\/strong>&nbsp;en 2024, desde una estimaci\u00f3n previa del 2.9%, ante una fuerte desaceleraci\u00f3n de la inversi\u00f3n y el menor gasto en construcci\u00f3n p\u00fablica.<\/p>\n\n\n\n<p>En su informe de \u201cSituaci\u00f3n M\u00e9xico\u201d, el banco mantuvo en el 2.4% su perspectiva del incremento del producto interno bruto (PIB) para 2025.<\/p>\n\n\n\n<p>\u201cDe acuerdo con el estudio, la&nbsp;<strong>actividad econ\u00f3mica&nbsp;<\/strong>se ralentiza ante la desaceleraci\u00f3n del sector industrial y la moderaci\u00f3n del consumo\u201d, expuso&nbsp;<strong>BBVA M\u00e9xico&nbsp;<\/strong>en su reporte.<\/p>\n\n\n\n<p>El informe se\u00f1al\u00f3 como factores la \u201cfuerte desaceleraci\u00f3n en construcci\u00f3n con p\u00e9rdida de dinamismo en el segmento de maquinaria y equipo\u201d, as\u00ed como un \u201c<strong>menor crecimiento<\/strong>hacia delante ante menor inversi\u00f3n p\u00fablica\u201d.<\/p>\n\n\n\n<p>Tambi\u00e9n advirti\u00f3 del bajo dinamismo de la demanda interna en el \u00faltimo trimestre de 2023, \u201ccon efecto arrastre negativo sobre 2024\u201d.<\/p>\n\n\n\n<p>La instituci\u00f3n tambi\u00e9n empeor\u00f3 su previsi\u00f3n para la\u00a0<strong>inflaci\u00f3n<\/strong>\u00a0general para 2024 al elevarla a una tasa anual del 3.9% al cierre de 2024, frente a la proyecci\u00f3n anterior del 3.7%.<\/p>\n\n\n\n<p>Aun as\u00ed, el banco se\u00f1al\u00f3 que \u201cel proceso de desinflaci\u00f3n contin\u00faa\u201d.<\/p>\n\n\n\n<p>\u201cTras el repunte transitorio de la\u00a0<strong>inflaci\u00f3n<\/strong> general durante diciembre y enero por un choque de oferta en los precios de las frutas y verduras, esta retom\u00f3 una tendencia bajista en febrero\u201d, cuando se ubic\u00f3 en un 4.4% anual, destac\u00f3.<\/p>\n\n\n\n<p>En este sentido, pronostic\u00f3 que el Banco de M\u00e9xico (<strong>Banxico<\/strong>) reduzca la tasa de inter\u00e9s hasta un nivel del 9.25% este 2024, tras haber permanecido casi un a\u00f1o en un r\u00e9cord de 11.25%.<\/p>\n\n\n\n<p>Y, por \u00faltimo, mejor\u00f3 la previsi\u00f3n del&nbsp;<strong>tipo de cambio<\/strong>, que ahora cerrar\u00eda el a\u00f1o en 18.20 pesos mexicanos por d\u00f3lar estadounidense ante una previsi\u00f3n anterior de 18.50<a href=\"https:\/\/twitter.com\/latinus_us\" target=\"_blank\" rel=\"noreferrer noopener\">.<\/a><\/p>\n\n\n\n<p>La actualizaci\u00f3n de pron\u00f3sticos ocurre despu\u00e9s de que el\u00a0<strong>PIB de M\u00e9xico<\/strong>\u00a0creci\u00f3 un 3.2% anual en 2023, seg\u00fan las cifras definitivas del Instituto Nacional de Estad\u00edstica y Geograf\u00eda (<strong>Inegi<\/strong>).<\/p>\n\n\n\n<p>Con informaci\u00f3n de EFE<\/p>\n","protected":false},"excerpt":{"rendered":"<p>Por Redacci\u00f3n QP El BBVA redujo este mi\u00e9rcoles al 2.5% su pron\u00f3stico de crecimiento para&#8230;<\/p>\n","protected":false},"author":2,"featured_media":108663,"comment_status":"open","ping_status":"open","sticky":false,"template":"","format":"standard","meta":{"_monsterinsights_skip_tracking":false,"_monsterinsights_sitenote_active":false,"_monsterinsights_sitenote_note":"","_monsterinsights_sitenote_category":0,"footnotes":""},"categories":[56],"tags":[],"class_list":["post-108662","post","type-post","status-publish","format-standard","has-post-thumbnail","hentry","category-economia"],"yoast_head":"<!-- This site is optimized with the Yoast SEO plugin v27.3 - https:\/\/yoast.com\/product\/yoast-seo-wordpress\/ -->\n<title>BBVA reduce pron\u00f3stico del PIB de M\u00e9xico para 2024 al 2.5% debido a desaceleraci\u00f3n de la actividad econ\u00f3mica y menor inversi\u00f3n p\u00fablica -<\/title>\n<meta name=\"robots\" content=\"index, follow, max-snippet:-1, max-image-preview:large, max-video-preview:-1\" \/>\n<link rel=\"canonical\" href=\"https:\/\/quehacerpolitico.mx\/?p=108662\" \/>\n<meta property=\"og:locale\" content=\"es_MX\" \/>\n<meta property=\"og:type\" content=\"article\" \/>\n<meta property=\"og:title\" content=\"BBVA reduce pron\u00f3stico del PIB de M\u00e9xico para 2024 al 2.5% debido a desaceleraci\u00f3n de la actividad econ\u00f3mica y menor inversi\u00f3n p\u00fablica -\" \/>\n<meta property=\"og:description\" content=\"Por Redacci\u00f3n QP El BBVA redujo este mi\u00e9rcoles al 2.5% su pron\u00f3stico de crecimiento para...\" \/>\n<meta property=\"og:url\" content=\"https:\/\/quehacerpolitico.mx\/?p=108662\" \/>\n<meta property=\"article:published_time\" content=\"2024-03-13T22:53:45+00:00\" \/>\n<meta property=\"article:modified_time\" content=\"2024-03-13T22:53:48+00:00\" \/>\n<meta property=\"og:image\" content=\"https:\/\/quehacerpolitico.mx\/wp-content\/uploads\/2024\/03\/IMG_4273.jpeg\" \/>\n\t<meta property=\"og:image:width\" content=\"678\" \/>\n\t<meta property=\"og:image:height\" content=\"452\" \/>\n\t<meta property=\"og:image:type\" content=\"image\/jpeg\" \/>\n<meta name=\"author\" content=\"Redacci\u00f3n QP\" \/>\n<meta name=\"twitter:card\" content=\"summary_large_image\" \/>\n<meta name=\"twitter:label1\" content=\"Escrito por\" \/>\n\t<meta name=\"twitter:data1\" content=\"Redacci\u00f3n QP\" \/>\n\t<meta name=\"twitter:label2\" content=\"Tiempo de lectura\" \/>\n\t<meta name=\"twitter:data2\" content=\"2 minutos\" \/>\n<script type=\"application\/ld+json\" class=\"yoast-schema-graph\">{\"@context\":\"https:\\\/\\\/schema.org\",\"@graph\":[{\"@type\":\"Article\",\"@id\":\"https:\\\/\\\/quehacerpolitico.mx\\\/?p=108662#article\",\"isPartOf\":{\"@id\":\"https:\\\/\\\/quehacerpolitico.mx\\\/?p=108662\"},\"author\":{\"name\":\"Redacci\u00f3n QP\",\"@id\":\"https:\\\/\\\/quehacerpolitico.mx\\\/#\\\/schema\\\/person\\\/496d8ad2d1d3f8036101dca7ee39e585\"},\"headline\":\"BBVA reduce pron\u00f3stico del PIB de M\u00e9xico para 2024 al 2.5% debido a desaceleraci\u00f3n de la actividad econ\u00f3mica y menor inversi\u00f3n p\u00fablica\",\"datePublished\":\"2024-03-13T22:53:45+00:00\",\"dateModified\":\"2024-03-13T22:53:48+00:00\",\"mainEntityOfPage\":{\"@id\":\"https:\\\/\\\/quehacerpolitico.mx\\\/?p=108662\"},\"wordCount\":381,\"commentCount\":0,\"image\":{\"@id\":\"https:\\\/\\\/quehacerpolitico.mx\\\/?p=108662#primaryimage\"},\"thumbnailUrl\":\"https:\\\/\\\/quehacerpolitico.mx\\\/wp-content\\\/uploads\\\/2024\\\/03\\\/IMG_4273.jpeg\",\"articleSection\":[\"Econom\u00eda\"],\"inLanguage\":\"es\",\"potentialAction\":[{\"@type\":\"CommentAction\",\"name\":\"Comment\",\"target\":[\"https:\\\/\\\/quehacerpolitico.mx\\\/?p=108662#respond\"]}]},{\"@type\":\"WebPage\",\"@id\":\"https:\\\/\\\/quehacerpolitico.mx\\\/?p=108662\",\"url\":\"https:\\\/\\\/quehacerpolitico.mx\\\/?p=108662\",\"name\":\"BBVA reduce pron\u00f3stico del PIB de M\u00e9xico para 2024 al 2.5% debido a desaceleraci\u00f3n de la actividad econ\u00f3mica y menor inversi\u00f3n p\u00fablica -\",\"isPartOf\":{\"@id\":\"https:\\\/\\\/quehacerpolitico.mx\\\/#website\"},\"primaryImageOfPage\":{\"@id\":\"https:\\\/\\\/quehacerpolitico.mx\\\/?p=108662#primaryimage\"},\"image\":{\"@id\":\"https:\\\/\\\/quehacerpolitico.mx\\\/?p=108662#primaryimage\"},\"thumbnailUrl\":\"https:\\\/\\\/quehacerpolitico.mx\\\/wp-content\\\/uploads\\\/2024\\\/03\\\/IMG_4273.jpeg\",\"datePublished\":\"2024-03-13T22:53:45+00:00\",\"dateModified\":\"2024-03-13T22:53:48+00:00\",\"author\":{\"@id\":\"https:\\\/\\\/quehacerpolitico.mx\\\/#\\\/schema\\\/person\\\/496d8ad2d1d3f8036101dca7ee39e585\"},\"breadcrumb\":{\"@id\":\"https:\\\/\\\/quehacerpolitico.mx\\\/?p=108662#breadcrumb\"},\"inLanguage\":\"es\",\"potentialAction\":[{\"@type\":\"ReadAction\",\"target\":[\"https:\\\/\\\/quehacerpolitico.mx\\\/?p=108662\"]}]},{\"@type\":\"ImageObject\",\"inLanguage\":\"es\",\"@id\":\"https:\\\/\\\/quehacerpolitico.mx\\\/?p=108662#primaryimage\",\"url\":\"https:\\\/\\\/quehacerpolitico.mx\\\/wp-content\\\/uploads\\\/2024\\\/03\\\/IMG_4273.jpeg\",\"contentUrl\":\"https:\\\/\\\/quehacerpolitico.mx\\\/wp-content\\\/uploads\\\/2024\\\/03\\\/IMG_4273.jpeg\",\"width\":678,\"height\":452},{\"@type\":\"BreadcrumbList\",\"@id\":\"https:\\\/\\\/quehacerpolitico.mx\\\/?p=108662#breadcrumb\",\"itemListElement\":[{\"@type\":\"ListItem\",\"position\":1,\"name\":\"Inicio\",\"item\":\"https:\\\/\\\/quehacerpolitico.mx\\\/\"},{\"@type\":\"ListItem\",\"position\":2,\"name\":\"BBVA reduce pron\u00f3stico del PIB de M\u00e9xico para 2024 al 2.5% debido a desaceleraci\u00f3n de la actividad econ\u00f3mica y menor inversi\u00f3n p\u00fablica\"}]},{\"@type\":\"WebSite\",\"@id\":\"https:\\\/\\\/quehacerpolitico.mx\\\/#website\",\"url\":\"https:\\\/\\\/quehacerpolitico.mx\\\/\",\"name\":\"\",\"description\":\"\",\"potentialAction\":[{\"@type\":\"SearchAction\",\"target\":{\"@type\":\"EntryPoint\",\"urlTemplate\":\"https:\\\/\\\/quehacerpolitico.mx\\\/?s={search_term_string}\"},\"query-input\":{\"@type\":\"PropertyValueSpecification\",\"valueRequired\":true,\"valueName\":\"search_term_string\"}}],\"inLanguage\":\"es\"},{\"@type\":\"Person\",\"@id\":\"https:\\\/\\\/quehacerpolitico.mx\\\/#\\\/schema\\\/person\\\/496d8ad2d1d3f8036101dca7ee39e585\",\"name\":\"Redacci\u00f3n QP\",\"image\":{\"@type\":\"ImageObject\",\"inLanguage\":\"es\",\"@id\":\"https:\\\/\\\/secure.gravatar.com\\\/avatar\\\/c7164ed6fdec453195284ad24a5ae5b6e1eed2b848477fa2a4787ba9adf39a41?s=96&d=mm&r=g\",\"url\":\"https:\\\/\\\/secure.gravatar.com\\\/avatar\\\/c7164ed6fdec453195284ad24a5ae5b6e1eed2b848477fa2a4787ba9adf39a41?s=96&d=mm&r=g\",\"contentUrl\":\"https:\\\/\\\/secure.gravatar.com\\\/avatar\\\/c7164ed6fdec453195284ad24a5ae5b6e1eed2b848477fa2a4787ba9adf39a41?s=96&d=mm&r=g\",\"caption\":\"Redacci\u00f3n QP\"},\"url\":\"https:\\\/\\\/quehacerpolitico.mx\\\/?author=2\"}]}<\/script>\n<!-- \/ Yoast SEO plugin. -->","yoast_head_json":{"title":"BBVA reduce pron\u00f3stico del PIB de M\u00e9xico para 2024 al 2.5% debido a desaceleraci\u00f3n de la actividad econ\u00f3mica y menor inversi\u00f3n p\u00fablica -","robots":{"index":"index","follow":"follow","max-snippet":"max-snippet:-1","max-image-preview":"max-image-preview:large","max-video-preview":"max-video-preview:-1"},"canonical":"https:\/\/quehacerpolitico.mx\/?p=108662","og_locale":"es_MX","og_type":"article","og_title":"BBVA reduce pron\u00f3stico del PIB de M\u00e9xico para 2024 al 2.5% debido a desaceleraci\u00f3n de la actividad econ\u00f3mica y menor inversi\u00f3n p\u00fablica -","og_description":"Por Redacci\u00f3n QP El BBVA redujo este mi\u00e9rcoles al 2.5% su pron\u00f3stico de crecimiento para...","og_url":"https:\/\/quehacerpolitico.mx\/?p=108662","article_published_time":"2024-03-13T22:53:45+00:00","article_modified_time":"2024-03-13T22:53:48+00:00","og_image":[{"width":678,"height":452,"url":"https:\/\/quehacerpolitico.mx\/wp-content\/uploads\/2024\/03\/IMG_4273.jpeg","type":"image\/jpeg"}],"author":"Redacci\u00f3n QP","twitter_card":"summary_large_image","twitter_misc":{"Escrito por":"Redacci\u00f3n QP","Tiempo de lectura":"2 minutos"},"schema":{"@context":"https:\/\/schema.org","@graph":[{"@type":"Article","@id":"https:\/\/quehacerpolitico.mx\/?p=108662#article","isPartOf":{"@id":"https:\/\/quehacerpolitico.mx\/?p=108662"},"author":{"name":"Redacci\u00f3n QP","@id":"https:\/\/quehacerpolitico.mx\/#\/schema\/person\/496d8ad2d1d3f8036101dca7ee39e585"},"headline":"BBVA reduce pron\u00f3stico del PIB de M\u00e9xico para 2024 al 2.5% debido a desaceleraci\u00f3n de la actividad econ\u00f3mica y menor inversi\u00f3n p\u00fablica","datePublished":"2024-03-13T22:53:45+00:00","dateModified":"2024-03-13T22:53:48+00:00","mainEntityOfPage":{"@id":"https:\/\/quehacerpolitico.mx\/?p=108662"},"wordCount":381,"commentCount":0,"image":{"@id":"https:\/\/quehacerpolitico.mx\/?p=108662#primaryimage"},"thumbnailUrl":"https:\/\/quehacerpolitico.mx\/wp-content\/uploads\/2024\/03\/IMG_4273.jpeg","articleSection":["Econom\u00eda"],"inLanguage":"es","potentialAction":[{"@type":"CommentAction","name":"Comment","target":["https:\/\/quehacerpolitico.mx\/?p=108662#respond"]}]},{"@type":"WebPage","@id":"https:\/\/quehacerpolitico.mx\/?p=108662","url":"https:\/\/quehacerpolitico.mx\/?p=108662","name":"BBVA reduce pron\u00f3stico del PIB de M\u00e9xico para 2024 al 2.5% debido a desaceleraci\u00f3n de la actividad econ\u00f3mica y menor inversi\u00f3n p\u00fablica -","isPartOf":{"@id":"https:\/\/quehacerpolitico.mx\/#website"},"primaryImageOfPage":{"@id":"https:\/\/quehacerpolitico.mx\/?p=108662#primaryimage"},"image":{"@id":"https:\/\/quehacerpolitico.mx\/?p=108662#primaryimage"},"thumbnailUrl":"https:\/\/quehacerpolitico.mx\/wp-content\/uploads\/2024\/03\/IMG_4273.jpeg","datePublished":"2024-03-13T22:53:45+00:00","dateModified":"2024-03-13T22:53:48+00:00","author":{"@id":"https:\/\/quehacerpolitico.mx\/#\/schema\/person\/496d8ad2d1d3f8036101dca7ee39e585"},"breadcrumb":{"@id":"https:\/\/quehacerpolitico.mx\/?p=108662#breadcrumb"},"inLanguage":"es","potentialAction":[{"@type":"ReadAction","target":["https:\/\/quehacerpolitico.mx\/?p=108662"]}]},{"@type":"ImageObject","inLanguage":"es","@id":"https:\/\/quehacerpolitico.mx\/?p=108662#primaryimage","url":"https:\/\/quehacerpolitico.mx\/wp-content\/uploads\/2024\/03\/IMG_4273.jpeg","contentUrl":"https:\/\/quehacerpolitico.mx\/wp-content\/uploads\/2024\/03\/IMG_4273.jpeg","width":678,"height":452},{"@type":"BreadcrumbList","@id":"https:\/\/quehacerpolitico.mx\/?p=108662#breadcrumb","itemListElement":[{"@type":"ListItem","position":1,"name":"Inicio","item":"https:\/\/quehacerpolitico.mx\/"},{"@type":"ListItem","position":2,"name":"BBVA reduce pron\u00f3stico del PIB de M\u00e9xico para 2024 al 2.5% debido a desaceleraci\u00f3n de la actividad econ\u00f3mica y menor inversi\u00f3n p\u00fablica"}]},{"@type":"WebSite","@id":"https:\/\/quehacerpolitico.mx\/#website","url":"https:\/\/quehacerpolitico.mx\/","name":"","description":"","potentialAction":[{"@type":"SearchAction","target":{"@type":"EntryPoint","urlTemplate":"https:\/\/quehacerpolitico.mx\/?s={search_term_string}"},"query-input":{"@type":"PropertyValueSpecification","valueRequired":true,"valueName":"search_term_string"}}],"inLanguage":"es"},{"@type":"Person","@id":"https:\/\/quehacerpolitico.mx\/#\/schema\/person\/496d8ad2d1d3f8036101dca7ee39e585","name":"Redacci\u00f3n QP","image":{"@type":"ImageObject","inLanguage":"es","@id":"https:\/\/secure.gravatar.com\/avatar\/c7164ed6fdec453195284ad24a5ae5b6e1eed2b848477fa2a4787ba9adf39a41?s=96&d=mm&r=g","url":"https:\/\/secure.gravatar.com\/avatar\/c7164ed6fdec453195284ad24a5ae5b6e1eed2b848477fa2a4787ba9adf39a41?s=96&d=mm&r=g","contentUrl":"https:\/\/secure.gravatar.com\/avatar\/c7164ed6fdec453195284ad24a5ae5b6e1eed2b848477fa2a4787ba9adf39a41?s=96&d=mm&r=g","caption":"Redacci\u00f3n QP"},"url":"https:\/\/quehacerpolitico.mx\/?author=2"}]}},"featured_image_urls":{"full":["https:\/\/quehacerpolitico.mx\/wp-content\/uploads\/2024\/03\/IMG_4273.jpeg",678,452,false],"thumbnail":["https:\/\/quehacerpolitico.mx\/wp-content\/uploads\/2024\/03\/IMG_4273-150x150.jpeg",150,150,true],"medium":["https:\/\/quehacerpolitico.mx\/wp-content\/uploads\/2024\/03\/IMG_4273-300x200.jpeg",300,200,true],"medium_large":["https:\/\/quehacerpolitico.mx\/wp-content\/uploads\/2024\/03\/IMG_4273.jpeg",640,427,false],"large":["https:\/\/quehacerpolitico.mx\/wp-content\/uploads\/2024\/03\/IMG_4273.jpeg",640,427,false],"1536x1536":["https:\/\/quehacerpolitico.mx\/wp-content\/uploads\/2024\/03\/IMG_4273.jpeg",678,452,false],"2048x2048":["https:\/\/quehacerpolitico.mx\/wp-content\/uploads\/2024\/03\/IMG_4273.jpeg",678,452,false],"covernews-featured":["https:\/\/quehacerpolitico.mx\/wp-content\/uploads\/2024\/03\/IMG_4273.jpeg",678,452,false],"covernews-medium":["https:\/\/quehacerpolitico.mx\/wp-content\/uploads\/2024\/03\/IMG_4273.jpeg",510,340,false]},"author_info":{"display_name":"Redacci\u00f3n QP","author_link":"https:\/\/quehacerpolitico.mx\/?author=2"},"category_info":"<a href=\"https:\/\/quehacerpolitico.mx\/?cat=56\" rel=\"category\">Econom\u00eda<\/a>","tag_info":"Econom\u00eda","comment_count":"0","_links":{"self":[{"href":"https:\/\/quehacerpolitico.mx\/index.php?rest_route=\/wp\/v2\/posts\/108662","targetHints":{"allow":["GET"]}}],"collection":[{"href":"https:\/\/quehacerpolitico.mx\/index.php?rest_route=\/wp\/v2\/posts"}],"about":[{"href":"https:\/\/quehacerpolitico.mx\/index.php?rest_route=\/wp\/v2\/types\/post"}],"author":[{"embeddable":true,"href":"https:\/\/quehacerpolitico.mx\/index.php?rest_route=\/wp\/v2\/users\/2"}],"replies":[{"embeddable":true,"href":"https:\/\/quehacerpolitico.mx\/index.php?rest_route=%2Fwp%2Fv2%2Fcomments&post=108662"}],"version-history":[{"count":1,"href":"https:\/\/quehacerpolitico.mx\/index.php?rest_route=\/wp\/v2\/posts\/108662\/revisions"}],"predecessor-version":[{"id":108664,"href":"https:\/\/quehacerpolitico.mx\/index.php?rest_route=\/wp\/v2\/posts\/108662\/revisions\/108664"}],"wp:featuredmedia":[{"embeddable":true,"href":"https:\/\/quehacerpolitico.mx\/index.php?rest_route=\/wp\/v2\/media\/108663"}],"wp:attachment":[{"href":"https:\/\/quehacerpolitico.mx\/index.php?rest_route=%2Fwp%2Fv2%2Fmedia&parent=108662"}],"wp:term":[{"taxonomy":"category","embeddable":true,"href":"https:\/\/quehacerpolitico.mx\/index.php?rest_route=%2Fwp%2Fv2%2Fcategories&post=108662"},{"taxonomy":"post_tag","embeddable":true,"href":"https:\/\/quehacerpolitico.mx\/index.php?rest_route=%2Fwp%2Fv2%2Ftags&post=108662"}],"curies":[{"name":"wp","href":"https:\/\/api.w.org\/{rel}","templated":true}]}}