{"id":108596,"date":"2024-03-11T14:03:46","date_gmt":"2024-03-11T14:03:46","guid":{"rendered":"https:\/\/quehacerpolitico.mx\/?p=108596"},"modified":"2024-03-11T14:03:48","modified_gmt":"2024-03-11T14:03:48","slug":"el-quehacer-politico-jose-alberto-prado-angeles-un-dolor-de-cabeza-los-ultimos-dias-de-gobierno-para-amlo-para-el-olvido","status":"publish","type":"post","link":"https:\/\/quehacerpolitico.mx\/?p=108596","title":{"rendered":"El Quehacer Pol\u00edtico\/\/\/Jose Alberto Prado \u00c1ngeles\/\/\/Un dolor de cabeza los \u00faltimos d\u00edas de gobierno para AMLO para el olvido"},"content":{"rendered":"\n<p>Por Jos\u00e9 Alberto Prado Angeles<\/p>\n\n\n\n<p>Director General y Editor<\/p>\n\n\n\n<p>Est\u00e1 en sus \u00faltimos meses de gobierno y como despedida le dejan \u201csus \u00faltimos d\u00edas para el olvido\u201d.<\/p>\n\n\n\n<p>Estos \u00faltimos d\u00edas han sido para el olvido y un dolor de cabeza para L\u00f3pez Obrador, porque de todas partes lo est\u00e1n \u201csurtiendo\u201d y se encuentra agobiado por sus propios errores, como quien dice, \u201cpor su propia boca muere el pez\u201d.<\/p>\n\n\n\n<p>En d\u00edas pasados se conocieron extractos de la entrevista que el presidente concedi\u00f3 a Canal Red, donde reconoce que en el caso de los estudiantes desaparecidos en Ayotzinapa -incidente sucedido el 2 de octubre de 2014- \u201cser\u00eda una asignatura pendiente que me doler\u00eda no resolver\u201d, cuando el 27 de septiembre de 2018 -como presidente electo- se reuni\u00f3 con padres y familiares de las v\u00edctimas y prometi\u00f3 \u201cvamos a conocer lo realmente sucedi\u00f3, que se sepa d\u00f3nde est\u00e1n los j\u00f3venes y se castigue a los responsables&#8230; mi compromiso es no fallarles a las madres, a los padres de los j\u00f3venes de Ayotzinapa, al pueblo de M\u00e9xico. No vamos a traicionar la confianza de nuestro pueblo\u201d. Al presidente el tiempo se le acaba y todo parece indicar que el asunto no quedar\u00e1 aclarado. Aunque dijo, \u201ctodav\u00eda tenemos tiempo y VAMOS BIEN\u201d (?).<\/p>\n\n\n\n<p>El mismo martes, el ex perredista Carlos Navarrete asegur\u00f3 que L\u00f3pez Obrador recib\u00eda millones de pesos mensuales de diferentes funcionarios del PRD durante su campa\u00f1a presidencial. Dijo que legisladores, gobernadores y ediles enviaban -hasta cuatro veces por semana- \u201cmaletas de dinero\u201d porque \u201cen los sobres amarillos no cab\u00edan\u201d 5, 10 o 20 millones. Adem\u00e1s, cada funcionario del partido aportaba el 10 por ciento de su salario, como contribuci\u00f3n \u201cvoluntaria\u201d a la campa\u00f1a del candidato.<\/p>\n\n\n\n<p>El mi\u00e9rcoles, el que \u201cdespacha\u201d en Palacio Nacional reconoci\u00f3 haber intervenido en la Suprema Corte de Justicia de la Naci\u00f3n (SCJN), cuando Arturo Zaldivar era el presidente del Poder Judicial, para modificar decisiones de jueces en ciertos casos. \u201cCuando se daban algunos hechos y estaba Zald\u00edvar, se hablaba con \u00e9l y \u00e9l pod\u00eda\u201d. La respuesta de La Barra Mexicana y el Colegio de Abogados fue inmediata, reprobando \u201cla injerencia\u201d con el presidente de la Suprema Corte y del Consejo de la Judicatura Federal. \u201cLa acciones descritas por el Presidente de la Rep\u00fablica&#8230; implican una intervenci\u00f3n directa en procesos judiciales, por lo que constituyen una clara violaci\u00f3n a los principios de independencia y autonom\u00eda del Poder Judicial de la Federaci\u00f3n, los cuales son fundamentales para la democracia y el Estado Constitucional de Derecho. Reprobamos el conflicto de intereses.\u201d, dijeron.<\/p>\n\n\n\n<p>Y el tema sobre el supuesto financiamiento de su campa\u00f1a presidencial por parte de grupos delincuenciales fue tema en la ma\u00f1anera. L\u00f3pez Obrador revel\u00f3 que el peri\u00f3dico The New York Times -quien public\u00f3 un reportaje- le hizo llegar un cuestionario para aclarar las sospechas que se tienen. \u201cPero en tono amenazante, prepotente, d\u00e1ndonos a conocer que est\u00e1n haciendo una investigaci\u00f3n con informaci\u00f3n de la DEA donde gente vinculada a mi recibieron dinero, ya no en el 2006, sino en el 2018, sino que entregaron dinero a mis hijos\u201d. Y remat\u00f3 calificando como \u201cpasqu\u00edn inmundo\u201d al NYT, adem\u00e1s de llamarlos \u201ccalumniadores de fama mundial\u201d.<\/p>\n\n\n\n<p>Total, que al presidente mexicano le est\u00e1n dando una \u201cdulce\u201d despedida de realidades desde diferentes frentes. Como dec\u00edamos al principio de esta reflexi\u00f3n, le est\u00e1n dejando \u201csus \u00faltimos d\u00edas para el olvido\u201d.<\/p>\n\n\n\n<p>As\u00ed el Quehacer Pol\u00edtico Desde 1980, inquiriendo en la pol\u00edtica de M\u00e9xico, cuestionando, exponiendo, revelando y razonando.Es cuanto.<\/p>\n","protected":false},"excerpt":{"rendered":"<p>Por Jos\u00e9 Alberto Prado Angeles Director General y Editor Est\u00e1 en sus \u00faltimos meses de&#8230;<\/p>\n","protected":false},"author":2,"featured_media":108597,"comment_status":"open","ping_status":"open","sticky":false,"template":"","format":"standard","meta":{"_monsterinsights_skip_tracking":false,"_monsterinsights_sitenote_active":false,"_monsterinsights_sitenote_note":"","_monsterinsights_sitenote_category":0,"footnotes":""},"categories":[2],"tags":[],"class_list":["post-108596","post","type-post","status-publish","format-standard","has-post-thumbnail","hentry","category-noticias"],"yoast_head":"<!-- This site is optimized with the Yoast SEO plugin v27.3 - https:\/\/yoast.com\/product\/yoast-seo-wordpress\/ -->\n<title>El Quehacer Pol\u00edtico\/\/\/Jose Alberto Prado \u00c1ngeles\/\/\/Un dolor de cabeza los \u00faltimos d\u00edas de gobierno para AMLO para el olvido -<\/title>\n<meta name=\"robots\" content=\"index, follow, max-snippet:-1, max-image-preview:large, max-video-preview:-1\" \/>\n<link rel=\"canonical\" href=\"https:\/\/quehacerpolitico.mx\/?p=108596\" \/>\n<meta property=\"og:locale\" content=\"es_MX\" \/>\n<meta property=\"og:type\" content=\"article\" \/>\n<meta property=\"og:title\" content=\"El Quehacer Pol\u00edtico\/\/\/Jose Alberto Prado \u00c1ngeles\/\/\/Un dolor de cabeza los \u00faltimos d\u00edas de gobierno para AMLO para el olvido -\" \/>\n<meta property=\"og:description\" content=\"Por Jos\u00e9 Alberto Prado Angeles Director General y Editor Est\u00e1 en sus \u00faltimos meses de...\" \/>\n<meta property=\"og:url\" content=\"https:\/\/quehacerpolitico.mx\/?p=108596\" \/>\n<meta property=\"article:published_time\" content=\"2024-03-11T14:03:46+00:00\" \/>\n<meta property=\"article:modified_time\" content=\"2024-03-11T14:03:48+00:00\" \/>\n<meta property=\"og:image\" content=\"https:\/\/quehacerpolitico.mx\/wp-content\/uploads\/2024\/03\/511bc7b1-f34b-4418-b917-5120714f846d-1.jpeg\" \/>\n\t<meta property=\"og:image:width\" content=\"963\" \/>\n\t<meta property=\"og:image:height\" content=\"493\" \/>\n\t<meta property=\"og:image:type\" content=\"image\/jpeg\" \/>\n<meta name=\"author\" content=\"Redacci\u00f3n QP\" \/>\n<meta name=\"twitter:card\" content=\"summary_large_image\" \/>\n<meta name=\"twitter:label1\" content=\"Escrito por\" \/>\n\t<meta name=\"twitter:data1\" content=\"Redacci\u00f3n QP\" \/>\n\t<meta name=\"twitter:label2\" content=\"Tiempo de lectura\" \/>\n\t<meta name=\"twitter:data2\" content=\"3 minutos\" \/>\n<script type=\"application\/ld+json\" class=\"yoast-schema-graph\">{\"@context\":\"https:\\\/\\\/schema.org\",\"@graph\":[{\"@type\":\"Article\",\"@id\":\"https:\\\/\\\/quehacerpolitico.mx\\\/?p=108596#article\",\"isPartOf\":{\"@id\":\"https:\\\/\\\/quehacerpolitico.mx\\\/?p=108596\"},\"author\":{\"name\":\"Redacci\u00f3n QP\",\"@id\":\"https:\\\/\\\/quehacerpolitico.mx\\\/#\\\/schema\\\/person\\\/496d8ad2d1d3f8036101dca7ee39e585\"},\"headline\":\"El Quehacer Pol\u00edtico\\\/\\\/\\\/Jose Alberto Prado \u00c1ngeles\\\/\\\/\\\/Un dolor de cabeza los \u00faltimos d\u00edas de gobierno para AMLO para el olvido\",\"datePublished\":\"2024-03-11T14:03:46+00:00\",\"dateModified\":\"2024-03-11T14:03:48+00:00\",\"mainEntityOfPage\":{\"@id\":\"https:\\\/\\\/quehacerpolitico.mx\\\/?p=108596\"},\"wordCount\":634,\"commentCount\":0,\"image\":{\"@id\":\"https:\\\/\\\/quehacerpolitico.mx\\\/?p=108596#primaryimage\"},\"thumbnailUrl\":\"https:\\\/\\\/quehacerpolitico.mx\\\/wp-content\\\/uploads\\\/2024\\\/03\\\/511bc7b1-f34b-4418-b917-5120714f846d-1.jpeg\",\"articleSection\":[\"Noticias\"],\"inLanguage\":\"es\",\"potentialAction\":[{\"@type\":\"CommentAction\",\"name\":\"Comment\",\"target\":[\"https:\\\/\\\/quehacerpolitico.mx\\\/?p=108596#respond\"]}]},{\"@type\":\"WebPage\",\"@id\":\"https:\\\/\\\/quehacerpolitico.mx\\\/?p=108596\",\"url\":\"https:\\\/\\\/quehacerpolitico.mx\\\/?p=108596\",\"name\":\"El Quehacer Pol\u00edtico\\\/\\\/\\\/Jose Alberto Prado \u00c1ngeles\\\/\\\/\\\/Un dolor de cabeza los \u00faltimos d\u00edas de gobierno para AMLO para el olvido -\",\"isPartOf\":{\"@id\":\"https:\\\/\\\/quehacerpolitico.mx\\\/#website\"},\"primaryImageOfPage\":{\"@id\":\"https:\\\/\\\/quehacerpolitico.mx\\\/?p=108596#primaryimage\"},\"image\":{\"@id\":\"https:\\\/\\\/quehacerpolitico.mx\\\/?p=108596#primaryimage\"},\"thumbnailUrl\":\"https:\\\/\\\/quehacerpolitico.mx\\\/wp-content\\\/uploads\\\/2024\\\/03\\\/511bc7b1-f34b-4418-b917-5120714f846d-1.jpeg\",\"datePublished\":\"2024-03-11T14:03:46+00:00\",\"dateModified\":\"2024-03-11T14:03:48+00:00\",\"author\":{\"@id\":\"https:\\\/\\\/quehacerpolitico.mx\\\/#\\\/schema\\\/person\\\/496d8ad2d1d3f8036101dca7ee39e585\"},\"breadcrumb\":{\"@id\":\"https:\\\/\\\/quehacerpolitico.mx\\\/?p=108596#breadcrumb\"},\"inLanguage\":\"es\",\"potentialAction\":[{\"@type\":\"ReadAction\",\"target\":[\"https:\\\/\\\/quehacerpolitico.mx\\\/?p=108596\"]}]},{\"@type\":\"ImageObject\",\"inLanguage\":\"es\",\"@id\":\"https:\\\/\\\/quehacerpolitico.mx\\\/?p=108596#primaryimage\",\"url\":\"https:\\\/\\\/quehacerpolitico.mx\\\/wp-content\\\/uploads\\\/2024\\\/03\\\/511bc7b1-f34b-4418-b917-5120714f846d-1.jpeg\",\"contentUrl\":\"https:\\\/\\\/quehacerpolitico.mx\\\/wp-content\\\/uploads\\\/2024\\\/03\\\/511bc7b1-f34b-4418-b917-5120714f846d-1.jpeg\",\"width\":963,\"height\":493},{\"@type\":\"BreadcrumbList\",\"@id\":\"https:\\\/\\\/quehacerpolitico.mx\\\/?p=108596#breadcrumb\",\"itemListElement\":[{\"@type\":\"ListItem\",\"position\":1,\"name\":\"Inicio\",\"item\":\"https:\\\/\\\/quehacerpolitico.mx\\\/\"},{\"@type\":\"ListItem\",\"position\":2,\"name\":\"El Quehacer Pol\u00edtico\\\/\\\/\\\/Jose Alberto Prado \u00c1ngeles\\\/\\\/\\\/Un dolor de cabeza los \u00faltimos d\u00edas de gobierno para AMLO para el olvido\"}]},{\"@type\":\"WebSite\",\"@id\":\"https:\\\/\\\/quehacerpolitico.mx\\\/#website\",\"url\":\"https:\\\/\\\/quehacerpolitico.mx\\\/\",\"name\":\"\",\"description\":\"\",\"potentialAction\":[{\"@type\":\"SearchAction\",\"target\":{\"@type\":\"EntryPoint\",\"urlTemplate\":\"https:\\\/\\\/quehacerpolitico.mx\\\/?s={search_term_string}\"},\"query-input\":{\"@type\":\"PropertyValueSpecification\",\"valueRequired\":true,\"valueName\":\"search_term_string\"}}],\"inLanguage\":\"es\"},{\"@type\":\"Person\",\"@id\":\"https:\\\/\\\/quehacerpolitico.mx\\\/#\\\/schema\\\/person\\\/496d8ad2d1d3f8036101dca7ee39e585\",\"name\":\"Redacci\u00f3n QP\",\"image\":{\"@type\":\"ImageObject\",\"inLanguage\":\"es\",\"@id\":\"https:\\\/\\\/secure.gravatar.com\\\/avatar\\\/c7164ed6fdec453195284ad24a5ae5b6e1eed2b848477fa2a4787ba9adf39a41?s=96&d=mm&r=g\",\"url\":\"https:\\\/\\\/secure.gravatar.com\\\/avatar\\\/c7164ed6fdec453195284ad24a5ae5b6e1eed2b848477fa2a4787ba9adf39a41?s=96&d=mm&r=g\",\"contentUrl\":\"https:\\\/\\\/secure.gravatar.com\\\/avatar\\\/c7164ed6fdec453195284ad24a5ae5b6e1eed2b848477fa2a4787ba9adf39a41?s=96&d=mm&r=g\",\"caption\":\"Redacci\u00f3n QP\"},\"url\":\"https:\\\/\\\/quehacerpolitico.mx\\\/?author=2\"}]}<\/script>\n<!-- \/ Yoast SEO plugin. -->","yoast_head_json":{"title":"El Quehacer Pol\u00edtico\/\/\/Jose Alberto Prado \u00c1ngeles\/\/\/Un dolor de cabeza los \u00faltimos d\u00edas de gobierno para AMLO para el olvido -","robots":{"index":"index","follow":"follow","max-snippet":"max-snippet:-1","max-image-preview":"max-image-preview:large","max-video-preview":"max-video-preview:-1"},"canonical":"https:\/\/quehacerpolitico.mx\/?p=108596","og_locale":"es_MX","og_type":"article","og_title":"El Quehacer Pol\u00edtico\/\/\/Jose Alberto Prado \u00c1ngeles\/\/\/Un dolor de cabeza los \u00faltimos d\u00edas de gobierno para AMLO para el olvido -","og_description":"Por Jos\u00e9 Alberto Prado Angeles Director General y Editor Est\u00e1 en sus \u00faltimos meses de...","og_url":"https:\/\/quehacerpolitico.mx\/?p=108596","article_published_time":"2024-03-11T14:03:46+00:00","article_modified_time":"2024-03-11T14:03:48+00:00","og_image":[{"width":963,"height":493,"url":"https:\/\/quehacerpolitico.mx\/wp-content\/uploads\/2024\/03\/511bc7b1-f34b-4418-b917-5120714f846d-1.jpeg","type":"image\/jpeg"}],"author":"Redacci\u00f3n QP","twitter_card":"summary_large_image","twitter_misc":{"Escrito por":"Redacci\u00f3n QP","Tiempo de lectura":"3 minutos"},"schema":{"@context":"https:\/\/schema.org","@graph":[{"@type":"Article","@id":"https:\/\/quehacerpolitico.mx\/?p=108596#article","isPartOf":{"@id":"https:\/\/quehacerpolitico.mx\/?p=108596"},"author":{"name":"Redacci\u00f3n QP","@id":"https:\/\/quehacerpolitico.mx\/#\/schema\/person\/496d8ad2d1d3f8036101dca7ee39e585"},"headline":"El Quehacer Pol\u00edtico\/\/\/Jose Alberto Prado \u00c1ngeles\/\/\/Un dolor de cabeza los \u00faltimos d\u00edas de gobierno para AMLO para el olvido","datePublished":"2024-03-11T14:03:46+00:00","dateModified":"2024-03-11T14:03:48+00:00","mainEntityOfPage":{"@id":"https:\/\/quehacerpolitico.mx\/?p=108596"},"wordCount":634,"commentCount":0,"image":{"@id":"https:\/\/quehacerpolitico.mx\/?p=108596#primaryimage"},"thumbnailUrl":"https:\/\/quehacerpolitico.mx\/wp-content\/uploads\/2024\/03\/511bc7b1-f34b-4418-b917-5120714f846d-1.jpeg","articleSection":["Noticias"],"inLanguage":"es","potentialAction":[{"@type":"CommentAction","name":"Comment","target":["https:\/\/quehacerpolitico.mx\/?p=108596#respond"]}]},{"@type":"WebPage","@id":"https:\/\/quehacerpolitico.mx\/?p=108596","url":"https:\/\/quehacerpolitico.mx\/?p=108596","name":"El Quehacer Pol\u00edtico\/\/\/Jose Alberto Prado \u00c1ngeles\/\/\/Un dolor de cabeza los \u00faltimos d\u00edas de gobierno para AMLO para el olvido -","isPartOf":{"@id":"https:\/\/quehacerpolitico.mx\/#website"},"primaryImageOfPage":{"@id":"https:\/\/quehacerpolitico.mx\/?p=108596#primaryimage"},"image":{"@id":"https:\/\/quehacerpolitico.mx\/?p=108596#primaryimage"},"thumbnailUrl":"https:\/\/quehacerpolitico.mx\/wp-content\/uploads\/2024\/03\/511bc7b1-f34b-4418-b917-5120714f846d-1.jpeg","datePublished":"2024-03-11T14:03:46+00:00","dateModified":"2024-03-11T14:03:48+00:00","author":{"@id":"https:\/\/quehacerpolitico.mx\/#\/schema\/person\/496d8ad2d1d3f8036101dca7ee39e585"},"breadcrumb":{"@id":"https:\/\/quehacerpolitico.mx\/?p=108596#breadcrumb"},"inLanguage":"es","potentialAction":[{"@type":"ReadAction","target":["https:\/\/quehacerpolitico.mx\/?p=108596"]}]},{"@type":"ImageObject","inLanguage":"es","@id":"https:\/\/quehacerpolitico.mx\/?p=108596#primaryimage","url":"https:\/\/quehacerpolitico.mx\/wp-content\/uploads\/2024\/03\/511bc7b1-f34b-4418-b917-5120714f846d-1.jpeg","contentUrl":"https:\/\/quehacerpolitico.mx\/wp-content\/uploads\/2024\/03\/511bc7b1-f34b-4418-b917-5120714f846d-1.jpeg","width":963,"height":493},{"@type":"BreadcrumbList","@id":"https:\/\/quehacerpolitico.mx\/?p=108596#breadcrumb","itemListElement":[{"@type":"ListItem","position":1,"name":"Inicio","item":"https:\/\/quehacerpolitico.mx\/"},{"@type":"ListItem","position":2,"name":"El Quehacer Pol\u00edtico\/\/\/Jose Alberto Prado \u00c1ngeles\/\/\/Un dolor de cabeza los \u00faltimos d\u00edas de gobierno para AMLO para el olvido"}]},{"@type":"WebSite","@id":"https:\/\/quehacerpolitico.mx\/#website","url":"https:\/\/quehacerpolitico.mx\/","name":"","description":"","potentialAction":[{"@type":"SearchAction","target":{"@type":"EntryPoint","urlTemplate":"https:\/\/quehacerpolitico.mx\/?s={search_term_string}"},"query-input":{"@type":"PropertyValueSpecification","valueRequired":true,"valueName":"search_term_string"}}],"inLanguage":"es"},{"@type":"Person","@id":"https:\/\/quehacerpolitico.mx\/#\/schema\/person\/496d8ad2d1d3f8036101dca7ee39e585","name":"Redacci\u00f3n QP","image":{"@type":"ImageObject","inLanguage":"es","@id":"https:\/\/secure.gravatar.com\/avatar\/c7164ed6fdec453195284ad24a5ae5b6e1eed2b848477fa2a4787ba9adf39a41?s=96&d=mm&r=g","url":"https:\/\/secure.gravatar.com\/avatar\/c7164ed6fdec453195284ad24a5ae5b6e1eed2b848477fa2a4787ba9adf39a41?s=96&d=mm&r=g","contentUrl":"https:\/\/secure.gravatar.com\/avatar\/c7164ed6fdec453195284ad24a5ae5b6e1eed2b848477fa2a4787ba9adf39a41?s=96&d=mm&r=g","caption":"Redacci\u00f3n QP"},"url":"https:\/\/quehacerpolitico.mx\/?author=2"}]}},"featured_image_urls":{"full":["https:\/\/quehacerpolitico.mx\/wp-content\/uploads\/2024\/03\/511bc7b1-f34b-4418-b917-5120714f846d-1.jpeg",963,493,false],"thumbnail":["https:\/\/quehacerpolitico.mx\/wp-content\/uploads\/2024\/03\/511bc7b1-f34b-4418-b917-5120714f846d-1-150x150.jpeg",150,150,true],"medium":["https:\/\/quehacerpolitico.mx\/wp-content\/uploads\/2024\/03\/511bc7b1-f34b-4418-b917-5120714f846d-1-300x154.jpeg",300,154,true],"medium_large":["https:\/\/quehacerpolitico.mx\/wp-content\/uploads\/2024\/03\/511bc7b1-f34b-4418-b917-5120714f846d-1-768x393.jpeg",640,328,true],"large":["https:\/\/quehacerpolitico.mx\/wp-content\/uploads\/2024\/03\/511bc7b1-f34b-4418-b917-5120714f846d-1.jpeg",640,328,false],"1536x1536":["https:\/\/quehacerpolitico.mx\/wp-content\/uploads\/2024\/03\/511bc7b1-f34b-4418-b917-5120714f846d-1.jpeg",963,493,false],"2048x2048":["https:\/\/quehacerpolitico.mx\/wp-content\/uploads\/2024\/03\/511bc7b1-f34b-4418-b917-5120714f846d-1.jpeg",963,493,false],"covernews-featured":["https:\/\/quehacerpolitico.mx\/wp-content\/uploads\/2024\/03\/511bc7b1-f34b-4418-b917-5120714f846d-1.jpeg",963,493,false],"covernews-medium":["https:\/\/quehacerpolitico.mx\/wp-content\/uploads\/2024\/03\/511bc7b1-f34b-4418-b917-5120714f846d-1.jpeg",540,276,false]},"author_info":{"display_name":"Redacci\u00f3n QP","author_link":"https:\/\/quehacerpolitico.mx\/?author=2"},"category_info":"<a href=\"https:\/\/quehacerpolitico.mx\/?cat=2\" rel=\"category\">Noticias<\/a>","tag_info":"Noticias","comment_count":"0","_links":{"self":[{"href":"https:\/\/quehacerpolitico.mx\/index.php?rest_route=\/wp\/v2\/posts\/108596","targetHints":{"allow":["GET"]}}],"collection":[{"href":"https:\/\/quehacerpolitico.mx\/index.php?rest_route=\/wp\/v2\/posts"}],"about":[{"href":"https:\/\/quehacerpolitico.mx\/index.php?rest_route=\/wp\/v2\/types\/post"}],"author":[{"embeddable":true,"href":"https:\/\/quehacerpolitico.mx\/index.php?rest_route=\/wp\/v2\/users\/2"}],"replies":[{"embeddable":true,"href":"https:\/\/quehacerpolitico.mx\/index.php?rest_route=%2Fwp%2Fv2%2Fcomments&post=108596"}],"version-history":[{"count":1,"href":"https:\/\/quehacerpolitico.mx\/index.php?rest_route=\/wp\/v2\/posts\/108596\/revisions"}],"predecessor-version":[{"id":108598,"href":"https:\/\/quehacerpolitico.mx\/index.php?rest_route=\/wp\/v2\/posts\/108596\/revisions\/108598"}],"wp:featuredmedia":[{"embeddable":true,"href":"https:\/\/quehacerpolitico.mx\/index.php?rest_route=\/wp\/v2\/media\/108597"}],"wp:attachment":[{"href":"https:\/\/quehacerpolitico.mx\/index.php?rest_route=%2Fwp%2Fv2%2Fmedia&parent=108596"}],"wp:term":[{"taxonomy":"category","embeddable":true,"href":"https:\/\/quehacerpolitico.mx\/index.php?rest_route=%2Fwp%2Fv2%2Fcategories&post=108596"},{"taxonomy":"post_tag","embeddable":true,"href":"https:\/\/quehacerpolitico.mx\/index.php?rest_route=%2Fwp%2Fv2%2Ftags&post=108596"}],"curies":[{"name":"wp","href":"https:\/\/api.w.org\/{rel}","templated":true}]}}