{"id":108566,"date":"2024-03-07T22:45:38","date_gmt":"2024-03-07T22:45:38","guid":{"rendered":"https:\/\/quehacerpolitico.mx\/?p=108566"},"modified":"2024-03-07T22:45:40","modified_gmt":"2024-03-07T22:45:40","slug":"taboada-y-xochitl-recorren-iztapalapa","status":"publish","type":"post","link":"https:\/\/quehacerpolitico.mx\/?p=108566","title":{"rendered":"Taboada y X\u00f3chitl recorren Iztapalapa"},"content":{"rendered":"\n<p>Por Redacci\u00f3n QP<\/p>\n\n\n\n<p><strong>Santiago Taboada<\/strong>, candidato a la jefatura de Gobierno de la&nbsp;<strong>Ciudad de M\u00e9xico<\/strong>&nbsp;por la coalici\u00f3n PRI-PAN-PRD, recorri\u00f3 calles de la alcald\u00eda&nbsp;<strong>Iztapalapa<\/strong>, cercanas al mercado Escuadr\u00f3n 201, en compa\u00f1\u00eda de la candidata presidencial&nbsp;<strong>X\u00f3chitl G\u00e1lvez<\/strong>.<\/p>\n\n\n\n<p>Empujones y jaloneos fueron la constante, cuando\u00a0<strong>militantes<\/strong>\u00a0y simpatizantes de los\u00a0<strong>candidatos<\/strong>\u00a0buscaban acercarse para saludarlos y tomarse fotograf\u00edas con ellos.<\/p>\n\n\n\n<p>Fueron pocas las personas que lograron burlar el aparato de seguridad de poco m\u00e1s de 30 elementos, algunos vestidos de civiles, mientras que otros estaban identificados con chalecos negros y gorras de ese mismo color. El distintivo entre todos: los aud\u00edfonos y walkie-talkies para comunicarse en el recorrido que seguir\u00eda el\u00a0<strong>candidato<\/strong>.<\/p>\n\n\n\n<figure class=\"wp-block-image size-large\"><img loading=\"lazy\" decoding=\"async\" width=\"891\" height=\"1024\" src=\"https:\/\/quehacerpolitico.mx\/wp-content\/uploads\/2024\/03\/image-24-891x1024.jpeg\" alt=\"\" class=\"wp-image-108568\" srcset=\"https:\/\/quehacerpolitico.mx\/wp-content\/uploads\/2024\/03\/image-24-891x1024.jpeg 891w, https:\/\/quehacerpolitico.mx\/wp-content\/uploads\/2024\/03\/image-24-261x300.jpeg 261w, https:\/\/quehacerpolitico.mx\/wp-content\/uploads\/2024\/03\/image-24-768x883.jpeg 768w, https:\/\/quehacerpolitico.mx\/wp-content\/uploads\/2024\/03\/image-24-1337x1536.jpeg 1337w, https:\/\/quehacerpolitico.mx\/wp-content\/uploads\/2024\/03\/image-24-127x146.jpeg 127w, https:\/\/quehacerpolitico.mx\/wp-content\/uploads\/2024\/03\/image-24-44x50.jpeg 44w, https:\/\/quehacerpolitico.mx\/wp-content\/uploads\/2024\/03\/image-24-65x75.jpeg 65w, https:\/\/quehacerpolitico.mx\/wp-content\/uploads\/2024\/03\/image-24.jpeg 1782w\" sizes=\"auto, (max-width: 891px) 100vw, 891px\" \/><\/figure>\n\n\n\n<p>La cita fue en un parque frente al mercado, al cual arrib\u00f3 primero la candidata\u00a0<strong>G\u00e1lvez Ruiz<\/strong>. Ah\u00ed fue increpada por una persona que dijo haber sido agredido por los elementos de\u00a0<strong>seguridad\u00a0<\/strong>mientras buscaba acercarse a la<strong> aspirante presidencial\u00a0<\/strong>para conocer sus propuestas en materia de seguridad, salud y econom\u00eda.<\/p>\n\n\n\n<figure class=\"wp-block-embed is-type-rich is-provider-twitter wp-block-embed-twitter\"><div class=\"wp-block-embed__wrapper\">\n<blockquote class=\"twitter-tweet\" data-width=\"550\" data-dnt=\"true\"><p lang=\"es\" dir=\"ltr\">La candidata a la Presidencia de M\u00e9xico, <a href=\"https:\/\/twitter.com\/XochitlGalvez?ref_src=twsrc%5Etfw\">@XochitlGalvez<\/a>, y el candidato a la Jefatura de Gobierno, \u2066<a href=\"https:\/\/twitter.com\/STaboadaMx?ref_src=twsrc%5Etfw\">@STaboadaMx<\/a>,\u2069 recorren las inmediaciones del Mercado Escuadr\u00f3n 201 en la alcald\u00eda Iztapalapa.<br><br>\ud83d\udcf9: <a href=\"https:\/\/twitter.com\/cuenquita?ref_src=twsrc%5Etfw\">@cuenquita<\/a> <a href=\"https:\/\/t.co\/BPMT0fp0Gp\">pic.twitter.com\/BPMT0fp0Gp<\/a><\/p>&mdash; Pol\u00edtico MX (@politicomx) <a href=\"https:\/\/twitter.com\/politicomx\/status\/1765805073811022300?ref_src=twsrc%5Etfw\">March 7, 2024<\/a><\/blockquote><script async src=\"https:\/\/platform.twitter.com\/widgets.js\" charset=\"utf-8\"><\/script>\n<\/div><\/figure>\n\n\n\n<p>Esa misma persona alcanz\u00f3 al candidato a jefe de Gobierno a preguntarle qui\u00e9n ser\u00eda su propuesta de secretario de Seguridad, a lo que&nbsp;<strong>Taboada<\/strong>&nbsp;le respondi\u00f3 que es muy pronto para decirlo, pero piensa en alguien que ya haya estado en ese puesto.<\/p>\n\n\n\n<p>Ambos candidatos caminaron sobre la calle Jos\u00e9 Espinosa y se acercaban a saludar a comerciantes, vendedores y personas que sal\u00edan de sus casas ante el alboroto. Tambi\u00e9n saludaron a quienes se asomaban en sus ventanas a grabar con sus tel\u00e9fonos.<\/p>\n\n\n\n<figure class=\"wp-block-image size-large\"><img loading=\"lazy\" decoding=\"async\" width=\"1024\" height=\"682\" src=\"https:\/\/quehacerpolitico.mx\/wp-content\/uploads\/2024\/03\/image-25-1024x682.jpeg\" alt=\"\" class=\"wp-image-108569\" srcset=\"https:\/\/quehacerpolitico.mx\/wp-content\/uploads\/2024\/03\/image-25-1024x682.jpeg 1024w, https:\/\/quehacerpolitico.mx\/wp-content\/uploads\/2024\/03\/image-25-300x200.jpeg 300w, https:\/\/quehacerpolitico.mx\/wp-content\/uploads\/2024\/03\/image-25-768x512.jpeg 768w, https:\/\/quehacerpolitico.mx\/wp-content\/uploads\/2024\/03\/image-25-1536x1023.jpeg 1536w, https:\/\/quehacerpolitico.mx\/wp-content\/uploads\/2024\/03\/image-25-219x146.jpeg 219w, https:\/\/quehacerpolitico.mx\/wp-content\/uploads\/2024\/03\/image-25-50x33.jpeg 50w, https:\/\/quehacerpolitico.mx\/wp-content\/uploads\/2024\/03\/image-25-113x75.jpeg 113w, https:\/\/quehacerpolitico.mx\/wp-content\/uploads\/2024\/03\/image-25.jpeg 2048w\" sizes=\"auto, (max-width: 1024px) 100vw, 1024px\" \/><\/figure>\n\n\n\n<p>\u201cYa se va, ya se va, Morena ya se va\u201d, \u201cTaboada papucho, Iztapalapa te quiere mucho\u201d, \u201cIztapalapa quiere agua\u201d y \u201ccomp\u00f3rtense, \u00bfqu\u00e9 va a pensar de Iztapalapa?\u201d, fueron algunos de los gritos del grupo de personas que iban coreando durante la caminata.<\/p>\n\n\n\n<p>En su mayor\u00eda eran mujeres, quienes buscaban tomarse una fotograf\u00eda con&nbsp;<strong>Taboada<\/strong>, que le gritaban para que volteara o les dejara acercarse a saludarlo.<\/p>\n\n\n\n<p>\u201cAh\u00ed est\u00e1 Efr\u00e9n\u201d, dijo el candidato opositor, en referencia al candidato panista a diputado federal. \u201cEse no nos gusta\u201d, le respondieron.<\/p>\n\n\n\n<figure class=\"wp-block-image size-large\"><img loading=\"lazy\" decoding=\"async\" width=\"1024\" height=\"683\" src=\"https:\/\/quehacerpolitico.mx\/wp-content\/uploads\/2024\/03\/image-26-1024x683.jpeg\" alt=\"\" class=\"wp-image-108570\" srcset=\"https:\/\/quehacerpolitico.mx\/wp-content\/uploads\/2024\/03\/image-26-1024x683.jpeg 1024w, https:\/\/quehacerpolitico.mx\/wp-content\/uploads\/2024\/03\/image-26-300x200.jpeg 300w, https:\/\/quehacerpolitico.mx\/wp-content\/uploads\/2024\/03\/image-26-768x512.jpeg 768w, https:\/\/quehacerpolitico.mx\/wp-content\/uploads\/2024\/03\/image-26-1536x1025.jpeg 1536w, https:\/\/quehacerpolitico.mx\/wp-content\/uploads\/2024\/03\/image-26-219x146.jpeg 219w, https:\/\/quehacerpolitico.mx\/wp-content\/uploads\/2024\/03\/image-26-50x33.jpeg 50w, https:\/\/quehacerpolitico.mx\/wp-content\/uploads\/2024\/03\/image-26-112x75.jpeg 112w, https:\/\/quehacerpolitico.mx\/wp-content\/uploads\/2024\/03\/image-26.jpeg 2048w\" sizes=\"auto, (max-width: 1024px) 100vw, 1024px\" \/><\/figure>\n\n\n\n<p>Dentro del mercado, los candidatos saludaron y platicaron con diferentes locatarios, entre vendedores de carne, l\u00e1cteos, abarrotes, frutas y verduras. En un local, una comerciante le entreg\u00f3 una gelatina a\u00a0<strong>X\u00f3chitl G\u00e1lvez<\/strong>, quien dijo \u201cpara que se enojen los de\u00a0<strong>Morena<\/strong>\u201c.<\/p>\n\n\n\n<p>Ante el tumulto, ambos<strong>\u00a0candidatos<\/strong>\u00a0se separaron en su recorrido por el mercado. Los\u00a0<strong>militantes<\/strong>\u00a0iban entregando banderas y diferentes art\u00edculos con el logotipo del\u00a0<strong>PAN<\/strong>, \u201ca m\u00ed dame una bolsa, me sirve m\u00e1s\u201d, pidi\u00f3 un locatario.<\/p>\n\n\n\n<figure class=\"wp-block-embed is-type-rich is-provider-twitter wp-block-embed-twitter\"><div class=\"wp-block-embed__wrapper\">\n<blockquote class=\"twitter-tweet\" data-width=\"550\" data-dnt=\"true\"><p lang=\"es\" dir=\"ltr\">\u201cEl cobro de derecho de piso tiene que acabarse en la ciudad&quot;, dice Santiago Taboada en su visita al Mercado de Escuadr\u00f3n 201 en Iztapalapa. <a href=\"https:\/\/t.co\/XSrho4sMlP\">pic.twitter.com\/XSrho4sMlP<\/a><\/p>&mdash; Ruido en la Red (@RuidoEnLaRed) <a href=\"https:\/\/twitter.com\/RuidoEnLaRed\/status\/1765809863014129762?ref_src=twsrc%5Etfw\">March 7, 2024<\/a><\/blockquote><script async src=\"https:\/\/platform.twitter.com\/widgets.js\" charset=\"utf-8\"><\/script>\n<\/div><\/figure>\n\n\n\n<p>Ya a la salida,<strong>\u00a0Taboada<\/strong>\u00a0asegur\u00f3 que los locatarios le entregaron cartas y le dijeron que el principal problema que les aqueja es la\u00a0<strong>extorsi\u00f3n<\/strong>.<\/p>\n\n\n\n<figure class=\"wp-block-embed is-type-rich is-provider-twitter wp-block-embed-twitter\"><div class=\"wp-block-embed__wrapper\">\n<blockquote class=\"twitter-tweet\" data-width=\"550\" data-dnt=\"true\"><p lang=\"es\" dir=\"ltr\">.<a href=\"https:\/\/twitter.com\/STaboadaMx?ref_src=twsrc%5Etfw\">@STaboadaMx<\/a> promete combatir la extorsi\u00f3n en Iztapalapa con \u201ccar\u00e1cter y pantalones\u201d<br><br>El candidato a la Jefatura de Gobierno de la CDMX por la coalici\u00f3n PAN-PRI-PRD visit\u00f3 el Mercado Escuadr\u00f3n 201, ubicado en la alcald\u00eda <a href=\"https:\/\/twitter.com\/Alc_Iztapalapa?ref_src=twsrc%5Etfw\">@Alc_Iztapalapa<\/a>, en donde dijo que los locatarios son\u2026 <a href=\"https:\/\/t.co\/ZDoQFUbgc3\">pic.twitter.com\/ZDoQFUbgc3<\/a><\/p>&mdash; Pol\u00edtico MX (@politicomx) <a href=\"https:\/\/twitter.com\/politicomx\/status\/1765848161522683959?ref_src=twsrc%5Etfw\">March 7, 2024<\/a><\/blockquote><script async src=\"https:\/\/platform.twitter.com\/widgets.js\" charset=\"utf-8\"><\/script>\n<\/div><\/figure>\n\n\n\n<p>Al t\u00e9rmino del evento, simpatizantes caminaban hacia la estaci\u00f3n del Metro cercana, viendo que los carteles pegados de&nbsp;<strong>Taboada&nbsp;<\/strong>estaban arrancados y rotos.<\/p>\n\n\n\n<p>\u201cTienen miedo, todo se va a ver en las urnas\u201d, exclamaron entre ellos.<\/p>\n","protected":false},"excerpt":{"rendered":"<p>Por Redacci\u00f3n QP Santiago Taboada, candidato a la jefatura de Gobierno de la&nbsp;Ciudad de M\u00e9xico&nbsp;por&#8230;<\/p>\n","protected":false},"author":2,"featured_media":108567,"comment_status":"open","ping_status":"open","sticky":false,"template":"","format":"standard","meta":{"_monsterinsights_skip_tracking":false,"_monsterinsights_sitenote_active":false,"_monsterinsights_sitenote_note":"","_monsterinsights_sitenote_category":0,"footnotes":""},"categories":[55],"tags":[],"class_list":["post-108566","post","type-post","status-publish","format-standard","has-post-thumbnail","hentry","category-cdmx"],"yoast_head":"<!-- This site is optimized with the Yoast SEO plugin v27.3 - https:\/\/yoast.com\/product\/yoast-seo-wordpress\/ -->\n<title>Taboada y X\u00f3chitl recorren Iztapalapa -<\/title>\n<meta name=\"robots\" content=\"index, follow, max-snippet:-1, max-image-preview:large, max-video-preview:-1\" \/>\n<link rel=\"canonical\" href=\"https:\/\/quehacerpolitico.mx\/?p=108566\" \/>\n<meta property=\"og:locale\" content=\"es_MX\" \/>\n<meta property=\"og:type\" content=\"article\" \/>\n<meta property=\"og:title\" content=\"Taboada y X\u00f3chitl recorren Iztapalapa -\" \/>\n<meta property=\"og:description\" content=\"Por Redacci\u00f3n QP Santiago Taboada, candidato a la jefatura de Gobierno de la&nbsp;Ciudad de M\u00e9xico&nbsp;por...\" \/>\n<meta property=\"og:url\" content=\"https:\/\/quehacerpolitico.mx\/?p=108566\" \/>\n<meta property=\"article:published_time\" content=\"2024-03-07T22:45:38+00:00\" \/>\n<meta property=\"article:modified_time\" content=\"2024-03-07T22:45:40+00:00\" \/>\n<meta property=\"og:image\" content=\"https:\/\/quehacerpolitico.mx\/wp-content\/uploads\/2024\/03\/IMG_4140.jpeg\" \/>\n\t<meta property=\"og:image:width\" content=\"1600\" \/>\n\t<meta property=\"og:image:height\" content=\"946\" \/>\n\t<meta property=\"og:image:type\" content=\"image\/jpeg\" \/>\n<meta name=\"author\" content=\"Redacci\u00f3n QP\" \/>\n<meta name=\"twitter:card\" content=\"summary_large_image\" \/>\n<meta name=\"twitter:label1\" content=\"Escrito por\" \/>\n\t<meta name=\"twitter:data1\" content=\"Redacci\u00f3n QP\" \/>\n\t<meta name=\"twitter:label2\" content=\"Tiempo de lectura\" \/>\n\t<meta name=\"twitter:data2\" content=\"3 minutos\" \/>\n<script type=\"application\/ld+json\" class=\"yoast-schema-graph\">{\"@context\":\"https:\\\/\\\/schema.org\",\"@graph\":[{\"@type\":\"Article\",\"@id\":\"https:\\\/\\\/quehacerpolitico.mx\\\/?p=108566#article\",\"isPartOf\":{\"@id\":\"https:\\\/\\\/quehacerpolitico.mx\\\/?p=108566\"},\"author\":{\"name\":\"Redacci\u00f3n QP\",\"@id\":\"https:\\\/\\\/quehacerpolitico.mx\\\/#\\\/schema\\\/person\\\/496d8ad2d1d3f8036101dca7ee39e585\"},\"headline\":\"Taboada y X\u00f3chitl recorren Iztapalapa\",\"datePublished\":\"2024-03-07T22:45:38+00:00\",\"dateModified\":\"2024-03-07T22:45:40+00:00\",\"mainEntityOfPage\":{\"@id\":\"https:\\\/\\\/quehacerpolitico.mx\\\/?p=108566\"},\"wordCount\":550,\"commentCount\":0,\"image\":{\"@id\":\"https:\\\/\\\/quehacerpolitico.mx\\\/?p=108566#primaryimage\"},\"thumbnailUrl\":\"https:\\\/\\\/quehacerpolitico.mx\\\/wp-content\\\/uploads\\\/2024\\\/03\\\/IMG_4140.jpeg\",\"articleSection\":[\"CDMX\"],\"inLanguage\":\"es\",\"potentialAction\":[{\"@type\":\"CommentAction\",\"name\":\"Comment\",\"target\":[\"https:\\\/\\\/quehacerpolitico.mx\\\/?p=108566#respond\"]}]},{\"@type\":\"WebPage\",\"@id\":\"https:\\\/\\\/quehacerpolitico.mx\\\/?p=108566\",\"url\":\"https:\\\/\\\/quehacerpolitico.mx\\\/?p=108566\",\"name\":\"Taboada y X\u00f3chitl recorren Iztapalapa -\",\"isPartOf\":{\"@id\":\"https:\\\/\\\/quehacerpolitico.mx\\\/#website\"},\"primaryImageOfPage\":{\"@id\":\"https:\\\/\\\/quehacerpolitico.mx\\\/?p=108566#primaryimage\"},\"image\":{\"@id\":\"https:\\\/\\\/quehacerpolitico.mx\\\/?p=108566#primaryimage\"},\"thumbnailUrl\":\"https:\\\/\\\/quehacerpolitico.mx\\\/wp-content\\\/uploads\\\/2024\\\/03\\\/IMG_4140.jpeg\",\"datePublished\":\"2024-03-07T22:45:38+00:00\",\"dateModified\":\"2024-03-07T22:45:40+00:00\",\"author\":{\"@id\":\"https:\\\/\\\/quehacerpolitico.mx\\\/#\\\/schema\\\/person\\\/496d8ad2d1d3f8036101dca7ee39e585\"},\"breadcrumb\":{\"@id\":\"https:\\\/\\\/quehacerpolitico.mx\\\/?p=108566#breadcrumb\"},\"inLanguage\":\"es\",\"potentialAction\":[{\"@type\":\"ReadAction\",\"target\":[\"https:\\\/\\\/quehacerpolitico.mx\\\/?p=108566\"]}]},{\"@type\":\"ImageObject\",\"inLanguage\":\"es\",\"@id\":\"https:\\\/\\\/quehacerpolitico.mx\\\/?p=108566#primaryimage\",\"url\":\"https:\\\/\\\/quehacerpolitico.mx\\\/wp-content\\\/uploads\\\/2024\\\/03\\\/IMG_4140.jpeg\",\"contentUrl\":\"https:\\\/\\\/quehacerpolitico.mx\\\/wp-content\\\/uploads\\\/2024\\\/03\\\/IMG_4140.jpeg\",\"width\":1600,\"height\":946},{\"@type\":\"BreadcrumbList\",\"@id\":\"https:\\\/\\\/quehacerpolitico.mx\\\/?p=108566#breadcrumb\",\"itemListElement\":[{\"@type\":\"ListItem\",\"position\":1,\"name\":\"Inicio\",\"item\":\"https:\\\/\\\/quehacerpolitico.mx\\\/\"},{\"@type\":\"ListItem\",\"position\":2,\"name\":\"Taboada y X\u00f3chitl recorren Iztapalapa\"}]},{\"@type\":\"WebSite\",\"@id\":\"https:\\\/\\\/quehacerpolitico.mx\\\/#website\",\"url\":\"https:\\\/\\\/quehacerpolitico.mx\\\/\",\"name\":\"\",\"description\":\"\",\"potentialAction\":[{\"@type\":\"SearchAction\",\"target\":{\"@type\":\"EntryPoint\",\"urlTemplate\":\"https:\\\/\\\/quehacerpolitico.mx\\\/?s={search_term_string}\"},\"query-input\":{\"@type\":\"PropertyValueSpecification\",\"valueRequired\":true,\"valueName\":\"search_term_string\"}}],\"inLanguage\":\"es\"},{\"@type\":\"Person\",\"@id\":\"https:\\\/\\\/quehacerpolitico.mx\\\/#\\\/schema\\\/person\\\/496d8ad2d1d3f8036101dca7ee39e585\",\"name\":\"Redacci\u00f3n QP\",\"image\":{\"@type\":\"ImageObject\",\"inLanguage\":\"es\",\"@id\":\"https:\\\/\\\/secure.gravatar.com\\\/avatar\\\/c7164ed6fdec453195284ad24a5ae5b6e1eed2b848477fa2a4787ba9adf39a41?s=96&d=mm&r=g\",\"url\":\"https:\\\/\\\/secure.gravatar.com\\\/avatar\\\/c7164ed6fdec453195284ad24a5ae5b6e1eed2b848477fa2a4787ba9adf39a41?s=96&d=mm&r=g\",\"contentUrl\":\"https:\\\/\\\/secure.gravatar.com\\\/avatar\\\/c7164ed6fdec453195284ad24a5ae5b6e1eed2b848477fa2a4787ba9adf39a41?s=96&d=mm&r=g\",\"caption\":\"Redacci\u00f3n QP\"},\"url\":\"https:\\\/\\\/quehacerpolitico.mx\\\/?author=2\"}]}<\/script>\n<!-- \/ Yoast SEO plugin. -->","yoast_head_json":{"title":"Taboada y X\u00f3chitl recorren Iztapalapa -","robots":{"index":"index","follow":"follow","max-snippet":"max-snippet:-1","max-image-preview":"max-image-preview:large","max-video-preview":"max-video-preview:-1"},"canonical":"https:\/\/quehacerpolitico.mx\/?p=108566","og_locale":"es_MX","og_type":"article","og_title":"Taboada y X\u00f3chitl recorren Iztapalapa -","og_description":"Por Redacci\u00f3n QP Santiago Taboada, candidato a la jefatura de Gobierno de la&nbsp;Ciudad de M\u00e9xico&nbsp;por...","og_url":"https:\/\/quehacerpolitico.mx\/?p=108566","article_published_time":"2024-03-07T22:45:38+00:00","article_modified_time":"2024-03-07T22:45:40+00:00","og_image":[{"width":1600,"height":946,"url":"https:\/\/quehacerpolitico.mx\/wp-content\/uploads\/2024\/03\/IMG_4140.jpeg","type":"image\/jpeg"}],"author":"Redacci\u00f3n QP","twitter_card":"summary_large_image","twitter_misc":{"Escrito por":"Redacci\u00f3n QP","Tiempo de lectura":"3 minutos"},"schema":{"@context":"https:\/\/schema.org","@graph":[{"@type":"Article","@id":"https:\/\/quehacerpolitico.mx\/?p=108566#article","isPartOf":{"@id":"https:\/\/quehacerpolitico.mx\/?p=108566"},"author":{"name":"Redacci\u00f3n QP","@id":"https:\/\/quehacerpolitico.mx\/#\/schema\/person\/496d8ad2d1d3f8036101dca7ee39e585"},"headline":"Taboada y X\u00f3chitl recorren Iztapalapa","datePublished":"2024-03-07T22:45:38+00:00","dateModified":"2024-03-07T22:45:40+00:00","mainEntityOfPage":{"@id":"https:\/\/quehacerpolitico.mx\/?p=108566"},"wordCount":550,"commentCount":0,"image":{"@id":"https:\/\/quehacerpolitico.mx\/?p=108566#primaryimage"},"thumbnailUrl":"https:\/\/quehacerpolitico.mx\/wp-content\/uploads\/2024\/03\/IMG_4140.jpeg","articleSection":["CDMX"],"inLanguage":"es","potentialAction":[{"@type":"CommentAction","name":"Comment","target":["https:\/\/quehacerpolitico.mx\/?p=108566#respond"]}]},{"@type":"WebPage","@id":"https:\/\/quehacerpolitico.mx\/?p=108566","url":"https:\/\/quehacerpolitico.mx\/?p=108566","name":"Taboada y X\u00f3chitl recorren Iztapalapa -","isPartOf":{"@id":"https:\/\/quehacerpolitico.mx\/#website"},"primaryImageOfPage":{"@id":"https:\/\/quehacerpolitico.mx\/?p=108566#primaryimage"},"image":{"@id":"https:\/\/quehacerpolitico.mx\/?p=108566#primaryimage"},"thumbnailUrl":"https:\/\/quehacerpolitico.mx\/wp-content\/uploads\/2024\/03\/IMG_4140.jpeg","datePublished":"2024-03-07T22:45:38+00:00","dateModified":"2024-03-07T22:45:40+00:00","author":{"@id":"https:\/\/quehacerpolitico.mx\/#\/schema\/person\/496d8ad2d1d3f8036101dca7ee39e585"},"breadcrumb":{"@id":"https:\/\/quehacerpolitico.mx\/?p=108566#breadcrumb"},"inLanguage":"es","potentialAction":[{"@type":"ReadAction","target":["https:\/\/quehacerpolitico.mx\/?p=108566"]}]},{"@type":"ImageObject","inLanguage":"es","@id":"https:\/\/quehacerpolitico.mx\/?p=108566#primaryimage","url":"https:\/\/quehacerpolitico.mx\/wp-content\/uploads\/2024\/03\/IMG_4140.jpeg","contentUrl":"https:\/\/quehacerpolitico.mx\/wp-content\/uploads\/2024\/03\/IMG_4140.jpeg","width":1600,"height":946},{"@type":"BreadcrumbList","@id":"https:\/\/quehacerpolitico.mx\/?p=108566#breadcrumb","itemListElement":[{"@type":"ListItem","position":1,"name":"Inicio","item":"https:\/\/quehacerpolitico.mx\/"},{"@type":"ListItem","position":2,"name":"Taboada y X\u00f3chitl recorren Iztapalapa"}]},{"@type":"WebSite","@id":"https:\/\/quehacerpolitico.mx\/#website","url":"https:\/\/quehacerpolitico.mx\/","name":"","description":"","potentialAction":[{"@type":"SearchAction","target":{"@type":"EntryPoint","urlTemplate":"https:\/\/quehacerpolitico.mx\/?s={search_term_string}"},"query-input":{"@type":"PropertyValueSpecification","valueRequired":true,"valueName":"search_term_string"}}],"inLanguage":"es"},{"@type":"Person","@id":"https:\/\/quehacerpolitico.mx\/#\/schema\/person\/496d8ad2d1d3f8036101dca7ee39e585","name":"Redacci\u00f3n QP","image":{"@type":"ImageObject","inLanguage":"es","@id":"https:\/\/secure.gravatar.com\/avatar\/c7164ed6fdec453195284ad24a5ae5b6e1eed2b848477fa2a4787ba9adf39a41?s=96&d=mm&r=g","url":"https:\/\/secure.gravatar.com\/avatar\/c7164ed6fdec453195284ad24a5ae5b6e1eed2b848477fa2a4787ba9adf39a41?s=96&d=mm&r=g","contentUrl":"https:\/\/secure.gravatar.com\/avatar\/c7164ed6fdec453195284ad24a5ae5b6e1eed2b848477fa2a4787ba9adf39a41?s=96&d=mm&r=g","caption":"Redacci\u00f3n QP"},"url":"https:\/\/quehacerpolitico.mx\/?author=2"}]}},"featured_image_urls":{"full":["https:\/\/quehacerpolitico.mx\/wp-content\/uploads\/2024\/03\/IMG_4140.jpeg",1600,946,false],"thumbnail":["https:\/\/quehacerpolitico.mx\/wp-content\/uploads\/2024\/03\/IMG_4140-150x150.jpeg",150,150,true],"medium":["https:\/\/quehacerpolitico.mx\/wp-content\/uploads\/2024\/03\/IMG_4140-300x177.jpeg",300,177,true],"medium_large":["https:\/\/quehacerpolitico.mx\/wp-content\/uploads\/2024\/03\/IMG_4140-768x454.jpeg",640,378,true],"large":["https:\/\/quehacerpolitico.mx\/wp-content\/uploads\/2024\/03\/IMG_4140-1024x605.jpeg",640,378,true],"1536x1536":["https:\/\/quehacerpolitico.mx\/wp-content\/uploads\/2024\/03\/IMG_4140-1536x908.jpeg",1536,908,true],"2048x2048":["https:\/\/quehacerpolitico.mx\/wp-content\/uploads\/2024\/03\/IMG_4140.jpeg",1600,946,false],"covernews-featured":["https:\/\/quehacerpolitico.mx\/wp-content\/uploads\/2024\/03\/IMG_4140.jpeg",1024,605,false],"covernews-medium":["https:\/\/quehacerpolitico.mx\/wp-content\/uploads\/2024\/03\/IMG_4140.jpeg",540,319,false]},"author_info":{"display_name":"Redacci\u00f3n QP","author_link":"https:\/\/quehacerpolitico.mx\/?author=2"},"category_info":"<a href=\"https:\/\/quehacerpolitico.mx\/?cat=55\" rel=\"category\">CDMX<\/a>","tag_info":"CDMX","comment_count":"0","_links":{"self":[{"href":"https:\/\/quehacerpolitico.mx\/index.php?rest_route=\/wp\/v2\/posts\/108566","targetHints":{"allow":["GET"]}}],"collection":[{"href":"https:\/\/quehacerpolitico.mx\/index.php?rest_route=\/wp\/v2\/posts"}],"about":[{"href":"https:\/\/quehacerpolitico.mx\/index.php?rest_route=\/wp\/v2\/types\/post"}],"author":[{"embeddable":true,"href":"https:\/\/quehacerpolitico.mx\/index.php?rest_route=\/wp\/v2\/users\/2"}],"replies":[{"embeddable":true,"href":"https:\/\/quehacerpolitico.mx\/index.php?rest_route=%2Fwp%2Fv2%2Fcomments&post=108566"}],"version-history":[{"count":1,"href":"https:\/\/quehacerpolitico.mx\/index.php?rest_route=\/wp\/v2\/posts\/108566\/revisions"}],"predecessor-version":[{"id":108571,"href":"https:\/\/quehacerpolitico.mx\/index.php?rest_route=\/wp\/v2\/posts\/108566\/revisions\/108571"}],"wp:featuredmedia":[{"embeddable":true,"href":"https:\/\/quehacerpolitico.mx\/index.php?rest_route=\/wp\/v2\/media\/108567"}],"wp:attachment":[{"href":"https:\/\/quehacerpolitico.mx\/index.php?rest_route=%2Fwp%2Fv2%2Fmedia&parent=108566"}],"wp:term":[{"taxonomy":"category","embeddable":true,"href":"https:\/\/quehacerpolitico.mx\/index.php?rest_route=%2Fwp%2Fv2%2Fcategories&post=108566"},{"taxonomy":"post_tag","embeddable":true,"href":"https:\/\/quehacerpolitico.mx\/index.php?rest_route=%2Fwp%2Fv2%2Ftags&post=108566"}],"curies":[{"name":"wp","href":"https:\/\/api.w.org\/{rel}","templated":true}]}}