{"id":108562,"date":"2024-03-07T20:49:36","date_gmt":"2024-03-07T20:49:36","guid":{"rendered":"https:\/\/quehacerpolitico.mx\/?p=108562"},"modified":"2024-03-07T20:49:38","modified_gmt":"2024-03-07T20:49:38","slug":"internacionales-carolina-alonso-romei-suecia-ingreso-oficialmente-este-jueves-en-la-otan-al-despositar-en-washington-el-documento-de-acceso-a-la-alianza-atlantica","status":"publish","type":"post","link":"https:\/\/quehacerpolitico.mx\/?p=108562","title":{"rendered":"Internacionales\/\/\/Carolina Alonso Romei\/\/\/Suecia ingres\u00f3 oficialmente este jueves en la OTAN al despositar en Washington el documento de acceso a la Alianza Atl\u00e1ntica"},"content":{"rendered":"\n<p>Por Carolina Alonso Romei<\/p>\n\n\n\n<p>Internacionalista <\/p>\n\n\n\n<p><strong>Suecia<\/strong>\u00a0ingres\u00f3\u00a0oficialmente este jueves en la\u00a0<strong>OTAN<\/strong>\u00a0al despositar en\u00a0<strong>Washington<\/strong>\u00a0el documento de acceso a la Alianza Atl\u00e1ntica.<\/p>\n\n\n\n<p>El primer ministro sueco,&nbsp;<strong>Ulf Kristersson<\/strong>, hizo entrega del instrumento de acceso al secretario de Estado de Estados Unidos,&nbsp;<strong>Antony Blinken<\/strong>, en la capital estadounidense, con lo que se certifica su hist\u00f3rica entrada en la alianza.<\/p>\n\n\n\n<p><strong>Blinken<\/strong>\u00a0asegur\u00f3 que es un honor \u201cser el primero en dar la bienvenida\u201d a Suecia como trig\u00e9simo segundo miembro de la OTAN, que se ampl\u00eda por segunda vez desde el comienzo de la invasi\u00f3n rusa en Ucrania hace poco m\u00e1s de dos a\u00f1os, despu\u00e9s de la entrada de Finlandia el a\u00f1o anterior.<\/p>\n\n\n\n<p>\u201cSuecia aporta capacidades en el \u00c1rtico y el Mar B\u00e1ltico\u201d, asegur\u00f3 Blinken tras la ceremonia de entrega del instrumento de adhesi\u00f3n. \u201cNadie pens\u00f3 que llegar\u00edamos aqu\u00ed, y aqu\u00ed estamos\u201d.<\/p>\n\n\n\n<p>\u201cLa OTAN es ahora m\u00e1s fuerte que nunca\u201d, a\u00f1adi\u00f3 el funcionario estadounidense. \u201cSuecia tiene una historia de 200 a\u00f1os de no alineaci\u00f3n y antes de la invasi\u00f3n rusa de Ucrania menos de uno de cada tres suecos apoyaba el ingreso\u201d, record\u00f3 Blinken.<\/p>\n\n\n\n<figure class=\"wp-block-image size-large\"><img loading=\"lazy\" decoding=\"async\" width=\"952\" height=\"1024\" src=\"https:\/\/quehacerpolitico.mx\/wp-content\/uploads\/2024\/03\/image-23-952x1024.jpeg\" alt=\"\" class=\"wp-image-108563\" srcset=\"https:\/\/quehacerpolitico.mx\/wp-content\/uploads\/2024\/03\/image-23-952x1024.jpeg 952w, https:\/\/quehacerpolitico.mx\/wp-content\/uploads\/2024\/03\/image-23-279x300.jpeg 279w, https:\/\/quehacerpolitico.mx\/wp-content\/uploads\/2024\/03\/image-23-768x826.jpeg 768w, https:\/\/quehacerpolitico.mx\/wp-content\/uploads\/2024\/03\/image-23-136x146.jpeg 136w, https:\/\/quehacerpolitico.mx\/wp-content\/uploads\/2024\/03\/image-23-46x50.jpeg 46w, https:\/\/quehacerpolitico.mx\/wp-content\/uploads\/2024\/03\/image-23-70x75.jpeg 70w, https:\/\/quehacerpolitico.mx\/wp-content\/uploads\/2024\/03\/image-23.jpeg 1029w\" sizes=\"auto, (max-width: 952px) 100vw, 952px\" \/><\/figure>\n\n\n\n<p>\u201cLuego todo cambi\u00f3: despu\u00e9s de la invasi\u00f3n hasta tres de cada cuatro suecos quer\u00eda esta incorporaci\u00f3n\u201d, dijo el jefe de la diplomacia estadounidense. \u201cEl pueblo sueco se puso de pie y apoya no solo por la defensa de su pa\u00eds sino por la responsabilidad com\u00fan de todos por la paz\u201d, a\u00f1adi\u00f3.<\/p>\n\n\n\n<p><strong>Kristersson<\/strong>\u00a0asegur\u00f3 que este d\u00eda es \u201chist\u00f3rico\u201d para el pa\u00eds, que completa la incorporaci\u00f3n de todos los pa\u00edses n\u00f3rdicos bajo el paraguas de la OTAN y completa la inclusi\u00f3n de la pr\u00e1ctica totalidad del mar B\u00e1ltico en la alianza, algo de gran importancia estrat\u00e9gica.<\/p>\n\n\n\n<p>\u201cHoy es un d\u00eda de victoria para la libertad. Suecia ha tomado una decisi\u00f3n libre, democr\u00e1tica y soberana\u201d, asegur\u00f3 el mandatario sueco.<\/p>\n\n\n\n<figure class=\"wp-block-embed is-type-video is-provider-youtube wp-block-embed-youtube wp-embed-aspect-16-9 wp-has-aspect-ratio\"><div class=\"wp-block-embed__wrapper\">\n<iframe loading=\"lazy\" title=\"Suecia entra a la OTAN tras dos a\u00f1os de espera y en pleno conflicto en Ucrania | AFP\" width=\"640\" height=\"360\" src=\"https:\/\/www.youtube.com\/embed\/oFJM4xNdLMQ?feature=oembed\" frameborder=\"0\" allow=\"accelerometer; autoplay; clipboard-write; encrypted-media; gyroscope; picture-in-picture; web-share\" referrerpolicy=\"strict-origin-when-cross-origin\" allowfullscreen><\/iframe>\n<\/div><\/figure>\n\n\n\n<p>El primer ministro agradeci\u00f3 el apoyo bipartidista en el Congreso de EE.UU. y al presidente Joe Biden y los otros miembros de la alianza por este ingreso.<\/p>\n\n\n\n<p>\u201cCompartiremos las responsabilidades, las obligaciones y los riesgos con los otros aliados\u201d, afirm\u00f3.<\/p>\n\n\n\n<p>\u201cEstamos agradecidos y tambi\u00e9n orgullosos. Cumpliremos con las altas expectativas de todos los aliados de la OTAN\u201d, agreg\u00f3. \u201cUnidos nos mantendremos firmes. La unidad y la solidaridad ser\u00e1n las luces que gu\u00eden a Suecia como miembro de la OTAN\u201d.<\/p>\n\n\n\n<p>Con la recepci\u00f3n del protocolo de adhesi\u00f3n a la Alianza por parte del Departamento de Estado en Washington, Suecia culmina su giro en materia de pol\u00edtica exterior y clausura dos siglos de no alineaci\u00f3n militar.<\/p>\n\n\n\n<p><strong>Suecia<\/strong>, que se convierte as\u00ed en el\u00a0miembro n\u00famero 32, ya hab\u00eda ido dando pasos para acercarse a la OTAN desde hace tres d\u00e9cadas, coincidiendo con el fin de la Guerra Fr\u00eda, como suscribir la iniciativa Asociaci\u00f3n Por la Paz de la Alianza, lo que permiti\u00f3 la participaci\u00f3n de soldados suecos en las misiones de Kosovo y Afganist\u00e1n.<\/p>\n\n\n\n<p>Con informaci\u00f3n de EFE<\/p>\n","protected":false},"excerpt":{"rendered":"<p>Por Carolina Alonso Romei Internacionalista Suecia\u00a0ingres\u00f3\u00a0oficialmente este jueves en la\u00a0OTAN\u00a0al despositar en\u00a0Washington\u00a0el documento de acceso&#8230;<\/p>\n","protected":false},"author":2,"featured_media":108564,"comment_status":"open","ping_status":"open","sticky":false,"template":"","format":"standard","meta":{"_monsterinsights_skip_tracking":false,"_monsterinsights_sitenote_active":false,"_monsterinsights_sitenote_note":"","_monsterinsights_sitenote_category":0,"footnotes":""},"categories":[1],"tags":[],"class_list":["post-108562","post","type-post","status-publish","format-standard","has-post-thumbnail","hentry","category-sin-categoria"],"yoast_head":"<!-- This site is optimized with the Yoast SEO plugin v27.3 - https:\/\/yoast.com\/product\/yoast-seo-wordpress\/ -->\n<title>Internacionales\/\/\/Carolina Alonso Romei\/\/\/Suecia ingres\u00f3 oficialmente este jueves en la OTAN al despositar en Washington el documento de acceso a la Alianza Atl\u00e1ntica -<\/title>\n<meta name=\"robots\" content=\"index, follow, max-snippet:-1, max-image-preview:large, max-video-preview:-1\" \/>\n<link rel=\"canonical\" href=\"https:\/\/quehacerpolitico.mx\/?p=108562\" \/>\n<meta property=\"og:locale\" content=\"es_MX\" \/>\n<meta property=\"og:type\" content=\"article\" \/>\n<meta property=\"og:title\" content=\"Internacionales\/\/\/Carolina Alonso Romei\/\/\/Suecia ingres\u00f3 oficialmente este jueves en la OTAN al despositar en Washington el documento de acceso a la Alianza Atl\u00e1ntica -\" \/>\n<meta property=\"og:description\" content=\"Por Carolina Alonso Romei Internacionalista Suecia\u00a0ingres\u00f3\u00a0oficialmente este jueves en la\u00a0OTAN\u00a0al despositar en\u00a0Washington\u00a0el documento de acceso...\" \/>\n<meta property=\"og:url\" content=\"https:\/\/quehacerpolitico.mx\/?p=108562\" \/>\n<meta property=\"article:published_time\" content=\"2024-03-07T20:49:36+00:00\" \/>\n<meta property=\"article:modified_time\" content=\"2024-03-07T20:49:38+00:00\" \/>\n<meta property=\"og:image\" content=\"https:\/\/quehacerpolitico.mx\/wp-content\/uploads\/2024\/03\/IMG_4139.jpeg\" \/>\n\t<meta property=\"og:image:width\" content=\"678\" \/>\n\t<meta property=\"og:image:height\" content=\"452\" \/>\n\t<meta property=\"og:image:type\" content=\"image\/jpeg\" \/>\n<meta name=\"author\" content=\"Redacci\u00f3n QP\" \/>\n<meta name=\"twitter:card\" content=\"summary_large_image\" \/>\n<meta name=\"twitter:label1\" content=\"Escrito por\" \/>\n\t<meta name=\"twitter:data1\" content=\"Redacci\u00f3n QP\" \/>\n\t<meta name=\"twitter:label2\" content=\"Tiempo de lectura\" \/>\n\t<meta name=\"twitter:data2\" content=\"3 minutos\" \/>\n<script type=\"application\/ld+json\" class=\"yoast-schema-graph\">{\"@context\":\"https:\\\/\\\/schema.org\",\"@graph\":[{\"@type\":\"Article\",\"@id\":\"https:\\\/\\\/quehacerpolitico.mx\\\/?p=108562#article\",\"isPartOf\":{\"@id\":\"https:\\\/\\\/quehacerpolitico.mx\\\/?p=108562\"},\"author\":{\"name\":\"Redacci\u00f3n QP\",\"@id\":\"https:\\\/\\\/quehacerpolitico.mx\\\/#\\\/schema\\\/person\\\/496d8ad2d1d3f8036101dca7ee39e585\"},\"headline\":\"Internacionales\\\/\\\/\\\/Carolina Alonso Romei\\\/\\\/\\\/Suecia ingres\u00f3 oficialmente este jueves en la OTAN al despositar en Washington el documento de acceso a la Alianza Atl\u00e1ntica\",\"datePublished\":\"2024-03-07T20:49:36+00:00\",\"dateModified\":\"2024-03-07T20:49:38+00:00\",\"mainEntityOfPage\":{\"@id\":\"https:\\\/\\\/quehacerpolitico.mx\\\/?p=108562\"},\"wordCount\":566,\"commentCount\":0,\"image\":{\"@id\":\"https:\\\/\\\/quehacerpolitico.mx\\\/?p=108562#primaryimage\"},\"thumbnailUrl\":\"https:\\\/\\\/quehacerpolitico.mx\\\/wp-content\\\/uploads\\\/2024\\\/03\\\/IMG_4139.jpeg\",\"articleSection\":[\"Internacionales\"],\"inLanguage\":\"es\",\"potentialAction\":[{\"@type\":\"CommentAction\",\"name\":\"Comment\",\"target\":[\"https:\\\/\\\/quehacerpolitico.mx\\\/?p=108562#respond\"]}]},{\"@type\":\"WebPage\",\"@id\":\"https:\\\/\\\/quehacerpolitico.mx\\\/?p=108562\",\"url\":\"https:\\\/\\\/quehacerpolitico.mx\\\/?p=108562\",\"name\":\"Internacionales\\\/\\\/\\\/Carolina Alonso Romei\\\/\\\/\\\/Suecia ingres\u00f3 oficialmente este jueves en la OTAN al despositar en Washington el documento de acceso a la Alianza Atl\u00e1ntica -\",\"isPartOf\":{\"@id\":\"https:\\\/\\\/quehacerpolitico.mx\\\/#website\"},\"primaryImageOfPage\":{\"@id\":\"https:\\\/\\\/quehacerpolitico.mx\\\/?p=108562#primaryimage\"},\"image\":{\"@id\":\"https:\\\/\\\/quehacerpolitico.mx\\\/?p=108562#primaryimage\"},\"thumbnailUrl\":\"https:\\\/\\\/quehacerpolitico.mx\\\/wp-content\\\/uploads\\\/2024\\\/03\\\/IMG_4139.jpeg\",\"datePublished\":\"2024-03-07T20:49:36+00:00\",\"dateModified\":\"2024-03-07T20:49:38+00:00\",\"author\":{\"@id\":\"https:\\\/\\\/quehacerpolitico.mx\\\/#\\\/schema\\\/person\\\/496d8ad2d1d3f8036101dca7ee39e585\"},\"breadcrumb\":{\"@id\":\"https:\\\/\\\/quehacerpolitico.mx\\\/?p=108562#breadcrumb\"},\"inLanguage\":\"es\",\"potentialAction\":[{\"@type\":\"ReadAction\",\"target\":[\"https:\\\/\\\/quehacerpolitico.mx\\\/?p=108562\"]}]},{\"@type\":\"ImageObject\",\"inLanguage\":\"es\",\"@id\":\"https:\\\/\\\/quehacerpolitico.mx\\\/?p=108562#primaryimage\",\"url\":\"https:\\\/\\\/quehacerpolitico.mx\\\/wp-content\\\/uploads\\\/2024\\\/03\\\/IMG_4139.jpeg\",\"contentUrl\":\"https:\\\/\\\/quehacerpolitico.mx\\\/wp-content\\\/uploads\\\/2024\\\/03\\\/IMG_4139.jpeg\",\"width\":678,\"height\":452},{\"@type\":\"BreadcrumbList\",\"@id\":\"https:\\\/\\\/quehacerpolitico.mx\\\/?p=108562#breadcrumb\",\"itemListElement\":[{\"@type\":\"ListItem\",\"position\":1,\"name\":\"Inicio\",\"item\":\"https:\\\/\\\/quehacerpolitico.mx\\\/\"},{\"@type\":\"ListItem\",\"position\":2,\"name\":\"Internacionales\\\/\\\/\\\/Carolina Alonso Romei\\\/\\\/\\\/Suecia ingres\u00f3 oficialmente este jueves en la OTAN al despositar en Washington el documento de acceso a la Alianza Atl\u00e1ntica\"}]},{\"@type\":\"WebSite\",\"@id\":\"https:\\\/\\\/quehacerpolitico.mx\\\/#website\",\"url\":\"https:\\\/\\\/quehacerpolitico.mx\\\/\",\"name\":\"\",\"description\":\"\",\"potentialAction\":[{\"@type\":\"SearchAction\",\"target\":{\"@type\":\"EntryPoint\",\"urlTemplate\":\"https:\\\/\\\/quehacerpolitico.mx\\\/?s={search_term_string}\"},\"query-input\":{\"@type\":\"PropertyValueSpecification\",\"valueRequired\":true,\"valueName\":\"search_term_string\"}}],\"inLanguage\":\"es\"},{\"@type\":\"Person\",\"@id\":\"https:\\\/\\\/quehacerpolitico.mx\\\/#\\\/schema\\\/person\\\/496d8ad2d1d3f8036101dca7ee39e585\",\"name\":\"Redacci\u00f3n QP\",\"image\":{\"@type\":\"ImageObject\",\"inLanguage\":\"es\",\"@id\":\"https:\\\/\\\/secure.gravatar.com\\\/avatar\\\/c7164ed6fdec453195284ad24a5ae5b6e1eed2b848477fa2a4787ba9adf39a41?s=96&d=mm&r=g\",\"url\":\"https:\\\/\\\/secure.gravatar.com\\\/avatar\\\/c7164ed6fdec453195284ad24a5ae5b6e1eed2b848477fa2a4787ba9adf39a41?s=96&d=mm&r=g\",\"contentUrl\":\"https:\\\/\\\/secure.gravatar.com\\\/avatar\\\/c7164ed6fdec453195284ad24a5ae5b6e1eed2b848477fa2a4787ba9adf39a41?s=96&d=mm&r=g\",\"caption\":\"Redacci\u00f3n QP\"},\"url\":\"https:\\\/\\\/quehacerpolitico.mx\\\/?author=2\"}]}<\/script>\n<!-- \/ Yoast SEO plugin. -->","yoast_head_json":{"title":"Internacionales\/\/\/Carolina Alonso Romei\/\/\/Suecia ingres\u00f3 oficialmente este jueves en la OTAN al despositar en Washington el documento de acceso a la Alianza Atl\u00e1ntica -","robots":{"index":"index","follow":"follow","max-snippet":"max-snippet:-1","max-image-preview":"max-image-preview:large","max-video-preview":"max-video-preview:-1"},"canonical":"https:\/\/quehacerpolitico.mx\/?p=108562","og_locale":"es_MX","og_type":"article","og_title":"Internacionales\/\/\/Carolina Alonso Romei\/\/\/Suecia ingres\u00f3 oficialmente este jueves en la OTAN al despositar en Washington el documento de acceso a la Alianza Atl\u00e1ntica -","og_description":"Por Carolina Alonso Romei Internacionalista Suecia\u00a0ingres\u00f3\u00a0oficialmente este jueves en la\u00a0OTAN\u00a0al despositar en\u00a0Washington\u00a0el documento de acceso...","og_url":"https:\/\/quehacerpolitico.mx\/?p=108562","article_published_time":"2024-03-07T20:49:36+00:00","article_modified_time":"2024-03-07T20:49:38+00:00","og_image":[{"width":678,"height":452,"url":"https:\/\/quehacerpolitico.mx\/wp-content\/uploads\/2024\/03\/IMG_4139.jpeg","type":"image\/jpeg"}],"author":"Redacci\u00f3n QP","twitter_card":"summary_large_image","twitter_misc":{"Escrito por":"Redacci\u00f3n QP","Tiempo de lectura":"3 minutos"},"schema":{"@context":"https:\/\/schema.org","@graph":[{"@type":"Article","@id":"https:\/\/quehacerpolitico.mx\/?p=108562#article","isPartOf":{"@id":"https:\/\/quehacerpolitico.mx\/?p=108562"},"author":{"name":"Redacci\u00f3n QP","@id":"https:\/\/quehacerpolitico.mx\/#\/schema\/person\/496d8ad2d1d3f8036101dca7ee39e585"},"headline":"Internacionales\/\/\/Carolina Alonso Romei\/\/\/Suecia ingres\u00f3 oficialmente este jueves en la OTAN al despositar en Washington el documento de acceso a la Alianza Atl\u00e1ntica","datePublished":"2024-03-07T20:49:36+00:00","dateModified":"2024-03-07T20:49:38+00:00","mainEntityOfPage":{"@id":"https:\/\/quehacerpolitico.mx\/?p=108562"},"wordCount":566,"commentCount":0,"image":{"@id":"https:\/\/quehacerpolitico.mx\/?p=108562#primaryimage"},"thumbnailUrl":"https:\/\/quehacerpolitico.mx\/wp-content\/uploads\/2024\/03\/IMG_4139.jpeg","articleSection":["Internacionales"],"inLanguage":"es","potentialAction":[{"@type":"CommentAction","name":"Comment","target":["https:\/\/quehacerpolitico.mx\/?p=108562#respond"]}]},{"@type":"WebPage","@id":"https:\/\/quehacerpolitico.mx\/?p=108562","url":"https:\/\/quehacerpolitico.mx\/?p=108562","name":"Internacionales\/\/\/Carolina Alonso Romei\/\/\/Suecia ingres\u00f3 oficialmente este jueves en la OTAN al despositar en Washington el documento de acceso a la Alianza Atl\u00e1ntica -","isPartOf":{"@id":"https:\/\/quehacerpolitico.mx\/#website"},"primaryImageOfPage":{"@id":"https:\/\/quehacerpolitico.mx\/?p=108562#primaryimage"},"image":{"@id":"https:\/\/quehacerpolitico.mx\/?p=108562#primaryimage"},"thumbnailUrl":"https:\/\/quehacerpolitico.mx\/wp-content\/uploads\/2024\/03\/IMG_4139.jpeg","datePublished":"2024-03-07T20:49:36+00:00","dateModified":"2024-03-07T20:49:38+00:00","author":{"@id":"https:\/\/quehacerpolitico.mx\/#\/schema\/person\/496d8ad2d1d3f8036101dca7ee39e585"},"breadcrumb":{"@id":"https:\/\/quehacerpolitico.mx\/?p=108562#breadcrumb"},"inLanguage":"es","potentialAction":[{"@type":"ReadAction","target":["https:\/\/quehacerpolitico.mx\/?p=108562"]}]},{"@type":"ImageObject","inLanguage":"es","@id":"https:\/\/quehacerpolitico.mx\/?p=108562#primaryimage","url":"https:\/\/quehacerpolitico.mx\/wp-content\/uploads\/2024\/03\/IMG_4139.jpeg","contentUrl":"https:\/\/quehacerpolitico.mx\/wp-content\/uploads\/2024\/03\/IMG_4139.jpeg","width":678,"height":452},{"@type":"BreadcrumbList","@id":"https:\/\/quehacerpolitico.mx\/?p=108562#breadcrumb","itemListElement":[{"@type":"ListItem","position":1,"name":"Inicio","item":"https:\/\/quehacerpolitico.mx\/"},{"@type":"ListItem","position":2,"name":"Internacionales\/\/\/Carolina Alonso Romei\/\/\/Suecia ingres\u00f3 oficialmente este jueves en la OTAN al despositar en Washington el documento de acceso a la Alianza Atl\u00e1ntica"}]},{"@type":"WebSite","@id":"https:\/\/quehacerpolitico.mx\/#website","url":"https:\/\/quehacerpolitico.mx\/","name":"","description":"","potentialAction":[{"@type":"SearchAction","target":{"@type":"EntryPoint","urlTemplate":"https:\/\/quehacerpolitico.mx\/?s={search_term_string}"},"query-input":{"@type":"PropertyValueSpecification","valueRequired":true,"valueName":"search_term_string"}}],"inLanguage":"es"},{"@type":"Person","@id":"https:\/\/quehacerpolitico.mx\/#\/schema\/person\/496d8ad2d1d3f8036101dca7ee39e585","name":"Redacci\u00f3n QP","image":{"@type":"ImageObject","inLanguage":"es","@id":"https:\/\/secure.gravatar.com\/avatar\/c7164ed6fdec453195284ad24a5ae5b6e1eed2b848477fa2a4787ba9adf39a41?s=96&d=mm&r=g","url":"https:\/\/secure.gravatar.com\/avatar\/c7164ed6fdec453195284ad24a5ae5b6e1eed2b848477fa2a4787ba9adf39a41?s=96&d=mm&r=g","contentUrl":"https:\/\/secure.gravatar.com\/avatar\/c7164ed6fdec453195284ad24a5ae5b6e1eed2b848477fa2a4787ba9adf39a41?s=96&d=mm&r=g","caption":"Redacci\u00f3n QP"},"url":"https:\/\/quehacerpolitico.mx\/?author=2"}]}},"featured_image_urls":{"full":["https:\/\/quehacerpolitico.mx\/wp-content\/uploads\/2024\/03\/IMG_4139.jpeg",678,452,false],"thumbnail":["https:\/\/quehacerpolitico.mx\/wp-content\/uploads\/2024\/03\/IMG_4139-150x150.jpeg",150,150,true],"medium":["https:\/\/quehacerpolitico.mx\/wp-content\/uploads\/2024\/03\/IMG_4139-300x200.jpeg",300,200,true],"medium_large":["https:\/\/quehacerpolitico.mx\/wp-content\/uploads\/2024\/03\/IMG_4139.jpeg",640,427,false],"large":["https:\/\/quehacerpolitico.mx\/wp-content\/uploads\/2024\/03\/IMG_4139.jpeg",640,427,false],"1536x1536":["https:\/\/quehacerpolitico.mx\/wp-content\/uploads\/2024\/03\/IMG_4139.jpeg",678,452,false],"2048x2048":["https:\/\/quehacerpolitico.mx\/wp-content\/uploads\/2024\/03\/IMG_4139.jpeg",678,452,false],"covernews-featured":["https:\/\/quehacerpolitico.mx\/wp-content\/uploads\/2024\/03\/IMG_4139.jpeg",678,452,false],"covernews-medium":["https:\/\/quehacerpolitico.mx\/wp-content\/uploads\/2024\/03\/IMG_4139.jpeg",510,340,false]},"author_info":{"display_name":"Redacci\u00f3n QP","author_link":"https:\/\/quehacerpolitico.mx\/?author=2"},"category_info":"<a href=\"https:\/\/quehacerpolitico.mx\/?cat=1\" rel=\"category\">Internacionales<\/a>","tag_info":"Internacionales","comment_count":"0","_links":{"self":[{"href":"https:\/\/quehacerpolitico.mx\/index.php?rest_route=\/wp\/v2\/posts\/108562","targetHints":{"allow":["GET"]}}],"collection":[{"href":"https:\/\/quehacerpolitico.mx\/index.php?rest_route=\/wp\/v2\/posts"}],"about":[{"href":"https:\/\/quehacerpolitico.mx\/index.php?rest_route=\/wp\/v2\/types\/post"}],"author":[{"embeddable":true,"href":"https:\/\/quehacerpolitico.mx\/index.php?rest_route=\/wp\/v2\/users\/2"}],"replies":[{"embeddable":true,"href":"https:\/\/quehacerpolitico.mx\/index.php?rest_route=%2Fwp%2Fv2%2Fcomments&post=108562"}],"version-history":[{"count":1,"href":"https:\/\/quehacerpolitico.mx\/index.php?rest_route=\/wp\/v2\/posts\/108562\/revisions"}],"predecessor-version":[{"id":108565,"href":"https:\/\/quehacerpolitico.mx\/index.php?rest_route=\/wp\/v2\/posts\/108562\/revisions\/108565"}],"wp:featuredmedia":[{"embeddable":true,"href":"https:\/\/quehacerpolitico.mx\/index.php?rest_route=\/wp\/v2\/media\/108564"}],"wp:attachment":[{"href":"https:\/\/quehacerpolitico.mx\/index.php?rest_route=%2Fwp%2Fv2%2Fmedia&parent=108562"}],"wp:term":[{"taxonomy":"category","embeddable":true,"href":"https:\/\/quehacerpolitico.mx\/index.php?rest_route=%2Fwp%2Fv2%2Fcategories&post=108562"},{"taxonomy":"post_tag","embeddable":true,"href":"https:\/\/quehacerpolitico.mx\/index.php?rest_route=%2Fwp%2Fv2%2Ftags&post=108562"}],"curies":[{"name":"wp","href":"https:\/\/api.w.org\/{rel}","templated":true}]}}