{"id":108556,"date":"2024-03-07T20:15:45","date_gmt":"2024-03-07T20:15:45","guid":{"rendered":"https:\/\/quehacerpolitico.mx\/?p=108556"},"modified":"2024-03-07T20:15:47","modified_gmt":"2024-03-07T20:15:47","slug":"sebastian-sosa-exportero-de-pumas-enfrenta-denuncia-por-participar-en-la-violacion-grupal-de-una-mujer","status":"publish","type":"post","link":"https:\/\/quehacerpolitico.mx\/?p=108556","title":{"rendered":"Sebasti\u00e1n Sosa, exportero de Pumas, enfrenta denuncia por participar en la violaci\u00f3n grupal de una mujer"},"content":{"rendered":"\n<p>Por Redacci\u00f3n QP<\/p>\n\n\n\n<p>El uruguayo que milita en el V\u00e9lez Sarsfield de Argentina fue denunciado junto con tres de sus compa\u00f1eros por la presunta v\u00edctima de violaci\u00f3n.<\/p>\n\n\n\n<p>Cuatro futbolistas del club V\u00e9lez Sarsfield de Argentina est\u00e1n acusados por abuso sexual luego del partido jugado por el equipo en la provincia de Tucum\u00e1n por la octava fecha de la Copa de la Liga, seg\u00fan la denuncia presentada por una mujer ante la justicia local.<\/p>\n\n\n\n<p>La\u00a0<strong>mujer de 24 a\u00f1os, una periodista<\/strong>\u00a0cuyo nombre se mantiene bajo reserva, acus\u00f3 a los jugadores Sebasti\u00e1n\u00a0Sosa, Braian Cufr\u00e9, Abiel Osorio y Jos\u00e9 Florent\u00edn por un hecho que habr\u00eda ocurrido en las primeras horas del domingo en el hotel en el cual se hospedada la plantilla de V\u00e9lez.<\/p>\n\n\n\n<p>Sosa es un portero uruguayo de 37 a\u00f1os que ha sido seleccionado nacional y que&nbsp;<strong>en M\u00e9xico milit\u00f3 en equipos como Pumas y Morelia en a\u00f1os recientes.<\/strong><\/p>\n\n\n\n<p>\u201cCuando termin\u00f3 el partido de Primera Divisi\u00f3n entre Atl\u00e9tico Tucum\u00e1n y V\u00e9lez, hizo contacto con un jugador de f\u00fatbol del club V\u00e9lez de nombre\u00a0<strong>Sebasti\u00e1n\u00a0Sosa<\/strong>, el cual le mand\u00f3 mensajes mediante la aplicaci\u00f3n Instagram para invitarla al hotel Hilton, a lo que ella acept\u00f3, por lo que se constituy\u00f3 en dicho hotel\u201d, dijo la denunciante.<\/p>\n\n\n\n<figure class=\"wp-block-embed is-type-rich is-provider-twitter wp-block-embed-twitter\"><div class=\"wp-block-embed__wrapper\">\n<blockquote class=\"twitter-tweet\" data-width=\"550\" data-dnt=\"true\"><p lang=\"pt\" dir=\"ltr\">\ud83d\udd35 COMUNICADO OFICIAL:<a href=\"https:\/\/t.co\/toOi1N7O6y\">https:\/\/t.co\/toOi1N7O6y<\/a> <a href=\"https:\/\/t.co\/cakFS6vWpW\">pic.twitter.com\/cakFS6vWpW<\/a><\/p>&mdash; V\u00e9lez Sarsfield (@Velez) <a href=\"https:\/\/twitter.com\/Velez\/status\/1765758051783496006?ref_src=twsrc%5Etfw\">March 7, 2024<\/a><\/blockquote><script async src=\"https:\/\/platform.twitter.com\/widgets.js\" charset=\"utf-8\"><\/script>\n<\/div><\/figure>\n\n\n\n<p>\u201cComparti\u00f3 unas latas de cerveza, luego le ofrecieron fernet y despu\u00e9s de tomar unos tragos comenz\u00f3 a sentirse mal, muy mareada, por lo que se recost\u00f3 en una de las camas como adormecida. Fue entonces que sin ning\u00fan consentimiento la abusaron sexualmente\u201d, a\u00f1adi\u00f3 en la denuncia.<\/p>\n\n\n\n<p>La documentaci\u00f3n oficial indica que intervino la Unidad Fiscal de Abuso Contra la Integridad Sexual N\u00famero 1 a cargo de Javier Gonzalo, quien dispuso que se hagan ex\u00e1menes a la v\u00edctima y que se registren las c\u00e1maras de seguridad del hotel.<\/p>\n\n\n\n<p>El club V\u00e9lez dijo m\u00e1s tarde que separar\u00e1 de manera preventiva a los jugadores incluidos en la denuncia.<\/p>\n\n\n\n<p>\u201cEn el marco del protocolo de actuaci\u00f3n en casos de violencia por motivos de g\u00e9nero de la Instituci\u00f3n, se informa que se ha decidido separar de manera preventiva del plantel profesional a los jugadores mencionados en la denuncia\u201d, indic\u00f3 el club en un comunicado.<\/p>\n\n\n\n<p>Con informaci\u00f3n de Reuters<\/p>\n","protected":false},"excerpt":{"rendered":"<p>Por Redacci\u00f3n QP El uruguayo que milita en el V\u00e9lez Sarsfield de Argentina fue denunciado&#8230;<\/p>\n","protected":false},"author":2,"featured_media":108557,"comment_status":"open","ping_status":"open","sticky":false,"template":"","format":"standard","meta":{"_monsterinsights_skip_tracking":false,"_monsterinsights_sitenote_active":false,"_monsterinsights_sitenote_note":"","_monsterinsights_sitenote_category":0,"footnotes":""},"categories":[54],"tags":[],"class_list":["post-108556","post","type-post","status-publish","format-standard","has-post-thumbnail","hentry","category-deportes"],"yoast_head":"<!-- This site is optimized with the Yoast SEO plugin v27.3 - https:\/\/yoast.com\/product\/yoast-seo-wordpress\/ -->\n<title>Sebasti\u00e1n Sosa, exportero de Pumas, enfrenta denuncia por participar en la violaci\u00f3n grupal de una mujer -<\/title>\n<meta name=\"robots\" content=\"index, follow, max-snippet:-1, max-image-preview:large, max-video-preview:-1\" \/>\n<link rel=\"canonical\" href=\"https:\/\/quehacerpolitico.mx\/?p=108556\" \/>\n<meta property=\"og:locale\" content=\"es_MX\" \/>\n<meta property=\"og:type\" content=\"article\" \/>\n<meta property=\"og:title\" content=\"Sebasti\u00e1n Sosa, exportero de Pumas, enfrenta denuncia por participar en la violaci\u00f3n grupal de una mujer -\" \/>\n<meta property=\"og:description\" content=\"Por Redacci\u00f3n QP El uruguayo que milita en el V\u00e9lez Sarsfield de Argentina fue denunciado...\" \/>\n<meta property=\"og:url\" content=\"https:\/\/quehacerpolitico.mx\/?p=108556\" \/>\n<meta property=\"article:published_time\" content=\"2024-03-07T20:15:45+00:00\" \/>\n<meta property=\"article:modified_time\" content=\"2024-03-07T20:15:47+00:00\" \/>\n<meta property=\"og:image\" content=\"https:\/\/quehacerpolitico.mx\/wp-content\/uploads\/2024\/03\/IMG_4136.jpeg\" \/>\n\t<meta property=\"og:image:width\" content=\"360\" \/>\n\t<meta property=\"og:image:height\" content=\"202\" \/>\n\t<meta property=\"og:image:type\" content=\"image\/jpeg\" \/>\n<meta name=\"author\" content=\"Redacci\u00f3n QP\" \/>\n<meta name=\"twitter:card\" content=\"summary_large_image\" \/>\n<meta name=\"twitter:label1\" content=\"Escrito por\" \/>\n\t<meta name=\"twitter:data1\" content=\"Redacci\u00f3n QP\" \/>\n\t<meta name=\"twitter:label2\" content=\"Tiempo de lectura\" \/>\n\t<meta name=\"twitter:data2\" content=\"2 minutos\" \/>\n<script type=\"application\/ld+json\" class=\"yoast-schema-graph\">{\"@context\":\"https:\\\/\\\/schema.org\",\"@graph\":[{\"@type\":\"Article\",\"@id\":\"https:\\\/\\\/quehacerpolitico.mx\\\/?p=108556#article\",\"isPartOf\":{\"@id\":\"https:\\\/\\\/quehacerpolitico.mx\\\/?p=108556\"},\"author\":{\"name\":\"Redacci\u00f3n QP\",\"@id\":\"https:\\\/\\\/quehacerpolitico.mx\\\/#\\\/schema\\\/person\\\/496d8ad2d1d3f8036101dca7ee39e585\"},\"headline\":\"Sebasti\u00e1n Sosa, exportero de Pumas, enfrenta denuncia por participar en la violaci\u00f3n grupal de una mujer\",\"datePublished\":\"2024-03-07T20:15:45+00:00\",\"dateModified\":\"2024-03-07T20:15:47+00:00\",\"mainEntityOfPage\":{\"@id\":\"https:\\\/\\\/quehacerpolitico.mx\\\/?p=108556\"},\"wordCount\":425,\"commentCount\":0,\"image\":{\"@id\":\"https:\\\/\\\/quehacerpolitico.mx\\\/?p=108556#primaryimage\"},\"thumbnailUrl\":\"https:\\\/\\\/quehacerpolitico.mx\\\/wp-content\\\/uploads\\\/2024\\\/03\\\/IMG_4136.jpeg\",\"articleSection\":[\"Deportes\"],\"inLanguage\":\"es\",\"potentialAction\":[{\"@type\":\"CommentAction\",\"name\":\"Comment\",\"target\":[\"https:\\\/\\\/quehacerpolitico.mx\\\/?p=108556#respond\"]}]},{\"@type\":\"WebPage\",\"@id\":\"https:\\\/\\\/quehacerpolitico.mx\\\/?p=108556\",\"url\":\"https:\\\/\\\/quehacerpolitico.mx\\\/?p=108556\",\"name\":\"Sebasti\u00e1n Sosa, exportero de Pumas, enfrenta denuncia por participar en la violaci\u00f3n grupal de una mujer -\",\"isPartOf\":{\"@id\":\"https:\\\/\\\/quehacerpolitico.mx\\\/#website\"},\"primaryImageOfPage\":{\"@id\":\"https:\\\/\\\/quehacerpolitico.mx\\\/?p=108556#primaryimage\"},\"image\":{\"@id\":\"https:\\\/\\\/quehacerpolitico.mx\\\/?p=108556#primaryimage\"},\"thumbnailUrl\":\"https:\\\/\\\/quehacerpolitico.mx\\\/wp-content\\\/uploads\\\/2024\\\/03\\\/IMG_4136.jpeg\",\"datePublished\":\"2024-03-07T20:15:45+00:00\",\"dateModified\":\"2024-03-07T20:15:47+00:00\",\"author\":{\"@id\":\"https:\\\/\\\/quehacerpolitico.mx\\\/#\\\/schema\\\/person\\\/496d8ad2d1d3f8036101dca7ee39e585\"},\"breadcrumb\":{\"@id\":\"https:\\\/\\\/quehacerpolitico.mx\\\/?p=108556#breadcrumb\"},\"inLanguage\":\"es\",\"potentialAction\":[{\"@type\":\"ReadAction\",\"target\":[\"https:\\\/\\\/quehacerpolitico.mx\\\/?p=108556\"]}]},{\"@type\":\"ImageObject\",\"inLanguage\":\"es\",\"@id\":\"https:\\\/\\\/quehacerpolitico.mx\\\/?p=108556#primaryimage\",\"url\":\"https:\\\/\\\/quehacerpolitico.mx\\\/wp-content\\\/uploads\\\/2024\\\/03\\\/IMG_4136.jpeg\",\"contentUrl\":\"https:\\\/\\\/quehacerpolitico.mx\\\/wp-content\\\/uploads\\\/2024\\\/03\\\/IMG_4136.jpeg\",\"width\":360,\"height\":202},{\"@type\":\"BreadcrumbList\",\"@id\":\"https:\\\/\\\/quehacerpolitico.mx\\\/?p=108556#breadcrumb\",\"itemListElement\":[{\"@type\":\"ListItem\",\"position\":1,\"name\":\"Inicio\",\"item\":\"https:\\\/\\\/quehacerpolitico.mx\\\/\"},{\"@type\":\"ListItem\",\"position\":2,\"name\":\"Sebasti\u00e1n Sosa, exportero de Pumas, enfrenta denuncia por participar en la violaci\u00f3n grupal de una mujer\"}]},{\"@type\":\"WebSite\",\"@id\":\"https:\\\/\\\/quehacerpolitico.mx\\\/#website\",\"url\":\"https:\\\/\\\/quehacerpolitico.mx\\\/\",\"name\":\"\",\"description\":\"\",\"potentialAction\":[{\"@type\":\"SearchAction\",\"target\":{\"@type\":\"EntryPoint\",\"urlTemplate\":\"https:\\\/\\\/quehacerpolitico.mx\\\/?s={search_term_string}\"},\"query-input\":{\"@type\":\"PropertyValueSpecification\",\"valueRequired\":true,\"valueName\":\"search_term_string\"}}],\"inLanguage\":\"es\"},{\"@type\":\"Person\",\"@id\":\"https:\\\/\\\/quehacerpolitico.mx\\\/#\\\/schema\\\/person\\\/496d8ad2d1d3f8036101dca7ee39e585\",\"name\":\"Redacci\u00f3n QP\",\"image\":{\"@type\":\"ImageObject\",\"inLanguage\":\"es\",\"@id\":\"https:\\\/\\\/secure.gravatar.com\\\/avatar\\\/c7164ed6fdec453195284ad24a5ae5b6e1eed2b848477fa2a4787ba9adf39a41?s=96&d=mm&r=g\",\"url\":\"https:\\\/\\\/secure.gravatar.com\\\/avatar\\\/c7164ed6fdec453195284ad24a5ae5b6e1eed2b848477fa2a4787ba9adf39a41?s=96&d=mm&r=g\",\"contentUrl\":\"https:\\\/\\\/secure.gravatar.com\\\/avatar\\\/c7164ed6fdec453195284ad24a5ae5b6e1eed2b848477fa2a4787ba9adf39a41?s=96&d=mm&r=g\",\"caption\":\"Redacci\u00f3n QP\"},\"url\":\"https:\\\/\\\/quehacerpolitico.mx\\\/?author=2\"}]}<\/script>\n<!-- \/ Yoast SEO plugin. -->","yoast_head_json":{"title":"Sebasti\u00e1n Sosa, exportero de Pumas, enfrenta denuncia por participar en la violaci\u00f3n grupal de una mujer -","robots":{"index":"index","follow":"follow","max-snippet":"max-snippet:-1","max-image-preview":"max-image-preview:large","max-video-preview":"max-video-preview:-1"},"canonical":"https:\/\/quehacerpolitico.mx\/?p=108556","og_locale":"es_MX","og_type":"article","og_title":"Sebasti\u00e1n Sosa, exportero de Pumas, enfrenta denuncia por participar en la violaci\u00f3n grupal de una mujer -","og_description":"Por Redacci\u00f3n QP El uruguayo que milita en el V\u00e9lez Sarsfield de Argentina fue denunciado...","og_url":"https:\/\/quehacerpolitico.mx\/?p=108556","article_published_time":"2024-03-07T20:15:45+00:00","article_modified_time":"2024-03-07T20:15:47+00:00","og_image":[{"width":360,"height":202,"url":"https:\/\/quehacerpolitico.mx\/wp-content\/uploads\/2024\/03\/IMG_4136.jpeg","type":"image\/jpeg"}],"author":"Redacci\u00f3n QP","twitter_card":"summary_large_image","twitter_misc":{"Escrito por":"Redacci\u00f3n QP","Tiempo de lectura":"2 minutos"},"schema":{"@context":"https:\/\/schema.org","@graph":[{"@type":"Article","@id":"https:\/\/quehacerpolitico.mx\/?p=108556#article","isPartOf":{"@id":"https:\/\/quehacerpolitico.mx\/?p=108556"},"author":{"name":"Redacci\u00f3n QP","@id":"https:\/\/quehacerpolitico.mx\/#\/schema\/person\/496d8ad2d1d3f8036101dca7ee39e585"},"headline":"Sebasti\u00e1n Sosa, exportero de Pumas, enfrenta denuncia por participar en la violaci\u00f3n grupal de una mujer","datePublished":"2024-03-07T20:15:45+00:00","dateModified":"2024-03-07T20:15:47+00:00","mainEntityOfPage":{"@id":"https:\/\/quehacerpolitico.mx\/?p=108556"},"wordCount":425,"commentCount":0,"image":{"@id":"https:\/\/quehacerpolitico.mx\/?p=108556#primaryimage"},"thumbnailUrl":"https:\/\/quehacerpolitico.mx\/wp-content\/uploads\/2024\/03\/IMG_4136.jpeg","articleSection":["Deportes"],"inLanguage":"es","potentialAction":[{"@type":"CommentAction","name":"Comment","target":["https:\/\/quehacerpolitico.mx\/?p=108556#respond"]}]},{"@type":"WebPage","@id":"https:\/\/quehacerpolitico.mx\/?p=108556","url":"https:\/\/quehacerpolitico.mx\/?p=108556","name":"Sebasti\u00e1n Sosa, exportero de Pumas, enfrenta denuncia por participar en la violaci\u00f3n grupal de una mujer -","isPartOf":{"@id":"https:\/\/quehacerpolitico.mx\/#website"},"primaryImageOfPage":{"@id":"https:\/\/quehacerpolitico.mx\/?p=108556#primaryimage"},"image":{"@id":"https:\/\/quehacerpolitico.mx\/?p=108556#primaryimage"},"thumbnailUrl":"https:\/\/quehacerpolitico.mx\/wp-content\/uploads\/2024\/03\/IMG_4136.jpeg","datePublished":"2024-03-07T20:15:45+00:00","dateModified":"2024-03-07T20:15:47+00:00","author":{"@id":"https:\/\/quehacerpolitico.mx\/#\/schema\/person\/496d8ad2d1d3f8036101dca7ee39e585"},"breadcrumb":{"@id":"https:\/\/quehacerpolitico.mx\/?p=108556#breadcrumb"},"inLanguage":"es","potentialAction":[{"@type":"ReadAction","target":["https:\/\/quehacerpolitico.mx\/?p=108556"]}]},{"@type":"ImageObject","inLanguage":"es","@id":"https:\/\/quehacerpolitico.mx\/?p=108556#primaryimage","url":"https:\/\/quehacerpolitico.mx\/wp-content\/uploads\/2024\/03\/IMG_4136.jpeg","contentUrl":"https:\/\/quehacerpolitico.mx\/wp-content\/uploads\/2024\/03\/IMG_4136.jpeg","width":360,"height":202},{"@type":"BreadcrumbList","@id":"https:\/\/quehacerpolitico.mx\/?p=108556#breadcrumb","itemListElement":[{"@type":"ListItem","position":1,"name":"Inicio","item":"https:\/\/quehacerpolitico.mx\/"},{"@type":"ListItem","position":2,"name":"Sebasti\u00e1n Sosa, exportero de Pumas, enfrenta denuncia por participar en la violaci\u00f3n grupal de una mujer"}]},{"@type":"WebSite","@id":"https:\/\/quehacerpolitico.mx\/#website","url":"https:\/\/quehacerpolitico.mx\/","name":"","description":"","potentialAction":[{"@type":"SearchAction","target":{"@type":"EntryPoint","urlTemplate":"https:\/\/quehacerpolitico.mx\/?s={search_term_string}"},"query-input":{"@type":"PropertyValueSpecification","valueRequired":true,"valueName":"search_term_string"}}],"inLanguage":"es"},{"@type":"Person","@id":"https:\/\/quehacerpolitico.mx\/#\/schema\/person\/496d8ad2d1d3f8036101dca7ee39e585","name":"Redacci\u00f3n QP","image":{"@type":"ImageObject","inLanguage":"es","@id":"https:\/\/secure.gravatar.com\/avatar\/c7164ed6fdec453195284ad24a5ae5b6e1eed2b848477fa2a4787ba9adf39a41?s=96&d=mm&r=g","url":"https:\/\/secure.gravatar.com\/avatar\/c7164ed6fdec453195284ad24a5ae5b6e1eed2b848477fa2a4787ba9adf39a41?s=96&d=mm&r=g","contentUrl":"https:\/\/secure.gravatar.com\/avatar\/c7164ed6fdec453195284ad24a5ae5b6e1eed2b848477fa2a4787ba9adf39a41?s=96&d=mm&r=g","caption":"Redacci\u00f3n QP"},"url":"https:\/\/quehacerpolitico.mx\/?author=2"}]}},"featured_image_urls":{"full":["https:\/\/quehacerpolitico.mx\/wp-content\/uploads\/2024\/03\/IMG_4136.jpeg",360,202,false],"thumbnail":["https:\/\/quehacerpolitico.mx\/wp-content\/uploads\/2024\/03\/IMG_4136-150x150.jpeg",150,150,true],"medium":["https:\/\/quehacerpolitico.mx\/wp-content\/uploads\/2024\/03\/IMG_4136-300x168.jpeg",300,168,true],"medium_large":["https:\/\/quehacerpolitico.mx\/wp-content\/uploads\/2024\/03\/IMG_4136.jpeg",360,202,false],"large":["https:\/\/quehacerpolitico.mx\/wp-content\/uploads\/2024\/03\/IMG_4136.jpeg",360,202,false],"1536x1536":["https:\/\/quehacerpolitico.mx\/wp-content\/uploads\/2024\/03\/IMG_4136.jpeg",360,202,false],"2048x2048":["https:\/\/quehacerpolitico.mx\/wp-content\/uploads\/2024\/03\/IMG_4136.jpeg",360,202,false],"covernews-featured":["https:\/\/quehacerpolitico.mx\/wp-content\/uploads\/2024\/03\/IMG_4136.jpeg",360,202,false],"covernews-medium":["https:\/\/quehacerpolitico.mx\/wp-content\/uploads\/2024\/03\/IMG_4136.jpeg",360,202,false]},"author_info":{"display_name":"Redacci\u00f3n QP","author_link":"https:\/\/quehacerpolitico.mx\/?author=2"},"category_info":"<a href=\"https:\/\/quehacerpolitico.mx\/?cat=54\" rel=\"category\">Deportes<\/a>","tag_info":"Deportes","comment_count":"0","_links":{"self":[{"href":"https:\/\/quehacerpolitico.mx\/index.php?rest_route=\/wp\/v2\/posts\/108556","targetHints":{"allow":["GET"]}}],"collection":[{"href":"https:\/\/quehacerpolitico.mx\/index.php?rest_route=\/wp\/v2\/posts"}],"about":[{"href":"https:\/\/quehacerpolitico.mx\/index.php?rest_route=\/wp\/v2\/types\/post"}],"author":[{"embeddable":true,"href":"https:\/\/quehacerpolitico.mx\/index.php?rest_route=\/wp\/v2\/users\/2"}],"replies":[{"embeddable":true,"href":"https:\/\/quehacerpolitico.mx\/index.php?rest_route=%2Fwp%2Fv2%2Fcomments&post=108556"}],"version-history":[{"count":1,"href":"https:\/\/quehacerpolitico.mx\/index.php?rest_route=\/wp\/v2\/posts\/108556\/revisions"}],"predecessor-version":[{"id":108558,"href":"https:\/\/quehacerpolitico.mx\/index.php?rest_route=\/wp\/v2\/posts\/108556\/revisions\/108558"}],"wp:featuredmedia":[{"embeddable":true,"href":"https:\/\/quehacerpolitico.mx\/index.php?rest_route=\/wp\/v2\/media\/108557"}],"wp:attachment":[{"href":"https:\/\/quehacerpolitico.mx\/index.php?rest_route=%2Fwp%2Fv2%2Fmedia&parent=108556"}],"wp:term":[{"taxonomy":"category","embeddable":true,"href":"https:\/\/quehacerpolitico.mx\/index.php?rest_route=%2Fwp%2Fv2%2Fcategories&post=108556"},{"taxonomy":"post_tag","embeddable":true,"href":"https:\/\/quehacerpolitico.mx\/index.php?rest_route=%2Fwp%2Fv2%2Ftags&post=108556"}],"curies":[{"name":"wp","href":"https:\/\/api.w.org\/{rel}","templated":true}]}}