{"id":108549,"date":"2024-03-07T20:01:21","date_gmt":"2024-03-07T20:01:21","guid":{"rendered":"https:\/\/quehacerpolitico.mx\/?p=108549"},"modified":"2024-03-07T20:01:23","modified_gmt":"2024-03-07T20:01:23","slug":"el-pabellon-de-cultura-comunitaria-contara-con-un-mural-intervenido-por-semilleros-creativos-del-pais","status":"publish","type":"post","link":"https:\/\/quehacerpolitico.mx\/?p=108549","title":{"rendered":"El Pabell\u00f3n de Cultura Comunitaria contar\u00e1 con un mural intervenido por Semilleros Creativos del pa\u00eds"},"content":{"rendered":"\n<p>Por Redacci\u00f3n QP<\/p>\n\n\n\n<p>Poco m\u00e1s de 1000 ni\u00f1as, ni\u00f1os y j\u00f3venes de los Semilleros Creativos de Artes visuales de todo el pa\u00eds participan en el dise\u00f1o y creaci\u00f3n del mural\u00a0<em>El ombligo de la luna,<\/em>\u00a0que se colocar\u00e1 en el techo del foro al aire libre del Pabell\u00f3n de Cultura Comunitaria que se prepara en\u00a0Avenida Constituyentes 270 en la colonia Miguel Hidalgo, en la Ciudad de M\u00e9xico.<\/p>\n\n\n\n<p>Para lograr esta encomienda, 260 participantes de siete entidades de la Rep\u00fablica (Ciudad de M\u00e9xico, Estado de M\u00e9xico, Guerrero, Hidalgo, Morelos, Puebla y Tlaxcala) pintar\u00e1n esta semana parte de las ilustraciones seleccionadas.<\/p>\n\n\n\n<p>Cabe se\u00f1alar que los Semilleros Creativos son grupos de formaci\u00f3n art\u00edstica gratuita con enfoque comunitario para la ni\u00f1ez y las juventudes del pa\u00eds, donde se promueve su participaci\u00f3n en la vida art\u00edstica, el pensamiento cr\u00edtico y su posicionamiento como agentes culturales.<\/p>\n\n\n\n<figure class=\"wp-block-image size-large\"><img loading=\"lazy\" decoding=\"async\" width=\"1024\" height=\"576\" src=\"https:\/\/quehacerpolitico.mx\/wp-content\/uploads\/2024\/03\/image-19-1024x576.jpeg\" alt=\"\" class=\"wp-image-108551\" srcset=\"https:\/\/quehacerpolitico.mx\/wp-content\/uploads\/2024\/03\/image-19-1024x576.jpeg 1024w, https:\/\/quehacerpolitico.mx\/wp-content\/uploads\/2024\/03\/image-19-300x169.jpeg 300w, https:\/\/quehacerpolitico.mx\/wp-content\/uploads\/2024\/03\/image-19-768x432.jpeg 768w, https:\/\/quehacerpolitico.mx\/wp-content\/uploads\/2024\/03\/image-19-1536x864.jpeg 1536w, https:\/\/quehacerpolitico.mx\/wp-content\/uploads\/2024\/03\/image-19-260x146.jpeg 260w, https:\/\/quehacerpolitico.mx\/wp-content\/uploads\/2024\/03\/image-19-50x28.jpeg 50w, https:\/\/quehacerpolitico.mx\/wp-content\/uploads\/2024\/03\/image-19-133x75.jpeg 133w, https:\/\/quehacerpolitico.mx\/wp-content\/uploads\/2024\/03\/image-19-1200x675.jpeg 1200w, https:\/\/quehacerpolitico.mx\/wp-content\/uploads\/2024\/03\/image-19.jpeg 1600w\" sizes=\"auto, (max-width: 1024px) 100vw, 1024px\" \/><\/figure>\n\n\n\n<p>A trav\u00e9s de esta obra comunitaria de arte urbano, ni\u00f1as, ni\u00f1os y j\u00f3venes comparten un retrato de M\u00e9xico a trav\u00e9s de sus cosmovisiones, las leyendas de sus comunidades, y la flora y fauna que habita sus diversos paisajes.<\/p>\n\n\n\n<p>La pieza comunitaria est\u00e1 bajo la direcci\u00f3n art\u00edstica de Gala S\u00e1nchez Renero, con quienes muchas de estas infancias y juventudes han colaborado, como lo fue en las ediciones del Magno evento de Cultura Comunitaria Tengo un sue\u00f1o, en donde elaboraron la escenograf\u00eda.<\/p>\n\n\n\n<p>En esta ocasi\u00f3n, ni\u00f1as, ni\u00f1os y j\u00f3venes de diversos estados que participan en los Semilleros Creativos de Artes visuales en el pa\u00eds enviaron sus propuestas de dibujos para el dise\u00f1o de este mural, quedando seleccionadas 17 im\u00e1genes que se plasman de manera colaborativa, bajo el formato de pixel.<\/p>\n\n\n\n<figure class=\"wp-block-image size-large\"><img loading=\"lazy\" decoding=\"async\" width=\"1024\" height=\"768\" src=\"https:\/\/quehacerpolitico.mx\/wp-content\/uploads\/2024\/03\/image-20-1024x768.jpeg\" alt=\"\" class=\"wp-image-108552\" srcset=\"https:\/\/quehacerpolitico.mx\/wp-content\/uploads\/2024\/03\/image-20-1024x768.jpeg 1024w, https:\/\/quehacerpolitico.mx\/wp-content\/uploads\/2024\/03\/image-20-300x225.jpeg 300w, https:\/\/quehacerpolitico.mx\/wp-content\/uploads\/2024\/03\/image-20-768x576.jpeg 768w, https:\/\/quehacerpolitico.mx\/wp-content\/uploads\/2024\/03\/image-20-1536x1152.jpeg 1536w, https:\/\/quehacerpolitico.mx\/wp-content\/uploads\/2024\/03\/image-20-195x146.jpeg 195w, https:\/\/quehacerpolitico.mx\/wp-content\/uploads\/2024\/03\/image-20-50x38.jpeg 50w, https:\/\/quehacerpolitico.mx\/wp-content\/uploads\/2024\/03\/image-20-100x75.jpeg 100w, https:\/\/quehacerpolitico.mx\/wp-content\/uploads\/2024\/03\/image-20-960x720.jpeg 960w, https:\/\/quehacerpolitico.mx\/wp-content\/uploads\/2024\/03\/image-20.jpeg 1600w\" sizes=\"auto, (max-width: 1024px) 100vw, 1024px\" \/><\/figure>\n\n\n\n<p>La imagen central fue dise\u00f1ada por el Semillero Creativo de Grabado y Dibujo de Chihuahua, Chihuahua. El resto de las im\u00e1genes que acompa\u00f1an y conviven con esta propuesta art\u00edstica fueron dise\u00f1adas por los Semilleros Creativos de Escritura creativa y Pintura en Cos\u00edo, y Pintura en el Llano, Aguascalientes; Dibujo, Pintura, Artes pl\u00e1sticas y Circo de Xochimilco, Ciudad de M\u00e9xico; Dibujo, Pintura, Grabado y Modelado de Tepeapulco, Hidalgo; Pintura de Cerro de San Pedro, San Luis Potos\u00ed; Pintura de Santa Ana, Sonora; Dibujo y pintura de Acuamanala de Miguel Hidalgo, Tlaxcala, y Artes visuales de Guadalupe, Zacatecas.<\/p>\n\n\n\n<p>La obra comunitaria consiste en una imagen circular, cuyo centro est\u00e1 inspirado en la leyenda prehisp\u00e1nica del Conejo en la luna. Alrededor, cuenta con ilustraciones como mariposas, ajolotes, cactus, catarinas y dem\u00e1s elementos que acompa\u00f1ar\u00e1n a la imagen central. Este mural podr\u00e1 apreciarse desde el Cableb\u00fas de la L\u00ednea 3, que pasar\u00e1 por el Bosque de Chapultepec.<\/p>\n\n\n\n<figure class=\"wp-block-image size-large\"><img loading=\"lazy\" decoding=\"async\" width=\"826\" height=\"1024\" src=\"https:\/\/quehacerpolitico.mx\/wp-content\/uploads\/2024\/03\/image-21-826x1024.jpeg\" alt=\"\" class=\"wp-image-108553\" srcset=\"https:\/\/quehacerpolitico.mx\/wp-content\/uploads\/2024\/03\/image-21-826x1024.jpeg 826w, https:\/\/quehacerpolitico.mx\/wp-content\/uploads\/2024\/03\/image-21-242x300.jpeg 242w, https:\/\/quehacerpolitico.mx\/wp-content\/uploads\/2024\/03\/image-21-768x952.jpeg 768w, https:\/\/quehacerpolitico.mx\/wp-content\/uploads\/2024\/03\/image-21-1239x1536.jpeg 1239w, https:\/\/quehacerpolitico.mx\/wp-content\/uploads\/2024\/03\/image-21-118x146.jpeg 118w, https:\/\/quehacerpolitico.mx\/wp-content\/uploads\/2024\/03\/image-21-40x50.jpeg 40w, https:\/\/quehacerpolitico.mx\/wp-content\/uploads\/2024\/03\/image-21-61x75.jpeg 61w, https:\/\/quehacerpolitico.mx\/wp-content\/uploads\/2024\/03\/image-21.jpeg 1290w\" sizes=\"auto, (max-width: 826px) 100vw, 826px\" \/><\/figure>\n\n\n\n<p>\u00d3scar, de 19 a\u00f1os de edad, e integrante del Semillero Creativo de Artes visuales en Tlaxcala de Xicoht\u00e9ncatl, Tlaxcala, comenta: \u201ccada que pase por el rumbo recordar\u00e9 que yo particip\u00e9 en la obra y que junto a otros Semilleros trabajamos colaborativamente para poder lograr esto\u201d. Agrega que le gusta la convivencia que se genera en este espacio \u201cporque ahora s\u00e9 que hay otras personas a las que les gusta la cultura y el arte\u201d.<\/p>\n\n\n\n<p>Por su parte, Andrea Coraline, de 11 a\u00f1os de edad, y quien forma parte del Semillero Creativo de Dibujo, Pintura y Muralismo en Valle de Chalco Solidaridad, Estado de M\u00e9xico, se\u00f1ala que siente mucha felicidad de participar en este mural \u201cporque voy a compartir mis emociones y expresar y pintar con mis compa\u00f1eros\u201d. Agrega que la obra le transmite felicidad y comparte que los elementos que m\u00e1s le gustan de la obra es el ajolote y la flor, porque \u201cambos son muy mexicanos\u201d.<\/p>\n\n\n\n<figure class=\"wp-block-image size-large\"><img loading=\"lazy\" decoding=\"async\" width=\"768\" height=\"1024\" src=\"https:\/\/quehacerpolitico.mx\/wp-content\/uploads\/2024\/03\/image-22-768x1024.jpeg\" alt=\"\" class=\"wp-image-108554\" srcset=\"https:\/\/quehacerpolitico.mx\/wp-content\/uploads\/2024\/03\/image-22-768x1024.jpeg 768w, https:\/\/quehacerpolitico.mx\/wp-content\/uploads\/2024\/03\/image-22-225x300.jpeg 225w, https:\/\/quehacerpolitico.mx\/wp-content\/uploads\/2024\/03\/image-22-1152x1536.jpeg 1152w, https:\/\/quehacerpolitico.mx\/wp-content\/uploads\/2024\/03\/image-22-110x146.jpeg 110w, https:\/\/quehacerpolitico.mx\/wp-content\/uploads\/2024\/03\/image-22-38x50.jpeg 38w, https:\/\/quehacerpolitico.mx\/wp-content\/uploads\/2024\/03\/image-22-56x75.jpeg 56w, https:\/\/quehacerpolitico.mx\/wp-content\/uploads\/2024\/03\/image-22.jpeg 1200w\" sizes=\"auto, (max-width: 768px) 100vw, 768px\" \/><\/figure>\n\n\n\n<p>El Pabell\u00f3n de Cultura Comunitaria estar\u00e1 dedicado a los Semilleros Creativos y ser\u00e1 un espacio donde podr\u00e1n exponer sus obras y mostrar toda la riqueza visual que hay en estos grupos colaborativos de todo el pa\u00eds.<\/p>\n","protected":false},"excerpt":{"rendered":"<p>Por Redacci\u00f3n QP Poco m\u00e1s de 1000 ni\u00f1as, ni\u00f1os y j\u00f3venes de los Semilleros Creativos&#8230;<\/p>\n","protected":false},"author":2,"featured_media":108550,"comment_status":"open","ping_status":"open","sticky":false,"template":"","format":"standard","meta":{"_monsterinsights_skip_tracking":false,"_monsterinsights_sitenote_active":false,"_monsterinsights_sitenote_note":"","_monsterinsights_sitenote_category":0,"footnotes":""},"categories":[58],"tags":[],"class_list":["post-108549","post","type-post","status-publish","format-standard","has-post-thumbnail","hentry","category-cultura"],"yoast_head":"<!-- This site is optimized with the Yoast SEO plugin v27.3 - https:\/\/yoast.com\/product\/yoast-seo-wordpress\/ -->\n<title>El Pabell\u00f3n de Cultura Comunitaria contar\u00e1 con un mural intervenido por Semilleros Creativos del pa\u00eds -<\/title>\n<meta name=\"robots\" content=\"index, follow, max-snippet:-1, max-image-preview:large, max-video-preview:-1\" \/>\n<link rel=\"canonical\" href=\"https:\/\/quehacerpolitico.mx\/?p=108549\" \/>\n<meta property=\"og:locale\" content=\"es_MX\" \/>\n<meta property=\"og:type\" content=\"article\" \/>\n<meta property=\"og:title\" content=\"El Pabell\u00f3n de Cultura Comunitaria contar\u00e1 con un mural intervenido por Semilleros Creativos del pa\u00eds -\" \/>\n<meta property=\"og:description\" content=\"Por Redacci\u00f3n QP Poco m\u00e1s de 1000 ni\u00f1as, ni\u00f1os y j\u00f3venes de los Semilleros Creativos...\" \/>\n<meta property=\"og:url\" content=\"https:\/\/quehacerpolitico.mx\/?p=108549\" \/>\n<meta property=\"article:published_time\" content=\"2024-03-07T20:01:21+00:00\" \/>\n<meta property=\"article:modified_time\" content=\"2024-03-07T20:01:23+00:00\" \/>\n<meta property=\"og:image\" content=\"https:\/\/quehacerpolitico.mx\/wp-content\/uploads\/2024\/03\/IMG_4130.jpeg\" \/>\n\t<meta property=\"og:image:width\" content=\"1600\" \/>\n\t<meta property=\"og:image:height\" content=\"1200\" \/>\n\t<meta property=\"og:image:type\" content=\"image\/jpeg\" \/>\n<meta name=\"author\" content=\"Redacci\u00f3n QP\" \/>\n<meta name=\"twitter:card\" content=\"summary_large_image\" \/>\n<meta name=\"twitter:label1\" content=\"Escrito por\" \/>\n\t<meta name=\"twitter:data1\" content=\"Redacci\u00f3n QP\" \/>\n\t<meta name=\"twitter:label2\" content=\"Tiempo de lectura\" \/>\n\t<meta name=\"twitter:data2\" content=\"3 minutos\" \/>\n<script type=\"application\/ld+json\" class=\"yoast-schema-graph\">{\"@context\":\"https:\\\/\\\/schema.org\",\"@graph\":[{\"@type\":\"Article\",\"@id\":\"https:\\\/\\\/quehacerpolitico.mx\\\/?p=108549#article\",\"isPartOf\":{\"@id\":\"https:\\\/\\\/quehacerpolitico.mx\\\/?p=108549\"},\"author\":{\"name\":\"Redacci\u00f3n QP\",\"@id\":\"https:\\\/\\\/quehacerpolitico.mx\\\/#\\\/schema\\\/person\\\/496d8ad2d1d3f8036101dca7ee39e585\"},\"headline\":\"El Pabell\u00f3n de Cultura Comunitaria contar\u00e1 con un mural intervenido por Semilleros Creativos del pa\u00eds\",\"datePublished\":\"2024-03-07T20:01:21+00:00\",\"dateModified\":\"2024-03-07T20:01:23+00:00\",\"mainEntityOfPage\":{\"@id\":\"https:\\\/\\\/quehacerpolitico.mx\\\/?p=108549\"},\"wordCount\":689,\"commentCount\":0,\"image\":{\"@id\":\"https:\\\/\\\/quehacerpolitico.mx\\\/?p=108549#primaryimage\"},\"thumbnailUrl\":\"https:\\\/\\\/quehacerpolitico.mx\\\/wp-content\\\/uploads\\\/2024\\\/03\\\/IMG_4130.jpeg\",\"articleSection\":[\"Cultura y Entretenimiento\"],\"inLanguage\":\"es\",\"potentialAction\":[{\"@type\":\"CommentAction\",\"name\":\"Comment\",\"target\":[\"https:\\\/\\\/quehacerpolitico.mx\\\/?p=108549#respond\"]}]},{\"@type\":\"WebPage\",\"@id\":\"https:\\\/\\\/quehacerpolitico.mx\\\/?p=108549\",\"url\":\"https:\\\/\\\/quehacerpolitico.mx\\\/?p=108549\",\"name\":\"El Pabell\u00f3n de Cultura Comunitaria contar\u00e1 con un mural intervenido por Semilleros Creativos del pa\u00eds -\",\"isPartOf\":{\"@id\":\"https:\\\/\\\/quehacerpolitico.mx\\\/#website\"},\"primaryImageOfPage\":{\"@id\":\"https:\\\/\\\/quehacerpolitico.mx\\\/?p=108549#primaryimage\"},\"image\":{\"@id\":\"https:\\\/\\\/quehacerpolitico.mx\\\/?p=108549#primaryimage\"},\"thumbnailUrl\":\"https:\\\/\\\/quehacerpolitico.mx\\\/wp-content\\\/uploads\\\/2024\\\/03\\\/IMG_4130.jpeg\",\"datePublished\":\"2024-03-07T20:01:21+00:00\",\"dateModified\":\"2024-03-07T20:01:23+00:00\",\"author\":{\"@id\":\"https:\\\/\\\/quehacerpolitico.mx\\\/#\\\/schema\\\/person\\\/496d8ad2d1d3f8036101dca7ee39e585\"},\"breadcrumb\":{\"@id\":\"https:\\\/\\\/quehacerpolitico.mx\\\/?p=108549#breadcrumb\"},\"inLanguage\":\"es\",\"potentialAction\":[{\"@type\":\"ReadAction\",\"target\":[\"https:\\\/\\\/quehacerpolitico.mx\\\/?p=108549\"]}]},{\"@type\":\"ImageObject\",\"inLanguage\":\"es\",\"@id\":\"https:\\\/\\\/quehacerpolitico.mx\\\/?p=108549#primaryimage\",\"url\":\"https:\\\/\\\/quehacerpolitico.mx\\\/wp-content\\\/uploads\\\/2024\\\/03\\\/IMG_4130.jpeg\",\"contentUrl\":\"https:\\\/\\\/quehacerpolitico.mx\\\/wp-content\\\/uploads\\\/2024\\\/03\\\/IMG_4130.jpeg\",\"width\":1600,\"height\":1200},{\"@type\":\"BreadcrumbList\",\"@id\":\"https:\\\/\\\/quehacerpolitico.mx\\\/?p=108549#breadcrumb\",\"itemListElement\":[{\"@type\":\"ListItem\",\"position\":1,\"name\":\"Inicio\",\"item\":\"https:\\\/\\\/quehacerpolitico.mx\\\/\"},{\"@type\":\"ListItem\",\"position\":2,\"name\":\"El Pabell\u00f3n de Cultura Comunitaria contar\u00e1 con un mural intervenido por Semilleros Creativos del pa\u00eds\"}]},{\"@type\":\"WebSite\",\"@id\":\"https:\\\/\\\/quehacerpolitico.mx\\\/#website\",\"url\":\"https:\\\/\\\/quehacerpolitico.mx\\\/\",\"name\":\"\",\"description\":\"\",\"potentialAction\":[{\"@type\":\"SearchAction\",\"target\":{\"@type\":\"EntryPoint\",\"urlTemplate\":\"https:\\\/\\\/quehacerpolitico.mx\\\/?s={search_term_string}\"},\"query-input\":{\"@type\":\"PropertyValueSpecification\",\"valueRequired\":true,\"valueName\":\"search_term_string\"}}],\"inLanguage\":\"es\"},{\"@type\":\"Person\",\"@id\":\"https:\\\/\\\/quehacerpolitico.mx\\\/#\\\/schema\\\/person\\\/496d8ad2d1d3f8036101dca7ee39e585\",\"name\":\"Redacci\u00f3n QP\",\"image\":{\"@type\":\"ImageObject\",\"inLanguage\":\"es\",\"@id\":\"https:\\\/\\\/secure.gravatar.com\\\/avatar\\\/c7164ed6fdec453195284ad24a5ae5b6e1eed2b848477fa2a4787ba9adf39a41?s=96&d=mm&r=g\",\"url\":\"https:\\\/\\\/secure.gravatar.com\\\/avatar\\\/c7164ed6fdec453195284ad24a5ae5b6e1eed2b848477fa2a4787ba9adf39a41?s=96&d=mm&r=g\",\"contentUrl\":\"https:\\\/\\\/secure.gravatar.com\\\/avatar\\\/c7164ed6fdec453195284ad24a5ae5b6e1eed2b848477fa2a4787ba9adf39a41?s=96&d=mm&r=g\",\"caption\":\"Redacci\u00f3n QP\"},\"url\":\"https:\\\/\\\/quehacerpolitico.mx\\\/?author=2\"}]}<\/script>\n<!-- \/ Yoast SEO plugin. -->","yoast_head_json":{"title":"El Pabell\u00f3n de Cultura Comunitaria contar\u00e1 con un mural intervenido por Semilleros Creativos del pa\u00eds -","robots":{"index":"index","follow":"follow","max-snippet":"max-snippet:-1","max-image-preview":"max-image-preview:large","max-video-preview":"max-video-preview:-1"},"canonical":"https:\/\/quehacerpolitico.mx\/?p=108549","og_locale":"es_MX","og_type":"article","og_title":"El Pabell\u00f3n de Cultura Comunitaria contar\u00e1 con un mural intervenido por Semilleros Creativos del pa\u00eds -","og_description":"Por Redacci\u00f3n QP Poco m\u00e1s de 1000 ni\u00f1as, ni\u00f1os y j\u00f3venes de los Semilleros Creativos...","og_url":"https:\/\/quehacerpolitico.mx\/?p=108549","article_published_time":"2024-03-07T20:01:21+00:00","article_modified_time":"2024-03-07T20:01:23+00:00","og_image":[{"width":1600,"height":1200,"url":"https:\/\/quehacerpolitico.mx\/wp-content\/uploads\/2024\/03\/IMG_4130.jpeg","type":"image\/jpeg"}],"author":"Redacci\u00f3n QP","twitter_card":"summary_large_image","twitter_misc":{"Escrito por":"Redacci\u00f3n QP","Tiempo de lectura":"3 minutos"},"schema":{"@context":"https:\/\/schema.org","@graph":[{"@type":"Article","@id":"https:\/\/quehacerpolitico.mx\/?p=108549#article","isPartOf":{"@id":"https:\/\/quehacerpolitico.mx\/?p=108549"},"author":{"name":"Redacci\u00f3n QP","@id":"https:\/\/quehacerpolitico.mx\/#\/schema\/person\/496d8ad2d1d3f8036101dca7ee39e585"},"headline":"El Pabell\u00f3n de Cultura Comunitaria contar\u00e1 con un mural intervenido por Semilleros Creativos del pa\u00eds","datePublished":"2024-03-07T20:01:21+00:00","dateModified":"2024-03-07T20:01:23+00:00","mainEntityOfPage":{"@id":"https:\/\/quehacerpolitico.mx\/?p=108549"},"wordCount":689,"commentCount":0,"image":{"@id":"https:\/\/quehacerpolitico.mx\/?p=108549#primaryimage"},"thumbnailUrl":"https:\/\/quehacerpolitico.mx\/wp-content\/uploads\/2024\/03\/IMG_4130.jpeg","articleSection":["Cultura y Entretenimiento"],"inLanguage":"es","potentialAction":[{"@type":"CommentAction","name":"Comment","target":["https:\/\/quehacerpolitico.mx\/?p=108549#respond"]}]},{"@type":"WebPage","@id":"https:\/\/quehacerpolitico.mx\/?p=108549","url":"https:\/\/quehacerpolitico.mx\/?p=108549","name":"El Pabell\u00f3n de Cultura Comunitaria contar\u00e1 con un mural intervenido por Semilleros Creativos del pa\u00eds -","isPartOf":{"@id":"https:\/\/quehacerpolitico.mx\/#website"},"primaryImageOfPage":{"@id":"https:\/\/quehacerpolitico.mx\/?p=108549#primaryimage"},"image":{"@id":"https:\/\/quehacerpolitico.mx\/?p=108549#primaryimage"},"thumbnailUrl":"https:\/\/quehacerpolitico.mx\/wp-content\/uploads\/2024\/03\/IMG_4130.jpeg","datePublished":"2024-03-07T20:01:21+00:00","dateModified":"2024-03-07T20:01:23+00:00","author":{"@id":"https:\/\/quehacerpolitico.mx\/#\/schema\/person\/496d8ad2d1d3f8036101dca7ee39e585"},"breadcrumb":{"@id":"https:\/\/quehacerpolitico.mx\/?p=108549#breadcrumb"},"inLanguage":"es","potentialAction":[{"@type":"ReadAction","target":["https:\/\/quehacerpolitico.mx\/?p=108549"]}]},{"@type":"ImageObject","inLanguage":"es","@id":"https:\/\/quehacerpolitico.mx\/?p=108549#primaryimage","url":"https:\/\/quehacerpolitico.mx\/wp-content\/uploads\/2024\/03\/IMG_4130.jpeg","contentUrl":"https:\/\/quehacerpolitico.mx\/wp-content\/uploads\/2024\/03\/IMG_4130.jpeg","width":1600,"height":1200},{"@type":"BreadcrumbList","@id":"https:\/\/quehacerpolitico.mx\/?p=108549#breadcrumb","itemListElement":[{"@type":"ListItem","position":1,"name":"Inicio","item":"https:\/\/quehacerpolitico.mx\/"},{"@type":"ListItem","position":2,"name":"El Pabell\u00f3n de Cultura Comunitaria contar\u00e1 con un mural intervenido por Semilleros Creativos del pa\u00eds"}]},{"@type":"WebSite","@id":"https:\/\/quehacerpolitico.mx\/#website","url":"https:\/\/quehacerpolitico.mx\/","name":"","description":"","potentialAction":[{"@type":"SearchAction","target":{"@type":"EntryPoint","urlTemplate":"https:\/\/quehacerpolitico.mx\/?s={search_term_string}"},"query-input":{"@type":"PropertyValueSpecification","valueRequired":true,"valueName":"search_term_string"}}],"inLanguage":"es"},{"@type":"Person","@id":"https:\/\/quehacerpolitico.mx\/#\/schema\/person\/496d8ad2d1d3f8036101dca7ee39e585","name":"Redacci\u00f3n QP","image":{"@type":"ImageObject","inLanguage":"es","@id":"https:\/\/secure.gravatar.com\/avatar\/c7164ed6fdec453195284ad24a5ae5b6e1eed2b848477fa2a4787ba9adf39a41?s=96&d=mm&r=g","url":"https:\/\/secure.gravatar.com\/avatar\/c7164ed6fdec453195284ad24a5ae5b6e1eed2b848477fa2a4787ba9adf39a41?s=96&d=mm&r=g","contentUrl":"https:\/\/secure.gravatar.com\/avatar\/c7164ed6fdec453195284ad24a5ae5b6e1eed2b848477fa2a4787ba9adf39a41?s=96&d=mm&r=g","caption":"Redacci\u00f3n QP"},"url":"https:\/\/quehacerpolitico.mx\/?author=2"}]}},"featured_image_urls":{"full":["https:\/\/quehacerpolitico.mx\/wp-content\/uploads\/2024\/03\/IMG_4130.jpeg",1600,1200,false],"thumbnail":["https:\/\/quehacerpolitico.mx\/wp-content\/uploads\/2024\/03\/IMG_4130-150x150.jpeg",150,150,true],"medium":["https:\/\/quehacerpolitico.mx\/wp-content\/uploads\/2024\/03\/IMG_4130-300x225.jpeg",300,225,true],"medium_large":["https:\/\/quehacerpolitico.mx\/wp-content\/uploads\/2024\/03\/IMG_4130-768x576.jpeg",640,480,true],"large":["https:\/\/quehacerpolitico.mx\/wp-content\/uploads\/2024\/03\/IMG_4130-1024x768.jpeg",640,480,true],"1536x1536":["https:\/\/quehacerpolitico.mx\/wp-content\/uploads\/2024\/03\/IMG_4130-1536x1152.jpeg",1536,1152,true],"2048x2048":["https:\/\/quehacerpolitico.mx\/wp-content\/uploads\/2024\/03\/IMG_4130.jpeg",1600,1200,false],"covernews-featured":["https:\/\/quehacerpolitico.mx\/wp-content\/uploads\/2024\/03\/IMG_4130.jpeg",1024,768,false],"covernews-medium":["https:\/\/quehacerpolitico.mx\/wp-content\/uploads\/2024\/03\/IMG_4130.jpeg",453,340,false]},"author_info":{"display_name":"Redacci\u00f3n QP","author_link":"https:\/\/quehacerpolitico.mx\/?author=2"},"category_info":"<a href=\"https:\/\/quehacerpolitico.mx\/?cat=58\" rel=\"category\">Cultura y Entretenimiento<\/a>","tag_info":"Cultura y Entretenimiento","comment_count":"0","_links":{"self":[{"href":"https:\/\/quehacerpolitico.mx\/index.php?rest_route=\/wp\/v2\/posts\/108549","targetHints":{"allow":["GET"]}}],"collection":[{"href":"https:\/\/quehacerpolitico.mx\/index.php?rest_route=\/wp\/v2\/posts"}],"about":[{"href":"https:\/\/quehacerpolitico.mx\/index.php?rest_route=\/wp\/v2\/types\/post"}],"author":[{"embeddable":true,"href":"https:\/\/quehacerpolitico.mx\/index.php?rest_route=\/wp\/v2\/users\/2"}],"replies":[{"embeddable":true,"href":"https:\/\/quehacerpolitico.mx\/index.php?rest_route=%2Fwp%2Fv2%2Fcomments&post=108549"}],"version-history":[{"count":1,"href":"https:\/\/quehacerpolitico.mx\/index.php?rest_route=\/wp\/v2\/posts\/108549\/revisions"}],"predecessor-version":[{"id":108555,"href":"https:\/\/quehacerpolitico.mx\/index.php?rest_route=\/wp\/v2\/posts\/108549\/revisions\/108555"}],"wp:featuredmedia":[{"embeddable":true,"href":"https:\/\/quehacerpolitico.mx\/index.php?rest_route=\/wp\/v2\/media\/108550"}],"wp:attachment":[{"href":"https:\/\/quehacerpolitico.mx\/index.php?rest_route=%2Fwp%2Fv2%2Fmedia&parent=108549"}],"wp:term":[{"taxonomy":"category","embeddable":true,"href":"https:\/\/quehacerpolitico.mx\/index.php?rest_route=%2Fwp%2Fv2%2Fcategories&post=108549"},{"taxonomy":"post_tag","embeddable":true,"href":"https:\/\/quehacerpolitico.mx\/index.php?rest_route=%2Fwp%2Fv2%2Ftags&post=108549"}],"curies":[{"name":"wp","href":"https:\/\/api.w.org\/{rel}","templated":true}]}}