{"id":108528,"date":"2024-03-07T18:07:59","date_gmt":"2024-03-07T18:07:59","guid":{"rendered":"https:\/\/quehacerpolitico.mx\/?p=108528"},"modified":"2024-03-07T18:08:02","modified_gmt":"2024-03-07T18:08:02","slug":"amlo-acusa-mano-negra-detras-del-portazo-en-palacio-nacional-fue-un-vulgar-acto-de-provocacion-dice","status":"publish","type":"post","link":"https:\/\/quehacerpolitico.mx\/?p=108528","title":{"rendered":"AMLO acusa &#8216;mano negra&#8217; detr\u00e1s del portazo en Palacio Nacional &#8220;Fue un vulgar acto de provocaci\u00f3n&#8221;, dice"},"content":{"rendered":"\n<p>Por Redacci\u00f3n QP<\/p>\n\n\n\n<p>L\u00f3pez Obrador pidi\u00f3 a los presuntos normalistas de Ayotzinapa que participaron en el asalto a Palacio Nacional que no se dejen manipular<\/p>\n\n\n\n<p>El presidente\u00a0<strong>Andres Manuel L\u00f3pez Obrador<\/strong>\u00a0calific\u00f3 como \u201c<strong>contras<\/strong>\u201d a los presuntos\u00a0<strong>normalistas<\/strong>\u00a0de\u00a0<strong>Ayotzinapa<\/strong>\u00a0que\u00a0participaron en el asalto a una de las puertas de\u00a0<strong>Palacio Nacional<\/strong>, ocurrido el mi\u00e9rcoles por la ma\u00f1ana.<\/p>\n\n\n\n<figure class=\"wp-block-embed is-type-rich is-provider-twitter wp-block-embed-twitter\"><div class=\"wp-block-embed__wrapper\">\n<blockquote class=\"twitter-tweet\" data-width=\"550\" data-dnt=\"true\"><p lang=\"es\" dir=\"ltr\">AMLO (<a href=\"https:\/\/twitter.com\/lopezobrador_?ref_src=twsrc%5Etfw\">@lopezobrador_<\/a>) calific\u00f3 como &quot;un vulgar acto de provocaci\u00f3n&quot; la protesta de ayer de los normalistas. <br><br>Dijo que la irrupci\u00f3n en Palacio Nacional se dio porque sus adversarios est\u00e1n desesperados. <a href=\"https:\/\/t.co\/6QDfH2zP5J\">pic.twitter.com\/6QDfH2zP5J<\/a><\/p>&mdash; Ruido en la Red (@RuidoEnLaRed) <a href=\"https:\/\/twitter.com\/RuidoEnLaRed\/status\/1765742156705071411?ref_src=twsrc%5Etfw\">March 7, 2024<\/a><\/blockquote><script async src=\"https:\/\/platform.twitter.com\/widgets.js\" charset=\"utf-8\"><\/script>\n<\/div><\/figure>\n\n\n\n<p>En la conferencia matutina realizada en Ciudad Victoria, Tamaulipas, L\u00f3pez Obrador amag\u00f3 con exhibir quienes llevaron a cabo dichos actos en el Centro Hist\u00f3rico de la Ciudad de M\u00e9xico en la previa.<\/p>\n\n\n\n<p>\u201cSi es que est\u00e1n participando los j\u00f3venes de Ayotzinapa, que todav\u00eda est\u00e1 por verse si fueron los estudiantes, porque en una de esas es gente que reclutan para llevar a cabo estas acciones, mercenarios, porros, pero si fuesen los j\u00f3venes de Ayotzinapa les dir\u00eda que eso no es revolucionario, eso es contrarrevolucionario\u201d, indic\u00f3.<\/p>\n\n\n\n<figure class=\"wp-block-embed is-type-rich is-provider-twitter wp-block-embed-twitter\"><div class=\"wp-block-embed__wrapper\">\n<blockquote class=\"twitter-tweet\" data-width=\"550\" data-dnt=\"true\"><p lang=\"es\" dir=\"ltr\">&quot;Si fuesen los j\u00f3venes de Ayotzinapa les dir\u00eda que eso no es revolucionario&#8230; Es actuar como contras a favor de los conservadores, de los que siempre han oprimido&quot;<a href=\"https:\/\/twitter.com\/lopezobrador_?ref_src=twsrc%5Etfw\">@lopezobrador_<\/a> manda mensaje a los estudiantes si es que fueron quienes intentaron irrumpir en Palacio Nacional. <a href=\"https:\/\/t.co\/RLBUzxCF7L\">pic.twitter.com\/RLBUzxCF7L<\/a><\/p>&mdash; Ruido en la Red (@RuidoEnLaRed) <a href=\"https:\/\/twitter.com\/RuidoEnLaRed\/status\/1765745743103447134?ref_src=twsrc%5Etfw\">March 7, 2024<\/a><\/blockquote><script async src=\"https:\/\/platform.twitter.com\/widgets.js\" charset=\"utf-8\"><\/script>\n<\/div><\/figure>\n\n\n\n<p>Es actuar como contras a favor de los conservadores, de los que siempre han oprimido y han explotado al pueblo y que no se dejen manipular, si es que son estudiantes y lo vamos a saber\u201d, lanz\u00f3.<\/p>\n\n\n\n<p>El mandatario mexicano pidi\u00f3 a la Fiscal\u00eda General de la Repo\u00b4\u00f1ublica (FGR) no realizar indagaciones sobre este los destrozos a Palacio Nacional, aunque amag\u00f3 con dara. conocer los nombres de quienes participaron en estos actos.<\/p>\n\n\n\n<figure class=\"wp-block-embed is-type-rich is-provider-twitter wp-block-embed-twitter\"><div class=\"wp-block-embed__wrapper\">\n<blockquote class=\"twitter-tweet\" data-width=\"550\" data-dnt=\"true\"><p lang=\"es\" dir=\"ltr\">&quot;No hubo, ni habr\u00e1 detenidos&quot;, AMLO pide a la <a href=\"https:\/\/twitter.com\/FGRMexico?ref_src=twsrc%5Etfw\">@FGRMexico<\/a> que no se investigue el portazo en Palacio Nacional<br><br>Dice s\u00ed al di\u00e1logo con padres de normalistas, pero quiere que sea sin intermediarios <a href=\"https:\/\/t.co\/ACL2jGGF5J\">pic.twitter.com\/ACL2jGGF5J<\/a><\/p>&mdash; Manuel Lopez San Martin (@MLopezSanMartin) <a href=\"https:\/\/twitter.com\/MLopezSanMartin\/status\/1765763467418710317?ref_src=twsrc%5Etfw\">March 7, 2024<\/a><\/blockquote><script async src=\"https:\/\/platform.twitter.com\/widgets.js\" charset=\"utf-8\"><\/script>\n<\/div><\/figure>\n\n\n\n<p>\u201cPed\u00ed de manera respetuosa a la fiscal\u00eda que no hiciera ninguna investigaci\u00f3n, es lo que quieren ellos, entonces, vamos a cooperar y va a ser voluntario, los servidores p\u00fablicos para componer la puerta, no, no, no, vamos a arreglar la puerta, cooperamos entre todos, lo \u00fanico es que, si tengo informaci\u00f3n de quienes participaron, aqu\u00ed la vamos a dar a conocer\u201d, manifest\u00f3.<\/p>\n\n\n\n<figure class=\"wp-block-embed is-type-rich is-provider-twitter wp-block-embed-twitter\"><div class=\"wp-block-embed__wrapper\">\n<blockquote class=\"twitter-tweet\" data-width=\"550\" data-dnt=\"true\"><p lang=\"es\" dir=\"ltr\">Se armar\u00e1 la coperacha para arreglar la puerta de Palacio Nacional<br><br>AMLO (<a href=\"https:\/\/twitter.com\/lopezobrador_?ref_src=twsrc%5Etfw\">@lopezobrador_<\/a>) dijo que se cooperar\u00e1n entre los servidores p\u00fablicos para componer la puerta. <a href=\"https:\/\/t.co\/Jk4t26COW3\">pic.twitter.com\/Jk4t26COW3<\/a><\/p>&mdash; Ruido en la Red (@RuidoEnLaRed) <a href=\"https:\/\/twitter.com\/RuidoEnLaRed\/status\/1765756196772860269?ref_src=twsrc%5Etfw\">March 7, 2024<\/a><\/blockquote><script async src=\"https:\/\/platform.twitter.com\/widgets.js\" charset=\"utf-8\"><\/script>\n<\/div><\/figure>\n\n\n\n<p>J\u00f3venes que protestaban por la&nbsp;<strong>desaparici\u00f3n<\/strong>&nbsp;de los&nbsp;<strong>43 estudiantes de Ayotzinapa<\/strong>&nbsp;rompieron este mi\u00e9rcoles una de las puertas principales del Palacio Nacional mientras el presidente L\u00f3pez Obrador realizaba adentro su conferencia matutina..<\/p>\n\n\n\n<p>Los manifestantes, quienes acusan a L\u00f3pez Obrador de no resolver el caso para proteger a militares involucrados, tomaron una camioneta que pertenece a la\u00a0<strong>Comisi\u00f3n Federal de Electricidad<\/strong>\u00a0(<strong>CFE<\/strong>) para tumbar la puerta 1 sobre la calle Moneda del centro hist\u00f3rico de Ciudad de M\u00e9xico.<\/p>\n\n\n\n<p>Los estudiantes de Ayotzinapa protestan porque L\u00f3pez Obrador no ha cumplido su promesa de resolver la desaparici\u00f3n de sus 43 compa\u00f1eros en septiembre de 2014 en el sure\u00f1o estado de Guerrero, aunque la Comisi\u00f3n de la Verdad creada por \u00e9l concluy\u00f3 en 2022 que fue un \u201ccrimen de Estado\u201d en el que tambi\u00e9n particip\u00f3 el Ej\u00e9rcito.<\/p>\n","protected":false},"excerpt":{"rendered":"<p>Por Redacci\u00f3n QP L\u00f3pez Obrador pidi\u00f3 a los presuntos normalistas de Ayotzinapa que participaron en&#8230;<\/p>\n","protected":false},"author":2,"featured_media":108529,"comment_status":"open","ping_status":"open","sticky":false,"template":"","format":"standard","meta":{"_monsterinsights_skip_tracking":false,"_monsterinsights_sitenote_active":false,"_monsterinsights_sitenote_note":"","_monsterinsights_sitenote_category":0,"footnotes":""},"categories":[2],"tags":[],"class_list":["post-108528","post","type-post","status-publish","format-standard","has-post-thumbnail","hentry","category-noticias"],"yoast_head":"<!-- This site is optimized with the Yoast SEO plugin v27.3 - https:\/\/yoast.com\/product\/yoast-seo-wordpress\/ -->\n<title>AMLO acusa &#039;mano negra&#039; detr\u00e1s del portazo en Palacio Nacional &quot;Fue un vulgar acto de provocaci\u00f3n&quot;, dice -<\/title>\n<meta name=\"robots\" content=\"index, follow, max-snippet:-1, max-image-preview:large, max-video-preview:-1\" \/>\n<link rel=\"canonical\" href=\"https:\/\/quehacerpolitico.mx\/?p=108528\" \/>\n<meta property=\"og:locale\" content=\"es_MX\" \/>\n<meta property=\"og:type\" content=\"article\" \/>\n<meta property=\"og:title\" content=\"AMLO acusa &#039;mano negra&#039; detr\u00e1s del portazo en Palacio Nacional &quot;Fue un vulgar acto de provocaci\u00f3n&quot;, dice -\" \/>\n<meta property=\"og:description\" content=\"Por Redacci\u00f3n QP L\u00f3pez Obrador pidi\u00f3 a los presuntos normalistas de Ayotzinapa que participaron en...\" \/>\n<meta property=\"og:url\" content=\"https:\/\/quehacerpolitico.mx\/?p=108528\" \/>\n<meta property=\"article:published_time\" content=\"2024-03-07T18:07:59+00:00\" \/>\n<meta property=\"article:modified_time\" content=\"2024-03-07T18:08:02+00:00\" \/>\n<meta property=\"og:image\" content=\"https:\/\/quehacerpolitico.mx\/wp-content\/uploads\/2024\/03\/IMG_4119.jpeg\" \/>\n\t<meta property=\"og:image:width\" content=\"1284\" \/>\n\t<meta property=\"og:image:height\" content=\"703\" \/>\n\t<meta property=\"og:image:type\" content=\"image\/jpeg\" \/>\n<meta name=\"author\" content=\"Redacci\u00f3n QP\" \/>\n<meta name=\"twitter:card\" content=\"summary_large_image\" \/>\n<meta name=\"twitter:label1\" content=\"Escrito por\" \/>\n\t<meta name=\"twitter:data1\" content=\"Redacci\u00f3n QP\" \/>\n\t<meta name=\"twitter:label2\" content=\"Tiempo de lectura\" \/>\n\t<meta name=\"twitter:data2\" content=\"2 minutos\" \/>\n<script type=\"application\/ld+json\" class=\"yoast-schema-graph\">{\"@context\":\"https:\\\/\\\/schema.org\",\"@graph\":[{\"@type\":\"Article\",\"@id\":\"https:\\\/\\\/quehacerpolitico.mx\\\/?p=108528#article\",\"isPartOf\":{\"@id\":\"https:\\\/\\\/quehacerpolitico.mx\\\/?p=108528\"},\"author\":{\"name\":\"Redacci\u00f3n QP\",\"@id\":\"https:\\\/\\\/quehacerpolitico.mx\\\/#\\\/schema\\\/person\\\/496d8ad2d1d3f8036101dca7ee39e585\"},\"headline\":\"AMLO acusa &#8216;mano negra&#8217; detr\u00e1s del portazo en Palacio Nacional &#8220;Fue un vulgar acto de provocaci\u00f3n&#8221;, dice\",\"datePublished\":\"2024-03-07T18:07:59+00:00\",\"dateModified\":\"2024-03-07T18:08:02+00:00\",\"mainEntityOfPage\":{\"@id\":\"https:\\\/\\\/quehacerpolitico.mx\\\/?p=108528\"},\"wordCount\":508,\"commentCount\":0,\"image\":{\"@id\":\"https:\\\/\\\/quehacerpolitico.mx\\\/?p=108528#primaryimage\"},\"thumbnailUrl\":\"https:\\\/\\\/quehacerpolitico.mx\\\/wp-content\\\/uploads\\\/2024\\\/03\\\/IMG_4119.jpeg\",\"articleSection\":[\"Noticias\"],\"inLanguage\":\"es\",\"potentialAction\":[{\"@type\":\"CommentAction\",\"name\":\"Comment\",\"target\":[\"https:\\\/\\\/quehacerpolitico.mx\\\/?p=108528#respond\"]}]},{\"@type\":\"WebPage\",\"@id\":\"https:\\\/\\\/quehacerpolitico.mx\\\/?p=108528\",\"url\":\"https:\\\/\\\/quehacerpolitico.mx\\\/?p=108528\",\"name\":\"AMLO acusa 'mano negra' detr\u00e1s del portazo en Palacio Nacional \\\"Fue un vulgar acto de provocaci\u00f3n\\\", dice -\",\"isPartOf\":{\"@id\":\"https:\\\/\\\/quehacerpolitico.mx\\\/#website\"},\"primaryImageOfPage\":{\"@id\":\"https:\\\/\\\/quehacerpolitico.mx\\\/?p=108528#primaryimage\"},\"image\":{\"@id\":\"https:\\\/\\\/quehacerpolitico.mx\\\/?p=108528#primaryimage\"},\"thumbnailUrl\":\"https:\\\/\\\/quehacerpolitico.mx\\\/wp-content\\\/uploads\\\/2024\\\/03\\\/IMG_4119.jpeg\",\"datePublished\":\"2024-03-07T18:07:59+00:00\",\"dateModified\":\"2024-03-07T18:08:02+00:00\",\"author\":{\"@id\":\"https:\\\/\\\/quehacerpolitico.mx\\\/#\\\/schema\\\/person\\\/496d8ad2d1d3f8036101dca7ee39e585\"},\"breadcrumb\":{\"@id\":\"https:\\\/\\\/quehacerpolitico.mx\\\/?p=108528#breadcrumb\"},\"inLanguage\":\"es\",\"potentialAction\":[{\"@type\":\"ReadAction\",\"target\":[\"https:\\\/\\\/quehacerpolitico.mx\\\/?p=108528\"]}]},{\"@type\":\"ImageObject\",\"inLanguage\":\"es\",\"@id\":\"https:\\\/\\\/quehacerpolitico.mx\\\/?p=108528#primaryimage\",\"url\":\"https:\\\/\\\/quehacerpolitico.mx\\\/wp-content\\\/uploads\\\/2024\\\/03\\\/IMG_4119.jpeg\",\"contentUrl\":\"https:\\\/\\\/quehacerpolitico.mx\\\/wp-content\\\/uploads\\\/2024\\\/03\\\/IMG_4119.jpeg\",\"width\":1284,\"height\":703},{\"@type\":\"BreadcrumbList\",\"@id\":\"https:\\\/\\\/quehacerpolitico.mx\\\/?p=108528#breadcrumb\",\"itemListElement\":[{\"@type\":\"ListItem\",\"position\":1,\"name\":\"Inicio\",\"item\":\"https:\\\/\\\/quehacerpolitico.mx\\\/\"},{\"@type\":\"ListItem\",\"position\":2,\"name\":\"AMLO acusa &#8216;mano negra&#8217; detr\u00e1s del portazo en Palacio Nacional &#8220;Fue un vulgar acto de provocaci\u00f3n&#8221;, dice\"}]},{\"@type\":\"WebSite\",\"@id\":\"https:\\\/\\\/quehacerpolitico.mx\\\/#website\",\"url\":\"https:\\\/\\\/quehacerpolitico.mx\\\/\",\"name\":\"\",\"description\":\"\",\"potentialAction\":[{\"@type\":\"SearchAction\",\"target\":{\"@type\":\"EntryPoint\",\"urlTemplate\":\"https:\\\/\\\/quehacerpolitico.mx\\\/?s={search_term_string}\"},\"query-input\":{\"@type\":\"PropertyValueSpecification\",\"valueRequired\":true,\"valueName\":\"search_term_string\"}}],\"inLanguage\":\"es\"},{\"@type\":\"Person\",\"@id\":\"https:\\\/\\\/quehacerpolitico.mx\\\/#\\\/schema\\\/person\\\/496d8ad2d1d3f8036101dca7ee39e585\",\"name\":\"Redacci\u00f3n QP\",\"image\":{\"@type\":\"ImageObject\",\"inLanguage\":\"es\",\"@id\":\"https:\\\/\\\/secure.gravatar.com\\\/avatar\\\/c7164ed6fdec453195284ad24a5ae5b6e1eed2b848477fa2a4787ba9adf39a41?s=96&d=mm&r=g\",\"url\":\"https:\\\/\\\/secure.gravatar.com\\\/avatar\\\/c7164ed6fdec453195284ad24a5ae5b6e1eed2b848477fa2a4787ba9adf39a41?s=96&d=mm&r=g\",\"contentUrl\":\"https:\\\/\\\/secure.gravatar.com\\\/avatar\\\/c7164ed6fdec453195284ad24a5ae5b6e1eed2b848477fa2a4787ba9adf39a41?s=96&d=mm&r=g\",\"caption\":\"Redacci\u00f3n QP\"},\"url\":\"https:\\\/\\\/quehacerpolitico.mx\\\/?author=2\"}]}<\/script>\n<!-- \/ Yoast SEO plugin. -->","yoast_head_json":{"title":"AMLO acusa 'mano negra' detr\u00e1s del portazo en Palacio Nacional \"Fue un vulgar acto de provocaci\u00f3n\", dice -","robots":{"index":"index","follow":"follow","max-snippet":"max-snippet:-1","max-image-preview":"max-image-preview:large","max-video-preview":"max-video-preview:-1"},"canonical":"https:\/\/quehacerpolitico.mx\/?p=108528","og_locale":"es_MX","og_type":"article","og_title":"AMLO acusa 'mano negra' detr\u00e1s del portazo en Palacio Nacional \"Fue un vulgar acto de provocaci\u00f3n\", dice -","og_description":"Por Redacci\u00f3n QP L\u00f3pez Obrador pidi\u00f3 a los presuntos normalistas de Ayotzinapa que participaron en...","og_url":"https:\/\/quehacerpolitico.mx\/?p=108528","article_published_time":"2024-03-07T18:07:59+00:00","article_modified_time":"2024-03-07T18:08:02+00:00","og_image":[{"width":1284,"height":703,"url":"https:\/\/quehacerpolitico.mx\/wp-content\/uploads\/2024\/03\/IMG_4119.jpeg","type":"image\/jpeg"}],"author":"Redacci\u00f3n QP","twitter_card":"summary_large_image","twitter_misc":{"Escrito por":"Redacci\u00f3n QP","Tiempo de lectura":"2 minutos"},"schema":{"@context":"https:\/\/schema.org","@graph":[{"@type":"Article","@id":"https:\/\/quehacerpolitico.mx\/?p=108528#article","isPartOf":{"@id":"https:\/\/quehacerpolitico.mx\/?p=108528"},"author":{"name":"Redacci\u00f3n QP","@id":"https:\/\/quehacerpolitico.mx\/#\/schema\/person\/496d8ad2d1d3f8036101dca7ee39e585"},"headline":"AMLO acusa &#8216;mano negra&#8217; detr\u00e1s del portazo en Palacio Nacional &#8220;Fue un vulgar acto de provocaci\u00f3n&#8221;, dice","datePublished":"2024-03-07T18:07:59+00:00","dateModified":"2024-03-07T18:08:02+00:00","mainEntityOfPage":{"@id":"https:\/\/quehacerpolitico.mx\/?p=108528"},"wordCount":508,"commentCount":0,"image":{"@id":"https:\/\/quehacerpolitico.mx\/?p=108528#primaryimage"},"thumbnailUrl":"https:\/\/quehacerpolitico.mx\/wp-content\/uploads\/2024\/03\/IMG_4119.jpeg","articleSection":["Noticias"],"inLanguage":"es","potentialAction":[{"@type":"CommentAction","name":"Comment","target":["https:\/\/quehacerpolitico.mx\/?p=108528#respond"]}]},{"@type":"WebPage","@id":"https:\/\/quehacerpolitico.mx\/?p=108528","url":"https:\/\/quehacerpolitico.mx\/?p=108528","name":"AMLO acusa 'mano negra' detr\u00e1s del portazo en Palacio Nacional \"Fue un vulgar acto de provocaci\u00f3n\", dice -","isPartOf":{"@id":"https:\/\/quehacerpolitico.mx\/#website"},"primaryImageOfPage":{"@id":"https:\/\/quehacerpolitico.mx\/?p=108528#primaryimage"},"image":{"@id":"https:\/\/quehacerpolitico.mx\/?p=108528#primaryimage"},"thumbnailUrl":"https:\/\/quehacerpolitico.mx\/wp-content\/uploads\/2024\/03\/IMG_4119.jpeg","datePublished":"2024-03-07T18:07:59+00:00","dateModified":"2024-03-07T18:08:02+00:00","author":{"@id":"https:\/\/quehacerpolitico.mx\/#\/schema\/person\/496d8ad2d1d3f8036101dca7ee39e585"},"breadcrumb":{"@id":"https:\/\/quehacerpolitico.mx\/?p=108528#breadcrumb"},"inLanguage":"es","potentialAction":[{"@type":"ReadAction","target":["https:\/\/quehacerpolitico.mx\/?p=108528"]}]},{"@type":"ImageObject","inLanguage":"es","@id":"https:\/\/quehacerpolitico.mx\/?p=108528#primaryimage","url":"https:\/\/quehacerpolitico.mx\/wp-content\/uploads\/2024\/03\/IMG_4119.jpeg","contentUrl":"https:\/\/quehacerpolitico.mx\/wp-content\/uploads\/2024\/03\/IMG_4119.jpeg","width":1284,"height":703},{"@type":"BreadcrumbList","@id":"https:\/\/quehacerpolitico.mx\/?p=108528#breadcrumb","itemListElement":[{"@type":"ListItem","position":1,"name":"Inicio","item":"https:\/\/quehacerpolitico.mx\/"},{"@type":"ListItem","position":2,"name":"AMLO acusa &#8216;mano negra&#8217; detr\u00e1s del portazo en Palacio Nacional &#8220;Fue un vulgar acto de provocaci\u00f3n&#8221;, dice"}]},{"@type":"WebSite","@id":"https:\/\/quehacerpolitico.mx\/#website","url":"https:\/\/quehacerpolitico.mx\/","name":"","description":"","potentialAction":[{"@type":"SearchAction","target":{"@type":"EntryPoint","urlTemplate":"https:\/\/quehacerpolitico.mx\/?s={search_term_string}"},"query-input":{"@type":"PropertyValueSpecification","valueRequired":true,"valueName":"search_term_string"}}],"inLanguage":"es"},{"@type":"Person","@id":"https:\/\/quehacerpolitico.mx\/#\/schema\/person\/496d8ad2d1d3f8036101dca7ee39e585","name":"Redacci\u00f3n QP","image":{"@type":"ImageObject","inLanguage":"es","@id":"https:\/\/secure.gravatar.com\/avatar\/c7164ed6fdec453195284ad24a5ae5b6e1eed2b848477fa2a4787ba9adf39a41?s=96&d=mm&r=g","url":"https:\/\/secure.gravatar.com\/avatar\/c7164ed6fdec453195284ad24a5ae5b6e1eed2b848477fa2a4787ba9adf39a41?s=96&d=mm&r=g","contentUrl":"https:\/\/secure.gravatar.com\/avatar\/c7164ed6fdec453195284ad24a5ae5b6e1eed2b848477fa2a4787ba9adf39a41?s=96&d=mm&r=g","caption":"Redacci\u00f3n QP"},"url":"https:\/\/quehacerpolitico.mx\/?author=2"}]}},"featured_image_urls":{"full":["https:\/\/quehacerpolitico.mx\/wp-content\/uploads\/2024\/03\/IMG_4119.jpeg",1284,703,false],"thumbnail":["https:\/\/quehacerpolitico.mx\/wp-content\/uploads\/2024\/03\/IMG_4119-150x150.jpeg",150,150,true],"medium":["https:\/\/quehacerpolitico.mx\/wp-content\/uploads\/2024\/03\/IMG_4119-300x164.jpeg",300,164,true],"medium_large":["https:\/\/quehacerpolitico.mx\/wp-content\/uploads\/2024\/03\/IMG_4119-768x420.jpeg",640,350,true],"large":["https:\/\/quehacerpolitico.mx\/wp-content\/uploads\/2024\/03\/IMG_4119-1024x561.jpeg",640,351,true],"1536x1536":["https:\/\/quehacerpolitico.mx\/wp-content\/uploads\/2024\/03\/IMG_4119.jpeg",1284,703,false],"2048x2048":["https:\/\/quehacerpolitico.mx\/wp-content\/uploads\/2024\/03\/IMG_4119.jpeg",1284,703,false],"covernews-featured":["https:\/\/quehacerpolitico.mx\/wp-content\/uploads\/2024\/03\/IMG_4119.jpeg",1024,561,false],"covernews-medium":["https:\/\/quehacerpolitico.mx\/wp-content\/uploads\/2024\/03\/IMG_4119.jpeg",540,296,false]},"author_info":{"display_name":"Redacci\u00f3n QP","author_link":"https:\/\/quehacerpolitico.mx\/?author=2"},"category_info":"<a href=\"https:\/\/quehacerpolitico.mx\/?cat=2\" rel=\"category\">Noticias<\/a>","tag_info":"Noticias","comment_count":"0","_links":{"self":[{"href":"https:\/\/quehacerpolitico.mx\/index.php?rest_route=\/wp\/v2\/posts\/108528","targetHints":{"allow":["GET"]}}],"collection":[{"href":"https:\/\/quehacerpolitico.mx\/index.php?rest_route=\/wp\/v2\/posts"}],"about":[{"href":"https:\/\/quehacerpolitico.mx\/index.php?rest_route=\/wp\/v2\/types\/post"}],"author":[{"embeddable":true,"href":"https:\/\/quehacerpolitico.mx\/index.php?rest_route=\/wp\/v2\/users\/2"}],"replies":[{"embeddable":true,"href":"https:\/\/quehacerpolitico.mx\/index.php?rest_route=%2Fwp%2Fv2%2Fcomments&post=108528"}],"version-history":[{"count":1,"href":"https:\/\/quehacerpolitico.mx\/index.php?rest_route=\/wp\/v2\/posts\/108528\/revisions"}],"predecessor-version":[{"id":108530,"href":"https:\/\/quehacerpolitico.mx\/index.php?rest_route=\/wp\/v2\/posts\/108528\/revisions\/108530"}],"wp:featuredmedia":[{"embeddable":true,"href":"https:\/\/quehacerpolitico.mx\/index.php?rest_route=\/wp\/v2\/media\/108529"}],"wp:attachment":[{"href":"https:\/\/quehacerpolitico.mx\/index.php?rest_route=%2Fwp%2Fv2%2Fmedia&parent=108528"}],"wp:term":[{"taxonomy":"category","embeddable":true,"href":"https:\/\/quehacerpolitico.mx\/index.php?rest_route=%2Fwp%2Fv2%2Fcategories&post=108528"},{"taxonomy":"post_tag","embeddable":true,"href":"https:\/\/quehacerpolitico.mx\/index.php?rest_route=%2Fwp%2Fv2%2Ftags&post=108528"}],"curies":[{"name":"wp","href":"https:\/\/api.w.org\/{rel}","templated":true}]}}