{"id":108519,"date":"2024-03-07T15:19:28","date_gmt":"2024-03-07T15:19:28","guid":{"rendered":"https:\/\/quehacerpolitico.mx\/?p=108519"},"modified":"2024-03-07T15:19:30","modified_gmt":"2024-03-07T15:19:30","slug":"el-instituto-nacional-de-estadistica-y-geografia-inegi-revelo-que-la-inflacion-general-anual-en-mexico-se-ubico-en-4-40-por-ciento-en-el-pasado-mes-de-fe","status":"publish","type":"post","link":"https:\/\/quehacerpolitico.mx\/?p=108519","title":{"rendered":"El\u00a0Instituto Nacional de Estad\u00edstica y Geograf\u00eda\u00a0(INEGI) revel\u00f3 que la\u00a0inflaci\u00f3n general anual\u00a0en\u00a0M\u00e9xico\u00a0se ubic\u00f3 en\u00a04.40 por ciento\u00a0en el pasado mes de\u00a0febrero de 2024"},"content":{"rendered":"\n<p>Por Redacci\u00f3n QP<\/p>\n\n\n\n<p>El Inegi detall\u00f3 que la inflaci\u00f3n general anual en M\u00e9xico se ubic\u00f3 en 4.40 por ciento durante el pasado mes de febrero<\/p>\n\n\n\n<p>El\u00a0<strong>Instituto Nacional de Estad\u00edstica y Geograf\u00eda<\/strong>\u00a0(INEGI) revel\u00f3 que la<strong>\u00a0inflaci\u00f3n general anual<\/strong>\u00a0en\u00a0<strong>M\u00e9xico<\/strong>\u00a0se ubic\u00f3 en\u00a0<strong>4.40 por ciento<\/strong>\u00a0en el pasado mes de<strong>\u00a0febrero de 2024<\/strong>, lo que representa el menor nivel en los \u00faltimos tres meses.<\/p>\n\n\n\n<p>En un comunicado este jueves se explic\u00f3 que el\u00a0<strong>\u00cdndice Nacional de Precios al Consumidor<\/strong>\u00a0(<strong>INPC<\/strong>) de febrero registr\u00f3 un incremento de 0.09 por ciento respecto al mes anterior. En el mismo mes de 2023, la inflaci\u00f3n mensual fue de 0.56 % y la anual, de 7.62 por ciento.<\/p>\n\n\n\n<figure class=\"wp-block-embed is-type-rich is-provider-twitter wp-block-embed-twitter\"><div class=\"wp-block-embed__wrapper\">\n<blockquote class=\"twitter-tweet\" data-width=\"550\" data-dnt=\"true\"><p lang=\"es\" dir=\"ltr\">En febrero 2024, la <a href=\"https:\/\/twitter.com\/hashtag\/inflaci%C3%B3n?src=hash&amp;ref_src=twsrc%5Etfw\">#inflaci\u00f3n<\/a> general anual se ubic\u00f3 en 4.40%. A tasa mensual, el \u00cdndice Nacional de Precios al Consumidor <a href=\"https:\/\/twitter.com\/hashtag\/INPC?src=hash&amp;ref_src=twsrc%5Etfw\">#INPC<\/a> vari\u00f3 0.09%.<br><br>Por componente, la inflaci\u00f3n anual:<br>\ud83d\udd39 4.64%, Subyacente<br>\ud83d\udd39 3.67%, No subyacente<br><br>\ud83d\udcc4 Consulta el comunicado de prensa:\u2026 <a href=\"https:\/\/t.co\/nPRDy2R2fg\">pic.twitter.com\/nPRDy2R2fg<\/a><\/p>&mdash; INEGI INFORMA (@INEGI_INFORMA) <a href=\"https:\/\/twitter.com\/INEGI_INFORMA\/status\/1765709796966105159?ref_src=twsrc%5Etfw\">March 7, 2024<\/a><\/blockquote><script async src=\"https:\/\/platform.twitter.com\/widgets.js\" charset=\"utf-8\"><\/script>\n<\/div><\/figure>\n\n\n\n<p>El&nbsp;<strong>\u00edndice de precios subyacente<\/strong>, considerado un mejor par\u00e1metro para medir la carest\u00eda general porque elimina art\u00edculos de alta volatilidad, aument\u00f3 0.49 por ciento a tasa mensual y 4.64 % a tasa anual.<\/p>\n\n\n\n<p>El&nbsp;<strong>\u00edndice de precios no subyacente<\/strong>&nbsp;present\u00f3 una ca\u00edda de 1.10 por ciento mensual y un alza de 3.67 % anual.<\/p>\n\n\n\n<p>Al interior del \u00edndice subyacente, a tasa mensual, los precios de las mercanc\u00edas subieron 0.40 por ciento y los de servicios, 0.61 por ciento.<\/p>\n\n\n\n<p>Dentro del \u00edndice no subyacente, a tasa mensual, los precios de los productos agropecuarios disminuyeron 4.60 por ciento y los de energ\u00e9ticos y tarifas autorizadas por el gobierno crecieron 2.12 por ciento.<\/p>\n\n\n\n<p>El&nbsp;<strong>\u00edndice de precios de la canasta de consumo m\u00ednimo<\/strong>, conformada por 176 productos y servicios, tuvo una ca\u00edda mensual de 0.07 y un alza de 4.04 por ciento a tasa anual. En el mismo periodo de 2023, aument\u00f3 0.59 y 8.11 por ciento, en ese orden.<\/p>\n\n\n\n<p>Los rubros con mayores incrementos interanuales fueron los restaurantes y hoteles (6,88 %), los bienes y servicios diversos (6,59 %) y la educaci\u00f3n (6,4 %).<\/p>\n\n\n\n<p>Mientras que los productos gen\u00e9ricos que m\u00e1s subieron en el mes fueron el pepino (30,31 %), el gas dom\u00e9stico LP (10,16 %), y la cebolla (8,64 %).<\/p>\n\n\n\n<p>Los precios al consumidor cerraron en\u00a0<strong>2023<\/strong>\u00a0con una\u00a0subida del 4.66 por ciento en M\u00e9xico, tras la tasa de 7,82 % en 2022, el mayor nivel de 22 a\u00f1os y el siglo para un fin de a\u00f1o.<\/p>\n\n\n\n<p>El dato del mes de febrero se publica d\u00edas antes de la nueva decisi\u00f3n de pol\u00edtica monetaria del Banco de M\u00e9xico (21 de marzo), que ha mantenido la tasa de inter\u00e9s en un r\u00e9cord de 11.25 por ciento en las \u00faltimas siete ocasiones.<\/p>\n","protected":false},"excerpt":{"rendered":"<p>Por Redacci\u00f3n QP El Inegi detall\u00f3 que la inflaci\u00f3n general anual en M\u00e9xico se ubic\u00f3&#8230;<\/p>\n","protected":false},"author":2,"featured_media":108520,"comment_status":"open","ping_status":"open","sticky":false,"template":"","format":"standard","meta":{"_monsterinsights_skip_tracking":false,"_monsterinsights_sitenote_active":false,"_monsterinsights_sitenote_note":"","_monsterinsights_sitenote_category":0,"footnotes":""},"categories":[56],"tags":[],"class_list":["post-108519","post","type-post","status-publish","format-standard","has-post-thumbnail","hentry","category-economia"],"yoast_head":"<!-- This site is optimized with the Yoast SEO plugin v27.3 - https:\/\/yoast.com\/product\/yoast-seo-wordpress\/ -->\n<title>El\u00a0Instituto Nacional de Estad\u00edstica y Geograf\u00eda\u00a0(INEGI) revel\u00f3 que la\u00a0inflaci\u00f3n general anual\u00a0en\u00a0M\u00e9xico\u00a0se ubic\u00f3 en\u00a04.40 por ciento\u00a0en el pasado mes de\u00a0febrero de 2024 -<\/title>\n<meta name=\"robots\" content=\"index, follow, max-snippet:-1, max-image-preview:large, max-video-preview:-1\" \/>\n<link rel=\"canonical\" href=\"https:\/\/quehacerpolitico.mx\/?p=108519\" \/>\n<meta property=\"og:locale\" content=\"es_MX\" \/>\n<meta property=\"og:type\" content=\"article\" \/>\n<meta property=\"og:title\" content=\"El\u00a0Instituto Nacional de Estad\u00edstica y Geograf\u00eda\u00a0(INEGI) revel\u00f3 que la\u00a0inflaci\u00f3n general anual\u00a0en\u00a0M\u00e9xico\u00a0se ubic\u00f3 en\u00a04.40 por ciento\u00a0en el pasado mes de\u00a0febrero de 2024 -\" \/>\n<meta property=\"og:description\" content=\"Por Redacci\u00f3n QP El Inegi detall\u00f3 que la inflaci\u00f3n general anual en M\u00e9xico se ubic\u00f3...\" \/>\n<meta property=\"og:url\" content=\"https:\/\/quehacerpolitico.mx\/?p=108519\" \/>\n<meta property=\"article:published_time\" content=\"2024-03-07T15:19:28+00:00\" \/>\n<meta property=\"article:modified_time\" content=\"2024-03-07T15:19:30+00:00\" \/>\n<meta property=\"og:image\" content=\"https:\/\/quehacerpolitico.mx\/wp-content\/uploads\/2024\/03\/IMG_4116.jpeg\" \/>\n\t<meta property=\"og:image:width\" content=\"701\" \/>\n\t<meta property=\"og:image:height\" content=\"437\" \/>\n\t<meta property=\"og:image:type\" content=\"image\/jpeg\" \/>\n<meta name=\"author\" content=\"Redacci\u00f3n QP\" \/>\n<meta name=\"twitter:card\" content=\"summary_large_image\" \/>\n<meta name=\"twitter:label1\" content=\"Escrito por\" \/>\n\t<meta name=\"twitter:data1\" content=\"Redacci\u00f3n QP\" \/>\n\t<meta name=\"twitter:label2\" content=\"Tiempo de lectura\" \/>\n\t<meta name=\"twitter:data2\" content=\"2 minutos\" \/>\n<script type=\"application\/ld+json\" class=\"yoast-schema-graph\">{\"@context\":\"https:\\\/\\\/schema.org\",\"@graph\":[{\"@type\":\"Article\",\"@id\":\"https:\\\/\\\/quehacerpolitico.mx\\\/?p=108519#article\",\"isPartOf\":{\"@id\":\"https:\\\/\\\/quehacerpolitico.mx\\\/?p=108519\"},\"author\":{\"name\":\"Redacci\u00f3n QP\",\"@id\":\"https:\\\/\\\/quehacerpolitico.mx\\\/#\\\/schema\\\/person\\\/496d8ad2d1d3f8036101dca7ee39e585\"},\"headline\":\"El\u00a0Instituto Nacional de Estad\u00edstica y Geograf\u00eda\u00a0(INEGI) revel\u00f3 que la\u00a0inflaci\u00f3n general anual\u00a0en\u00a0M\u00e9xico\u00a0se ubic\u00f3 en\u00a04.40 por ciento\u00a0en el pasado mes de\u00a0febrero de 2024\",\"datePublished\":\"2024-03-07T15:19:28+00:00\",\"dateModified\":\"2024-03-07T15:19:30+00:00\",\"mainEntityOfPage\":{\"@id\":\"https:\\\/\\\/quehacerpolitico.mx\\\/?p=108519\"},\"wordCount\":438,\"commentCount\":0,\"image\":{\"@id\":\"https:\\\/\\\/quehacerpolitico.mx\\\/?p=108519#primaryimage\"},\"thumbnailUrl\":\"https:\\\/\\\/quehacerpolitico.mx\\\/wp-content\\\/uploads\\\/2024\\\/03\\\/IMG_4116.jpeg\",\"articleSection\":[\"Econom\u00eda\"],\"inLanguage\":\"es\",\"potentialAction\":[{\"@type\":\"CommentAction\",\"name\":\"Comment\",\"target\":[\"https:\\\/\\\/quehacerpolitico.mx\\\/?p=108519#respond\"]}]},{\"@type\":\"WebPage\",\"@id\":\"https:\\\/\\\/quehacerpolitico.mx\\\/?p=108519\",\"url\":\"https:\\\/\\\/quehacerpolitico.mx\\\/?p=108519\",\"name\":\"El\u00a0Instituto Nacional de Estad\u00edstica y Geograf\u00eda\u00a0(INEGI) revel\u00f3 que la\u00a0inflaci\u00f3n general anual\u00a0en\u00a0M\u00e9xico\u00a0se ubic\u00f3 en\u00a04.40 por ciento\u00a0en el pasado mes de\u00a0febrero de 2024 -\",\"isPartOf\":{\"@id\":\"https:\\\/\\\/quehacerpolitico.mx\\\/#website\"},\"primaryImageOfPage\":{\"@id\":\"https:\\\/\\\/quehacerpolitico.mx\\\/?p=108519#primaryimage\"},\"image\":{\"@id\":\"https:\\\/\\\/quehacerpolitico.mx\\\/?p=108519#primaryimage\"},\"thumbnailUrl\":\"https:\\\/\\\/quehacerpolitico.mx\\\/wp-content\\\/uploads\\\/2024\\\/03\\\/IMG_4116.jpeg\",\"datePublished\":\"2024-03-07T15:19:28+00:00\",\"dateModified\":\"2024-03-07T15:19:30+00:00\",\"author\":{\"@id\":\"https:\\\/\\\/quehacerpolitico.mx\\\/#\\\/schema\\\/person\\\/496d8ad2d1d3f8036101dca7ee39e585\"},\"breadcrumb\":{\"@id\":\"https:\\\/\\\/quehacerpolitico.mx\\\/?p=108519#breadcrumb\"},\"inLanguage\":\"es\",\"potentialAction\":[{\"@type\":\"ReadAction\",\"target\":[\"https:\\\/\\\/quehacerpolitico.mx\\\/?p=108519\"]}]},{\"@type\":\"ImageObject\",\"inLanguage\":\"es\",\"@id\":\"https:\\\/\\\/quehacerpolitico.mx\\\/?p=108519#primaryimage\",\"url\":\"https:\\\/\\\/quehacerpolitico.mx\\\/wp-content\\\/uploads\\\/2024\\\/03\\\/IMG_4116.jpeg\",\"contentUrl\":\"https:\\\/\\\/quehacerpolitico.mx\\\/wp-content\\\/uploads\\\/2024\\\/03\\\/IMG_4116.jpeg\",\"width\":701,\"height\":437},{\"@type\":\"BreadcrumbList\",\"@id\":\"https:\\\/\\\/quehacerpolitico.mx\\\/?p=108519#breadcrumb\",\"itemListElement\":[{\"@type\":\"ListItem\",\"position\":1,\"name\":\"Inicio\",\"item\":\"https:\\\/\\\/quehacerpolitico.mx\\\/\"},{\"@type\":\"ListItem\",\"position\":2,\"name\":\"El\u00a0Instituto Nacional de Estad\u00edstica y Geograf\u00eda\u00a0(INEGI) revel\u00f3 que la\u00a0inflaci\u00f3n general anual\u00a0en\u00a0M\u00e9xico\u00a0se ubic\u00f3 en\u00a04.40 por ciento\u00a0en el pasado mes de\u00a0febrero de 2024\"}]},{\"@type\":\"WebSite\",\"@id\":\"https:\\\/\\\/quehacerpolitico.mx\\\/#website\",\"url\":\"https:\\\/\\\/quehacerpolitico.mx\\\/\",\"name\":\"\",\"description\":\"\",\"potentialAction\":[{\"@type\":\"SearchAction\",\"target\":{\"@type\":\"EntryPoint\",\"urlTemplate\":\"https:\\\/\\\/quehacerpolitico.mx\\\/?s={search_term_string}\"},\"query-input\":{\"@type\":\"PropertyValueSpecification\",\"valueRequired\":true,\"valueName\":\"search_term_string\"}}],\"inLanguage\":\"es\"},{\"@type\":\"Person\",\"@id\":\"https:\\\/\\\/quehacerpolitico.mx\\\/#\\\/schema\\\/person\\\/496d8ad2d1d3f8036101dca7ee39e585\",\"name\":\"Redacci\u00f3n QP\",\"image\":{\"@type\":\"ImageObject\",\"inLanguage\":\"es\",\"@id\":\"https:\\\/\\\/secure.gravatar.com\\\/avatar\\\/c7164ed6fdec453195284ad24a5ae5b6e1eed2b848477fa2a4787ba9adf39a41?s=96&d=mm&r=g\",\"url\":\"https:\\\/\\\/secure.gravatar.com\\\/avatar\\\/c7164ed6fdec453195284ad24a5ae5b6e1eed2b848477fa2a4787ba9adf39a41?s=96&d=mm&r=g\",\"contentUrl\":\"https:\\\/\\\/secure.gravatar.com\\\/avatar\\\/c7164ed6fdec453195284ad24a5ae5b6e1eed2b848477fa2a4787ba9adf39a41?s=96&d=mm&r=g\",\"caption\":\"Redacci\u00f3n QP\"},\"url\":\"https:\\\/\\\/quehacerpolitico.mx\\\/?author=2\"}]}<\/script>\n<!-- \/ Yoast SEO plugin. -->","yoast_head_json":{"title":"El\u00a0Instituto Nacional de Estad\u00edstica y Geograf\u00eda\u00a0(INEGI) revel\u00f3 que la\u00a0inflaci\u00f3n general anual\u00a0en\u00a0M\u00e9xico\u00a0se ubic\u00f3 en\u00a04.40 por ciento\u00a0en el pasado mes de\u00a0febrero de 2024 -","robots":{"index":"index","follow":"follow","max-snippet":"max-snippet:-1","max-image-preview":"max-image-preview:large","max-video-preview":"max-video-preview:-1"},"canonical":"https:\/\/quehacerpolitico.mx\/?p=108519","og_locale":"es_MX","og_type":"article","og_title":"El\u00a0Instituto Nacional de Estad\u00edstica y Geograf\u00eda\u00a0(INEGI) revel\u00f3 que la\u00a0inflaci\u00f3n general anual\u00a0en\u00a0M\u00e9xico\u00a0se ubic\u00f3 en\u00a04.40 por ciento\u00a0en el pasado mes de\u00a0febrero de 2024 -","og_description":"Por Redacci\u00f3n QP El Inegi detall\u00f3 que la inflaci\u00f3n general anual en M\u00e9xico se ubic\u00f3...","og_url":"https:\/\/quehacerpolitico.mx\/?p=108519","article_published_time":"2024-03-07T15:19:28+00:00","article_modified_time":"2024-03-07T15:19:30+00:00","og_image":[{"width":701,"height":437,"url":"https:\/\/quehacerpolitico.mx\/wp-content\/uploads\/2024\/03\/IMG_4116.jpeg","type":"image\/jpeg"}],"author":"Redacci\u00f3n QP","twitter_card":"summary_large_image","twitter_misc":{"Escrito por":"Redacci\u00f3n QP","Tiempo de lectura":"2 minutos"},"schema":{"@context":"https:\/\/schema.org","@graph":[{"@type":"Article","@id":"https:\/\/quehacerpolitico.mx\/?p=108519#article","isPartOf":{"@id":"https:\/\/quehacerpolitico.mx\/?p=108519"},"author":{"name":"Redacci\u00f3n QP","@id":"https:\/\/quehacerpolitico.mx\/#\/schema\/person\/496d8ad2d1d3f8036101dca7ee39e585"},"headline":"El\u00a0Instituto Nacional de Estad\u00edstica y Geograf\u00eda\u00a0(INEGI) revel\u00f3 que la\u00a0inflaci\u00f3n general anual\u00a0en\u00a0M\u00e9xico\u00a0se ubic\u00f3 en\u00a04.40 por ciento\u00a0en el pasado mes de\u00a0febrero de 2024","datePublished":"2024-03-07T15:19:28+00:00","dateModified":"2024-03-07T15:19:30+00:00","mainEntityOfPage":{"@id":"https:\/\/quehacerpolitico.mx\/?p=108519"},"wordCount":438,"commentCount":0,"image":{"@id":"https:\/\/quehacerpolitico.mx\/?p=108519#primaryimage"},"thumbnailUrl":"https:\/\/quehacerpolitico.mx\/wp-content\/uploads\/2024\/03\/IMG_4116.jpeg","articleSection":["Econom\u00eda"],"inLanguage":"es","potentialAction":[{"@type":"CommentAction","name":"Comment","target":["https:\/\/quehacerpolitico.mx\/?p=108519#respond"]}]},{"@type":"WebPage","@id":"https:\/\/quehacerpolitico.mx\/?p=108519","url":"https:\/\/quehacerpolitico.mx\/?p=108519","name":"El\u00a0Instituto Nacional de Estad\u00edstica y Geograf\u00eda\u00a0(INEGI) revel\u00f3 que la\u00a0inflaci\u00f3n general anual\u00a0en\u00a0M\u00e9xico\u00a0se ubic\u00f3 en\u00a04.40 por ciento\u00a0en el pasado mes de\u00a0febrero de 2024 -","isPartOf":{"@id":"https:\/\/quehacerpolitico.mx\/#website"},"primaryImageOfPage":{"@id":"https:\/\/quehacerpolitico.mx\/?p=108519#primaryimage"},"image":{"@id":"https:\/\/quehacerpolitico.mx\/?p=108519#primaryimage"},"thumbnailUrl":"https:\/\/quehacerpolitico.mx\/wp-content\/uploads\/2024\/03\/IMG_4116.jpeg","datePublished":"2024-03-07T15:19:28+00:00","dateModified":"2024-03-07T15:19:30+00:00","author":{"@id":"https:\/\/quehacerpolitico.mx\/#\/schema\/person\/496d8ad2d1d3f8036101dca7ee39e585"},"breadcrumb":{"@id":"https:\/\/quehacerpolitico.mx\/?p=108519#breadcrumb"},"inLanguage":"es","potentialAction":[{"@type":"ReadAction","target":["https:\/\/quehacerpolitico.mx\/?p=108519"]}]},{"@type":"ImageObject","inLanguage":"es","@id":"https:\/\/quehacerpolitico.mx\/?p=108519#primaryimage","url":"https:\/\/quehacerpolitico.mx\/wp-content\/uploads\/2024\/03\/IMG_4116.jpeg","contentUrl":"https:\/\/quehacerpolitico.mx\/wp-content\/uploads\/2024\/03\/IMG_4116.jpeg","width":701,"height":437},{"@type":"BreadcrumbList","@id":"https:\/\/quehacerpolitico.mx\/?p=108519#breadcrumb","itemListElement":[{"@type":"ListItem","position":1,"name":"Inicio","item":"https:\/\/quehacerpolitico.mx\/"},{"@type":"ListItem","position":2,"name":"El\u00a0Instituto Nacional de Estad\u00edstica y Geograf\u00eda\u00a0(INEGI) revel\u00f3 que la\u00a0inflaci\u00f3n general anual\u00a0en\u00a0M\u00e9xico\u00a0se ubic\u00f3 en\u00a04.40 por ciento\u00a0en el pasado mes de\u00a0febrero de 2024"}]},{"@type":"WebSite","@id":"https:\/\/quehacerpolitico.mx\/#website","url":"https:\/\/quehacerpolitico.mx\/","name":"","description":"","potentialAction":[{"@type":"SearchAction","target":{"@type":"EntryPoint","urlTemplate":"https:\/\/quehacerpolitico.mx\/?s={search_term_string}"},"query-input":{"@type":"PropertyValueSpecification","valueRequired":true,"valueName":"search_term_string"}}],"inLanguage":"es"},{"@type":"Person","@id":"https:\/\/quehacerpolitico.mx\/#\/schema\/person\/496d8ad2d1d3f8036101dca7ee39e585","name":"Redacci\u00f3n QP","image":{"@type":"ImageObject","inLanguage":"es","@id":"https:\/\/secure.gravatar.com\/avatar\/c7164ed6fdec453195284ad24a5ae5b6e1eed2b848477fa2a4787ba9adf39a41?s=96&d=mm&r=g","url":"https:\/\/secure.gravatar.com\/avatar\/c7164ed6fdec453195284ad24a5ae5b6e1eed2b848477fa2a4787ba9adf39a41?s=96&d=mm&r=g","contentUrl":"https:\/\/secure.gravatar.com\/avatar\/c7164ed6fdec453195284ad24a5ae5b6e1eed2b848477fa2a4787ba9adf39a41?s=96&d=mm&r=g","caption":"Redacci\u00f3n QP"},"url":"https:\/\/quehacerpolitico.mx\/?author=2"}]}},"featured_image_urls":{"full":["https:\/\/quehacerpolitico.mx\/wp-content\/uploads\/2024\/03\/IMG_4116.jpeg",701,437,false],"thumbnail":["https:\/\/quehacerpolitico.mx\/wp-content\/uploads\/2024\/03\/IMG_4116-150x150.jpeg",150,150,true],"medium":["https:\/\/quehacerpolitico.mx\/wp-content\/uploads\/2024\/03\/IMG_4116-300x187.jpeg",300,187,true],"medium_large":["https:\/\/quehacerpolitico.mx\/wp-content\/uploads\/2024\/03\/IMG_4116.jpeg",640,399,false],"large":["https:\/\/quehacerpolitico.mx\/wp-content\/uploads\/2024\/03\/IMG_4116.jpeg",640,399,false],"1536x1536":["https:\/\/quehacerpolitico.mx\/wp-content\/uploads\/2024\/03\/IMG_4116.jpeg",701,437,false],"2048x2048":["https:\/\/quehacerpolitico.mx\/wp-content\/uploads\/2024\/03\/IMG_4116.jpeg",701,437,false],"covernews-featured":["https:\/\/quehacerpolitico.mx\/wp-content\/uploads\/2024\/03\/IMG_4116.jpeg",701,437,false],"covernews-medium":["https:\/\/quehacerpolitico.mx\/wp-content\/uploads\/2024\/03\/IMG_4116.jpeg",540,337,false]},"author_info":{"display_name":"Redacci\u00f3n QP","author_link":"https:\/\/quehacerpolitico.mx\/?author=2"},"category_info":"<a href=\"https:\/\/quehacerpolitico.mx\/?cat=56\" rel=\"category\">Econom\u00eda<\/a>","tag_info":"Econom\u00eda","comment_count":"0","_links":{"self":[{"href":"https:\/\/quehacerpolitico.mx\/index.php?rest_route=\/wp\/v2\/posts\/108519","targetHints":{"allow":["GET"]}}],"collection":[{"href":"https:\/\/quehacerpolitico.mx\/index.php?rest_route=\/wp\/v2\/posts"}],"about":[{"href":"https:\/\/quehacerpolitico.mx\/index.php?rest_route=\/wp\/v2\/types\/post"}],"author":[{"embeddable":true,"href":"https:\/\/quehacerpolitico.mx\/index.php?rest_route=\/wp\/v2\/users\/2"}],"replies":[{"embeddable":true,"href":"https:\/\/quehacerpolitico.mx\/index.php?rest_route=%2Fwp%2Fv2%2Fcomments&post=108519"}],"version-history":[{"count":1,"href":"https:\/\/quehacerpolitico.mx\/index.php?rest_route=\/wp\/v2\/posts\/108519\/revisions"}],"predecessor-version":[{"id":108521,"href":"https:\/\/quehacerpolitico.mx\/index.php?rest_route=\/wp\/v2\/posts\/108519\/revisions\/108521"}],"wp:featuredmedia":[{"embeddable":true,"href":"https:\/\/quehacerpolitico.mx\/index.php?rest_route=\/wp\/v2\/media\/108520"}],"wp:attachment":[{"href":"https:\/\/quehacerpolitico.mx\/index.php?rest_route=%2Fwp%2Fv2%2Fmedia&parent=108519"}],"wp:term":[{"taxonomy":"category","embeddable":true,"href":"https:\/\/quehacerpolitico.mx\/index.php?rest_route=%2Fwp%2Fv2%2Fcategories&post=108519"},{"taxonomy":"post_tag","embeddable":true,"href":"https:\/\/quehacerpolitico.mx\/index.php?rest_route=%2Fwp%2Fv2%2Ftags&post=108519"}],"curies":[{"name":"wp","href":"https:\/\/api.w.org\/{rel}","templated":true}]}}