{"id":108516,"date":"2024-03-07T15:06:13","date_gmt":"2024-03-07T15:06:13","guid":{"rendered":"https:\/\/quehacerpolitico.mx\/?p=108516"},"modified":"2024-03-07T15:06:15","modified_gmt":"2024-03-07T15:06:15","slug":"las-marchas-para-este-jueves-7-de-marzo-en-la-cdmx","status":"publish","type":"post","link":"https:\/\/quehacerpolitico.mx\/?p=108516","title":{"rendered":"Las Marchas para este jueves 7 de marzo en la CDMX"},"content":{"rendered":"\n<p>Por Redacci\u00f3n QP<\/p>\n\n\n\n<p>Este 7 de marzo se llevar\u00e1n a cabo al menos 12 movilizaciones en la Ciudad de M\u00e9xico. Te decimos d\u00f3nde para que tomes tus precauciones.<\/p>\n\n\n\n<p>En la\u00a0Ciudad de M\u00e9xico, diariamente se realizan<\/p>\n\n\n\n<p><strong>protestas y manifestaciones<\/strong>&nbsp;en diferentes puntos. Los ciudadanos salen a las vialidades primarias de la capital del pa\u00eds para atraer la atenci\u00f3n de las autoridades y as\u00ed expresar su inconformidad con algunas situaciones o realizar peticiones.<\/p>\n\n\n\n<p>De acuerdo con el Centro de Comando, Control, C\u00f3mputo, Comunicaciones y Contacto Ciudadano de la Ciudad de M\u00e9xico (C5) este\u00a0<strong>5 de marzo se esperan al menos 12 marchas y concentraciones<\/strong>\u00a0a lo largo del d\u00eda, las cuales podr\u00edan afectar la circulaci\u00f3n en vialidades de la capital.<\/p>\n\n\n\n<figure class=\"wp-block-embed is-type-rich is-provider-twitter wp-block-embed-twitter\"><div class=\"wp-block-embed__wrapper\">\n<blockquote class=\"twitter-tweet\" data-width=\"550\" data-dnt=\"true\"><p lang=\"es\" dir=\"ltr\">\u26a0 <a href=\"https:\/\/twitter.com\/hashtag\/ENT%C3%89RATE?src=hash&amp;ref_src=twsrc%5Etfw\">#ENT\u00c9RATE<\/a> | Para hoy, 7 de marzo 2024, estas son las movilizaciones sociales previstas en la Ciudad de M\u00e9xico.   <a href=\"https:\/\/twitter.com\/hashtag\/C5ConConfianza?src=hash&amp;ref_src=twsrc%5Etfw\">#C5ConConfianza<\/a> <a href=\"https:\/\/twitter.com\/hashtag\/MovilidadCDMX?src=hash&amp;ref_src=twsrc%5Etfw\">#MovilidadCDMX<\/a> <a href=\"https:\/\/t.co\/OBwcsErBAd\">pic.twitter.com\/OBwcsErBAd<\/a><\/p>&mdash; C5 CDMX (@C5_CDMX) <a href=\"https:\/\/twitter.com\/C5_CDMX\/status\/1765704730464944196?ref_src=twsrc%5Etfw\">March 7, 2024<\/a><\/blockquote><script async src=\"https:\/\/platform.twitter.com\/widgets.js\" charset=\"utf-8\"><\/script>\n<\/div><\/figure>\n\n\n\n<p>Durante el d\u00eda se tienen previstas ocho manifestaciones en la alcald\u00eda&nbsp;<strong>Cuauht\u00e9moc<\/strong>, una en&nbsp;<strong>Azcapotzalco<\/strong>, una en&nbsp;<strong>Miguel Hidalgo<\/strong>, una en&nbsp;<strong>Coyoac\u00e1n&nbsp;<\/strong>y una m\u00e1s en&nbsp;<strong>Iztacalco<\/strong>.&nbsp;<\/p>\n\n\n\n<ul class=\"wp-block-list\">\n<li><strong>Alcald\u00eda Cuauht\u00e9moc<\/strong><\/li>\n<\/ul>\n\n\n\n<p>12:00 Concentraci\u00f3n en Fernando de Alva Ixtlilx\u00f3chitl 185, colonia Tr\u00e1nsito<\/p>\n\n\n\n<p>12:00 Concentraci\u00f3n en avenida Ju\u00e1rez 14, colonia Centro<\/p>\n\n\n\n<p>12:00 Concentraci\u00f3n en avenida Insurgentes sur y avenida Chapultepec, colonia Ju\u00e1rez<\/p>\n\n\n\n<p>13:00 Concentraci\u00f3n en Plaza de la Constituci\u00f3n, colonia Centro<\/p>\n\n\n\n<p>13:30 Concentraci\u00f3n en avenida Insurgentes 59, colonia Buenavista<\/p>\n\n\n\n<p>16:00 Concentraci\u00f3n en avenida Ju\u00e1rez 50, colonia Centro<\/p>\n\n\n\n<p>18:00 Concentraci\u00f3n en Plaza de la Constituci\u00f3n, colonia Centro<\/p>\n\n\n\n<p>Durante el d\u00eda: Concentraci\u00f3n en avenida Ju\u00e1rez 8, colonia Centro<\/p>\n\n\n\n<ul class=\"wp-block-list\">\n<li><strong>Alcald\u00eda Azcapotzalco<\/strong><\/li>\n<\/ul>\n\n\n\n<p>21:15 Concentraci\u00f3n-rodada en avenida Claver\u00eda y Norte 79-A, colonia San Miguel Amantla, rumbo a Paseo de la Reforma y Versalles<\/p>\n\n\n\n<ul class=\"wp-block-list\">\n<li><strong>Alcald\u00eda Miguel Hidalgo<\/strong><\/li>\n<\/ul>\n\n\n\n<p>09:00 Concentraci\u00f3n en Lieja 270, Bosque de Chapultepec 1a secci\u00f3n<\/p>\n\n\n\n<ul class=\"wp-block-list\">\n<li><strong>Alcald\u00eda Coyoac\u00e1n<\/strong><\/li>\n<\/ul>\n\n\n\n<p>09:30 Concentraci\u00f3n en Cerro del M\u00fasico 22, colonia Campestre-Churubusco<\/p>\n\n\n\n<ul class=\"wp-block-list\">\n<li><strong>Alcald\u00eda Iztacalco<\/strong><\/li>\n<\/ul>\n\n\n\n<p>19:00 Concentraci\u00f3n en avenida Javier Rojo G\u00f3mez y Sur 16, colonia Agr\u00edcola Oriental<\/p>\n\n\n\n<h2 class=\"wp-block-heading\">\u00bfQu\u00e9 autos NO circulan hoy mi\u00e9rcoles en CdMx?<\/h2>\n\n\n\n<p>Este jueves 7 de marzo se aplica\u00a0Doble hoy no circula por lo que las restricciones son las siguientes:\u00a0<\/p>\n\n\n\n<ul class=\"wp-block-list\">\n<li>Autos con&nbsp;<strong>holograma 0 y 00<\/strong>&nbsp;con&nbsp;<strong>engomado verde&nbsp;<\/strong>y terminaci\u00f3n de p<strong>laca 1 y 2<\/strong><\/li>\n\n\n\n<li>Autos con&nbsp;<strong>holograma 1<\/strong>&nbsp;y&nbsp;<strong>terminaci\u00f3n de placa 1, 2, 3, 5, 7 y 9<\/strong><\/li>\n\n\n\n<li>Autos con&nbsp;<strong>holograma 2: todas las terminaciones<\/strong><\/li>\n<\/ul>\n\n\n\n<p>La medida aplica para las 16 alcald\u00edas de la Ciudad de M\u00e9xico.<\/p>\n\n\n\n<figure class=\"wp-block-embed is-type-rich is-provider-twitter wp-block-embed-twitter\"><div class=\"wp-block-embed__wrapper\">\n<blockquote class=\"twitter-tweet\" data-width=\"550\" data-dnt=\"true\"><p lang=\"es\" dir=\"ltr\">\ud83d\udce2<a href=\"https:\/\/twitter.com\/hashtag\/QueNoSeTePase?src=hash&amp;ref_src=twsrc%5Etfw\">#QueNoSeTePase<\/a> |<br>Por <a href=\"https:\/\/twitter.com\/hashtag\/ContingenciaAmbiental?src=hash&amp;ref_src=twsrc%5Etfw\">#ContingenciaAmbiental<\/a> Fase I en la ZMVM, el <a href=\"https:\/\/twitter.com\/hashtag\/HoyNoCircula?src=hash&amp;ref_src=twsrc%5Etfw\">#HoyNoCircula<\/a> del \ud835\udfd5 \ud835\udc1d\ud835\udc1e \ud835\udc26\ud835\udc1a\ud835\udc2b\ud835\udc33\ud835\udc28 es para:<br>\u25aa\ufe0f Holograma 00 y 0  terminaci\u00f3n de placa<br>1 y 2 (engomado\ud83d\udfe2)<br>\u25aa\ufe0f Holograma 1 terminaci\u00f3n de placa 1, 2, 3, 5, 7 y 9<br>\u25aa\ufe0fHolograma 2<br>M\u00e1s info en <a href=\"https:\/\/t.co\/d4SLQu3Kyu\">https:\/\/t.co\/d4SLQu3Kyu<\/a> <a href=\"https:\/\/t.co\/gm5F4fe2hw\">pic.twitter.com\/gm5F4fe2hw<\/a><\/p>&mdash; CAMegal\u00f3polis (@CAMegalopolis) <a href=\"https:\/\/twitter.com\/CAMegalopolis\/status\/1765693885534421286?ref_src=twsrc%5Etfw\">March 7, 2024<\/a><\/blockquote><script async src=\"https:\/\/platform.twitter.com\/widgets.js\" charset=\"utf-8\"><\/script>\n<\/div><\/figure>\n\n\n\n<h2 class=\"wp-block-heading\">\u00bfCu\u00e1l es la multa por no respetar el Hoy No Circula?<\/h2>\n\n\n\n<p>La multa por no respetar el programa Hoy No Circula es de entre 20 a 30 UMAS (Unidad de Medida de Actualizaci\u00f3n) que actualmente tiene un valor de 108.57 pesos, por lo que la sanci\u00f3n ser\u00eda entre 2 mil 171.4 pesos a 3 mil 257.1 pesos.<\/p>\n\n\n\n<p>Adem\u00e1s, el auto podr\u00eda ser llevado al corral\u00f3n, cuyo traslado se cobra aparte.<\/p>\n","protected":false},"excerpt":{"rendered":"<p>Por Redacci\u00f3n QP Este 7 de marzo se llevar\u00e1n a cabo al menos 12 movilizaciones&#8230;<\/p>\n","protected":false},"author":2,"featured_media":108517,"comment_status":"open","ping_status":"open","sticky":false,"template":"","format":"standard","meta":{"_monsterinsights_skip_tracking":false,"_monsterinsights_sitenote_active":false,"_monsterinsights_sitenote_note":"","_monsterinsights_sitenote_category":0,"footnotes":""},"categories":[55],"tags":[],"class_list":["post-108516","post","type-post","status-publish","format-standard","has-post-thumbnail","hentry","category-cdmx"],"yoast_head":"<!-- This site is optimized with the Yoast SEO plugin v27.3 - https:\/\/yoast.com\/product\/yoast-seo-wordpress\/ -->\n<title>Las Marchas para este jueves 7 de marzo en la CDMX -<\/title>\n<meta name=\"robots\" content=\"index, follow, max-snippet:-1, max-image-preview:large, max-video-preview:-1\" \/>\n<link rel=\"canonical\" href=\"https:\/\/quehacerpolitico.mx\/?p=108516\" \/>\n<meta property=\"og:locale\" content=\"es_MX\" \/>\n<meta property=\"og:type\" content=\"article\" \/>\n<meta property=\"og:title\" content=\"Las Marchas para este jueves 7 de marzo en la CDMX -\" \/>\n<meta property=\"og:description\" content=\"Por Redacci\u00f3n QP Este 7 de marzo se llevar\u00e1n a cabo al menos 12 movilizaciones...\" \/>\n<meta property=\"og:url\" content=\"https:\/\/quehacerpolitico.mx\/?p=108516\" \/>\n<meta property=\"article:published_time\" content=\"2024-03-07T15:06:13+00:00\" \/>\n<meta property=\"article:modified_time\" content=\"2024-03-07T15:06:15+00:00\" \/>\n<meta property=\"og:image\" content=\"https:\/\/quehacerpolitico.mx\/wp-content\/uploads\/2024\/03\/IMG_4115.jpeg\" \/>\n\t<meta property=\"og:image:width\" content=\"739\" \/>\n\t<meta property=\"og:image:height\" content=\"415\" \/>\n\t<meta property=\"og:image:type\" content=\"image\/jpeg\" \/>\n<meta name=\"author\" content=\"Redacci\u00f3n QP\" \/>\n<meta name=\"twitter:card\" content=\"summary_large_image\" \/>\n<meta name=\"twitter:label1\" content=\"Escrito por\" \/>\n\t<meta name=\"twitter:data1\" content=\"Redacci\u00f3n QP\" \/>\n\t<meta name=\"twitter:label2\" content=\"Tiempo de lectura\" \/>\n\t<meta name=\"twitter:data2\" content=\"2 minutos\" \/>\n<script type=\"application\/ld+json\" class=\"yoast-schema-graph\">{\"@context\":\"https:\\\/\\\/schema.org\",\"@graph\":[{\"@type\":\"Article\",\"@id\":\"https:\\\/\\\/quehacerpolitico.mx\\\/?p=108516#article\",\"isPartOf\":{\"@id\":\"https:\\\/\\\/quehacerpolitico.mx\\\/?p=108516\"},\"author\":{\"name\":\"Redacci\u00f3n QP\",\"@id\":\"https:\\\/\\\/quehacerpolitico.mx\\\/#\\\/schema\\\/person\\\/496d8ad2d1d3f8036101dca7ee39e585\"},\"headline\":\"Las Marchas para este jueves 7 de marzo en la CDMX\",\"datePublished\":\"2024-03-07T15:06:13+00:00\",\"dateModified\":\"2024-03-07T15:06:15+00:00\",\"mainEntityOfPage\":{\"@id\":\"https:\\\/\\\/quehacerpolitico.mx\\\/?p=108516\"},\"wordCount\":496,\"commentCount\":0,\"image\":{\"@id\":\"https:\\\/\\\/quehacerpolitico.mx\\\/?p=108516#primaryimage\"},\"thumbnailUrl\":\"https:\\\/\\\/quehacerpolitico.mx\\\/wp-content\\\/uploads\\\/2024\\\/03\\\/IMG_4115.jpeg\",\"articleSection\":[\"CDMX\"],\"inLanguage\":\"es\",\"potentialAction\":[{\"@type\":\"CommentAction\",\"name\":\"Comment\",\"target\":[\"https:\\\/\\\/quehacerpolitico.mx\\\/?p=108516#respond\"]}]},{\"@type\":\"WebPage\",\"@id\":\"https:\\\/\\\/quehacerpolitico.mx\\\/?p=108516\",\"url\":\"https:\\\/\\\/quehacerpolitico.mx\\\/?p=108516\",\"name\":\"Las Marchas para este jueves 7 de marzo en la CDMX -\",\"isPartOf\":{\"@id\":\"https:\\\/\\\/quehacerpolitico.mx\\\/#website\"},\"primaryImageOfPage\":{\"@id\":\"https:\\\/\\\/quehacerpolitico.mx\\\/?p=108516#primaryimage\"},\"image\":{\"@id\":\"https:\\\/\\\/quehacerpolitico.mx\\\/?p=108516#primaryimage\"},\"thumbnailUrl\":\"https:\\\/\\\/quehacerpolitico.mx\\\/wp-content\\\/uploads\\\/2024\\\/03\\\/IMG_4115.jpeg\",\"datePublished\":\"2024-03-07T15:06:13+00:00\",\"dateModified\":\"2024-03-07T15:06:15+00:00\",\"author\":{\"@id\":\"https:\\\/\\\/quehacerpolitico.mx\\\/#\\\/schema\\\/person\\\/496d8ad2d1d3f8036101dca7ee39e585\"},\"breadcrumb\":{\"@id\":\"https:\\\/\\\/quehacerpolitico.mx\\\/?p=108516#breadcrumb\"},\"inLanguage\":\"es\",\"potentialAction\":[{\"@type\":\"ReadAction\",\"target\":[\"https:\\\/\\\/quehacerpolitico.mx\\\/?p=108516\"]}]},{\"@type\":\"ImageObject\",\"inLanguage\":\"es\",\"@id\":\"https:\\\/\\\/quehacerpolitico.mx\\\/?p=108516#primaryimage\",\"url\":\"https:\\\/\\\/quehacerpolitico.mx\\\/wp-content\\\/uploads\\\/2024\\\/03\\\/IMG_4115.jpeg\",\"contentUrl\":\"https:\\\/\\\/quehacerpolitico.mx\\\/wp-content\\\/uploads\\\/2024\\\/03\\\/IMG_4115.jpeg\",\"width\":739,\"height\":415},{\"@type\":\"BreadcrumbList\",\"@id\":\"https:\\\/\\\/quehacerpolitico.mx\\\/?p=108516#breadcrumb\",\"itemListElement\":[{\"@type\":\"ListItem\",\"position\":1,\"name\":\"Inicio\",\"item\":\"https:\\\/\\\/quehacerpolitico.mx\\\/\"},{\"@type\":\"ListItem\",\"position\":2,\"name\":\"Las Marchas para este jueves 7 de marzo en la CDMX\"}]},{\"@type\":\"WebSite\",\"@id\":\"https:\\\/\\\/quehacerpolitico.mx\\\/#website\",\"url\":\"https:\\\/\\\/quehacerpolitico.mx\\\/\",\"name\":\"\",\"description\":\"\",\"potentialAction\":[{\"@type\":\"SearchAction\",\"target\":{\"@type\":\"EntryPoint\",\"urlTemplate\":\"https:\\\/\\\/quehacerpolitico.mx\\\/?s={search_term_string}\"},\"query-input\":{\"@type\":\"PropertyValueSpecification\",\"valueRequired\":true,\"valueName\":\"search_term_string\"}}],\"inLanguage\":\"es\"},{\"@type\":\"Person\",\"@id\":\"https:\\\/\\\/quehacerpolitico.mx\\\/#\\\/schema\\\/person\\\/496d8ad2d1d3f8036101dca7ee39e585\",\"name\":\"Redacci\u00f3n QP\",\"image\":{\"@type\":\"ImageObject\",\"inLanguage\":\"es\",\"@id\":\"https:\\\/\\\/secure.gravatar.com\\\/avatar\\\/c7164ed6fdec453195284ad24a5ae5b6e1eed2b848477fa2a4787ba9adf39a41?s=96&d=mm&r=g\",\"url\":\"https:\\\/\\\/secure.gravatar.com\\\/avatar\\\/c7164ed6fdec453195284ad24a5ae5b6e1eed2b848477fa2a4787ba9adf39a41?s=96&d=mm&r=g\",\"contentUrl\":\"https:\\\/\\\/secure.gravatar.com\\\/avatar\\\/c7164ed6fdec453195284ad24a5ae5b6e1eed2b848477fa2a4787ba9adf39a41?s=96&d=mm&r=g\",\"caption\":\"Redacci\u00f3n QP\"},\"url\":\"https:\\\/\\\/quehacerpolitico.mx\\\/?author=2\"}]}<\/script>\n<!-- \/ Yoast SEO plugin. -->","yoast_head_json":{"title":"Las Marchas para este jueves 7 de marzo en la CDMX -","robots":{"index":"index","follow":"follow","max-snippet":"max-snippet:-1","max-image-preview":"max-image-preview:large","max-video-preview":"max-video-preview:-1"},"canonical":"https:\/\/quehacerpolitico.mx\/?p=108516","og_locale":"es_MX","og_type":"article","og_title":"Las Marchas para este jueves 7 de marzo en la CDMX -","og_description":"Por Redacci\u00f3n QP Este 7 de marzo se llevar\u00e1n a cabo al menos 12 movilizaciones...","og_url":"https:\/\/quehacerpolitico.mx\/?p=108516","article_published_time":"2024-03-07T15:06:13+00:00","article_modified_time":"2024-03-07T15:06:15+00:00","og_image":[{"width":739,"height":415,"url":"https:\/\/quehacerpolitico.mx\/wp-content\/uploads\/2024\/03\/IMG_4115.jpeg","type":"image\/jpeg"}],"author":"Redacci\u00f3n QP","twitter_card":"summary_large_image","twitter_misc":{"Escrito por":"Redacci\u00f3n QP","Tiempo de lectura":"2 minutos"},"schema":{"@context":"https:\/\/schema.org","@graph":[{"@type":"Article","@id":"https:\/\/quehacerpolitico.mx\/?p=108516#article","isPartOf":{"@id":"https:\/\/quehacerpolitico.mx\/?p=108516"},"author":{"name":"Redacci\u00f3n QP","@id":"https:\/\/quehacerpolitico.mx\/#\/schema\/person\/496d8ad2d1d3f8036101dca7ee39e585"},"headline":"Las Marchas para este jueves 7 de marzo en la CDMX","datePublished":"2024-03-07T15:06:13+00:00","dateModified":"2024-03-07T15:06:15+00:00","mainEntityOfPage":{"@id":"https:\/\/quehacerpolitico.mx\/?p=108516"},"wordCount":496,"commentCount":0,"image":{"@id":"https:\/\/quehacerpolitico.mx\/?p=108516#primaryimage"},"thumbnailUrl":"https:\/\/quehacerpolitico.mx\/wp-content\/uploads\/2024\/03\/IMG_4115.jpeg","articleSection":["CDMX"],"inLanguage":"es","potentialAction":[{"@type":"CommentAction","name":"Comment","target":["https:\/\/quehacerpolitico.mx\/?p=108516#respond"]}]},{"@type":"WebPage","@id":"https:\/\/quehacerpolitico.mx\/?p=108516","url":"https:\/\/quehacerpolitico.mx\/?p=108516","name":"Las Marchas para este jueves 7 de marzo en la CDMX -","isPartOf":{"@id":"https:\/\/quehacerpolitico.mx\/#website"},"primaryImageOfPage":{"@id":"https:\/\/quehacerpolitico.mx\/?p=108516#primaryimage"},"image":{"@id":"https:\/\/quehacerpolitico.mx\/?p=108516#primaryimage"},"thumbnailUrl":"https:\/\/quehacerpolitico.mx\/wp-content\/uploads\/2024\/03\/IMG_4115.jpeg","datePublished":"2024-03-07T15:06:13+00:00","dateModified":"2024-03-07T15:06:15+00:00","author":{"@id":"https:\/\/quehacerpolitico.mx\/#\/schema\/person\/496d8ad2d1d3f8036101dca7ee39e585"},"breadcrumb":{"@id":"https:\/\/quehacerpolitico.mx\/?p=108516#breadcrumb"},"inLanguage":"es","potentialAction":[{"@type":"ReadAction","target":["https:\/\/quehacerpolitico.mx\/?p=108516"]}]},{"@type":"ImageObject","inLanguage":"es","@id":"https:\/\/quehacerpolitico.mx\/?p=108516#primaryimage","url":"https:\/\/quehacerpolitico.mx\/wp-content\/uploads\/2024\/03\/IMG_4115.jpeg","contentUrl":"https:\/\/quehacerpolitico.mx\/wp-content\/uploads\/2024\/03\/IMG_4115.jpeg","width":739,"height":415},{"@type":"BreadcrumbList","@id":"https:\/\/quehacerpolitico.mx\/?p=108516#breadcrumb","itemListElement":[{"@type":"ListItem","position":1,"name":"Inicio","item":"https:\/\/quehacerpolitico.mx\/"},{"@type":"ListItem","position":2,"name":"Las Marchas para este jueves 7 de marzo en la CDMX"}]},{"@type":"WebSite","@id":"https:\/\/quehacerpolitico.mx\/#website","url":"https:\/\/quehacerpolitico.mx\/","name":"","description":"","potentialAction":[{"@type":"SearchAction","target":{"@type":"EntryPoint","urlTemplate":"https:\/\/quehacerpolitico.mx\/?s={search_term_string}"},"query-input":{"@type":"PropertyValueSpecification","valueRequired":true,"valueName":"search_term_string"}}],"inLanguage":"es"},{"@type":"Person","@id":"https:\/\/quehacerpolitico.mx\/#\/schema\/person\/496d8ad2d1d3f8036101dca7ee39e585","name":"Redacci\u00f3n QP","image":{"@type":"ImageObject","inLanguage":"es","@id":"https:\/\/secure.gravatar.com\/avatar\/c7164ed6fdec453195284ad24a5ae5b6e1eed2b848477fa2a4787ba9adf39a41?s=96&d=mm&r=g","url":"https:\/\/secure.gravatar.com\/avatar\/c7164ed6fdec453195284ad24a5ae5b6e1eed2b848477fa2a4787ba9adf39a41?s=96&d=mm&r=g","contentUrl":"https:\/\/secure.gravatar.com\/avatar\/c7164ed6fdec453195284ad24a5ae5b6e1eed2b848477fa2a4787ba9adf39a41?s=96&d=mm&r=g","caption":"Redacci\u00f3n QP"},"url":"https:\/\/quehacerpolitico.mx\/?author=2"}]}},"featured_image_urls":{"full":["https:\/\/quehacerpolitico.mx\/wp-content\/uploads\/2024\/03\/IMG_4115.jpeg",739,415,false],"thumbnail":["https:\/\/quehacerpolitico.mx\/wp-content\/uploads\/2024\/03\/IMG_4115-150x150.jpeg",150,150,true],"medium":["https:\/\/quehacerpolitico.mx\/wp-content\/uploads\/2024\/03\/IMG_4115-300x168.jpeg",300,168,true],"medium_large":["https:\/\/quehacerpolitico.mx\/wp-content\/uploads\/2024\/03\/IMG_4115.jpeg",640,359,false],"large":["https:\/\/quehacerpolitico.mx\/wp-content\/uploads\/2024\/03\/IMG_4115.jpeg",640,359,false],"1536x1536":["https:\/\/quehacerpolitico.mx\/wp-content\/uploads\/2024\/03\/IMG_4115.jpeg",739,415,false],"2048x2048":["https:\/\/quehacerpolitico.mx\/wp-content\/uploads\/2024\/03\/IMG_4115.jpeg",739,415,false],"covernews-featured":["https:\/\/quehacerpolitico.mx\/wp-content\/uploads\/2024\/03\/IMG_4115.jpeg",739,415,false],"covernews-medium":["https:\/\/quehacerpolitico.mx\/wp-content\/uploads\/2024\/03\/IMG_4115.jpeg",540,303,false]},"author_info":{"display_name":"Redacci\u00f3n QP","author_link":"https:\/\/quehacerpolitico.mx\/?author=2"},"category_info":"<a href=\"https:\/\/quehacerpolitico.mx\/?cat=55\" rel=\"category\">CDMX<\/a>","tag_info":"CDMX","comment_count":"0","_links":{"self":[{"href":"https:\/\/quehacerpolitico.mx\/index.php?rest_route=\/wp\/v2\/posts\/108516","targetHints":{"allow":["GET"]}}],"collection":[{"href":"https:\/\/quehacerpolitico.mx\/index.php?rest_route=\/wp\/v2\/posts"}],"about":[{"href":"https:\/\/quehacerpolitico.mx\/index.php?rest_route=\/wp\/v2\/types\/post"}],"author":[{"embeddable":true,"href":"https:\/\/quehacerpolitico.mx\/index.php?rest_route=\/wp\/v2\/users\/2"}],"replies":[{"embeddable":true,"href":"https:\/\/quehacerpolitico.mx\/index.php?rest_route=%2Fwp%2Fv2%2Fcomments&post=108516"}],"version-history":[{"count":1,"href":"https:\/\/quehacerpolitico.mx\/index.php?rest_route=\/wp\/v2\/posts\/108516\/revisions"}],"predecessor-version":[{"id":108518,"href":"https:\/\/quehacerpolitico.mx\/index.php?rest_route=\/wp\/v2\/posts\/108516\/revisions\/108518"}],"wp:featuredmedia":[{"embeddable":true,"href":"https:\/\/quehacerpolitico.mx\/index.php?rest_route=\/wp\/v2\/media\/108517"}],"wp:attachment":[{"href":"https:\/\/quehacerpolitico.mx\/index.php?rest_route=%2Fwp%2Fv2%2Fmedia&parent=108516"}],"wp:term":[{"taxonomy":"category","embeddable":true,"href":"https:\/\/quehacerpolitico.mx\/index.php?rest_route=%2Fwp%2Fv2%2Fcategories&post=108516"},{"taxonomy":"post_tag","embeddable":true,"href":"https:\/\/quehacerpolitico.mx\/index.php?rest_route=%2Fwp%2Fv2%2Ftags&post=108516"}],"curies":[{"name":"wp","href":"https:\/\/api.w.org\/{rel}","templated":true}]}}