{"id":108501,"date":"2024-03-06T19:12:58","date_gmt":"2024-03-06T19:12:58","guid":{"rendered":"https:\/\/quehacerpolitico.mx\/?p=108501"},"modified":"2024-03-06T19:13:00","modified_gmt":"2024-03-06T19:13:00","slug":"amurallan-la-cdmx-con-motivo-de-la-marcha-del-8m","status":"publish","type":"post","link":"https:\/\/quehacerpolitico.mx\/?p=108501","title":{"rendered":"Amurallan la CDMX con motivo de la marcha del 8M"},"content":{"rendered":"\n<p>Por Redacci\u00f3n QP<\/p>\n\n\n\n<p>Personal gobierno de la&nbsp;<strong>Ciudad de M\u00e9xico<\/strong>coloc\u00f3 durante la noche del martes y este mi\u00e9rcoles vallas met\u00e1licas en diferentes monumentos de la capital del pa\u00eds previo a la marcha por el&nbsp;<strong>D\u00eda Internacional de la Mujer<\/strong>, que se llevar\u00e1 a cabo el pr\u00f3ximo 8 de marzo.<\/p>\n\n\n\n<p>Trabajadores de la Secretar\u00eda de Obras y Servicios (Sobse) capitalina instalaron las vallas alrededor del \u00c1ngel de la Independencia, en el\u00a0<strong>Monumento a la Revoluci\u00f3n<\/strong>, en el Hemiciclo a Ju\u00e1rez, el Palacio de Bellas Artes, la estatua El Caballito, entre otros.<\/p>\n\n\n\n<figure class=\"wp-block-embed is-type-rich is-provider-twitter wp-block-embed-twitter\"><div class=\"wp-block-embed__wrapper\">\n<blockquote class=\"twitter-tweet\" data-width=\"550\" data-dnt=\"true\"><p lang=\"es\" dir=\"ltr\">\u25b6\ufe0f Autoridades comienzan con la instalaci\u00f3n de vallas met\u00e1licas alrededor de edificios y monumentos como medida de protecci\u00f3n previo a las marchas por la conmemoraci\u00f3n del <a href=\"https:\/\/twitter.com\/hashtag\/8M?src=hash&amp;ref_src=twsrc%5Etfw\">#8M<\/a> en la <a href=\"https:\/\/twitter.com\/hashtag\/CdMx?src=hash&amp;ref_src=twsrc%5Etfw\">#CdMx<\/a>. <br><br>\ud83d\udcfa  <a href=\"https:\/\/twitter.com\/hashtag\/TelediarioMediod%C3%ADa?src=hash&amp;ref_src=twsrc%5Etfw\">#TelediarioMediod\u00eda<\/a> con <a href=\"https:\/\/twitter.com\/janupi?ref_src=twsrc%5Etfw\">@janupi<\/a>, <a href=\"https:\/\/twitter.com\/YulianaEscobedo?ref_src=twsrc%5Etfw\">@YulianaEscobedo<\/a> y <a href=\"https:\/\/twitter.com\/cecysalamanca?ref_src=twsrc%5Etfw\">@cecysalamanca<\/a>  \u2b50 <a href=\"https:\/\/t.co\/YU5jfjrYIR\">pic.twitter.com\/YU5jfjrYIR<\/a><\/p>&mdash; @telediario (@telediario) <a href=\"https:\/\/twitter.com\/telediario\/status\/1765442354633220568?ref_src=twsrc%5Etfw\">March 6, 2024<\/a><\/blockquote><script async src=\"https:\/\/platform.twitter.com\/widgets.js\" charset=\"utf-8\"><\/script>\n<\/div><\/figure>\n\n\n\n<p>Dichos recintos se ubican en avenidas donde&nbsp;<strong>mujeres<\/strong>&nbsp;y diferentes colectivos feministas tienen previsto marchar rumbo a la&nbsp;<strong>Plaza de la Constituci\u00f3n<\/strong>.<\/p>\n\n\n\n<p>Adem\u00e1s, este mi\u00e9rcoles unos camiones con vallas met\u00e1licas se estacionaron en frente de la Catedral metropolitana, en las inmediaciones de<strong> Palacio Nacional<\/strong>.\u00a0<\/p>\n\n\n\n<p>Por su parte, el presidente de M\u00e9xico,&nbsp;<strong>Andr\u00e9s Manuel L\u00f3pez Obrador<\/strong>, asegur\u00f3 este mi\u00e9rcoles que habr\u00e1 \u201cinfiltrados\u201d que busquen vandalizar el Palacio Nacional, en la marcha del 8 de marzo.<\/p>\n\n\n\n<p>\u201cAhora que viene la marcha porque ah\u00ed se infiltran, del D\u00eda de las Mujeres, la conmemoraci\u00f3n del D\u00eda de la Mujer, ah\u00ed s\u00ed cuidamos porque traen sopletes, marros y piedras, y hay que buscar que no se da\u00f1e el&nbsp;<strong>recinto<\/strong>, pero no le hace (no pasa nada), porque ellos lo que quisieran es que salga la polic\u00eda y los enfrente\u201d, afirm\u00f3.<\/p>\n\n\n\n<p>El mandatario respondi\u00f3 en su conferencia matutina a cuestionamientos sobre la inusual protecci\u00f3n de vallas met\u00e1licas que coloca el gobierno ante las\u00a0<strong>manifestaciones<\/strong>\u00a0del 8 de marzo, que este a\u00f1o ocurrir\u00e1n a casi tres meses de que se realicen las elecciones presidenciales del 2 junio.<\/p>\n\n\n\n<p><strong>M\u00e9xico<\/strong>\u00a0tendr\u00e1 sus elecciones presidenciales el 2 de junio, cuando por primera vez en la historia podr\u00eda ganar una mujer, pues las dos principales candidatas son la oficialista,\u00a0<strong>Claudia Sheinbaum<\/strong>, y la opositora X\u00f3chitl G\u00e1lvez.<\/p>\n","protected":false},"excerpt":{"rendered":"<p>Por Redacci\u00f3n QP Personal gobierno de la&nbsp;Ciudad de M\u00e9xicocoloc\u00f3 durante la noche del martes y&#8230;<\/p>\n","protected":false},"author":2,"featured_media":108502,"comment_status":"open","ping_status":"open","sticky":false,"template":"","format":"standard","meta":{"_monsterinsights_skip_tracking":false,"_monsterinsights_sitenote_active":false,"_monsterinsights_sitenote_note":"","_monsterinsights_sitenote_category":0,"footnotes":""},"categories":[55],"tags":[],"class_list":["post-108501","post","type-post","status-publish","format-standard","has-post-thumbnail","hentry","category-cdmx"],"yoast_head":"<!-- This site is optimized with the Yoast SEO plugin v27.3 - https:\/\/yoast.com\/product\/yoast-seo-wordpress\/ -->\n<title>Amurallan la CDMX con motivo de la marcha del 8M -<\/title>\n<meta name=\"robots\" content=\"index, follow, max-snippet:-1, max-image-preview:large, max-video-preview:-1\" \/>\n<link rel=\"canonical\" href=\"https:\/\/quehacerpolitico.mx\/?p=108501\" \/>\n<meta property=\"og:locale\" content=\"es_MX\" \/>\n<meta property=\"og:type\" content=\"article\" \/>\n<meta property=\"og:title\" content=\"Amurallan la CDMX con motivo de la marcha del 8M -\" \/>\n<meta property=\"og:description\" content=\"Por Redacci\u00f3n QP Personal gobierno de la&nbsp;Ciudad de M\u00e9xicocoloc\u00f3 durante la noche del martes y...\" \/>\n<meta property=\"og:url\" content=\"https:\/\/quehacerpolitico.mx\/?p=108501\" \/>\n<meta property=\"article:published_time\" content=\"2024-03-06T19:12:58+00:00\" \/>\n<meta property=\"article:modified_time\" content=\"2024-03-06T19:13:00+00:00\" \/>\n<meta property=\"og:image\" content=\"https:\/\/quehacerpolitico.mx\/wp-content\/uploads\/2024\/03\/IMG_4101.jpeg\" \/>\n\t<meta property=\"og:image:width\" content=\"701\" \/>\n\t<meta property=\"og:image:height\" content=\"438\" \/>\n\t<meta property=\"og:image:type\" content=\"image\/jpeg\" \/>\n<meta name=\"author\" content=\"Redacci\u00f3n QP\" \/>\n<meta name=\"twitter:card\" content=\"summary_large_image\" \/>\n<meta name=\"twitter:label1\" content=\"Escrito por\" \/>\n\t<meta name=\"twitter:data1\" content=\"Redacci\u00f3n QP\" \/>\n\t<meta name=\"twitter:label2\" content=\"Tiempo de lectura\" \/>\n\t<meta name=\"twitter:data2\" content=\"2 minutos\" \/>\n<script type=\"application\/ld+json\" class=\"yoast-schema-graph\">{\"@context\":\"https:\\\/\\\/schema.org\",\"@graph\":[{\"@type\":\"Article\",\"@id\":\"https:\\\/\\\/quehacerpolitico.mx\\\/?p=108501#article\",\"isPartOf\":{\"@id\":\"https:\\\/\\\/quehacerpolitico.mx\\\/?p=108501\"},\"author\":{\"name\":\"Redacci\u00f3n QP\",\"@id\":\"https:\\\/\\\/quehacerpolitico.mx\\\/#\\\/schema\\\/person\\\/496d8ad2d1d3f8036101dca7ee39e585\"},\"headline\":\"Amurallan la CDMX con motivo de la marcha del 8M\",\"datePublished\":\"2024-03-06T19:12:58+00:00\",\"dateModified\":\"2024-03-06T19:13:00+00:00\",\"mainEntityOfPage\":{\"@id\":\"https:\\\/\\\/quehacerpolitico.mx\\\/?p=108501\"},\"wordCount\":359,\"commentCount\":0,\"image\":{\"@id\":\"https:\\\/\\\/quehacerpolitico.mx\\\/?p=108501#primaryimage\"},\"thumbnailUrl\":\"https:\\\/\\\/quehacerpolitico.mx\\\/wp-content\\\/uploads\\\/2024\\\/03\\\/IMG_4101.jpeg\",\"articleSection\":[\"CDMX\"],\"inLanguage\":\"es\",\"potentialAction\":[{\"@type\":\"CommentAction\",\"name\":\"Comment\",\"target\":[\"https:\\\/\\\/quehacerpolitico.mx\\\/?p=108501#respond\"]}]},{\"@type\":\"WebPage\",\"@id\":\"https:\\\/\\\/quehacerpolitico.mx\\\/?p=108501\",\"url\":\"https:\\\/\\\/quehacerpolitico.mx\\\/?p=108501\",\"name\":\"Amurallan la CDMX con motivo de la marcha del 8M -\",\"isPartOf\":{\"@id\":\"https:\\\/\\\/quehacerpolitico.mx\\\/#website\"},\"primaryImageOfPage\":{\"@id\":\"https:\\\/\\\/quehacerpolitico.mx\\\/?p=108501#primaryimage\"},\"image\":{\"@id\":\"https:\\\/\\\/quehacerpolitico.mx\\\/?p=108501#primaryimage\"},\"thumbnailUrl\":\"https:\\\/\\\/quehacerpolitico.mx\\\/wp-content\\\/uploads\\\/2024\\\/03\\\/IMG_4101.jpeg\",\"datePublished\":\"2024-03-06T19:12:58+00:00\",\"dateModified\":\"2024-03-06T19:13:00+00:00\",\"author\":{\"@id\":\"https:\\\/\\\/quehacerpolitico.mx\\\/#\\\/schema\\\/person\\\/496d8ad2d1d3f8036101dca7ee39e585\"},\"breadcrumb\":{\"@id\":\"https:\\\/\\\/quehacerpolitico.mx\\\/?p=108501#breadcrumb\"},\"inLanguage\":\"es\",\"potentialAction\":[{\"@type\":\"ReadAction\",\"target\":[\"https:\\\/\\\/quehacerpolitico.mx\\\/?p=108501\"]}]},{\"@type\":\"ImageObject\",\"inLanguage\":\"es\",\"@id\":\"https:\\\/\\\/quehacerpolitico.mx\\\/?p=108501#primaryimage\",\"url\":\"https:\\\/\\\/quehacerpolitico.mx\\\/wp-content\\\/uploads\\\/2024\\\/03\\\/IMG_4101.jpeg\",\"contentUrl\":\"https:\\\/\\\/quehacerpolitico.mx\\\/wp-content\\\/uploads\\\/2024\\\/03\\\/IMG_4101.jpeg\",\"width\":701,\"height\":438},{\"@type\":\"BreadcrumbList\",\"@id\":\"https:\\\/\\\/quehacerpolitico.mx\\\/?p=108501#breadcrumb\",\"itemListElement\":[{\"@type\":\"ListItem\",\"position\":1,\"name\":\"Inicio\",\"item\":\"https:\\\/\\\/quehacerpolitico.mx\\\/\"},{\"@type\":\"ListItem\",\"position\":2,\"name\":\"Amurallan la CDMX con motivo de la marcha del 8M\"}]},{\"@type\":\"WebSite\",\"@id\":\"https:\\\/\\\/quehacerpolitico.mx\\\/#website\",\"url\":\"https:\\\/\\\/quehacerpolitico.mx\\\/\",\"name\":\"\",\"description\":\"\",\"potentialAction\":[{\"@type\":\"SearchAction\",\"target\":{\"@type\":\"EntryPoint\",\"urlTemplate\":\"https:\\\/\\\/quehacerpolitico.mx\\\/?s={search_term_string}\"},\"query-input\":{\"@type\":\"PropertyValueSpecification\",\"valueRequired\":true,\"valueName\":\"search_term_string\"}}],\"inLanguage\":\"es\"},{\"@type\":\"Person\",\"@id\":\"https:\\\/\\\/quehacerpolitico.mx\\\/#\\\/schema\\\/person\\\/496d8ad2d1d3f8036101dca7ee39e585\",\"name\":\"Redacci\u00f3n QP\",\"image\":{\"@type\":\"ImageObject\",\"inLanguage\":\"es\",\"@id\":\"https:\\\/\\\/secure.gravatar.com\\\/avatar\\\/c7164ed6fdec453195284ad24a5ae5b6e1eed2b848477fa2a4787ba9adf39a41?s=96&d=mm&r=g\",\"url\":\"https:\\\/\\\/secure.gravatar.com\\\/avatar\\\/c7164ed6fdec453195284ad24a5ae5b6e1eed2b848477fa2a4787ba9adf39a41?s=96&d=mm&r=g\",\"contentUrl\":\"https:\\\/\\\/secure.gravatar.com\\\/avatar\\\/c7164ed6fdec453195284ad24a5ae5b6e1eed2b848477fa2a4787ba9adf39a41?s=96&d=mm&r=g\",\"caption\":\"Redacci\u00f3n QP\"},\"url\":\"https:\\\/\\\/quehacerpolitico.mx\\\/?author=2\"}]}<\/script>\n<!-- \/ Yoast SEO plugin. -->","yoast_head_json":{"title":"Amurallan la CDMX con motivo de la marcha del 8M -","robots":{"index":"index","follow":"follow","max-snippet":"max-snippet:-1","max-image-preview":"max-image-preview:large","max-video-preview":"max-video-preview:-1"},"canonical":"https:\/\/quehacerpolitico.mx\/?p=108501","og_locale":"es_MX","og_type":"article","og_title":"Amurallan la CDMX con motivo de la marcha del 8M -","og_description":"Por Redacci\u00f3n QP Personal gobierno de la&nbsp;Ciudad de M\u00e9xicocoloc\u00f3 durante la noche del martes y...","og_url":"https:\/\/quehacerpolitico.mx\/?p=108501","article_published_time":"2024-03-06T19:12:58+00:00","article_modified_time":"2024-03-06T19:13:00+00:00","og_image":[{"width":701,"height":438,"url":"https:\/\/quehacerpolitico.mx\/wp-content\/uploads\/2024\/03\/IMG_4101.jpeg","type":"image\/jpeg"}],"author":"Redacci\u00f3n QP","twitter_card":"summary_large_image","twitter_misc":{"Escrito por":"Redacci\u00f3n QP","Tiempo de lectura":"2 minutos"},"schema":{"@context":"https:\/\/schema.org","@graph":[{"@type":"Article","@id":"https:\/\/quehacerpolitico.mx\/?p=108501#article","isPartOf":{"@id":"https:\/\/quehacerpolitico.mx\/?p=108501"},"author":{"name":"Redacci\u00f3n QP","@id":"https:\/\/quehacerpolitico.mx\/#\/schema\/person\/496d8ad2d1d3f8036101dca7ee39e585"},"headline":"Amurallan la CDMX con motivo de la marcha del 8M","datePublished":"2024-03-06T19:12:58+00:00","dateModified":"2024-03-06T19:13:00+00:00","mainEntityOfPage":{"@id":"https:\/\/quehacerpolitico.mx\/?p=108501"},"wordCount":359,"commentCount":0,"image":{"@id":"https:\/\/quehacerpolitico.mx\/?p=108501#primaryimage"},"thumbnailUrl":"https:\/\/quehacerpolitico.mx\/wp-content\/uploads\/2024\/03\/IMG_4101.jpeg","articleSection":["CDMX"],"inLanguage":"es","potentialAction":[{"@type":"CommentAction","name":"Comment","target":["https:\/\/quehacerpolitico.mx\/?p=108501#respond"]}]},{"@type":"WebPage","@id":"https:\/\/quehacerpolitico.mx\/?p=108501","url":"https:\/\/quehacerpolitico.mx\/?p=108501","name":"Amurallan la CDMX con motivo de la marcha del 8M -","isPartOf":{"@id":"https:\/\/quehacerpolitico.mx\/#website"},"primaryImageOfPage":{"@id":"https:\/\/quehacerpolitico.mx\/?p=108501#primaryimage"},"image":{"@id":"https:\/\/quehacerpolitico.mx\/?p=108501#primaryimage"},"thumbnailUrl":"https:\/\/quehacerpolitico.mx\/wp-content\/uploads\/2024\/03\/IMG_4101.jpeg","datePublished":"2024-03-06T19:12:58+00:00","dateModified":"2024-03-06T19:13:00+00:00","author":{"@id":"https:\/\/quehacerpolitico.mx\/#\/schema\/person\/496d8ad2d1d3f8036101dca7ee39e585"},"breadcrumb":{"@id":"https:\/\/quehacerpolitico.mx\/?p=108501#breadcrumb"},"inLanguage":"es","potentialAction":[{"@type":"ReadAction","target":["https:\/\/quehacerpolitico.mx\/?p=108501"]}]},{"@type":"ImageObject","inLanguage":"es","@id":"https:\/\/quehacerpolitico.mx\/?p=108501#primaryimage","url":"https:\/\/quehacerpolitico.mx\/wp-content\/uploads\/2024\/03\/IMG_4101.jpeg","contentUrl":"https:\/\/quehacerpolitico.mx\/wp-content\/uploads\/2024\/03\/IMG_4101.jpeg","width":701,"height":438},{"@type":"BreadcrumbList","@id":"https:\/\/quehacerpolitico.mx\/?p=108501#breadcrumb","itemListElement":[{"@type":"ListItem","position":1,"name":"Inicio","item":"https:\/\/quehacerpolitico.mx\/"},{"@type":"ListItem","position":2,"name":"Amurallan la CDMX con motivo de la marcha del 8M"}]},{"@type":"WebSite","@id":"https:\/\/quehacerpolitico.mx\/#website","url":"https:\/\/quehacerpolitico.mx\/","name":"","description":"","potentialAction":[{"@type":"SearchAction","target":{"@type":"EntryPoint","urlTemplate":"https:\/\/quehacerpolitico.mx\/?s={search_term_string}"},"query-input":{"@type":"PropertyValueSpecification","valueRequired":true,"valueName":"search_term_string"}}],"inLanguage":"es"},{"@type":"Person","@id":"https:\/\/quehacerpolitico.mx\/#\/schema\/person\/496d8ad2d1d3f8036101dca7ee39e585","name":"Redacci\u00f3n QP","image":{"@type":"ImageObject","inLanguage":"es","@id":"https:\/\/secure.gravatar.com\/avatar\/c7164ed6fdec453195284ad24a5ae5b6e1eed2b848477fa2a4787ba9adf39a41?s=96&d=mm&r=g","url":"https:\/\/secure.gravatar.com\/avatar\/c7164ed6fdec453195284ad24a5ae5b6e1eed2b848477fa2a4787ba9adf39a41?s=96&d=mm&r=g","contentUrl":"https:\/\/secure.gravatar.com\/avatar\/c7164ed6fdec453195284ad24a5ae5b6e1eed2b848477fa2a4787ba9adf39a41?s=96&d=mm&r=g","caption":"Redacci\u00f3n QP"},"url":"https:\/\/quehacerpolitico.mx\/?author=2"}]}},"featured_image_urls":{"full":["https:\/\/quehacerpolitico.mx\/wp-content\/uploads\/2024\/03\/IMG_4101.jpeg",701,438,false],"thumbnail":["https:\/\/quehacerpolitico.mx\/wp-content\/uploads\/2024\/03\/IMG_4101-150x150.jpeg",150,150,true],"medium":["https:\/\/quehacerpolitico.mx\/wp-content\/uploads\/2024\/03\/IMG_4101-300x187.jpeg",300,187,true],"medium_large":["https:\/\/quehacerpolitico.mx\/wp-content\/uploads\/2024\/03\/IMG_4101.jpeg",640,400,false],"large":["https:\/\/quehacerpolitico.mx\/wp-content\/uploads\/2024\/03\/IMG_4101.jpeg",640,400,false],"1536x1536":["https:\/\/quehacerpolitico.mx\/wp-content\/uploads\/2024\/03\/IMG_4101.jpeg",701,438,false],"2048x2048":["https:\/\/quehacerpolitico.mx\/wp-content\/uploads\/2024\/03\/IMG_4101.jpeg",701,438,false],"covernews-featured":["https:\/\/quehacerpolitico.mx\/wp-content\/uploads\/2024\/03\/IMG_4101.jpeg",701,438,false],"covernews-medium":["https:\/\/quehacerpolitico.mx\/wp-content\/uploads\/2024\/03\/IMG_4101.jpeg",540,337,false]},"author_info":{"display_name":"Redacci\u00f3n QP","author_link":"https:\/\/quehacerpolitico.mx\/?author=2"},"category_info":"<a href=\"https:\/\/quehacerpolitico.mx\/?cat=55\" rel=\"category\">CDMX<\/a>","tag_info":"CDMX","comment_count":"0","_links":{"self":[{"href":"https:\/\/quehacerpolitico.mx\/index.php?rest_route=\/wp\/v2\/posts\/108501","targetHints":{"allow":["GET"]}}],"collection":[{"href":"https:\/\/quehacerpolitico.mx\/index.php?rest_route=\/wp\/v2\/posts"}],"about":[{"href":"https:\/\/quehacerpolitico.mx\/index.php?rest_route=\/wp\/v2\/types\/post"}],"author":[{"embeddable":true,"href":"https:\/\/quehacerpolitico.mx\/index.php?rest_route=\/wp\/v2\/users\/2"}],"replies":[{"embeddable":true,"href":"https:\/\/quehacerpolitico.mx\/index.php?rest_route=%2Fwp%2Fv2%2Fcomments&post=108501"}],"version-history":[{"count":1,"href":"https:\/\/quehacerpolitico.mx\/index.php?rest_route=\/wp\/v2\/posts\/108501\/revisions"}],"predecessor-version":[{"id":108503,"href":"https:\/\/quehacerpolitico.mx\/index.php?rest_route=\/wp\/v2\/posts\/108501\/revisions\/108503"}],"wp:featuredmedia":[{"embeddable":true,"href":"https:\/\/quehacerpolitico.mx\/index.php?rest_route=\/wp\/v2\/media\/108502"}],"wp:attachment":[{"href":"https:\/\/quehacerpolitico.mx\/index.php?rest_route=%2Fwp%2Fv2%2Fmedia&parent=108501"}],"wp:term":[{"taxonomy":"category","embeddable":true,"href":"https:\/\/quehacerpolitico.mx\/index.php?rest_route=%2Fwp%2Fv2%2Fcategories&post=108501"},{"taxonomy":"post_tag","embeddable":true,"href":"https:\/\/quehacerpolitico.mx\/index.php?rest_route=%2Fwp%2Fv2%2Ftags&post=108501"}],"curies":[{"name":"wp","href":"https:\/\/api.w.org\/{rel}","templated":true}]}}