{"id":108492,"date":"2024-03-06T18:32:54","date_gmt":"2024-03-06T18:32:54","guid":{"rendered":"https:\/\/quehacerpolitico.mx\/?p=108492"},"modified":"2024-03-06T18:32:57","modified_gmt":"2024-03-06T18:32:57","slug":"cultura-comunitaria-conmemora-el-dia-internacional-de-las-mujeres-2024","status":"publish","type":"post","link":"https:\/\/quehacerpolitico.mx\/?p=108492","title":{"rendered":"Cultura Comunitaria conmemora el D\u00eda Internacional de las Mujeres 2024"},"content":{"rendered":"\n<p>Por Redacci\u00f3n QP<\/p>\n\n\n\n<p>Como cada a\u00f1o, el programa Cultura Comunitaria tiene preparadas diversas actividades art\u00edstico-culturales en conmemoraci\u00f3n del D\u00eda Internacional de las Mujeres. Las disciplinas son variadas, pasando por las artes visuales, esc\u00e9nicas, m\u00fasica y mucho m\u00e1s.<\/p>\n\n\n\n<p>En este sentido, Semilleros Creativos -grupos de formaci\u00f3n art\u00edstica gratuita con enfoque comunitario para la ni\u00f1ez y las juventudes del pa\u00eds-, Convites culturales -convivencias semanales a trav\u00e9s de actividades art\u00edsticas y culturales para todas las edades-, y Cine sillitas \u2013 funciones semanales de cine al aire libre- ofrecen una amplia cartelera.<\/p>\n\n\n\n<p>De esta forma, del mi\u00e9rcoles 6 al viernes 8 de marzo de 2024, el Semillero de Fotograf\u00eda en Morelia, Michoac\u00e1n, realizar\u00e1 una serie de ejercicios fotogr\u00e1ficos, con la intenci\u00f3n de lograr un acercamiento con el lenguaje po\u00e9tico y visual entre las y los participantes de la din\u00e1mica. Esta actividad se llevar\u00e1 a cabo de 14:00 a 18:00 horas en el Centro Cultural de Capula, Portal Madero 1, Centro, Tenencia de Morelia, Morelia.<\/p>\n\n\n\n<p>En Veracruz, del viernes 8 al lunes 11 de marzo, el Semillero Creativo de Gr\u00e1fica en Tlacotalpan llevar\u00e1 a cabo una exposici\u00f3n de grabados en relieve sobre temas como lo femenino y la mujer, en la que las y los participantes tambi\u00e9n trabajar\u00e1n en la curadur\u00eda y el montaje. La exposici\u00f3n podr\u00e1 apreciarse en el Centro Cultural del Sotavento, ubicado en\u00a0<a href=\"https:\/\/www.google.com\/maps\/search\/Miguel+Z.+Ch%C3%A1zaro+57?entry=gmail&amp;source=g\">Miguel Z. Ch\u00e1zaro 57<\/a>, Centro.<\/p>\n\n\n\n<figure class=\"wp-block-image size-full\"><img loading=\"lazy\" decoding=\"async\" width=\"347\" height=\"446\" src=\"https:\/\/quehacerpolitico.mx\/wp-content\/uploads\/2024\/03\/image-9.jpeg\" alt=\"\" class=\"wp-image-108495\" srcset=\"https:\/\/quehacerpolitico.mx\/wp-content\/uploads\/2024\/03\/image-9.jpeg 347w, https:\/\/quehacerpolitico.mx\/wp-content\/uploads\/2024\/03\/image-9-233x300.jpeg 233w, https:\/\/quehacerpolitico.mx\/wp-content\/uploads\/2024\/03\/image-9-114x146.jpeg 114w, https:\/\/quehacerpolitico.mx\/wp-content\/uploads\/2024\/03\/image-9-39x50.jpeg 39w, https:\/\/quehacerpolitico.mx\/wp-content\/uploads\/2024\/03\/image-9-58x75.jpeg 58w\" sizes=\"auto, (max-width: 347px) 100vw, 347px\" \/><\/figure>\n\n\n\n<figure class=\"wp-block-image size-full\"><img loading=\"lazy\" decoding=\"async\" width=\"819\" height=\"525\" src=\"https:\/\/quehacerpolitico.mx\/wp-content\/uploads\/2024\/03\/image-8.jpeg\" alt=\"\" class=\"wp-image-108494\" srcset=\"https:\/\/quehacerpolitico.mx\/wp-content\/uploads\/2024\/03\/image-8.jpeg 819w, https:\/\/quehacerpolitico.mx\/wp-content\/uploads\/2024\/03\/image-8-300x192.jpeg 300w, https:\/\/quehacerpolitico.mx\/wp-content\/uploads\/2024\/03\/image-8-768x492.jpeg 768w, https:\/\/quehacerpolitico.mx\/wp-content\/uploads\/2024\/03\/image-8-228x146.jpeg 228w, https:\/\/quehacerpolitico.mx\/wp-content\/uploads\/2024\/03\/image-8-50x32.jpeg 50w, https:\/\/quehacerpolitico.mx\/wp-content\/uploads\/2024\/03\/image-8-117x75.jpeg 117w\" sizes=\"auto, (max-width: 819px) 100vw, 819px\" \/><\/figure>\n\n\n\n<p>Por su parte, en Baja California, el 8 de marzo, se realizar\u00e1 una reflexi\u00f3n sobre el papel de las mujeres en la historia de M\u00e9xico y se seleccionar\u00e1n algunas figuras sobresalientes, para luego ser interpretadas como personajes por las ni\u00f1as, ni\u00f1os y j\u00f3venes del Semillero Creativo de Teatro en Playas de Rosarito. La actividad se realizar\u00e1 a las 14:00 horas en Mina del Valle y Mina del Coronel s\/n, Fracc. La Mina, en el Parque La Mina.<\/p>\n\n\n\n<p>Ese mismo d\u00eda en Oaxaca, a las 18:00 horas, el Semillero de Artes &#8220;Xhidz\u00e1&#8221; de Santa Mar\u00eda Yaviche ofrecer\u00e1 un concierto en Radio B\u00eb\u00eb Xhidza 106.3 FM, que podr\u00e1 escucharse en vivo en el siguiente link:<a href=\"https:\/\/bit.ly\/49ZSPPG\" target=\"_blank\" rel=\"noreferrer noopener\">https:\/\/bit.ly\/49ZSPPG<\/a><\/p>\n\n\n\n<p>Mientras tanto, en Campeche, el Semillero Creativo de Pintura en Hopelch\u00e9n realizar\u00e1 una exposici\u00f3n de 16 pinturas inspiradas en mujeres destacadas en el mundo, que d\u00eda a d\u00eda dejan su huella en las labores que realizan. La muestra gr\u00e1fica podr\u00e1 visitarse a partir de las 15:00 horas bajo el Palacio municipal, ubicado en el centro de Hopelch\u00e9n.<\/p>\n\n\n\n<figure class=\"wp-block-image size-large\"><img loading=\"lazy\" decoding=\"async\" width=\"1024\" height=\"768\" src=\"https:\/\/quehacerpolitico.mx\/wp-content\/uploads\/2024\/03\/image-13-1024x768.jpeg\" alt=\"\" class=\"wp-image-108499\" srcset=\"https:\/\/quehacerpolitico.mx\/wp-content\/uploads\/2024\/03\/image-13-1024x768.jpeg 1024w, https:\/\/quehacerpolitico.mx\/wp-content\/uploads\/2024\/03\/image-13-300x225.jpeg 300w, https:\/\/quehacerpolitico.mx\/wp-content\/uploads\/2024\/03\/image-13-768x576.jpeg 768w, https:\/\/quehacerpolitico.mx\/wp-content\/uploads\/2024\/03\/image-13-195x146.jpeg 195w, https:\/\/quehacerpolitico.mx\/wp-content\/uploads\/2024\/03\/image-13-50x37.jpeg 50w, https:\/\/quehacerpolitico.mx\/wp-content\/uploads\/2024\/03\/image-13-100x75.jpeg 100w, https:\/\/quehacerpolitico.mx\/wp-content\/uploads\/2024\/03\/image-13-960x720.jpeg 960w, https:\/\/quehacerpolitico.mx\/wp-content\/uploads\/2024\/03\/image-13.jpeg 1254w\" sizes=\"auto, (max-width: 1024px) 100vw, 1024px\" \/><\/figure>\n\n\n\n<figure class=\"wp-block-image size-large\"><img loading=\"lazy\" decoding=\"async\" width=\"1024\" height=\"768\" src=\"https:\/\/quehacerpolitico.mx\/wp-content\/uploads\/2024\/03\/image-12-1024x768.jpeg\" alt=\"\" class=\"wp-image-108498\" srcset=\"https:\/\/quehacerpolitico.mx\/wp-content\/uploads\/2024\/03\/image-12-1024x768.jpeg 1024w, https:\/\/quehacerpolitico.mx\/wp-content\/uploads\/2024\/03\/image-12-300x225.jpeg 300w, https:\/\/quehacerpolitico.mx\/wp-content\/uploads\/2024\/03\/image-12-768x576.jpeg 768w, https:\/\/quehacerpolitico.mx\/wp-content\/uploads\/2024\/03\/image-12-1536x1152.jpeg 1536w, https:\/\/quehacerpolitico.mx\/wp-content\/uploads\/2024\/03\/image-12-195x146.jpeg 195w, https:\/\/quehacerpolitico.mx\/wp-content\/uploads\/2024\/03\/image-12-50x38.jpeg 50w, https:\/\/quehacerpolitico.mx\/wp-content\/uploads\/2024\/03\/image-12-100x75.jpeg 100w, https:\/\/quehacerpolitico.mx\/wp-content\/uploads\/2024\/03\/image-12-960x720.jpeg 960w, https:\/\/quehacerpolitico.mx\/wp-content\/uploads\/2024\/03\/image-12.jpeg 1600w\" sizes=\"auto, (max-width: 1024px) 100vw, 1024px\" \/><\/figure>\n\n\n\n<p>En el mismo estado, pero en el municipio de Champot\u00f3n, el Semillero Creativo de Pintura y Dibujo llevar\u00e1 a cabo una exposici\u00f3n compuesta por 40 piezas realizadas por ni\u00f1as, ni\u00f1os y j\u00f3venes mujeres del Semillero, con el prop\u00f3sito de concientizar y sensibilizar a la comunidad, la cual podr\u00e1 apreciarse bajo los arcos del Palacio municipal, localizado en Calle 25, Centro.<\/p>\n\n\n\n<p>Por su parte, en el Convite cultural &#8220;Ecos de Pomuch: voces y expresiones de nuestra tierra&#8221; que se desarrolla en Hecelchak\u00e1n, Campeche, el 8 de marzo habr\u00e1 una sesi\u00f3n de canto y compartici\u00f3n de experiencias y an\u00e9cdotas que involucran a las mujeres de la comunidad. Esto se realizar\u00e1 en la cancha techada de usos m\u00faltiples, ubicada en Calle 12, Benito Ju\u00e1rez, colonia Pomuch, de 17:30 a 19:30 horas.<\/p>\n\n\n\n<figure class=\"wp-block-image size-large\"><img loading=\"lazy\" decoding=\"async\" width=\"1024\" height=\"768\" src=\"https:\/\/quehacerpolitico.mx\/wp-content\/uploads\/2024\/03\/image-11-1024x768.jpeg\" alt=\"\" class=\"wp-image-108497\" srcset=\"https:\/\/quehacerpolitico.mx\/wp-content\/uploads\/2024\/03\/image-11-1024x768.jpeg 1024w, https:\/\/quehacerpolitico.mx\/wp-content\/uploads\/2024\/03\/image-11-300x225.jpeg 300w, https:\/\/quehacerpolitico.mx\/wp-content\/uploads\/2024\/03\/image-11-768x576.jpeg 768w, https:\/\/quehacerpolitico.mx\/wp-content\/uploads\/2024\/03\/image-11-195x146.jpeg 195w, https:\/\/quehacerpolitico.mx\/wp-content\/uploads\/2024\/03\/image-11-50x38.jpeg 50w, https:\/\/quehacerpolitico.mx\/wp-content\/uploads\/2024\/03\/image-11-100x75.jpeg 100w, https:\/\/quehacerpolitico.mx\/wp-content\/uploads\/2024\/03\/image-11-960x720.jpeg 960w, https:\/\/quehacerpolitico.mx\/wp-content\/uploads\/2024\/03\/image-11.jpeg 1280w\" sizes=\"auto, (max-width: 1024px) 100vw, 1024px\" \/><\/figure>\n\n\n\n<figure class=\"wp-block-image size-large\"><img loading=\"lazy\" decoding=\"async\" width=\"1024\" height=\"768\" src=\"https:\/\/quehacerpolitico.mx\/wp-content\/uploads\/2024\/03\/image-10-1024x768.jpeg\" alt=\"\" class=\"wp-image-108496\" srcset=\"https:\/\/quehacerpolitico.mx\/wp-content\/uploads\/2024\/03\/image-10-1024x768.jpeg 1024w, https:\/\/quehacerpolitico.mx\/wp-content\/uploads\/2024\/03\/image-10-300x225.jpeg 300w, https:\/\/quehacerpolitico.mx\/wp-content\/uploads\/2024\/03\/image-10-768x576.jpeg 768w, https:\/\/quehacerpolitico.mx\/wp-content\/uploads\/2024\/03\/image-10-1536x1152.jpeg 1536w, https:\/\/quehacerpolitico.mx\/wp-content\/uploads\/2024\/03\/image-10-195x146.jpeg 195w, https:\/\/quehacerpolitico.mx\/wp-content\/uploads\/2024\/03\/image-10-50x38.jpeg 50w, https:\/\/quehacerpolitico.mx\/wp-content\/uploads\/2024\/03\/image-10-100x75.jpeg 100w, https:\/\/quehacerpolitico.mx\/wp-content\/uploads\/2024\/03\/image-10-960x720.jpeg 960w, https:\/\/quehacerpolitico.mx\/wp-content\/uploads\/2024\/03\/image-10.jpeg 1600w\" sizes=\"auto, (max-width: 1024px) 100vw, 1024px\" \/><\/figure>\n\n\n\n<p>En esa misma fecha, en el estado de Yucat\u00e1n, habr\u00e1 una caminata pac\u00edfica en el marco del 8M, un c\u00edrculo de di\u00e1logo entorno a ser mujer en Ticimul y una compartici\u00f3n y escucha de vivencias sobre las problem\u00e1ticas de g\u00e9nero en la localidad. Estas acciones se realizar\u00e1n en el marco del Convite cultural &#8220;K toj \u00f3olal: nuestro bienestar&#8221;, que se lleva a cabo de 18:00 a 20:00 horas en el parque principal de Ticimul, calle sin nombre s\/n, esquina calle 87, localidad de Ticimul, Um\u00e1n.<\/p>\n\n\n\n<p>Mientras que, en Tabasco, el 9 de marzo, el Cine sillita en Soyataco, que se desarrolla de 18:30 a 20:30 horas, en el domo de la Plaza Hidalgo s\/n, Soyataco, Jalpa de M\u00e9ndez, implementar\u00e1 un c\u00edrculo de di\u00e1logo en torno a las siguientes proyecciones: tres cortometrajes,&nbsp;<em>Las mujeres en el cine<\/em>, producido por el Semillero Creativo de Cinematograf\u00eda de Quer\u00e9taro, y dos m\u00e1s elaborados por el Sistema Nacional para el Desarrollo Integral de la Familia (DIF) y la Comisi\u00f3n Nacional contra las Adicciones (Conadic). Tambi\u00e9n, se analizar\u00e1 la pel\u00edcula&nbsp;<em>Las caras de la luna<\/em>, en la que cinco mujeres cineastas de distintos pa\u00edses comparten sus experiencias, en una trama que se va hilando con la historia reciente de sus pa\u00edses.<\/p>\n\n\n\n<p>Estas acciones se suman a la programaci\u00f3n del resto de Semilleros Creativos, Convites culturales y Cine sillitas del pa\u00eds, donde se busca reflexionar, desde una perspectiva de g\u00e9nero, por una cultura de paz y derechos culturales para todas y todos. Estas actividades continuar\u00e1n el resto del mes.<\/p>\n\n\n\n<p>Para conocer la lista de actividades completa u obtener m\u00e1s informaci\u00f3n, se pueden consultar las redes sociales de la Direcci\u00f3n General de Vinculaci\u00f3n Cultural (@VinculaCultura) y las p\u00e1ginas&nbsp;<em>web<\/em><a href=\"http:\/\/www.culturacomunitaria.gob.mx\/\" target=\"_blank\" rel=\"noreferrer noopener\">www.culturacomunitaria.gob.mx<\/a>&nbsp;<a href=\"https:\/\/www.mexicoescultura.com\/\" target=\"_blank\" rel=\"noreferrer noopener\">y mexicoescultura.com<\/a><\/p>\n","protected":false},"excerpt":{"rendered":"<p>Por Redacci\u00f3n QP Como cada a\u00f1o, el programa Cultura Comunitaria tiene preparadas diversas actividades art\u00edstico-culturales&#8230;<\/p>\n","protected":false},"author":2,"featured_media":108493,"comment_status":"open","ping_status":"open","sticky":false,"template":"","format":"standard","meta":{"_monsterinsights_skip_tracking":false,"_monsterinsights_sitenote_active":false,"_monsterinsights_sitenote_note":"","_monsterinsights_sitenote_category":0,"footnotes":""},"categories":[58],"tags":[],"class_list":["post-108492","post","type-post","status-publish","format-standard","has-post-thumbnail","hentry","category-cultura"],"yoast_head":"<!-- This site is optimized with the Yoast SEO plugin v27.3 - https:\/\/yoast.com\/product\/yoast-seo-wordpress\/ -->\n<title>Cultura Comunitaria conmemora el D\u00eda Internacional de las Mujeres 2024 -<\/title>\n<meta name=\"robots\" content=\"index, follow, max-snippet:-1, max-image-preview:large, max-video-preview:-1\" \/>\n<link rel=\"canonical\" href=\"https:\/\/quehacerpolitico.mx\/?p=108492\" \/>\n<meta property=\"og:locale\" content=\"es_MX\" \/>\n<meta property=\"og:type\" content=\"article\" \/>\n<meta property=\"og:title\" content=\"Cultura Comunitaria conmemora el D\u00eda Internacional de las Mujeres 2024 -\" \/>\n<meta property=\"og:description\" content=\"Por Redacci\u00f3n QP Como cada a\u00f1o, el programa Cultura Comunitaria tiene preparadas diversas actividades art\u00edstico-culturales...\" \/>\n<meta property=\"og:url\" content=\"https:\/\/quehacerpolitico.mx\/?p=108492\" \/>\n<meta property=\"article:published_time\" content=\"2024-03-06T18:32:54+00:00\" \/>\n<meta property=\"article:modified_time\" content=\"2024-03-06T18:32:57+00:00\" \/>\n<meta property=\"og:image\" content=\"https:\/\/quehacerpolitico.mx\/wp-content\/uploads\/2024\/03\/IMG_4097.jpeg\" \/>\n\t<meta property=\"og:image:width\" content=\"1600\" \/>\n\t<meta property=\"og:image:height\" content=\"1067\" \/>\n\t<meta property=\"og:image:type\" content=\"image\/jpeg\" \/>\n<meta name=\"author\" content=\"Redacci\u00f3n QP\" \/>\n<meta name=\"twitter:card\" content=\"summary_large_image\" \/>\n<meta name=\"twitter:label1\" content=\"Escrito por\" \/>\n\t<meta name=\"twitter:data1\" content=\"Redacci\u00f3n QP\" \/>\n\t<meta name=\"twitter:label2\" content=\"Tiempo de lectura\" \/>\n\t<meta name=\"twitter:data2\" content=\"4 minutos\" \/>\n<script type=\"application\/ld+json\" class=\"yoast-schema-graph\">{\"@context\":\"https:\\\/\\\/schema.org\",\"@graph\":[{\"@type\":\"Article\",\"@id\":\"https:\\\/\\\/quehacerpolitico.mx\\\/?p=108492#article\",\"isPartOf\":{\"@id\":\"https:\\\/\\\/quehacerpolitico.mx\\\/?p=108492\"},\"author\":{\"name\":\"Redacci\u00f3n QP\",\"@id\":\"https:\\\/\\\/quehacerpolitico.mx\\\/#\\\/schema\\\/person\\\/496d8ad2d1d3f8036101dca7ee39e585\"},\"headline\":\"Cultura Comunitaria conmemora el D\u00eda Internacional de las Mujeres 2024\",\"datePublished\":\"2024-03-06T18:32:54+00:00\",\"dateModified\":\"2024-03-06T18:32:57+00:00\",\"mainEntityOfPage\":{\"@id\":\"https:\\\/\\\/quehacerpolitico.mx\\\/?p=108492\"},\"wordCount\":888,\"commentCount\":0,\"image\":{\"@id\":\"https:\\\/\\\/quehacerpolitico.mx\\\/?p=108492#primaryimage\"},\"thumbnailUrl\":\"https:\\\/\\\/quehacerpolitico.mx\\\/wp-content\\\/uploads\\\/2024\\\/03\\\/IMG_4097.jpeg\",\"articleSection\":[\"Cultura y Entretenimiento\"],\"inLanguage\":\"es\",\"potentialAction\":[{\"@type\":\"CommentAction\",\"name\":\"Comment\",\"target\":[\"https:\\\/\\\/quehacerpolitico.mx\\\/?p=108492#respond\"]}]},{\"@type\":\"WebPage\",\"@id\":\"https:\\\/\\\/quehacerpolitico.mx\\\/?p=108492\",\"url\":\"https:\\\/\\\/quehacerpolitico.mx\\\/?p=108492\",\"name\":\"Cultura Comunitaria conmemora el D\u00eda Internacional de las Mujeres 2024 -\",\"isPartOf\":{\"@id\":\"https:\\\/\\\/quehacerpolitico.mx\\\/#website\"},\"primaryImageOfPage\":{\"@id\":\"https:\\\/\\\/quehacerpolitico.mx\\\/?p=108492#primaryimage\"},\"image\":{\"@id\":\"https:\\\/\\\/quehacerpolitico.mx\\\/?p=108492#primaryimage\"},\"thumbnailUrl\":\"https:\\\/\\\/quehacerpolitico.mx\\\/wp-content\\\/uploads\\\/2024\\\/03\\\/IMG_4097.jpeg\",\"datePublished\":\"2024-03-06T18:32:54+00:00\",\"dateModified\":\"2024-03-06T18:32:57+00:00\",\"author\":{\"@id\":\"https:\\\/\\\/quehacerpolitico.mx\\\/#\\\/schema\\\/person\\\/496d8ad2d1d3f8036101dca7ee39e585\"},\"breadcrumb\":{\"@id\":\"https:\\\/\\\/quehacerpolitico.mx\\\/?p=108492#breadcrumb\"},\"inLanguage\":\"es\",\"potentialAction\":[{\"@type\":\"ReadAction\",\"target\":[\"https:\\\/\\\/quehacerpolitico.mx\\\/?p=108492\"]}]},{\"@type\":\"ImageObject\",\"inLanguage\":\"es\",\"@id\":\"https:\\\/\\\/quehacerpolitico.mx\\\/?p=108492#primaryimage\",\"url\":\"https:\\\/\\\/quehacerpolitico.mx\\\/wp-content\\\/uploads\\\/2024\\\/03\\\/IMG_4097.jpeg\",\"contentUrl\":\"https:\\\/\\\/quehacerpolitico.mx\\\/wp-content\\\/uploads\\\/2024\\\/03\\\/IMG_4097.jpeg\",\"width\":1600,\"height\":1067},{\"@type\":\"BreadcrumbList\",\"@id\":\"https:\\\/\\\/quehacerpolitico.mx\\\/?p=108492#breadcrumb\",\"itemListElement\":[{\"@type\":\"ListItem\",\"position\":1,\"name\":\"Inicio\",\"item\":\"https:\\\/\\\/quehacerpolitico.mx\\\/\"},{\"@type\":\"ListItem\",\"position\":2,\"name\":\"Cultura Comunitaria conmemora el D\u00eda Internacional de las Mujeres 2024\"}]},{\"@type\":\"WebSite\",\"@id\":\"https:\\\/\\\/quehacerpolitico.mx\\\/#website\",\"url\":\"https:\\\/\\\/quehacerpolitico.mx\\\/\",\"name\":\"\",\"description\":\"\",\"potentialAction\":[{\"@type\":\"SearchAction\",\"target\":{\"@type\":\"EntryPoint\",\"urlTemplate\":\"https:\\\/\\\/quehacerpolitico.mx\\\/?s={search_term_string}\"},\"query-input\":{\"@type\":\"PropertyValueSpecification\",\"valueRequired\":true,\"valueName\":\"search_term_string\"}}],\"inLanguage\":\"es\"},{\"@type\":\"Person\",\"@id\":\"https:\\\/\\\/quehacerpolitico.mx\\\/#\\\/schema\\\/person\\\/496d8ad2d1d3f8036101dca7ee39e585\",\"name\":\"Redacci\u00f3n QP\",\"image\":{\"@type\":\"ImageObject\",\"inLanguage\":\"es\",\"@id\":\"https:\\\/\\\/secure.gravatar.com\\\/avatar\\\/c7164ed6fdec453195284ad24a5ae5b6e1eed2b848477fa2a4787ba9adf39a41?s=96&d=mm&r=g\",\"url\":\"https:\\\/\\\/secure.gravatar.com\\\/avatar\\\/c7164ed6fdec453195284ad24a5ae5b6e1eed2b848477fa2a4787ba9adf39a41?s=96&d=mm&r=g\",\"contentUrl\":\"https:\\\/\\\/secure.gravatar.com\\\/avatar\\\/c7164ed6fdec453195284ad24a5ae5b6e1eed2b848477fa2a4787ba9adf39a41?s=96&d=mm&r=g\",\"caption\":\"Redacci\u00f3n QP\"},\"url\":\"https:\\\/\\\/quehacerpolitico.mx\\\/?author=2\"}]}<\/script>\n<!-- \/ Yoast SEO plugin. -->","yoast_head_json":{"title":"Cultura Comunitaria conmemora el D\u00eda Internacional de las Mujeres 2024 -","robots":{"index":"index","follow":"follow","max-snippet":"max-snippet:-1","max-image-preview":"max-image-preview:large","max-video-preview":"max-video-preview:-1"},"canonical":"https:\/\/quehacerpolitico.mx\/?p=108492","og_locale":"es_MX","og_type":"article","og_title":"Cultura Comunitaria conmemora el D\u00eda Internacional de las Mujeres 2024 -","og_description":"Por Redacci\u00f3n QP Como cada a\u00f1o, el programa Cultura Comunitaria tiene preparadas diversas actividades art\u00edstico-culturales...","og_url":"https:\/\/quehacerpolitico.mx\/?p=108492","article_published_time":"2024-03-06T18:32:54+00:00","article_modified_time":"2024-03-06T18:32:57+00:00","og_image":[{"width":1600,"height":1067,"url":"https:\/\/quehacerpolitico.mx\/wp-content\/uploads\/2024\/03\/IMG_4097.jpeg","type":"image\/jpeg"}],"author":"Redacci\u00f3n QP","twitter_card":"summary_large_image","twitter_misc":{"Escrito por":"Redacci\u00f3n QP","Tiempo de lectura":"4 minutos"},"schema":{"@context":"https:\/\/schema.org","@graph":[{"@type":"Article","@id":"https:\/\/quehacerpolitico.mx\/?p=108492#article","isPartOf":{"@id":"https:\/\/quehacerpolitico.mx\/?p=108492"},"author":{"name":"Redacci\u00f3n QP","@id":"https:\/\/quehacerpolitico.mx\/#\/schema\/person\/496d8ad2d1d3f8036101dca7ee39e585"},"headline":"Cultura Comunitaria conmemora el D\u00eda Internacional de las Mujeres 2024","datePublished":"2024-03-06T18:32:54+00:00","dateModified":"2024-03-06T18:32:57+00:00","mainEntityOfPage":{"@id":"https:\/\/quehacerpolitico.mx\/?p=108492"},"wordCount":888,"commentCount":0,"image":{"@id":"https:\/\/quehacerpolitico.mx\/?p=108492#primaryimage"},"thumbnailUrl":"https:\/\/quehacerpolitico.mx\/wp-content\/uploads\/2024\/03\/IMG_4097.jpeg","articleSection":["Cultura y Entretenimiento"],"inLanguage":"es","potentialAction":[{"@type":"CommentAction","name":"Comment","target":["https:\/\/quehacerpolitico.mx\/?p=108492#respond"]}]},{"@type":"WebPage","@id":"https:\/\/quehacerpolitico.mx\/?p=108492","url":"https:\/\/quehacerpolitico.mx\/?p=108492","name":"Cultura Comunitaria conmemora el D\u00eda Internacional de las Mujeres 2024 -","isPartOf":{"@id":"https:\/\/quehacerpolitico.mx\/#website"},"primaryImageOfPage":{"@id":"https:\/\/quehacerpolitico.mx\/?p=108492#primaryimage"},"image":{"@id":"https:\/\/quehacerpolitico.mx\/?p=108492#primaryimage"},"thumbnailUrl":"https:\/\/quehacerpolitico.mx\/wp-content\/uploads\/2024\/03\/IMG_4097.jpeg","datePublished":"2024-03-06T18:32:54+00:00","dateModified":"2024-03-06T18:32:57+00:00","author":{"@id":"https:\/\/quehacerpolitico.mx\/#\/schema\/person\/496d8ad2d1d3f8036101dca7ee39e585"},"breadcrumb":{"@id":"https:\/\/quehacerpolitico.mx\/?p=108492#breadcrumb"},"inLanguage":"es","potentialAction":[{"@type":"ReadAction","target":["https:\/\/quehacerpolitico.mx\/?p=108492"]}]},{"@type":"ImageObject","inLanguage":"es","@id":"https:\/\/quehacerpolitico.mx\/?p=108492#primaryimage","url":"https:\/\/quehacerpolitico.mx\/wp-content\/uploads\/2024\/03\/IMG_4097.jpeg","contentUrl":"https:\/\/quehacerpolitico.mx\/wp-content\/uploads\/2024\/03\/IMG_4097.jpeg","width":1600,"height":1067},{"@type":"BreadcrumbList","@id":"https:\/\/quehacerpolitico.mx\/?p=108492#breadcrumb","itemListElement":[{"@type":"ListItem","position":1,"name":"Inicio","item":"https:\/\/quehacerpolitico.mx\/"},{"@type":"ListItem","position":2,"name":"Cultura Comunitaria conmemora el D\u00eda Internacional de las Mujeres 2024"}]},{"@type":"WebSite","@id":"https:\/\/quehacerpolitico.mx\/#website","url":"https:\/\/quehacerpolitico.mx\/","name":"","description":"","potentialAction":[{"@type":"SearchAction","target":{"@type":"EntryPoint","urlTemplate":"https:\/\/quehacerpolitico.mx\/?s={search_term_string}"},"query-input":{"@type":"PropertyValueSpecification","valueRequired":true,"valueName":"search_term_string"}}],"inLanguage":"es"},{"@type":"Person","@id":"https:\/\/quehacerpolitico.mx\/#\/schema\/person\/496d8ad2d1d3f8036101dca7ee39e585","name":"Redacci\u00f3n QP","image":{"@type":"ImageObject","inLanguage":"es","@id":"https:\/\/secure.gravatar.com\/avatar\/c7164ed6fdec453195284ad24a5ae5b6e1eed2b848477fa2a4787ba9adf39a41?s=96&d=mm&r=g","url":"https:\/\/secure.gravatar.com\/avatar\/c7164ed6fdec453195284ad24a5ae5b6e1eed2b848477fa2a4787ba9adf39a41?s=96&d=mm&r=g","contentUrl":"https:\/\/secure.gravatar.com\/avatar\/c7164ed6fdec453195284ad24a5ae5b6e1eed2b848477fa2a4787ba9adf39a41?s=96&d=mm&r=g","caption":"Redacci\u00f3n QP"},"url":"https:\/\/quehacerpolitico.mx\/?author=2"}]}},"featured_image_urls":{"full":["https:\/\/quehacerpolitico.mx\/wp-content\/uploads\/2024\/03\/IMG_4097.jpeg",1600,1067,false],"thumbnail":["https:\/\/quehacerpolitico.mx\/wp-content\/uploads\/2024\/03\/IMG_4097-150x150.jpeg",150,150,true],"medium":["https:\/\/quehacerpolitico.mx\/wp-content\/uploads\/2024\/03\/IMG_4097-300x200.jpeg",300,200,true],"medium_large":["https:\/\/quehacerpolitico.mx\/wp-content\/uploads\/2024\/03\/IMG_4097-768x512.jpeg",640,427,true],"large":["https:\/\/quehacerpolitico.mx\/wp-content\/uploads\/2024\/03\/IMG_4097-1024x683.jpeg",640,427,true],"1536x1536":["https:\/\/quehacerpolitico.mx\/wp-content\/uploads\/2024\/03\/IMG_4097-1536x1024.jpeg",1536,1024,true],"2048x2048":["https:\/\/quehacerpolitico.mx\/wp-content\/uploads\/2024\/03\/IMG_4097.jpeg",1600,1067,false],"covernews-featured":["https:\/\/quehacerpolitico.mx\/wp-content\/uploads\/2024\/03\/IMG_4097.jpeg",1024,683,false],"covernews-medium":["https:\/\/quehacerpolitico.mx\/wp-content\/uploads\/2024\/03\/IMG_4097.jpeg",510,340,false]},"author_info":{"display_name":"Redacci\u00f3n QP","author_link":"https:\/\/quehacerpolitico.mx\/?author=2"},"category_info":"<a href=\"https:\/\/quehacerpolitico.mx\/?cat=58\" rel=\"category\">Cultura y Entretenimiento<\/a>","tag_info":"Cultura y Entretenimiento","comment_count":"0","_links":{"self":[{"href":"https:\/\/quehacerpolitico.mx\/index.php?rest_route=\/wp\/v2\/posts\/108492","targetHints":{"allow":["GET"]}}],"collection":[{"href":"https:\/\/quehacerpolitico.mx\/index.php?rest_route=\/wp\/v2\/posts"}],"about":[{"href":"https:\/\/quehacerpolitico.mx\/index.php?rest_route=\/wp\/v2\/types\/post"}],"author":[{"embeddable":true,"href":"https:\/\/quehacerpolitico.mx\/index.php?rest_route=\/wp\/v2\/users\/2"}],"replies":[{"embeddable":true,"href":"https:\/\/quehacerpolitico.mx\/index.php?rest_route=%2Fwp%2Fv2%2Fcomments&post=108492"}],"version-history":[{"count":1,"href":"https:\/\/quehacerpolitico.mx\/index.php?rest_route=\/wp\/v2\/posts\/108492\/revisions"}],"predecessor-version":[{"id":108500,"href":"https:\/\/quehacerpolitico.mx\/index.php?rest_route=\/wp\/v2\/posts\/108492\/revisions\/108500"}],"wp:featuredmedia":[{"embeddable":true,"href":"https:\/\/quehacerpolitico.mx\/index.php?rest_route=\/wp\/v2\/media\/108493"}],"wp:attachment":[{"href":"https:\/\/quehacerpolitico.mx\/index.php?rest_route=%2Fwp%2Fv2%2Fmedia&parent=108492"}],"wp:term":[{"taxonomy":"category","embeddable":true,"href":"https:\/\/quehacerpolitico.mx\/index.php?rest_route=%2Fwp%2Fv2%2Fcategories&post=108492"},{"taxonomy":"post_tag","embeddable":true,"href":"https:\/\/quehacerpolitico.mx\/index.php?rest_route=%2Fwp%2Fv2%2Ftags&post=108492"}],"curies":[{"name":"wp","href":"https:\/\/api.w.org\/{rel}","templated":true}]}}