{"id":108477,"date":"2024-03-05T22:59:30","date_gmt":"2024-03-05T22:59:30","guid":{"rendered":"https:\/\/quehacerpolitico.mx\/?p=108477"},"modified":"2024-03-05T22:59:34","modified_gmt":"2024-03-05T22:59:34","slug":"en-medio-de-una-crisis-y-cuestionamientos-el-bayern-munich-mostro-personalidad-y-contundencia-para-remontar-ante-la-lazio-3-1-global-y-avanzar-a-cuartos-de-final-de-la-champions-league","status":"publish","type":"post","link":"https:\/\/quehacerpolitico.mx\/?p=108477","title":{"rendered":"En medio de una crisis y cuestionamientos, el Bayern Munich mostr\u00f3 personalidad y contundencia para remontar ante la Lazio (3-1 global) y avanzar a Cuartos de Final de la Champions League"},"content":{"rendered":"\n<p>Por Redacci\u00f3n QP<\/p>\n\n\n\n<p>El&nbsp;<strong>Bayern Munich<\/strong>&nbsp;clasific\u00f3 este martes a&nbsp;<strong>cuartos de final de la Liga de Campeones&nbsp;<\/strong>al derrotar por 3-0 a la Lazio con dos goles de&nbsp;<strong>Harry Kane y uno de Thomas M\u00fclle<\/strong>r, y remont\u00f3 as\u00ed la derrota sufrida por 1-0 en la ida.<\/p>\n\n\n\n<p>En la primera media hora el Bayern tuvo la pelota y ocasiones, las mejores un remate de Musiala en el minuto 14 que Prodebel par\u00f3 con los pu\u00f1os y otro de Harry Kane en el 17 que el portero del Lazio desv\u00edo.<\/p>\n\n\n\n<p>El conjunto local logr\u00f3 romper el muro romano. El primer gol, marcado por Kane, lleg\u00f3 en el minuto 39. La jugada se inici\u00f3 con un bal\u00f3n al \u00e1rea de Pavlovic que M\u00fcller baj\u00f3 de cabeza para Raphael Guerreiro, que le peg\u00f3 mal a la pelota, pero Kane reaccion\u00f3 y gan\u00f3 el rebote para marcar de cabeza.<\/p>\n\n\n\n<figure class=\"wp-block-embed is-type-rich is-provider-twitter wp-block-embed-twitter\"><div class=\"wp-block-embed__wrapper\">\n<blockquote class=\"twitter-tweet\" data-width=\"550\" data-dnt=\"true\"><p lang=\"es\" dir=\"ltr\">\u2728 \ud835\udc02\ud835\udc14\ud835\udc00\ud835\udc11\ud835\udc13\ud835\udc0e\ud835\udc05\ud835\udc08\ud835\udc0d\ud835\udc00\ud835\udc0b\ud835\udc08\ud835\udc12\ud835\udc13\ud835\udc00 \u2728<a href=\"https:\/\/twitter.com\/hashtag\/MiaSanMia?src=hash&amp;ref_src=twsrc%5Etfw\">#MiaSanMia<\/a> <a href=\"https:\/\/twitter.com\/hashtag\/FCBLAZ?src=hash&amp;ref_src=twsrc%5Etfw\">#FCBLAZ<\/a> <a href=\"https:\/\/t.co\/ViNV7AopJ3\">pic.twitter.com\/ViNV7AopJ3<\/a><\/p>&mdash; FC Bayern M\u00fcnchen Espa\u00f1ol (@FCBayernES) <a href=\"https:\/\/twitter.com\/FCBayernES\/status\/1765136499060691205?ref_src=twsrc%5Etfw\">March 5, 2024<\/a><\/blockquote><script async src=\"https:\/\/platform.twitter.com\/widgets.js\" charset=\"utf-8\"><\/script>\n<\/div><\/figure>\n\n\n\n<p>El gol daba cierto alivio al Bayern. Apenas dos minutos antes la Lazio hab\u00eda tenido su mejor llegada con un cabezazo desviado de Immobile y el ambiente era tenso.<\/p>\n\n\n\n<p>Todav\u00eda le hac\u00eda falta al Bayern el segundo gol para pensar en los cuartos de final y lleg\u00f3 en un saque de esquina en el tiempo a\u00f1adido del primer acto, cuando\u00a0<strong>M\u00fcller<\/strong>\u00a0marc\u00f3 de cabeza tras desviar un disparo de\u00a0<strong>Mathjis de Light<\/strong>.<\/p>\n\n\n\n<p>El Bayern se fue al descanso con el resultado que necesitaba, pero quedaba todav\u00eda el reto de mantenerlo y si era posible aumentarlo en los segundos 45 minutos.<\/p>\n\n\n\n<p>En el 66 lleg\u00f3 el tercero, marcado por el delantero ingl\u00e9s, que aprovech\u00f3 un rebote tras un remate de Leroy San\u00e9 que no pudo controlar Probedel.<\/p>\n\n\n\n<p>Fue la sentencia definitiva. El Bayern control\u00f3 el partido y el Lazio, salvo un remate desviado de Luis Alberto, no tuvo aproximaciones peligrosas.<\/p>\n\n\n\n<figure class=\"wp-block-embed is-type-rich is-provider-twitter wp-block-embed-twitter\"><div class=\"wp-block-embed__wrapper\">\n<blockquote class=\"twitter-tweet\" data-width=\"550\" data-dnt=\"true\"><p lang=\"es\" dir=\"ltr\">5\u20e30\u20e3 goles en competiciones europeas \ud83d\udc4c <a href=\"https:\/\/twitter.com\/hashtag\/UCL?src=hash&amp;ref_src=twsrc%5Etfw\">#UCL<\/a> |\u00a0<a href=\"https:\/\/twitter.com\/FCBayernES?ref_src=twsrc%5Etfw\">@FCBayernES<\/a> <a href=\"https:\/\/t.co\/4YSMgYtydJ\">https:\/\/t.co\/4YSMgYtydJ<\/a> <a href=\"https:\/\/t.co\/wPjghFyZEN\">pic.twitter.com\/wPjghFyZEN<\/a><\/p>&mdash; Liga de Campeones (@LigadeCampeones) <a href=\"https:\/\/twitter.com\/LigadeCampeones\/status\/1765116474140528886?ref_src=twsrc%5Etfw\">March 5, 2024<\/a><\/blockquote><script async src=\"https:\/\/platform.twitter.com\/widgets.js\" charset=\"utf-8\"><\/script>\n<\/div><\/figure>\n\n\n\n<p>La clasificaci\u00f3n da esperanzas al entrenador\u00a0<strong>Thomas Tuchel<\/strong>\u00a0de seguir en el banquillo del equipo b\u00e1varo hasta el final de la temporada.<\/p>\n\n\n\n<p>Con informaci\u00f3n de EFE<\/p>\n","protected":false},"excerpt":{"rendered":"<p>Por Redacci\u00f3n QP El&nbsp;Bayern Munich&nbsp;clasific\u00f3 este martes a&nbsp;cuartos de final de la Liga de Campeones&nbsp;al&#8230;<\/p>\n","protected":false},"author":2,"featured_media":108478,"comment_status":"open","ping_status":"open","sticky":false,"template":"","format":"standard","meta":{"_monsterinsights_skip_tracking":false,"_monsterinsights_sitenote_active":false,"_monsterinsights_sitenote_note":"","_monsterinsights_sitenote_category":0,"footnotes":""},"categories":[54],"tags":[],"class_list":["post-108477","post","type-post","status-publish","format-standard","has-post-thumbnail","hentry","category-deportes"],"yoast_head":"<!-- This site is optimized with the Yoast SEO plugin v27.3 - https:\/\/yoast.com\/product\/yoast-seo-wordpress\/ -->\n<title>En medio de una crisis y cuestionamientos, el Bayern Munich mostr\u00f3 personalidad y contundencia para remontar ante la Lazio (3-1 global) y avanzar a Cuartos de Final de la Champions League -<\/title>\n<meta name=\"robots\" content=\"index, follow, max-snippet:-1, max-image-preview:large, max-video-preview:-1\" \/>\n<link rel=\"canonical\" href=\"https:\/\/quehacerpolitico.mx\/?p=108477\" \/>\n<meta property=\"og:locale\" content=\"es_MX\" \/>\n<meta property=\"og:type\" content=\"article\" \/>\n<meta property=\"og:title\" content=\"En medio de una crisis y cuestionamientos, el Bayern Munich mostr\u00f3 personalidad y contundencia para remontar ante la Lazio (3-1 global) y avanzar a Cuartos de Final de la Champions League -\" \/>\n<meta property=\"og:description\" content=\"Por Redacci\u00f3n QP El&nbsp;Bayern Munich&nbsp;clasific\u00f3 este martes a&nbsp;cuartos de final de la Liga de Campeones&nbsp;al...\" \/>\n<meta property=\"og:url\" content=\"https:\/\/quehacerpolitico.mx\/?p=108477\" \/>\n<meta property=\"article:published_time\" content=\"2024-03-05T22:59:30+00:00\" \/>\n<meta property=\"article:modified_time\" content=\"2024-03-05T22:59:34+00:00\" \/>\n<meta property=\"og:image\" content=\"https:\/\/quehacerpolitico.mx\/wp-content\/uploads\/2024\/03\/IMG_4075.jpeg\" \/>\n\t<meta property=\"og:image:width\" content=\"739\" \/>\n\t<meta property=\"og:image:height\" content=\"415\" \/>\n\t<meta property=\"og:image:type\" content=\"image\/jpeg\" \/>\n<meta name=\"author\" content=\"Redacci\u00f3n QP\" \/>\n<meta name=\"twitter:card\" content=\"summary_large_image\" \/>\n<meta name=\"twitter:label1\" content=\"Escrito por\" \/>\n\t<meta name=\"twitter:data1\" content=\"Redacci\u00f3n QP\" \/>\n\t<meta name=\"twitter:label2\" content=\"Tiempo de lectura\" \/>\n\t<meta name=\"twitter:data2\" content=\"2 minutos\" \/>\n<script type=\"application\/ld+json\" class=\"yoast-schema-graph\">{\"@context\":\"https:\\\/\\\/schema.org\",\"@graph\":[{\"@type\":\"Article\",\"@id\":\"https:\\\/\\\/quehacerpolitico.mx\\\/?p=108477#article\",\"isPartOf\":{\"@id\":\"https:\\\/\\\/quehacerpolitico.mx\\\/?p=108477\"},\"author\":{\"name\":\"Redacci\u00f3n QP\",\"@id\":\"https:\\\/\\\/quehacerpolitico.mx\\\/#\\\/schema\\\/person\\\/496d8ad2d1d3f8036101dca7ee39e585\"},\"headline\":\"En medio de una crisis y cuestionamientos, el Bayern Munich mostr\u00f3 personalidad y contundencia para remontar ante la Lazio (3-1 global) y avanzar a Cuartos de Final de la Champions League\",\"datePublished\":\"2024-03-05T22:59:30+00:00\",\"dateModified\":\"2024-03-05T22:59:34+00:00\",\"mainEntityOfPage\":{\"@id\":\"https:\\\/\\\/quehacerpolitico.mx\\\/?p=108477\"},\"wordCount\":389,\"commentCount\":0,\"image\":{\"@id\":\"https:\\\/\\\/quehacerpolitico.mx\\\/?p=108477#primaryimage\"},\"thumbnailUrl\":\"https:\\\/\\\/quehacerpolitico.mx\\\/wp-content\\\/uploads\\\/2024\\\/03\\\/IMG_4075.jpeg\",\"articleSection\":[\"Deportes\"],\"inLanguage\":\"es\",\"potentialAction\":[{\"@type\":\"CommentAction\",\"name\":\"Comment\",\"target\":[\"https:\\\/\\\/quehacerpolitico.mx\\\/?p=108477#respond\"]}]},{\"@type\":\"WebPage\",\"@id\":\"https:\\\/\\\/quehacerpolitico.mx\\\/?p=108477\",\"url\":\"https:\\\/\\\/quehacerpolitico.mx\\\/?p=108477\",\"name\":\"En medio de una crisis y cuestionamientos, el Bayern Munich mostr\u00f3 personalidad y contundencia para remontar ante la Lazio (3-1 global) y avanzar a Cuartos de Final de la Champions League -\",\"isPartOf\":{\"@id\":\"https:\\\/\\\/quehacerpolitico.mx\\\/#website\"},\"primaryImageOfPage\":{\"@id\":\"https:\\\/\\\/quehacerpolitico.mx\\\/?p=108477#primaryimage\"},\"image\":{\"@id\":\"https:\\\/\\\/quehacerpolitico.mx\\\/?p=108477#primaryimage\"},\"thumbnailUrl\":\"https:\\\/\\\/quehacerpolitico.mx\\\/wp-content\\\/uploads\\\/2024\\\/03\\\/IMG_4075.jpeg\",\"datePublished\":\"2024-03-05T22:59:30+00:00\",\"dateModified\":\"2024-03-05T22:59:34+00:00\",\"author\":{\"@id\":\"https:\\\/\\\/quehacerpolitico.mx\\\/#\\\/schema\\\/person\\\/496d8ad2d1d3f8036101dca7ee39e585\"},\"breadcrumb\":{\"@id\":\"https:\\\/\\\/quehacerpolitico.mx\\\/?p=108477#breadcrumb\"},\"inLanguage\":\"es\",\"potentialAction\":[{\"@type\":\"ReadAction\",\"target\":[\"https:\\\/\\\/quehacerpolitico.mx\\\/?p=108477\"]}]},{\"@type\":\"ImageObject\",\"inLanguage\":\"es\",\"@id\":\"https:\\\/\\\/quehacerpolitico.mx\\\/?p=108477#primaryimage\",\"url\":\"https:\\\/\\\/quehacerpolitico.mx\\\/wp-content\\\/uploads\\\/2024\\\/03\\\/IMG_4075.jpeg\",\"contentUrl\":\"https:\\\/\\\/quehacerpolitico.mx\\\/wp-content\\\/uploads\\\/2024\\\/03\\\/IMG_4075.jpeg\",\"width\":739,\"height\":415},{\"@type\":\"BreadcrumbList\",\"@id\":\"https:\\\/\\\/quehacerpolitico.mx\\\/?p=108477#breadcrumb\",\"itemListElement\":[{\"@type\":\"ListItem\",\"position\":1,\"name\":\"Inicio\",\"item\":\"https:\\\/\\\/quehacerpolitico.mx\\\/\"},{\"@type\":\"ListItem\",\"position\":2,\"name\":\"En medio de una crisis y cuestionamientos, el Bayern Munich mostr\u00f3 personalidad y contundencia para remontar ante la Lazio (3-1 global) y avanzar a Cuartos de Final de la Champions League\"}]},{\"@type\":\"WebSite\",\"@id\":\"https:\\\/\\\/quehacerpolitico.mx\\\/#website\",\"url\":\"https:\\\/\\\/quehacerpolitico.mx\\\/\",\"name\":\"\",\"description\":\"\",\"potentialAction\":[{\"@type\":\"SearchAction\",\"target\":{\"@type\":\"EntryPoint\",\"urlTemplate\":\"https:\\\/\\\/quehacerpolitico.mx\\\/?s={search_term_string}\"},\"query-input\":{\"@type\":\"PropertyValueSpecification\",\"valueRequired\":true,\"valueName\":\"search_term_string\"}}],\"inLanguage\":\"es\"},{\"@type\":\"Person\",\"@id\":\"https:\\\/\\\/quehacerpolitico.mx\\\/#\\\/schema\\\/person\\\/496d8ad2d1d3f8036101dca7ee39e585\",\"name\":\"Redacci\u00f3n QP\",\"image\":{\"@type\":\"ImageObject\",\"inLanguage\":\"es\",\"@id\":\"https:\\\/\\\/secure.gravatar.com\\\/avatar\\\/c7164ed6fdec453195284ad24a5ae5b6e1eed2b848477fa2a4787ba9adf39a41?s=96&d=mm&r=g\",\"url\":\"https:\\\/\\\/secure.gravatar.com\\\/avatar\\\/c7164ed6fdec453195284ad24a5ae5b6e1eed2b848477fa2a4787ba9adf39a41?s=96&d=mm&r=g\",\"contentUrl\":\"https:\\\/\\\/secure.gravatar.com\\\/avatar\\\/c7164ed6fdec453195284ad24a5ae5b6e1eed2b848477fa2a4787ba9adf39a41?s=96&d=mm&r=g\",\"caption\":\"Redacci\u00f3n QP\"},\"url\":\"https:\\\/\\\/quehacerpolitico.mx\\\/?author=2\"}]}<\/script>\n<!-- \/ Yoast SEO plugin. -->","yoast_head_json":{"title":"En medio de una crisis y cuestionamientos, el Bayern Munich mostr\u00f3 personalidad y contundencia para remontar ante la Lazio (3-1 global) y avanzar a Cuartos de Final de la Champions League -","robots":{"index":"index","follow":"follow","max-snippet":"max-snippet:-1","max-image-preview":"max-image-preview:large","max-video-preview":"max-video-preview:-1"},"canonical":"https:\/\/quehacerpolitico.mx\/?p=108477","og_locale":"es_MX","og_type":"article","og_title":"En medio de una crisis y cuestionamientos, el Bayern Munich mostr\u00f3 personalidad y contundencia para remontar ante la Lazio (3-1 global) y avanzar a Cuartos de Final de la Champions League -","og_description":"Por Redacci\u00f3n QP El&nbsp;Bayern Munich&nbsp;clasific\u00f3 este martes a&nbsp;cuartos de final de la Liga de Campeones&nbsp;al...","og_url":"https:\/\/quehacerpolitico.mx\/?p=108477","article_published_time":"2024-03-05T22:59:30+00:00","article_modified_time":"2024-03-05T22:59:34+00:00","og_image":[{"width":739,"height":415,"url":"https:\/\/quehacerpolitico.mx\/wp-content\/uploads\/2024\/03\/IMG_4075.jpeg","type":"image\/jpeg"}],"author":"Redacci\u00f3n QP","twitter_card":"summary_large_image","twitter_misc":{"Escrito por":"Redacci\u00f3n QP","Tiempo de lectura":"2 minutos"},"schema":{"@context":"https:\/\/schema.org","@graph":[{"@type":"Article","@id":"https:\/\/quehacerpolitico.mx\/?p=108477#article","isPartOf":{"@id":"https:\/\/quehacerpolitico.mx\/?p=108477"},"author":{"name":"Redacci\u00f3n QP","@id":"https:\/\/quehacerpolitico.mx\/#\/schema\/person\/496d8ad2d1d3f8036101dca7ee39e585"},"headline":"En medio de una crisis y cuestionamientos, el Bayern Munich mostr\u00f3 personalidad y contundencia para remontar ante la Lazio (3-1 global) y avanzar a Cuartos de Final de la Champions League","datePublished":"2024-03-05T22:59:30+00:00","dateModified":"2024-03-05T22:59:34+00:00","mainEntityOfPage":{"@id":"https:\/\/quehacerpolitico.mx\/?p=108477"},"wordCount":389,"commentCount":0,"image":{"@id":"https:\/\/quehacerpolitico.mx\/?p=108477#primaryimage"},"thumbnailUrl":"https:\/\/quehacerpolitico.mx\/wp-content\/uploads\/2024\/03\/IMG_4075.jpeg","articleSection":["Deportes"],"inLanguage":"es","potentialAction":[{"@type":"CommentAction","name":"Comment","target":["https:\/\/quehacerpolitico.mx\/?p=108477#respond"]}]},{"@type":"WebPage","@id":"https:\/\/quehacerpolitico.mx\/?p=108477","url":"https:\/\/quehacerpolitico.mx\/?p=108477","name":"En medio de una crisis y cuestionamientos, el Bayern Munich mostr\u00f3 personalidad y contundencia para remontar ante la Lazio (3-1 global) y avanzar a Cuartos de Final de la Champions League -","isPartOf":{"@id":"https:\/\/quehacerpolitico.mx\/#website"},"primaryImageOfPage":{"@id":"https:\/\/quehacerpolitico.mx\/?p=108477#primaryimage"},"image":{"@id":"https:\/\/quehacerpolitico.mx\/?p=108477#primaryimage"},"thumbnailUrl":"https:\/\/quehacerpolitico.mx\/wp-content\/uploads\/2024\/03\/IMG_4075.jpeg","datePublished":"2024-03-05T22:59:30+00:00","dateModified":"2024-03-05T22:59:34+00:00","author":{"@id":"https:\/\/quehacerpolitico.mx\/#\/schema\/person\/496d8ad2d1d3f8036101dca7ee39e585"},"breadcrumb":{"@id":"https:\/\/quehacerpolitico.mx\/?p=108477#breadcrumb"},"inLanguage":"es","potentialAction":[{"@type":"ReadAction","target":["https:\/\/quehacerpolitico.mx\/?p=108477"]}]},{"@type":"ImageObject","inLanguage":"es","@id":"https:\/\/quehacerpolitico.mx\/?p=108477#primaryimage","url":"https:\/\/quehacerpolitico.mx\/wp-content\/uploads\/2024\/03\/IMG_4075.jpeg","contentUrl":"https:\/\/quehacerpolitico.mx\/wp-content\/uploads\/2024\/03\/IMG_4075.jpeg","width":739,"height":415},{"@type":"BreadcrumbList","@id":"https:\/\/quehacerpolitico.mx\/?p=108477#breadcrumb","itemListElement":[{"@type":"ListItem","position":1,"name":"Inicio","item":"https:\/\/quehacerpolitico.mx\/"},{"@type":"ListItem","position":2,"name":"En medio de una crisis y cuestionamientos, el Bayern Munich mostr\u00f3 personalidad y contundencia para remontar ante la Lazio (3-1 global) y avanzar a Cuartos de Final de la Champions League"}]},{"@type":"WebSite","@id":"https:\/\/quehacerpolitico.mx\/#website","url":"https:\/\/quehacerpolitico.mx\/","name":"","description":"","potentialAction":[{"@type":"SearchAction","target":{"@type":"EntryPoint","urlTemplate":"https:\/\/quehacerpolitico.mx\/?s={search_term_string}"},"query-input":{"@type":"PropertyValueSpecification","valueRequired":true,"valueName":"search_term_string"}}],"inLanguage":"es"},{"@type":"Person","@id":"https:\/\/quehacerpolitico.mx\/#\/schema\/person\/496d8ad2d1d3f8036101dca7ee39e585","name":"Redacci\u00f3n QP","image":{"@type":"ImageObject","inLanguage":"es","@id":"https:\/\/secure.gravatar.com\/avatar\/c7164ed6fdec453195284ad24a5ae5b6e1eed2b848477fa2a4787ba9adf39a41?s=96&d=mm&r=g","url":"https:\/\/secure.gravatar.com\/avatar\/c7164ed6fdec453195284ad24a5ae5b6e1eed2b848477fa2a4787ba9adf39a41?s=96&d=mm&r=g","contentUrl":"https:\/\/secure.gravatar.com\/avatar\/c7164ed6fdec453195284ad24a5ae5b6e1eed2b848477fa2a4787ba9adf39a41?s=96&d=mm&r=g","caption":"Redacci\u00f3n QP"},"url":"https:\/\/quehacerpolitico.mx\/?author=2"}]}},"featured_image_urls":{"full":["https:\/\/quehacerpolitico.mx\/wp-content\/uploads\/2024\/03\/IMG_4075.jpeg",739,415,false],"thumbnail":["https:\/\/quehacerpolitico.mx\/wp-content\/uploads\/2024\/03\/IMG_4075-150x150.jpeg",150,150,true],"medium":["https:\/\/quehacerpolitico.mx\/wp-content\/uploads\/2024\/03\/IMG_4075-300x168.jpeg",300,168,true],"medium_large":["https:\/\/quehacerpolitico.mx\/wp-content\/uploads\/2024\/03\/IMG_4075.jpeg",640,359,false],"large":["https:\/\/quehacerpolitico.mx\/wp-content\/uploads\/2024\/03\/IMG_4075.jpeg",640,359,false],"1536x1536":["https:\/\/quehacerpolitico.mx\/wp-content\/uploads\/2024\/03\/IMG_4075.jpeg",739,415,false],"2048x2048":["https:\/\/quehacerpolitico.mx\/wp-content\/uploads\/2024\/03\/IMG_4075.jpeg",739,415,false],"covernews-featured":["https:\/\/quehacerpolitico.mx\/wp-content\/uploads\/2024\/03\/IMG_4075.jpeg",739,415,false],"covernews-medium":["https:\/\/quehacerpolitico.mx\/wp-content\/uploads\/2024\/03\/IMG_4075.jpeg",540,303,false]},"author_info":{"display_name":"Redacci\u00f3n QP","author_link":"https:\/\/quehacerpolitico.mx\/?author=2"},"category_info":"<a href=\"https:\/\/quehacerpolitico.mx\/?cat=54\" rel=\"category\">Deportes<\/a>","tag_info":"Deportes","comment_count":"0","_links":{"self":[{"href":"https:\/\/quehacerpolitico.mx\/index.php?rest_route=\/wp\/v2\/posts\/108477","targetHints":{"allow":["GET"]}}],"collection":[{"href":"https:\/\/quehacerpolitico.mx\/index.php?rest_route=\/wp\/v2\/posts"}],"about":[{"href":"https:\/\/quehacerpolitico.mx\/index.php?rest_route=\/wp\/v2\/types\/post"}],"author":[{"embeddable":true,"href":"https:\/\/quehacerpolitico.mx\/index.php?rest_route=\/wp\/v2\/users\/2"}],"replies":[{"embeddable":true,"href":"https:\/\/quehacerpolitico.mx\/index.php?rest_route=%2Fwp%2Fv2%2Fcomments&post=108477"}],"version-history":[{"count":1,"href":"https:\/\/quehacerpolitico.mx\/index.php?rest_route=\/wp\/v2\/posts\/108477\/revisions"}],"predecessor-version":[{"id":108479,"href":"https:\/\/quehacerpolitico.mx\/index.php?rest_route=\/wp\/v2\/posts\/108477\/revisions\/108479"}],"wp:featuredmedia":[{"embeddable":true,"href":"https:\/\/quehacerpolitico.mx\/index.php?rest_route=\/wp\/v2\/media\/108478"}],"wp:attachment":[{"href":"https:\/\/quehacerpolitico.mx\/index.php?rest_route=%2Fwp%2Fv2%2Fmedia&parent=108477"}],"wp:term":[{"taxonomy":"category","embeddable":true,"href":"https:\/\/quehacerpolitico.mx\/index.php?rest_route=%2Fwp%2Fv2%2Fcategories&post=108477"},{"taxonomy":"post_tag","embeddable":true,"href":"https:\/\/quehacerpolitico.mx\/index.php?rest_route=%2Fwp%2Fv2%2Ftags&post=108477"}],"curies":[{"name":"wp","href":"https:\/\/api.w.org\/{rel}","templated":true}]}}