{"id":108470,"date":"2024-03-05T20:33:25","date_gmt":"2024-03-05T20:33:25","guid":{"rendered":"https:\/\/quehacerpolitico.mx\/?p=108470"},"modified":"2024-03-05T20:33:27","modified_gmt":"2024-03-05T20:33:27","slug":"en-caso-de-fallecimiento-quien-paga-el-credito-infonavit","status":"publish","type":"post","link":"https:\/\/quehacerpolitico.mx\/?p=108470","title":{"rendered":"EN CASO DE FALLECIMIENTO \u00bfQUI\u00c9N PAGA EL CR\u00c9DITO INFONAVIT?"},"content":{"rendered":"\n<p>Por Redacci\u00f3n NotiExpress La Revista del Sector Inmobiliario<\/p>\n\n\n\n<ul class=\"wp-block-list\">\n<li><strong>Todos los cr\u00e9ditos del Infonavit cuentan con un Seguro por Fallecimiento, con el que se liquida la deuda en caso de que la persona acreditada fallezca.<\/strong><\/li>\n\n\n\n<li><strong>El tr\u00e1mite para aplicar el seguro lo puede realizar el beneficiario de la vivienda o cualquier persona, familiar o amigo(a), que tenga los documentos originales del finado y las escrituras de la casa.<\/strong><\/li>\n<\/ul>\n\n\n\n<p>El fallecimiento de una persona es algo que no se puede evitar, pero lo que s\u00ed puedes hacer es informar a tus seres queridos o beneficiarios sobre tus cuentas, seguros o cr\u00e9ditos ya que en caso de que llegaras a faltar es indispensable que cuenten con esta informaci\u00f3n y sepan qu\u00e9 hacer.<\/p>\n\n\n\n<p>As\u00ed que, si tienes un Cr\u00e9dito Infonavit, te recomendamos avisar a tus familiares que tu financiamiento cuenta con un&nbsp;<strong>Seguro por Fallecimiento<\/strong>, que cubre el total de tu deuda en caso de que llegaras a faltar, por lo que ellos no tendr\u00e1n que preocuparse por seguir pagando el cr\u00e9dito.<\/p>\n\n\n\n<p><strong>Esto es lo que deben hacer para aplicar este seguro:<u><\/u><u><\/u><\/strong><\/p>\n\n\n\n<ul class=\"wp-block-list\">\n<li>Hablar al Infonatel (800 008 3900)&nbsp;<strong>para generar un n\u00famero de caso bajo el concepto de autoseguro por defunci\u00f3n<\/strong>.<\/li>\n<\/ul>\n\n\n\n<p>&#8211;&nbsp;&nbsp;&nbsp;&nbsp;&nbsp;&nbsp;&nbsp;&nbsp;&nbsp;&nbsp;La persona que realice el tr\u00e1mite deber\u00e1 proporcionar su nombre completo, un correo electr\u00f3nico, un n\u00famero telef\u00f3nico y el N\u00famero de Seguridad Social (NSS) de la persona acreditada.<\/p>\n\n\n\n<ul class=\"wp-block-list\">\n<li>Una vez que se haya obtenido el n\u00famero de caso, se debe entrar a la p\u00e1gina&nbsp;<a href=\"https:\/\/bit.ly\/3PupLs3\" target=\"_blank\" rel=\"noreferrer noopener\">https:\/\/bit.ly\/3PupLs3<\/a>&nbsp;para subir la siguiente documentaci\u00f3n escaneada:<\/li>\n<\/ul>\n\n\n\n<p>&#8211;&nbsp;&nbsp;&nbsp;&nbsp;&nbsp;&nbsp;&nbsp;&nbsp;&nbsp;&nbsp;<strong>Identificaci\u00f3n oficial<\/strong>&nbsp;(INE\/IFE, c\u00e9dula profesional o pasaporte)&nbsp;<strong>y acta de defunci\u00f3n de la acreditada o acreditado.<\/strong>&nbsp;Si no se tiene una identificaci\u00f3n oficial de la persona que falleci\u00f3, se debe entregar un Acta por p\u00e9rdida de documentos levantada ante el Ministerio P\u00fablico.<\/p>\n\n\n\n<p>&#8211;&nbsp;&nbsp;&nbsp;&nbsp;&nbsp;&nbsp;&nbsp;&nbsp;&nbsp;&nbsp;Si la persona acreditada muri\u00f3 en el extranjero, el acta de defunci\u00f3n debe estar apostillada.<\/p>\n\n\n\n<p>&#8211;&nbsp;&nbsp;&nbsp;&nbsp;&nbsp;&nbsp;&nbsp;&nbsp;&nbsp;&nbsp;Identificaci\u00f3n oficial (INE\/IFE, c\u00e9dula profesional o pasaporte) y acta de nacimiento de la persona que realice el tr\u00e1mite.<\/p>\n\n\n\n<p>Es importante considerar que, una vez solicitado el caso,&nbsp;<strong>se tiene un m\u00e1ximo de 5 d\u00edas h\u00e1biles para subir los documentos<\/strong>, de lo contrario el caso se cancelar\u00e1 de manera autom\u00e1tica.<\/p>\n\n\n\n<ul class=\"wp-block-list\">\n<li>Una vez adjuntados los documentos, nuevamente se deber\u00e1 llamar a Infonatel (<strong>800 008 3900<\/strong>) para solicitar una cita en el Centro de Servicio Infonavit (Cesi) m\u00e1s cercano.<\/li>\n<\/ul>\n\n\n\n<ul class=\"wp-block-list\">\n<li><strong>Acudir a la cita en el Centro de Servicio Infonavit (Cesi) con los documentos en original y copia<\/strong>que previamente fueron escaneados y cargados al portal y una cuenta de correo electr\u00f3nico para que se pueda mantener informada a la persona, sobre el proceso.<\/li>\n<\/ul>\n\n\n\n<p><strong>Si el portal no permite adjuntar los documentos, se puede acudir al Centro de Servicio Infonavit (Cesi) m\u00e1s cercano, y entregar:<u><\/u><u><\/u><\/strong><\/p>\n\n\n\n<ol class=\"wp-block-list\" start=\"1\">\n<li>Acta de defunci\u00f3n e identificaci\u00f3n oficial vigente de la persona acreditada.<\/li>\n\n\n\n<li>Acta de nacimiento e identificaci\u00f3n oficial vigente de quien realiza el tr\u00e1mite.<\/li>\n<\/ol>\n\n\n\n<p>Recuerda que, en Infonavit todos los tr\u00e1mites son gratuitos as\u00ed que no caigas en los enga\u00f1os de falsos gestores o coyotes, que se aprovechan del dolor y apuro de las personas y prometen realizar el tr\u00e1mite a cambio de una comisi\u00f3n.&nbsp;<\/p>\n\n\n\n<p><strong>\u00danete a la comunidad de Socio Infonavit y disfruta descuentos y beneficios exclusivos. S\u00f3lo necesitas tu N\u00famero de Seguridad Social (NSS) y tu contrase\u00f1a de Mi Cuenta Infonavit. Descarga la aplicaci\u00f3n o reg\u00edstrate hoy mismo en\u00a0<a href=\"http:\/\/app.socioinfonavit.com\/\" target=\"_blank\" rel=\"noreferrer noopener\">app.socioinfonavit.com<\/a>.<\/strong><\/p>\n\n\n\n<p>No se te olvide que?<\/p>\n\n\n\n<p>En\u00a0NotiExpress | La Revista del Sector Inmobiliario nos ocupamos en la difusi\u00f3n de la industria inmobiliaria generamos contenidos que te ayudar\u00e1n a mantenerte a la vanguardia en tecnolog\u00eda y en tendencias del sector inmobiliario para que puedas ofrecer el mejor servicio y generar m\u00e1s clientes.<\/p>\n\n\n\n<p>\u00c9chale una miradita a nuestra revista mensual donde encontrar\u00e1s la informaci\u00f3n precisa y oportuna con todo lo relacionado al sector inmobiliario aqu\u00ed ?\u00a0<a href=\"https:\/\/issuu.com\/notiexpressmx\/docs\/notiexpress_07\">https:\/\/issuu.com\/notiexpressmx\/docs\/notiexpress_07\u00a0<\/a>\u00a0NotiExpress | La Revista del Sector Inmobiliario<\/p>\n\n\n\n<figure class=\"wp-block-image size-large\"><img loading=\"lazy\" decoding=\"async\" width=\"1024\" height=\"378\" src=\"https:\/\/quehacerpolitico.mx\/wp-content\/uploads\/2024\/03\/image-7-1024x378.jpeg\" alt=\"\" class=\"wp-image-108471\" srcset=\"https:\/\/quehacerpolitico.mx\/wp-content\/uploads\/2024\/03\/image-7-1024x378.jpeg 1024w, https:\/\/quehacerpolitico.mx\/wp-content\/uploads\/2024\/03\/image-7-300x111.jpeg 300w, https:\/\/quehacerpolitico.mx\/wp-content\/uploads\/2024\/03\/image-7-768x284.jpeg 768w, https:\/\/quehacerpolitico.mx\/wp-content\/uploads\/2024\/03\/image-7-260x96.jpeg 260w, https:\/\/quehacerpolitico.mx\/wp-content\/uploads\/2024\/03\/image-7-50x18.jpeg 50w, https:\/\/quehacerpolitico.mx\/wp-content\/uploads\/2024\/03\/image-7-150x55.jpeg 150w, https:\/\/quehacerpolitico.mx\/wp-content\/uploads\/2024\/03\/image-7.jpeg 1280w\" sizes=\"auto, (max-width: 1024px) 100vw, 1024px\" \/><\/figure>\n","protected":false},"excerpt":{"rendered":"<p>Por Redacci\u00f3n NotiExpress La Revista del Sector Inmobiliario El fallecimiento de una persona es algo&#8230;<\/p>\n","protected":false},"author":2,"featured_media":108472,"comment_status":"open","ping_status":"open","sticky":false,"template":"","format":"standard","meta":{"_monsterinsights_skip_tracking":false,"_monsterinsights_sitenote_active":false,"_monsterinsights_sitenote_note":"","_monsterinsights_sitenote_category":0,"footnotes":""},"categories":[56],"tags":[],"class_list":["post-108470","post","type-post","status-publish","format-standard","has-post-thumbnail","hentry","category-economia"],"yoast_head":"<!-- This site is optimized with the Yoast SEO plugin v27.3 - https:\/\/yoast.com\/product\/yoast-seo-wordpress\/ -->\n<title>EN CASO DE FALLECIMIENTO \u00bfQUI\u00c9N PAGA EL CR\u00c9DITO INFONAVIT? -<\/title>\n<meta name=\"robots\" content=\"index, follow, max-snippet:-1, max-image-preview:large, max-video-preview:-1\" \/>\n<link rel=\"canonical\" href=\"https:\/\/quehacerpolitico.mx\/?p=108470\" \/>\n<meta property=\"og:locale\" content=\"es_MX\" \/>\n<meta property=\"og:type\" content=\"article\" \/>\n<meta property=\"og:title\" content=\"EN CASO DE FALLECIMIENTO \u00bfQUI\u00c9N PAGA EL CR\u00c9DITO INFONAVIT? -\" \/>\n<meta property=\"og:description\" content=\"Por Redacci\u00f3n NotiExpress La Revista del Sector Inmobiliario El fallecimiento de una persona es algo...\" \/>\n<meta property=\"og:url\" content=\"https:\/\/quehacerpolitico.mx\/?p=108470\" \/>\n<meta property=\"article:published_time\" content=\"2024-03-05T20:33:25+00:00\" \/>\n<meta property=\"article:modified_time\" content=\"2024-03-05T20:33:27+00:00\" \/>\n<meta property=\"og:image\" content=\"https:\/\/quehacerpolitico.mx\/wp-content\/uploads\/2024\/03\/photo-output.jpeg\" \/>\n\t<meta property=\"og:image:width\" content=\"2046\" \/>\n\t<meta property=\"og:image:height\" content=\"1148\" \/>\n\t<meta property=\"og:image:type\" content=\"image\/jpeg\" \/>\n<meta name=\"author\" content=\"Redacci\u00f3n QP\" \/>\n<meta name=\"twitter:card\" content=\"summary_large_image\" \/>\n<meta name=\"twitter:label1\" content=\"Escrito por\" \/>\n\t<meta name=\"twitter:data1\" content=\"Redacci\u00f3n QP\" \/>\n\t<meta name=\"twitter:label2\" content=\"Tiempo de lectura\" \/>\n\t<meta name=\"twitter:data2\" content=\"4 minutos\" \/>\n<script type=\"application\/ld+json\" class=\"yoast-schema-graph\">{\"@context\":\"https:\\\/\\\/schema.org\",\"@graph\":[{\"@type\":\"Article\",\"@id\":\"https:\\\/\\\/quehacerpolitico.mx\\\/?p=108470#article\",\"isPartOf\":{\"@id\":\"https:\\\/\\\/quehacerpolitico.mx\\\/?p=108470\"},\"author\":{\"name\":\"Redacci\u00f3n QP\",\"@id\":\"https:\\\/\\\/quehacerpolitico.mx\\\/#\\\/schema\\\/person\\\/496d8ad2d1d3f8036101dca7ee39e585\"},\"headline\":\"EN CASO DE FALLECIMIENTO \u00bfQUI\u00c9N PAGA EL CR\u00c9DITO INFONAVIT?\",\"datePublished\":\"2024-03-05T20:33:25+00:00\",\"dateModified\":\"2024-03-05T20:33:27+00:00\",\"mainEntityOfPage\":{\"@id\":\"https:\\\/\\\/quehacerpolitico.mx\\\/?p=108470\"},\"wordCount\":749,\"commentCount\":0,\"image\":{\"@id\":\"https:\\\/\\\/quehacerpolitico.mx\\\/?p=108470#primaryimage\"},\"thumbnailUrl\":\"https:\\\/\\\/quehacerpolitico.mx\\\/wp-content\\\/uploads\\\/2024\\\/03\\\/photo-output.jpeg\",\"articleSection\":[\"Econom\u00eda\"],\"inLanguage\":\"es\",\"potentialAction\":[{\"@type\":\"CommentAction\",\"name\":\"Comment\",\"target\":[\"https:\\\/\\\/quehacerpolitico.mx\\\/?p=108470#respond\"]}]},{\"@type\":\"WebPage\",\"@id\":\"https:\\\/\\\/quehacerpolitico.mx\\\/?p=108470\",\"url\":\"https:\\\/\\\/quehacerpolitico.mx\\\/?p=108470\",\"name\":\"EN CASO DE FALLECIMIENTO \u00bfQUI\u00c9N PAGA EL CR\u00c9DITO INFONAVIT? -\",\"isPartOf\":{\"@id\":\"https:\\\/\\\/quehacerpolitico.mx\\\/#website\"},\"primaryImageOfPage\":{\"@id\":\"https:\\\/\\\/quehacerpolitico.mx\\\/?p=108470#primaryimage\"},\"image\":{\"@id\":\"https:\\\/\\\/quehacerpolitico.mx\\\/?p=108470#primaryimage\"},\"thumbnailUrl\":\"https:\\\/\\\/quehacerpolitico.mx\\\/wp-content\\\/uploads\\\/2024\\\/03\\\/photo-output.jpeg\",\"datePublished\":\"2024-03-05T20:33:25+00:00\",\"dateModified\":\"2024-03-05T20:33:27+00:00\",\"author\":{\"@id\":\"https:\\\/\\\/quehacerpolitico.mx\\\/#\\\/schema\\\/person\\\/496d8ad2d1d3f8036101dca7ee39e585\"},\"breadcrumb\":{\"@id\":\"https:\\\/\\\/quehacerpolitico.mx\\\/?p=108470#breadcrumb\"},\"inLanguage\":\"es\",\"potentialAction\":[{\"@type\":\"ReadAction\",\"target\":[\"https:\\\/\\\/quehacerpolitico.mx\\\/?p=108470\"]}]},{\"@type\":\"ImageObject\",\"inLanguage\":\"es\",\"@id\":\"https:\\\/\\\/quehacerpolitico.mx\\\/?p=108470#primaryimage\",\"url\":\"https:\\\/\\\/quehacerpolitico.mx\\\/wp-content\\\/uploads\\\/2024\\\/03\\\/photo-output.jpeg\",\"contentUrl\":\"https:\\\/\\\/quehacerpolitico.mx\\\/wp-content\\\/uploads\\\/2024\\\/03\\\/photo-output.jpeg\",\"width\":2046,\"height\":1148},{\"@type\":\"BreadcrumbList\",\"@id\":\"https:\\\/\\\/quehacerpolitico.mx\\\/?p=108470#breadcrumb\",\"itemListElement\":[{\"@type\":\"ListItem\",\"position\":1,\"name\":\"Inicio\",\"item\":\"https:\\\/\\\/quehacerpolitico.mx\\\/\"},{\"@type\":\"ListItem\",\"position\":2,\"name\":\"EN CASO DE FALLECIMIENTO \u00bfQUI\u00c9N PAGA EL CR\u00c9DITO INFONAVIT?\"}]},{\"@type\":\"WebSite\",\"@id\":\"https:\\\/\\\/quehacerpolitico.mx\\\/#website\",\"url\":\"https:\\\/\\\/quehacerpolitico.mx\\\/\",\"name\":\"\",\"description\":\"\",\"potentialAction\":[{\"@type\":\"SearchAction\",\"target\":{\"@type\":\"EntryPoint\",\"urlTemplate\":\"https:\\\/\\\/quehacerpolitico.mx\\\/?s={search_term_string}\"},\"query-input\":{\"@type\":\"PropertyValueSpecification\",\"valueRequired\":true,\"valueName\":\"search_term_string\"}}],\"inLanguage\":\"es\"},{\"@type\":\"Person\",\"@id\":\"https:\\\/\\\/quehacerpolitico.mx\\\/#\\\/schema\\\/person\\\/496d8ad2d1d3f8036101dca7ee39e585\",\"name\":\"Redacci\u00f3n QP\",\"image\":{\"@type\":\"ImageObject\",\"inLanguage\":\"es\",\"@id\":\"https:\\\/\\\/secure.gravatar.com\\\/avatar\\\/c7164ed6fdec453195284ad24a5ae5b6e1eed2b848477fa2a4787ba9adf39a41?s=96&d=mm&r=g\",\"url\":\"https:\\\/\\\/secure.gravatar.com\\\/avatar\\\/c7164ed6fdec453195284ad24a5ae5b6e1eed2b848477fa2a4787ba9adf39a41?s=96&d=mm&r=g\",\"contentUrl\":\"https:\\\/\\\/secure.gravatar.com\\\/avatar\\\/c7164ed6fdec453195284ad24a5ae5b6e1eed2b848477fa2a4787ba9adf39a41?s=96&d=mm&r=g\",\"caption\":\"Redacci\u00f3n QP\"},\"url\":\"https:\\\/\\\/quehacerpolitico.mx\\\/?author=2\"}]}<\/script>\n<!-- \/ Yoast SEO plugin. -->","yoast_head_json":{"title":"EN CASO DE FALLECIMIENTO \u00bfQUI\u00c9N PAGA EL CR\u00c9DITO INFONAVIT? -","robots":{"index":"index","follow":"follow","max-snippet":"max-snippet:-1","max-image-preview":"max-image-preview:large","max-video-preview":"max-video-preview:-1"},"canonical":"https:\/\/quehacerpolitico.mx\/?p=108470","og_locale":"es_MX","og_type":"article","og_title":"EN CASO DE FALLECIMIENTO \u00bfQUI\u00c9N PAGA EL CR\u00c9DITO INFONAVIT? -","og_description":"Por Redacci\u00f3n NotiExpress La Revista del Sector Inmobiliario El fallecimiento de una persona es algo...","og_url":"https:\/\/quehacerpolitico.mx\/?p=108470","article_published_time":"2024-03-05T20:33:25+00:00","article_modified_time":"2024-03-05T20:33:27+00:00","og_image":[{"width":2046,"height":1148,"url":"https:\/\/quehacerpolitico.mx\/wp-content\/uploads\/2024\/03\/photo-output.jpeg","type":"image\/jpeg"}],"author":"Redacci\u00f3n QP","twitter_card":"summary_large_image","twitter_misc":{"Escrito por":"Redacci\u00f3n QP","Tiempo de lectura":"4 minutos"},"schema":{"@context":"https:\/\/schema.org","@graph":[{"@type":"Article","@id":"https:\/\/quehacerpolitico.mx\/?p=108470#article","isPartOf":{"@id":"https:\/\/quehacerpolitico.mx\/?p=108470"},"author":{"name":"Redacci\u00f3n QP","@id":"https:\/\/quehacerpolitico.mx\/#\/schema\/person\/496d8ad2d1d3f8036101dca7ee39e585"},"headline":"EN CASO DE FALLECIMIENTO \u00bfQUI\u00c9N PAGA EL CR\u00c9DITO INFONAVIT?","datePublished":"2024-03-05T20:33:25+00:00","dateModified":"2024-03-05T20:33:27+00:00","mainEntityOfPage":{"@id":"https:\/\/quehacerpolitico.mx\/?p=108470"},"wordCount":749,"commentCount":0,"image":{"@id":"https:\/\/quehacerpolitico.mx\/?p=108470#primaryimage"},"thumbnailUrl":"https:\/\/quehacerpolitico.mx\/wp-content\/uploads\/2024\/03\/photo-output.jpeg","articleSection":["Econom\u00eda"],"inLanguage":"es","potentialAction":[{"@type":"CommentAction","name":"Comment","target":["https:\/\/quehacerpolitico.mx\/?p=108470#respond"]}]},{"@type":"WebPage","@id":"https:\/\/quehacerpolitico.mx\/?p=108470","url":"https:\/\/quehacerpolitico.mx\/?p=108470","name":"EN CASO DE FALLECIMIENTO \u00bfQUI\u00c9N PAGA EL CR\u00c9DITO INFONAVIT? -","isPartOf":{"@id":"https:\/\/quehacerpolitico.mx\/#website"},"primaryImageOfPage":{"@id":"https:\/\/quehacerpolitico.mx\/?p=108470#primaryimage"},"image":{"@id":"https:\/\/quehacerpolitico.mx\/?p=108470#primaryimage"},"thumbnailUrl":"https:\/\/quehacerpolitico.mx\/wp-content\/uploads\/2024\/03\/photo-output.jpeg","datePublished":"2024-03-05T20:33:25+00:00","dateModified":"2024-03-05T20:33:27+00:00","author":{"@id":"https:\/\/quehacerpolitico.mx\/#\/schema\/person\/496d8ad2d1d3f8036101dca7ee39e585"},"breadcrumb":{"@id":"https:\/\/quehacerpolitico.mx\/?p=108470#breadcrumb"},"inLanguage":"es","potentialAction":[{"@type":"ReadAction","target":["https:\/\/quehacerpolitico.mx\/?p=108470"]}]},{"@type":"ImageObject","inLanguage":"es","@id":"https:\/\/quehacerpolitico.mx\/?p=108470#primaryimage","url":"https:\/\/quehacerpolitico.mx\/wp-content\/uploads\/2024\/03\/photo-output.jpeg","contentUrl":"https:\/\/quehacerpolitico.mx\/wp-content\/uploads\/2024\/03\/photo-output.jpeg","width":2046,"height":1148},{"@type":"BreadcrumbList","@id":"https:\/\/quehacerpolitico.mx\/?p=108470#breadcrumb","itemListElement":[{"@type":"ListItem","position":1,"name":"Inicio","item":"https:\/\/quehacerpolitico.mx\/"},{"@type":"ListItem","position":2,"name":"EN CASO DE FALLECIMIENTO \u00bfQUI\u00c9N PAGA EL CR\u00c9DITO INFONAVIT?"}]},{"@type":"WebSite","@id":"https:\/\/quehacerpolitico.mx\/#website","url":"https:\/\/quehacerpolitico.mx\/","name":"","description":"","potentialAction":[{"@type":"SearchAction","target":{"@type":"EntryPoint","urlTemplate":"https:\/\/quehacerpolitico.mx\/?s={search_term_string}"},"query-input":{"@type":"PropertyValueSpecification","valueRequired":true,"valueName":"search_term_string"}}],"inLanguage":"es"},{"@type":"Person","@id":"https:\/\/quehacerpolitico.mx\/#\/schema\/person\/496d8ad2d1d3f8036101dca7ee39e585","name":"Redacci\u00f3n QP","image":{"@type":"ImageObject","inLanguage":"es","@id":"https:\/\/secure.gravatar.com\/avatar\/c7164ed6fdec453195284ad24a5ae5b6e1eed2b848477fa2a4787ba9adf39a41?s=96&d=mm&r=g","url":"https:\/\/secure.gravatar.com\/avatar\/c7164ed6fdec453195284ad24a5ae5b6e1eed2b848477fa2a4787ba9adf39a41?s=96&d=mm&r=g","contentUrl":"https:\/\/secure.gravatar.com\/avatar\/c7164ed6fdec453195284ad24a5ae5b6e1eed2b848477fa2a4787ba9adf39a41?s=96&d=mm&r=g","caption":"Redacci\u00f3n QP"},"url":"https:\/\/quehacerpolitico.mx\/?author=2"}]}},"featured_image_urls":{"full":["https:\/\/quehacerpolitico.mx\/wp-content\/uploads\/2024\/03\/photo-output.jpeg",2046,1148,false],"thumbnail":["https:\/\/quehacerpolitico.mx\/wp-content\/uploads\/2024\/03\/photo-output-150x150.jpeg",150,150,true],"medium":["https:\/\/quehacerpolitico.mx\/wp-content\/uploads\/2024\/03\/photo-output-300x168.jpeg",300,168,true],"medium_large":["https:\/\/quehacerpolitico.mx\/wp-content\/uploads\/2024\/03\/photo-output-768x431.jpeg",640,359,true],"large":["https:\/\/quehacerpolitico.mx\/wp-content\/uploads\/2024\/03\/photo-output-1024x575.jpeg",640,359,true],"1536x1536":["https:\/\/quehacerpolitico.mx\/wp-content\/uploads\/2024\/03\/photo-output-1536x862.jpeg",1536,862,true],"2048x2048":["https:\/\/quehacerpolitico.mx\/wp-content\/uploads\/2024\/03\/photo-output.jpeg",2046,1148,false],"covernews-featured":["https:\/\/quehacerpolitico.mx\/wp-content\/uploads\/2024\/03\/photo-output.jpeg",1024,575,false],"covernews-medium":["https:\/\/quehacerpolitico.mx\/wp-content\/uploads\/2024\/03\/photo-output.jpeg",540,303,false]},"author_info":{"display_name":"Redacci\u00f3n QP","author_link":"https:\/\/quehacerpolitico.mx\/?author=2"},"category_info":"<a href=\"https:\/\/quehacerpolitico.mx\/?cat=56\" rel=\"category\">Econom\u00eda<\/a>","tag_info":"Econom\u00eda","comment_count":"0","_links":{"self":[{"href":"https:\/\/quehacerpolitico.mx\/index.php?rest_route=\/wp\/v2\/posts\/108470","targetHints":{"allow":["GET"]}}],"collection":[{"href":"https:\/\/quehacerpolitico.mx\/index.php?rest_route=\/wp\/v2\/posts"}],"about":[{"href":"https:\/\/quehacerpolitico.mx\/index.php?rest_route=\/wp\/v2\/types\/post"}],"author":[{"embeddable":true,"href":"https:\/\/quehacerpolitico.mx\/index.php?rest_route=\/wp\/v2\/users\/2"}],"replies":[{"embeddable":true,"href":"https:\/\/quehacerpolitico.mx\/index.php?rest_route=%2Fwp%2Fv2%2Fcomments&post=108470"}],"version-history":[{"count":1,"href":"https:\/\/quehacerpolitico.mx\/index.php?rest_route=\/wp\/v2\/posts\/108470\/revisions"}],"predecessor-version":[{"id":108473,"href":"https:\/\/quehacerpolitico.mx\/index.php?rest_route=\/wp\/v2\/posts\/108470\/revisions\/108473"}],"wp:featuredmedia":[{"embeddable":true,"href":"https:\/\/quehacerpolitico.mx\/index.php?rest_route=\/wp\/v2\/media\/108472"}],"wp:attachment":[{"href":"https:\/\/quehacerpolitico.mx\/index.php?rest_route=%2Fwp%2Fv2%2Fmedia&parent=108470"}],"wp:term":[{"taxonomy":"category","embeddable":true,"href":"https:\/\/quehacerpolitico.mx\/index.php?rest_route=%2Fwp%2Fv2%2Fcategories&post=108470"},{"taxonomy":"post_tag","embeddable":true,"href":"https:\/\/quehacerpolitico.mx\/index.php?rest_route=%2Fwp%2Fv2%2Ftags&post=108470"}],"curies":[{"name":"wp","href":"https:\/\/api.w.org\/{rel}","templated":true}]}}