{"id":108467,"date":"2024-03-05T20:18:03","date_gmt":"2024-03-05T20:18:03","guid":{"rendered":"https:\/\/quehacerpolitico.mx\/?p=108467"},"modified":"2024-03-05T20:18:07","modified_gmt":"2024-03-05T20:18:07","slug":"juicio-a-polanski-en-paris-por-la-difamacion-de-una-actriz-que-lo-acuso-de-violacion","status":"publish","type":"post","link":"https:\/\/quehacerpolitico.mx\/?p=108467","title":{"rendered":"Juicio a Polanski en Par\u00eds por la difamaci\u00f3n de una actriz que lo acus\u00f3 de violaci\u00f3n"},"content":{"rendered":"\n<p>Por Redacci\u00f3n QP<\/p>\n\n\n\n<p>Se da comienzo al primer juicio contra el cineasta Roman Polaski por difamaci\u00f3n a la actriz\u00a0Charlotte Lewis<\/p>\n\n\n\n<p>Este martes, en Par\u00eds,<strong>&nbsp;di\u00f3 comienzo el juicio por la supuesta difamaci\u00f3n hacia la actriz brit\u00e1nica Charlotte Lewis<\/strong>, esta demanda es&nbsp;<strong>en contra del cineasta franco-polaco Roman Polanski<\/strong>, que es acusado de haberla violado cuando ten\u00eda 16 a\u00f1os.<\/p>\n\n\n\n<p>Este juicio es el primer caso contra el director de 90 a\u00f1os,&nbsp;desde su hu\u00edda de Estados Unidos en 1977.<\/p>\n\n\n\n<p>Polanski, que actualmente reside en la capital francesa,<strong>\u00a0no acudi\u00f3 ante el Tribunal Correccional\u00a0<\/strong>al que ser\u00eda su primer juicio desde 1977, a\u00f1o en el que huy\u00f3 al ser acusado de una violaci\u00f3n hacia una menor en Estados Unidos, pa\u00eds que lo sigue reclamando y considerando como\u00a0<em>pr\u00f3fugo<\/em>, anunciaron sus abogados.<\/p>\n\n\n\n<p>Quien si estuvo presente en la audencia fue la actris Lewis, de 56 a\u00f1os, que en declaraciones a\u00a0<em>Le Parisien<\/em>\u00a0consider\u00f3 que la difamaci\u00f3n alimentada por Polanski le ha causado\u00a0<em>&#8220;m\u00e1s da\u00f1o que la violaci\u00f3n&#8221;<\/em>\u00a0que denunci\u00f3 en 2010 haber sufrido en 1983, cuando era menor.<\/p>\n\n\n\n<figure class=\"wp-block-embed is-type-video is-provider-youtube wp-block-embed-youtube wp-embed-aspect-16-9 wp-has-aspect-ratio\"><div class=\"wp-block-embed__wrapper\">\n<iframe loading=\"lazy\" title=\"Roman Polanski ir\u00e1 a juicio: es acusado de difamar a la actriz Charlotte Lewis | El Espectador\" width=\"640\" height=\"360\" src=\"https:\/\/www.youtube.com\/embed\/zSs1q8l6pDY?feature=oembed\" frameborder=\"0\" allow=\"accelerometer; autoplay; clipboard-write; encrypted-media; gyroscope; picture-in-picture; web-share\" referrerpolicy=\"strict-origin-when-cross-origin\" allowfullscreen><\/iframe>\n<\/div><\/figure>\n\n\n\n<p>La actriz brit\u00e1nica, que trabaj\u00f3 en el filme<em>\u00a0&#8216;Pirates&#8217; (&#8216;Piratas&#8217;)<\/em>\u00a0de Polanski, asegur\u00f3 durante el Festival de Cannes de 2010 que, aunque no present\u00f3 denuncia,\u00a0s\u00ed testific\u00f3 ante la polic\u00eda estadounidense, para desmentir la versi\u00f3n del director de que el caso de\u00a0<strong>Samantha Gailey<\/strong>, que sigue pendiente en Estados Unidos e impide al director viajar a ese pa\u00eds, era un asunto aislado.<\/p>\n\n\n\n<p>En 2019, despu\u00e9s de que una sexta actriz,&nbsp;<strong>Valentine Monnier<\/strong>, lo&nbsp;acusara de violaci\u00f3n, dio una entrevista a la revista francesa&nbsp;<em>Paris Match<\/em>&nbsp;en la que calificaba las alegaciones de Lewis sobre lo supuestamente ocurrido en 1983 de&nbsp;<em>&#8220;mentira odiosa&#8221;<\/em>.&nbsp;<strong>Esas palabras son la base de la acusaci\u00f3n que se juzga ahora en Par\u00eds.<\/strong><\/p>\n\n\n\n<p>Para apoyar su testimonio, Polanski aludi\u00f3 a una entrevista que la int\u00e9rprete brit\u00e1nica hab\u00eda dado al tabloide<em>&nbsp;News of the World<\/em>&nbsp;en la que ella aseguraba que a los 14 a\u00f1os se prostitu\u00eda y que en su adolescencia quer\u00eda convertirse en la amante de Polanski.<\/p>\n\n\n\n<p>Lewis afirma que fue una<strong>&nbsp;falsa entrevista<\/strong>&nbsp;y que el periodista de<strong>&nbsp;News of the World<\/strong>&nbsp;malinterpret\u00f3 sus palabras.<\/p>\n\n\n\n<p>Precisamente,\u00a0<strong>su autor es uno de los testigos de la defensa durante este juicio.<\/strong><\/p>\n\n\n\n<p>Con informaci\u00f3n de EFE<\/p>\n","protected":false},"excerpt":{"rendered":"<p>Por Redacci\u00f3n QP Se da comienzo al primer juicio contra el cineasta Roman Polaski por&#8230;<\/p>\n","protected":false},"author":2,"featured_media":108468,"comment_status":"open","ping_status":"open","sticky":false,"template":"","format":"standard","meta":{"_monsterinsights_skip_tracking":false,"_monsterinsights_sitenote_active":false,"_monsterinsights_sitenote_note":"","_monsterinsights_sitenote_category":0,"footnotes":""},"categories":[58],"tags":[],"class_list":["post-108467","post","type-post","status-publish","format-standard","has-post-thumbnail","hentry","category-cultura"],"yoast_head":"<!-- This site is optimized with the Yoast SEO plugin v27.3 - https:\/\/yoast.com\/product\/yoast-seo-wordpress\/ -->\n<title>Juicio a Polanski en Par\u00eds por la difamaci\u00f3n de una actriz que lo acus\u00f3 de violaci\u00f3n -<\/title>\n<meta name=\"robots\" content=\"index, follow, max-snippet:-1, max-image-preview:large, max-video-preview:-1\" \/>\n<link rel=\"canonical\" href=\"https:\/\/quehacerpolitico.mx\/?p=108467\" \/>\n<meta property=\"og:locale\" content=\"es_MX\" \/>\n<meta property=\"og:type\" content=\"article\" \/>\n<meta property=\"og:title\" content=\"Juicio a Polanski en Par\u00eds por la difamaci\u00f3n de una actriz que lo acus\u00f3 de violaci\u00f3n -\" \/>\n<meta property=\"og:description\" content=\"Por Redacci\u00f3n QP Se da comienzo al primer juicio contra el cineasta Roman Polaski por...\" \/>\n<meta property=\"og:url\" content=\"https:\/\/quehacerpolitico.mx\/?p=108467\" \/>\n<meta property=\"article:published_time\" content=\"2024-03-05T20:18:03+00:00\" \/>\n<meta property=\"article:modified_time\" content=\"2024-03-05T20:18:07+00:00\" \/>\n<meta property=\"og:image\" content=\"https:\/\/quehacerpolitico.mx\/wp-content\/uploads\/2024\/03\/IMG_4067.jpeg\" \/>\n\t<meta property=\"og:image:width\" content=\"1058\" \/>\n\t<meta property=\"og:image:height\" content=\"550\" \/>\n\t<meta property=\"og:image:type\" content=\"image\/jpeg\" \/>\n<meta name=\"author\" content=\"Redacci\u00f3n QP\" \/>\n<meta name=\"twitter:card\" content=\"summary_large_image\" \/>\n<meta name=\"twitter:label1\" content=\"Escrito por\" \/>\n\t<meta name=\"twitter:data1\" content=\"Redacci\u00f3n QP\" \/>\n\t<meta name=\"twitter:label2\" content=\"Tiempo de lectura\" \/>\n\t<meta name=\"twitter:data2\" content=\"2 minutos\" \/>\n<script type=\"application\/ld+json\" class=\"yoast-schema-graph\">{\"@context\":\"https:\\\/\\\/schema.org\",\"@graph\":[{\"@type\":\"Article\",\"@id\":\"https:\\\/\\\/quehacerpolitico.mx\\\/?p=108467#article\",\"isPartOf\":{\"@id\":\"https:\\\/\\\/quehacerpolitico.mx\\\/?p=108467\"},\"author\":{\"name\":\"Redacci\u00f3n QP\",\"@id\":\"https:\\\/\\\/quehacerpolitico.mx\\\/#\\\/schema\\\/person\\\/496d8ad2d1d3f8036101dca7ee39e585\"},\"headline\":\"Juicio a Polanski en Par\u00eds por la difamaci\u00f3n de una actriz que lo acus\u00f3 de violaci\u00f3n\",\"datePublished\":\"2024-03-05T20:18:03+00:00\",\"dateModified\":\"2024-03-05T20:18:07+00:00\",\"mainEntityOfPage\":{\"@id\":\"https:\\\/\\\/quehacerpolitico.mx\\\/?p=108467\"},\"wordCount\":442,\"commentCount\":0,\"image\":{\"@id\":\"https:\\\/\\\/quehacerpolitico.mx\\\/?p=108467#primaryimage\"},\"thumbnailUrl\":\"https:\\\/\\\/quehacerpolitico.mx\\\/wp-content\\\/uploads\\\/2024\\\/03\\\/IMG_4067.jpeg\",\"articleSection\":[\"Cultura y Entretenimiento\"],\"inLanguage\":\"es\",\"potentialAction\":[{\"@type\":\"CommentAction\",\"name\":\"Comment\",\"target\":[\"https:\\\/\\\/quehacerpolitico.mx\\\/?p=108467#respond\"]}]},{\"@type\":\"WebPage\",\"@id\":\"https:\\\/\\\/quehacerpolitico.mx\\\/?p=108467\",\"url\":\"https:\\\/\\\/quehacerpolitico.mx\\\/?p=108467\",\"name\":\"Juicio a Polanski en Par\u00eds por la difamaci\u00f3n de una actriz que lo acus\u00f3 de violaci\u00f3n -\",\"isPartOf\":{\"@id\":\"https:\\\/\\\/quehacerpolitico.mx\\\/#website\"},\"primaryImageOfPage\":{\"@id\":\"https:\\\/\\\/quehacerpolitico.mx\\\/?p=108467#primaryimage\"},\"image\":{\"@id\":\"https:\\\/\\\/quehacerpolitico.mx\\\/?p=108467#primaryimage\"},\"thumbnailUrl\":\"https:\\\/\\\/quehacerpolitico.mx\\\/wp-content\\\/uploads\\\/2024\\\/03\\\/IMG_4067.jpeg\",\"datePublished\":\"2024-03-05T20:18:03+00:00\",\"dateModified\":\"2024-03-05T20:18:07+00:00\",\"author\":{\"@id\":\"https:\\\/\\\/quehacerpolitico.mx\\\/#\\\/schema\\\/person\\\/496d8ad2d1d3f8036101dca7ee39e585\"},\"breadcrumb\":{\"@id\":\"https:\\\/\\\/quehacerpolitico.mx\\\/?p=108467#breadcrumb\"},\"inLanguage\":\"es\",\"potentialAction\":[{\"@type\":\"ReadAction\",\"target\":[\"https:\\\/\\\/quehacerpolitico.mx\\\/?p=108467\"]}]},{\"@type\":\"ImageObject\",\"inLanguage\":\"es\",\"@id\":\"https:\\\/\\\/quehacerpolitico.mx\\\/?p=108467#primaryimage\",\"url\":\"https:\\\/\\\/quehacerpolitico.mx\\\/wp-content\\\/uploads\\\/2024\\\/03\\\/IMG_4067.jpeg\",\"contentUrl\":\"https:\\\/\\\/quehacerpolitico.mx\\\/wp-content\\\/uploads\\\/2024\\\/03\\\/IMG_4067.jpeg\",\"width\":1058,\"height\":550},{\"@type\":\"BreadcrumbList\",\"@id\":\"https:\\\/\\\/quehacerpolitico.mx\\\/?p=108467#breadcrumb\",\"itemListElement\":[{\"@type\":\"ListItem\",\"position\":1,\"name\":\"Inicio\",\"item\":\"https:\\\/\\\/quehacerpolitico.mx\\\/\"},{\"@type\":\"ListItem\",\"position\":2,\"name\":\"Juicio a Polanski en Par\u00eds por la difamaci\u00f3n de una actriz que lo acus\u00f3 de violaci\u00f3n\"}]},{\"@type\":\"WebSite\",\"@id\":\"https:\\\/\\\/quehacerpolitico.mx\\\/#website\",\"url\":\"https:\\\/\\\/quehacerpolitico.mx\\\/\",\"name\":\"\",\"description\":\"\",\"potentialAction\":[{\"@type\":\"SearchAction\",\"target\":{\"@type\":\"EntryPoint\",\"urlTemplate\":\"https:\\\/\\\/quehacerpolitico.mx\\\/?s={search_term_string}\"},\"query-input\":{\"@type\":\"PropertyValueSpecification\",\"valueRequired\":true,\"valueName\":\"search_term_string\"}}],\"inLanguage\":\"es\"},{\"@type\":\"Person\",\"@id\":\"https:\\\/\\\/quehacerpolitico.mx\\\/#\\\/schema\\\/person\\\/496d8ad2d1d3f8036101dca7ee39e585\",\"name\":\"Redacci\u00f3n QP\",\"image\":{\"@type\":\"ImageObject\",\"inLanguage\":\"es\",\"@id\":\"https:\\\/\\\/secure.gravatar.com\\\/avatar\\\/c7164ed6fdec453195284ad24a5ae5b6e1eed2b848477fa2a4787ba9adf39a41?s=96&d=mm&r=g\",\"url\":\"https:\\\/\\\/secure.gravatar.com\\\/avatar\\\/c7164ed6fdec453195284ad24a5ae5b6e1eed2b848477fa2a4787ba9adf39a41?s=96&d=mm&r=g\",\"contentUrl\":\"https:\\\/\\\/secure.gravatar.com\\\/avatar\\\/c7164ed6fdec453195284ad24a5ae5b6e1eed2b848477fa2a4787ba9adf39a41?s=96&d=mm&r=g\",\"caption\":\"Redacci\u00f3n QP\"},\"url\":\"https:\\\/\\\/quehacerpolitico.mx\\\/?author=2\"}]}<\/script>\n<!-- \/ Yoast SEO plugin. -->","yoast_head_json":{"title":"Juicio a Polanski en Par\u00eds por la difamaci\u00f3n de una actriz que lo acus\u00f3 de violaci\u00f3n -","robots":{"index":"index","follow":"follow","max-snippet":"max-snippet:-1","max-image-preview":"max-image-preview:large","max-video-preview":"max-video-preview:-1"},"canonical":"https:\/\/quehacerpolitico.mx\/?p=108467","og_locale":"es_MX","og_type":"article","og_title":"Juicio a Polanski en Par\u00eds por la difamaci\u00f3n de una actriz que lo acus\u00f3 de violaci\u00f3n -","og_description":"Por Redacci\u00f3n QP Se da comienzo al primer juicio contra el cineasta Roman Polaski por...","og_url":"https:\/\/quehacerpolitico.mx\/?p=108467","article_published_time":"2024-03-05T20:18:03+00:00","article_modified_time":"2024-03-05T20:18:07+00:00","og_image":[{"width":1058,"height":550,"url":"https:\/\/quehacerpolitico.mx\/wp-content\/uploads\/2024\/03\/IMG_4067.jpeg","type":"image\/jpeg"}],"author":"Redacci\u00f3n QP","twitter_card":"summary_large_image","twitter_misc":{"Escrito por":"Redacci\u00f3n QP","Tiempo de lectura":"2 minutos"},"schema":{"@context":"https:\/\/schema.org","@graph":[{"@type":"Article","@id":"https:\/\/quehacerpolitico.mx\/?p=108467#article","isPartOf":{"@id":"https:\/\/quehacerpolitico.mx\/?p=108467"},"author":{"name":"Redacci\u00f3n QP","@id":"https:\/\/quehacerpolitico.mx\/#\/schema\/person\/496d8ad2d1d3f8036101dca7ee39e585"},"headline":"Juicio a Polanski en Par\u00eds por la difamaci\u00f3n de una actriz que lo acus\u00f3 de violaci\u00f3n","datePublished":"2024-03-05T20:18:03+00:00","dateModified":"2024-03-05T20:18:07+00:00","mainEntityOfPage":{"@id":"https:\/\/quehacerpolitico.mx\/?p=108467"},"wordCount":442,"commentCount":0,"image":{"@id":"https:\/\/quehacerpolitico.mx\/?p=108467#primaryimage"},"thumbnailUrl":"https:\/\/quehacerpolitico.mx\/wp-content\/uploads\/2024\/03\/IMG_4067.jpeg","articleSection":["Cultura y Entretenimiento"],"inLanguage":"es","potentialAction":[{"@type":"CommentAction","name":"Comment","target":["https:\/\/quehacerpolitico.mx\/?p=108467#respond"]}]},{"@type":"WebPage","@id":"https:\/\/quehacerpolitico.mx\/?p=108467","url":"https:\/\/quehacerpolitico.mx\/?p=108467","name":"Juicio a Polanski en Par\u00eds por la difamaci\u00f3n de una actriz que lo acus\u00f3 de violaci\u00f3n -","isPartOf":{"@id":"https:\/\/quehacerpolitico.mx\/#website"},"primaryImageOfPage":{"@id":"https:\/\/quehacerpolitico.mx\/?p=108467#primaryimage"},"image":{"@id":"https:\/\/quehacerpolitico.mx\/?p=108467#primaryimage"},"thumbnailUrl":"https:\/\/quehacerpolitico.mx\/wp-content\/uploads\/2024\/03\/IMG_4067.jpeg","datePublished":"2024-03-05T20:18:03+00:00","dateModified":"2024-03-05T20:18:07+00:00","author":{"@id":"https:\/\/quehacerpolitico.mx\/#\/schema\/person\/496d8ad2d1d3f8036101dca7ee39e585"},"breadcrumb":{"@id":"https:\/\/quehacerpolitico.mx\/?p=108467#breadcrumb"},"inLanguage":"es","potentialAction":[{"@type":"ReadAction","target":["https:\/\/quehacerpolitico.mx\/?p=108467"]}]},{"@type":"ImageObject","inLanguage":"es","@id":"https:\/\/quehacerpolitico.mx\/?p=108467#primaryimage","url":"https:\/\/quehacerpolitico.mx\/wp-content\/uploads\/2024\/03\/IMG_4067.jpeg","contentUrl":"https:\/\/quehacerpolitico.mx\/wp-content\/uploads\/2024\/03\/IMG_4067.jpeg","width":1058,"height":550},{"@type":"BreadcrumbList","@id":"https:\/\/quehacerpolitico.mx\/?p=108467#breadcrumb","itemListElement":[{"@type":"ListItem","position":1,"name":"Inicio","item":"https:\/\/quehacerpolitico.mx\/"},{"@type":"ListItem","position":2,"name":"Juicio a Polanski en Par\u00eds por la difamaci\u00f3n de una actriz que lo acus\u00f3 de violaci\u00f3n"}]},{"@type":"WebSite","@id":"https:\/\/quehacerpolitico.mx\/#website","url":"https:\/\/quehacerpolitico.mx\/","name":"","description":"","potentialAction":[{"@type":"SearchAction","target":{"@type":"EntryPoint","urlTemplate":"https:\/\/quehacerpolitico.mx\/?s={search_term_string}"},"query-input":{"@type":"PropertyValueSpecification","valueRequired":true,"valueName":"search_term_string"}}],"inLanguage":"es"},{"@type":"Person","@id":"https:\/\/quehacerpolitico.mx\/#\/schema\/person\/496d8ad2d1d3f8036101dca7ee39e585","name":"Redacci\u00f3n QP","image":{"@type":"ImageObject","inLanguage":"es","@id":"https:\/\/secure.gravatar.com\/avatar\/c7164ed6fdec453195284ad24a5ae5b6e1eed2b848477fa2a4787ba9adf39a41?s=96&d=mm&r=g","url":"https:\/\/secure.gravatar.com\/avatar\/c7164ed6fdec453195284ad24a5ae5b6e1eed2b848477fa2a4787ba9adf39a41?s=96&d=mm&r=g","contentUrl":"https:\/\/secure.gravatar.com\/avatar\/c7164ed6fdec453195284ad24a5ae5b6e1eed2b848477fa2a4787ba9adf39a41?s=96&d=mm&r=g","caption":"Redacci\u00f3n QP"},"url":"https:\/\/quehacerpolitico.mx\/?author=2"}]}},"featured_image_urls":{"full":["https:\/\/quehacerpolitico.mx\/wp-content\/uploads\/2024\/03\/IMG_4067.jpeg",1058,550,false],"thumbnail":["https:\/\/quehacerpolitico.mx\/wp-content\/uploads\/2024\/03\/IMG_4067-150x150.jpeg",150,150,true],"medium":["https:\/\/quehacerpolitico.mx\/wp-content\/uploads\/2024\/03\/IMG_4067-300x156.jpeg",300,156,true],"medium_large":["https:\/\/quehacerpolitico.mx\/wp-content\/uploads\/2024\/03\/IMG_4067-768x399.jpeg",640,333,true],"large":["https:\/\/quehacerpolitico.mx\/wp-content\/uploads\/2024\/03\/IMG_4067-1024x532.jpeg",640,333,true],"1536x1536":["https:\/\/quehacerpolitico.mx\/wp-content\/uploads\/2024\/03\/IMG_4067.jpeg",1058,550,false],"2048x2048":["https:\/\/quehacerpolitico.mx\/wp-content\/uploads\/2024\/03\/IMG_4067.jpeg",1058,550,false],"covernews-featured":["https:\/\/quehacerpolitico.mx\/wp-content\/uploads\/2024\/03\/IMG_4067.jpeg",1024,532,false],"covernews-medium":["https:\/\/quehacerpolitico.mx\/wp-content\/uploads\/2024\/03\/IMG_4067.jpeg",540,281,false]},"author_info":{"display_name":"Redacci\u00f3n QP","author_link":"https:\/\/quehacerpolitico.mx\/?author=2"},"category_info":"<a href=\"https:\/\/quehacerpolitico.mx\/?cat=58\" rel=\"category\">Cultura y Entretenimiento<\/a>","tag_info":"Cultura y Entretenimiento","comment_count":"0","_links":{"self":[{"href":"https:\/\/quehacerpolitico.mx\/index.php?rest_route=\/wp\/v2\/posts\/108467","targetHints":{"allow":["GET"]}}],"collection":[{"href":"https:\/\/quehacerpolitico.mx\/index.php?rest_route=\/wp\/v2\/posts"}],"about":[{"href":"https:\/\/quehacerpolitico.mx\/index.php?rest_route=\/wp\/v2\/types\/post"}],"author":[{"embeddable":true,"href":"https:\/\/quehacerpolitico.mx\/index.php?rest_route=\/wp\/v2\/users\/2"}],"replies":[{"embeddable":true,"href":"https:\/\/quehacerpolitico.mx\/index.php?rest_route=%2Fwp%2Fv2%2Fcomments&post=108467"}],"version-history":[{"count":1,"href":"https:\/\/quehacerpolitico.mx\/index.php?rest_route=\/wp\/v2\/posts\/108467\/revisions"}],"predecessor-version":[{"id":108469,"href":"https:\/\/quehacerpolitico.mx\/index.php?rest_route=\/wp\/v2\/posts\/108467\/revisions\/108469"}],"wp:featuredmedia":[{"embeddable":true,"href":"https:\/\/quehacerpolitico.mx\/index.php?rest_route=\/wp\/v2\/media\/108468"}],"wp:attachment":[{"href":"https:\/\/quehacerpolitico.mx\/index.php?rest_route=%2Fwp%2Fv2%2Fmedia&parent=108467"}],"wp:term":[{"taxonomy":"category","embeddable":true,"href":"https:\/\/quehacerpolitico.mx\/index.php?rest_route=%2Fwp%2Fv2%2Fcategories&post=108467"},{"taxonomy":"post_tag","embeddable":true,"href":"https:\/\/quehacerpolitico.mx\/index.php?rest_route=%2Fwp%2Fv2%2Ftags&post=108467"}],"curies":[{"name":"wp","href":"https:\/\/api.w.org\/{rel}","templated":true}]}}