{"id":108455,"date":"2024-03-05T18:10:28","date_gmt":"2024-03-05T18:10:28","guid":{"rendered":"https:\/\/quehacerpolitico.mx\/?p=108455"},"modified":"2024-03-05T18:10:32","modified_gmt":"2024-03-05T18:10:32","slug":"la-secretaria-de-seguridad-y-proteccion-ciudadana-sspc-informo-que-hasta-el-4-de-marzo-el-gobierno-tiene-un-total-de-23-solicitudes-de-proteccion-de-candidatos","status":"publish","type":"post","link":"https:\/\/quehacerpolitico.mx\/?p=108455","title":{"rendered":"La\u00a0Secretar\u00eda de Seguridad y Protecci\u00f3n Ciudadana\u00a0(SSPC) inform\u00f3 que hasta el 4 de marzo, el Gobierno tiene un total de\u00a023 solicitudes de protecci\u00f3n de candidatos"},"content":{"rendered":"\n<p>Por Redacci\u00f3n QP<\/p>\n\n\n\n<p>La titular de SSPC, Rosa Icela Rodr\u00edguez, dio un informe sobre la seguridad que se brinda a candidatos en el actual proceso electoral<\/p>\n\n\n\n<p>La<strong>\u00a0Secretar\u00eda de Seguridad y Protecci\u00f3n Ciudadana<\/strong>\u00a0(SSPC) inform\u00f3 que hasta el 4 de marzo, el Gobierno tiene un total de\u00a0<strong>23 solicitudes de protecci\u00f3n de candidatos<\/strong>\u00a0que participar\u00e1n en las pr\u00f3ximas\u00a0<strong>elecciones<\/strong>\u00a0del domingo 2 de junio.<\/p>\n\n\n\n<p>Lo anterior fue detallado por la titular de SSPC,\u00a0<strong>Rosa Icela Rodr\u00edguez<\/strong>, quien dio esta ma\u00f1ana en la conferencia matutina de Palacio Nacional un informe sobre la seguridad que se brinda a candidatos, derivado del proceso electoral 2023-2024, que se realiza en coordinaci\u00f3n con el\u00a0<strong>Instituto Nacional Electoral<\/strong>\u00a0(<strong>INE<\/strong>).<\/p>\n\n\n\n<figure class=\"wp-block-embed is-type-rich is-provider-twitter wp-block-embed-twitter\"><div class=\"wp-block-embed__wrapper\">\n<blockquote class=\"twitter-tweet\" data-width=\"550\" data-dnt=\"true\"><p lang=\"es\" dir=\"ltr\">\ud83d\udea8 Ante inseguridad, 23 candidatos han pedido protecci\u00f3n<br><br>Sedena, GN o SSPC brindar\u00e1n el servicio, dependiendo el riesgo<br><br>\ud83d\udd34 Riesgo ALTO &#8211; Sedena (10 elementos y 4 veh\u00edculos)<br>\ud83d\udfe1 Riesgo MEDIO &#8211; GN (8 elementos y 3 veh\u00edculos)<br>\ud83d\udfe2 Riesgo BAJO &#8211; SSPC (2 elementos y 1 veh\u00edculo) <a href=\"https:\/\/t.co\/SgkWQeFwa7\">pic.twitter.com\/SgkWQeFwa7<\/a><\/p>&mdash; Manuel Lopez San Martin (@MLopezSanMartin) <a href=\"https:\/\/twitter.com\/MLopezSanMartin\/status\/1765034268298756137?ref_src=twsrc%5Etfw\">March 5, 2024<\/a><\/blockquote><script async src=\"https:\/\/platform.twitter.com\/widgets.js\" charset=\"utf-8\"><\/script>\n<\/div><\/figure>\n\n\n\n<p>\u00bfCu\u00e1ntas solicitudes se han recibo hasta el d\u00eda de ayer 4 de marzo\u00a0 a las 0:00 h? 23 solicitudes\u201d, explic\u00f3.<\/p>\n\n\n\n<p>Rodr\u00edguez Vel\u00e1zquez que de estas 23 solicitudes, tres son de quienes compiten a la Presidencia de la Rep\u00fablica, tres m\u00e1s de quienes competir\u00e1n en losGobiernos de los estados, siete de competidores al Senado y 10 solicitudes de quienes buscan una diputaci\u00f3n federal.<\/p>\n\n\n\n<p>\u201cEl Gobierno federal est\u00e1 a cargo de la protecci\u00f3n de candidatos y candidatas a la Presidencia, a las nueve gubernaturas estatales y al Congreso de la Uni\u00f3n\u201d, indic\u00f3.<\/p>\n\n\n\n<p>Sin embargo, la secretaria de Seguridad indic\u00f3 que los Gobiernos estatales y municipales \u201ctienen como responsabilidad la seguridad de quienes aspiran a puestos de lecci\u00f3n popular de car\u00e1cter local\u201d.<\/p>\n\n\n\n<p>El Gobierno de M\u00e9xico tiene el compromiso de que el proceso electoral de este 2024 se lleve a cabo de manera pac\u00edfica, esta es nuestra responsabilidad\u201d, subray\u00f3.<\/p>\n\n\n\n<p>\u201cPor eso presentamos un plan para que todos los candidatos y candidatas que lo soliciten cuenten con protecci\u00f3n y seguridad y tengan la certeza de que podr\u00e1n efectuar sus campa\u00f1as con el acompa\u00f1amiento del Gobierno y de que habr\u00e1 personal que los proteja\u201d, manifest\u00f3.<\/p>\n\n\n\n<p>El Gobierno de M\u00e9xico, mediante las Secretar\u00edas de Seguridad y Protecci\u00f3n Ciudadana, de la Defensa Nacional (Sedena) y de Marina (Semar), as\u00ed como la Guardia Nacional, coordina los mecanismos de seguridad para proteger a candidatos a cargos p\u00fablicos al igual que a funcionarios, instalaciones e incluso el material electoral para la elecci\u00f3n.<\/p>\n\n\n\n<p>En M\u00e9xico, durante enero, al menos cinco candidatos o aspirantes a un cargo de elecci\u00f3n popular fueron asesinados en M\u00e9xico, seg\u00fan informes de la organizaci\u00f3n Data C\u00edvica.<\/p>\n\n\n\n<p>M\u00e9xico celebra las elecciones m\u00e1s grandes de su historia el 2 de junio, cuando m\u00e1s de 97 millones de personas est\u00e1n convocadas a renovar 20.375 cargos federales, incluida la Presidencia de la Rep\u00fablica, los 500 esca\u00f1os de la C\u00e1mara de Diputados y los 128 del Senado, as\u00ed como nueve Gobiernos estatales.<\/p>\n","protected":false},"excerpt":{"rendered":"<p>Por Redacci\u00f3n QP La titular de SSPC, Rosa Icela Rodr\u00edguez, dio un informe sobre la&#8230;<\/p>\n","protected":false},"author":2,"featured_media":108456,"comment_status":"open","ping_status":"open","sticky":false,"template":"","format":"standard","meta":{"_monsterinsights_skip_tracking":false,"_monsterinsights_sitenote_active":false,"_monsterinsights_sitenote_note":"","_monsterinsights_sitenote_category":0,"footnotes":""},"categories":[2],"tags":[],"class_list":["post-108455","post","type-post","status-publish","format-standard","has-post-thumbnail","hentry","category-noticias"],"yoast_head":"<!-- This site is optimized with the Yoast SEO plugin v27.3 - https:\/\/yoast.com\/product\/yoast-seo-wordpress\/ -->\n<title>La\u00a0Secretar\u00eda de Seguridad y Protecci\u00f3n Ciudadana\u00a0(SSPC) inform\u00f3 que hasta el 4 de marzo, el Gobierno tiene un total de\u00a023 solicitudes de protecci\u00f3n de candidatos -<\/title>\n<meta name=\"robots\" content=\"index, follow, max-snippet:-1, max-image-preview:large, max-video-preview:-1\" \/>\n<link rel=\"canonical\" href=\"https:\/\/quehacerpolitico.mx\/?p=108455\" \/>\n<meta property=\"og:locale\" content=\"es_MX\" \/>\n<meta property=\"og:type\" content=\"article\" \/>\n<meta property=\"og:title\" content=\"La\u00a0Secretar\u00eda de Seguridad y Protecci\u00f3n Ciudadana\u00a0(SSPC) inform\u00f3 que hasta el 4 de marzo, el Gobierno tiene un total de\u00a023 solicitudes de protecci\u00f3n de candidatos -\" \/>\n<meta property=\"og:description\" content=\"Por Redacci\u00f3n QP La titular de SSPC, Rosa Icela Rodr\u00edguez, dio un informe sobre la...\" \/>\n<meta property=\"og:url\" content=\"https:\/\/quehacerpolitico.mx\/?p=108455\" \/>\n<meta property=\"article:published_time\" content=\"2024-03-05T18:10:28+00:00\" \/>\n<meta property=\"article:modified_time\" content=\"2024-03-05T18:10:32+00:00\" \/>\n<meta property=\"og:image\" content=\"https:\/\/quehacerpolitico.mx\/wp-content\/uploads\/2024\/03\/IMG_4063.jpeg\" \/>\n\t<meta property=\"og:image:width\" content=\"2048\" \/>\n\t<meta property=\"og:image:height\" content=\"1394\" \/>\n\t<meta property=\"og:image:type\" content=\"image\/jpeg\" \/>\n<meta name=\"author\" content=\"Redacci\u00f3n QP\" \/>\n<meta name=\"twitter:card\" content=\"summary_large_image\" \/>\n<meta name=\"twitter:label1\" content=\"Escrito por\" \/>\n\t<meta name=\"twitter:data1\" content=\"Redacci\u00f3n QP\" \/>\n\t<meta name=\"twitter:label2\" content=\"Tiempo de lectura\" \/>\n\t<meta name=\"twitter:data2\" content=\"2 minutos\" \/>\n<script type=\"application\/ld+json\" class=\"yoast-schema-graph\">{\"@context\":\"https:\\\/\\\/schema.org\",\"@graph\":[{\"@type\":\"Article\",\"@id\":\"https:\\\/\\\/quehacerpolitico.mx\\\/?p=108455#article\",\"isPartOf\":{\"@id\":\"https:\\\/\\\/quehacerpolitico.mx\\\/?p=108455\"},\"author\":{\"name\":\"Redacci\u00f3n QP\",\"@id\":\"https:\\\/\\\/quehacerpolitico.mx\\\/#\\\/schema\\\/person\\\/496d8ad2d1d3f8036101dca7ee39e585\"},\"headline\":\"La\u00a0Secretar\u00eda de Seguridad y Protecci\u00f3n Ciudadana\u00a0(SSPC) inform\u00f3 que hasta el 4 de marzo, el Gobierno tiene un total de\u00a023 solicitudes de protecci\u00f3n de candidatos\",\"datePublished\":\"2024-03-05T18:10:28+00:00\",\"dateModified\":\"2024-03-05T18:10:32+00:00\",\"mainEntityOfPage\":{\"@id\":\"https:\\\/\\\/quehacerpolitico.mx\\\/?p=108455\"},\"wordCount\":504,\"commentCount\":0,\"image\":{\"@id\":\"https:\\\/\\\/quehacerpolitico.mx\\\/?p=108455#primaryimage\"},\"thumbnailUrl\":\"https:\\\/\\\/quehacerpolitico.mx\\\/wp-content\\\/uploads\\\/2024\\\/03\\\/IMG_4063.jpeg\",\"articleSection\":[\"Noticias\"],\"inLanguage\":\"es\",\"potentialAction\":[{\"@type\":\"CommentAction\",\"name\":\"Comment\",\"target\":[\"https:\\\/\\\/quehacerpolitico.mx\\\/?p=108455#respond\"]}]},{\"@type\":\"WebPage\",\"@id\":\"https:\\\/\\\/quehacerpolitico.mx\\\/?p=108455\",\"url\":\"https:\\\/\\\/quehacerpolitico.mx\\\/?p=108455\",\"name\":\"La\u00a0Secretar\u00eda de Seguridad y Protecci\u00f3n Ciudadana\u00a0(SSPC) inform\u00f3 que hasta el 4 de marzo, el Gobierno tiene un total de\u00a023 solicitudes de protecci\u00f3n de candidatos -\",\"isPartOf\":{\"@id\":\"https:\\\/\\\/quehacerpolitico.mx\\\/#website\"},\"primaryImageOfPage\":{\"@id\":\"https:\\\/\\\/quehacerpolitico.mx\\\/?p=108455#primaryimage\"},\"image\":{\"@id\":\"https:\\\/\\\/quehacerpolitico.mx\\\/?p=108455#primaryimage\"},\"thumbnailUrl\":\"https:\\\/\\\/quehacerpolitico.mx\\\/wp-content\\\/uploads\\\/2024\\\/03\\\/IMG_4063.jpeg\",\"datePublished\":\"2024-03-05T18:10:28+00:00\",\"dateModified\":\"2024-03-05T18:10:32+00:00\",\"author\":{\"@id\":\"https:\\\/\\\/quehacerpolitico.mx\\\/#\\\/schema\\\/person\\\/496d8ad2d1d3f8036101dca7ee39e585\"},\"breadcrumb\":{\"@id\":\"https:\\\/\\\/quehacerpolitico.mx\\\/?p=108455#breadcrumb\"},\"inLanguage\":\"es\",\"potentialAction\":[{\"@type\":\"ReadAction\",\"target\":[\"https:\\\/\\\/quehacerpolitico.mx\\\/?p=108455\"]}]},{\"@type\":\"ImageObject\",\"inLanguage\":\"es\",\"@id\":\"https:\\\/\\\/quehacerpolitico.mx\\\/?p=108455#primaryimage\",\"url\":\"https:\\\/\\\/quehacerpolitico.mx\\\/wp-content\\\/uploads\\\/2024\\\/03\\\/IMG_4063.jpeg\",\"contentUrl\":\"https:\\\/\\\/quehacerpolitico.mx\\\/wp-content\\\/uploads\\\/2024\\\/03\\\/IMG_4063.jpeg\",\"width\":2048,\"height\":1394},{\"@type\":\"BreadcrumbList\",\"@id\":\"https:\\\/\\\/quehacerpolitico.mx\\\/?p=108455#breadcrumb\",\"itemListElement\":[{\"@type\":\"ListItem\",\"position\":1,\"name\":\"Inicio\",\"item\":\"https:\\\/\\\/quehacerpolitico.mx\\\/\"},{\"@type\":\"ListItem\",\"position\":2,\"name\":\"La\u00a0Secretar\u00eda de Seguridad y Protecci\u00f3n Ciudadana\u00a0(SSPC) inform\u00f3 que hasta el 4 de marzo, el Gobierno tiene un total de\u00a023 solicitudes de protecci\u00f3n de candidatos\"}]},{\"@type\":\"WebSite\",\"@id\":\"https:\\\/\\\/quehacerpolitico.mx\\\/#website\",\"url\":\"https:\\\/\\\/quehacerpolitico.mx\\\/\",\"name\":\"\",\"description\":\"\",\"potentialAction\":[{\"@type\":\"SearchAction\",\"target\":{\"@type\":\"EntryPoint\",\"urlTemplate\":\"https:\\\/\\\/quehacerpolitico.mx\\\/?s={search_term_string}\"},\"query-input\":{\"@type\":\"PropertyValueSpecification\",\"valueRequired\":true,\"valueName\":\"search_term_string\"}}],\"inLanguage\":\"es\"},{\"@type\":\"Person\",\"@id\":\"https:\\\/\\\/quehacerpolitico.mx\\\/#\\\/schema\\\/person\\\/496d8ad2d1d3f8036101dca7ee39e585\",\"name\":\"Redacci\u00f3n QP\",\"image\":{\"@type\":\"ImageObject\",\"inLanguage\":\"es\",\"@id\":\"https:\\\/\\\/secure.gravatar.com\\\/avatar\\\/c7164ed6fdec453195284ad24a5ae5b6e1eed2b848477fa2a4787ba9adf39a41?s=96&d=mm&r=g\",\"url\":\"https:\\\/\\\/secure.gravatar.com\\\/avatar\\\/c7164ed6fdec453195284ad24a5ae5b6e1eed2b848477fa2a4787ba9adf39a41?s=96&d=mm&r=g\",\"contentUrl\":\"https:\\\/\\\/secure.gravatar.com\\\/avatar\\\/c7164ed6fdec453195284ad24a5ae5b6e1eed2b848477fa2a4787ba9adf39a41?s=96&d=mm&r=g\",\"caption\":\"Redacci\u00f3n QP\"},\"url\":\"https:\\\/\\\/quehacerpolitico.mx\\\/?author=2\"}]}<\/script>\n<!-- \/ Yoast SEO plugin. -->","yoast_head_json":{"title":"La\u00a0Secretar\u00eda de Seguridad y Protecci\u00f3n Ciudadana\u00a0(SSPC) inform\u00f3 que hasta el 4 de marzo, el Gobierno tiene un total de\u00a023 solicitudes de protecci\u00f3n de candidatos -","robots":{"index":"index","follow":"follow","max-snippet":"max-snippet:-1","max-image-preview":"max-image-preview:large","max-video-preview":"max-video-preview:-1"},"canonical":"https:\/\/quehacerpolitico.mx\/?p=108455","og_locale":"es_MX","og_type":"article","og_title":"La\u00a0Secretar\u00eda de Seguridad y Protecci\u00f3n Ciudadana\u00a0(SSPC) inform\u00f3 que hasta el 4 de marzo, el Gobierno tiene un total de\u00a023 solicitudes de protecci\u00f3n de candidatos -","og_description":"Por Redacci\u00f3n QP La titular de SSPC, Rosa Icela Rodr\u00edguez, dio un informe sobre la...","og_url":"https:\/\/quehacerpolitico.mx\/?p=108455","article_published_time":"2024-03-05T18:10:28+00:00","article_modified_time":"2024-03-05T18:10:32+00:00","og_image":[{"width":2048,"height":1394,"url":"https:\/\/quehacerpolitico.mx\/wp-content\/uploads\/2024\/03\/IMG_4063.jpeg","type":"image\/jpeg"}],"author":"Redacci\u00f3n QP","twitter_card":"summary_large_image","twitter_misc":{"Escrito por":"Redacci\u00f3n QP","Tiempo de lectura":"2 minutos"},"schema":{"@context":"https:\/\/schema.org","@graph":[{"@type":"Article","@id":"https:\/\/quehacerpolitico.mx\/?p=108455#article","isPartOf":{"@id":"https:\/\/quehacerpolitico.mx\/?p=108455"},"author":{"name":"Redacci\u00f3n QP","@id":"https:\/\/quehacerpolitico.mx\/#\/schema\/person\/496d8ad2d1d3f8036101dca7ee39e585"},"headline":"La\u00a0Secretar\u00eda de Seguridad y Protecci\u00f3n Ciudadana\u00a0(SSPC) inform\u00f3 que hasta el 4 de marzo, el Gobierno tiene un total de\u00a023 solicitudes de protecci\u00f3n de candidatos","datePublished":"2024-03-05T18:10:28+00:00","dateModified":"2024-03-05T18:10:32+00:00","mainEntityOfPage":{"@id":"https:\/\/quehacerpolitico.mx\/?p=108455"},"wordCount":504,"commentCount":0,"image":{"@id":"https:\/\/quehacerpolitico.mx\/?p=108455#primaryimage"},"thumbnailUrl":"https:\/\/quehacerpolitico.mx\/wp-content\/uploads\/2024\/03\/IMG_4063.jpeg","articleSection":["Noticias"],"inLanguage":"es","potentialAction":[{"@type":"CommentAction","name":"Comment","target":["https:\/\/quehacerpolitico.mx\/?p=108455#respond"]}]},{"@type":"WebPage","@id":"https:\/\/quehacerpolitico.mx\/?p=108455","url":"https:\/\/quehacerpolitico.mx\/?p=108455","name":"La\u00a0Secretar\u00eda de Seguridad y Protecci\u00f3n Ciudadana\u00a0(SSPC) inform\u00f3 que hasta el 4 de marzo, el Gobierno tiene un total de\u00a023 solicitudes de protecci\u00f3n de candidatos -","isPartOf":{"@id":"https:\/\/quehacerpolitico.mx\/#website"},"primaryImageOfPage":{"@id":"https:\/\/quehacerpolitico.mx\/?p=108455#primaryimage"},"image":{"@id":"https:\/\/quehacerpolitico.mx\/?p=108455#primaryimage"},"thumbnailUrl":"https:\/\/quehacerpolitico.mx\/wp-content\/uploads\/2024\/03\/IMG_4063.jpeg","datePublished":"2024-03-05T18:10:28+00:00","dateModified":"2024-03-05T18:10:32+00:00","author":{"@id":"https:\/\/quehacerpolitico.mx\/#\/schema\/person\/496d8ad2d1d3f8036101dca7ee39e585"},"breadcrumb":{"@id":"https:\/\/quehacerpolitico.mx\/?p=108455#breadcrumb"},"inLanguage":"es","potentialAction":[{"@type":"ReadAction","target":["https:\/\/quehacerpolitico.mx\/?p=108455"]}]},{"@type":"ImageObject","inLanguage":"es","@id":"https:\/\/quehacerpolitico.mx\/?p=108455#primaryimage","url":"https:\/\/quehacerpolitico.mx\/wp-content\/uploads\/2024\/03\/IMG_4063.jpeg","contentUrl":"https:\/\/quehacerpolitico.mx\/wp-content\/uploads\/2024\/03\/IMG_4063.jpeg","width":2048,"height":1394},{"@type":"BreadcrumbList","@id":"https:\/\/quehacerpolitico.mx\/?p=108455#breadcrumb","itemListElement":[{"@type":"ListItem","position":1,"name":"Inicio","item":"https:\/\/quehacerpolitico.mx\/"},{"@type":"ListItem","position":2,"name":"La\u00a0Secretar\u00eda de Seguridad y Protecci\u00f3n Ciudadana\u00a0(SSPC) inform\u00f3 que hasta el 4 de marzo, el Gobierno tiene un total de\u00a023 solicitudes de protecci\u00f3n de candidatos"}]},{"@type":"WebSite","@id":"https:\/\/quehacerpolitico.mx\/#website","url":"https:\/\/quehacerpolitico.mx\/","name":"","description":"","potentialAction":[{"@type":"SearchAction","target":{"@type":"EntryPoint","urlTemplate":"https:\/\/quehacerpolitico.mx\/?s={search_term_string}"},"query-input":{"@type":"PropertyValueSpecification","valueRequired":true,"valueName":"search_term_string"}}],"inLanguage":"es"},{"@type":"Person","@id":"https:\/\/quehacerpolitico.mx\/#\/schema\/person\/496d8ad2d1d3f8036101dca7ee39e585","name":"Redacci\u00f3n QP","image":{"@type":"ImageObject","inLanguage":"es","@id":"https:\/\/secure.gravatar.com\/avatar\/c7164ed6fdec453195284ad24a5ae5b6e1eed2b848477fa2a4787ba9adf39a41?s=96&d=mm&r=g","url":"https:\/\/secure.gravatar.com\/avatar\/c7164ed6fdec453195284ad24a5ae5b6e1eed2b848477fa2a4787ba9adf39a41?s=96&d=mm&r=g","contentUrl":"https:\/\/secure.gravatar.com\/avatar\/c7164ed6fdec453195284ad24a5ae5b6e1eed2b848477fa2a4787ba9adf39a41?s=96&d=mm&r=g","caption":"Redacci\u00f3n QP"},"url":"https:\/\/quehacerpolitico.mx\/?author=2"}]}},"featured_image_urls":{"full":["https:\/\/quehacerpolitico.mx\/wp-content\/uploads\/2024\/03\/IMG_4063.jpeg",2048,1394,false],"thumbnail":["https:\/\/quehacerpolitico.mx\/wp-content\/uploads\/2024\/03\/IMG_4063-150x150.jpeg",150,150,true],"medium":["https:\/\/quehacerpolitico.mx\/wp-content\/uploads\/2024\/03\/IMG_4063-300x204.jpeg",300,204,true],"medium_large":["https:\/\/quehacerpolitico.mx\/wp-content\/uploads\/2024\/03\/IMG_4063-768x523.jpeg",640,436,true],"large":["https:\/\/quehacerpolitico.mx\/wp-content\/uploads\/2024\/03\/IMG_4063-1024x697.jpeg",640,436,true],"1536x1536":["https:\/\/quehacerpolitico.mx\/wp-content\/uploads\/2024\/03\/IMG_4063-1536x1046.jpeg",1536,1046,true],"2048x2048":["https:\/\/quehacerpolitico.mx\/wp-content\/uploads\/2024\/03\/IMG_4063.jpeg",2048,1394,false],"covernews-featured":["https:\/\/quehacerpolitico.mx\/wp-content\/uploads\/2024\/03\/IMG_4063.jpeg",1024,697,false],"covernews-medium":["https:\/\/quehacerpolitico.mx\/wp-content\/uploads\/2024\/03\/IMG_4063.jpeg",500,340,false]},"author_info":{"display_name":"Redacci\u00f3n QP","author_link":"https:\/\/quehacerpolitico.mx\/?author=2"},"category_info":"<a href=\"https:\/\/quehacerpolitico.mx\/?cat=2\" rel=\"category\">Noticias<\/a>","tag_info":"Noticias","comment_count":"0","_links":{"self":[{"href":"https:\/\/quehacerpolitico.mx\/index.php?rest_route=\/wp\/v2\/posts\/108455","targetHints":{"allow":["GET"]}}],"collection":[{"href":"https:\/\/quehacerpolitico.mx\/index.php?rest_route=\/wp\/v2\/posts"}],"about":[{"href":"https:\/\/quehacerpolitico.mx\/index.php?rest_route=\/wp\/v2\/types\/post"}],"author":[{"embeddable":true,"href":"https:\/\/quehacerpolitico.mx\/index.php?rest_route=\/wp\/v2\/users\/2"}],"replies":[{"embeddable":true,"href":"https:\/\/quehacerpolitico.mx\/index.php?rest_route=%2Fwp%2Fv2%2Fcomments&post=108455"}],"version-history":[{"count":1,"href":"https:\/\/quehacerpolitico.mx\/index.php?rest_route=\/wp\/v2\/posts\/108455\/revisions"}],"predecessor-version":[{"id":108457,"href":"https:\/\/quehacerpolitico.mx\/index.php?rest_route=\/wp\/v2\/posts\/108455\/revisions\/108457"}],"wp:featuredmedia":[{"embeddable":true,"href":"https:\/\/quehacerpolitico.mx\/index.php?rest_route=\/wp\/v2\/media\/108456"}],"wp:attachment":[{"href":"https:\/\/quehacerpolitico.mx\/index.php?rest_route=%2Fwp%2Fv2%2Fmedia&parent=108455"}],"wp:term":[{"taxonomy":"category","embeddable":true,"href":"https:\/\/quehacerpolitico.mx\/index.php?rest_route=%2Fwp%2Fv2%2Fcategories&post=108455"},{"taxonomy":"post_tag","embeddable":true,"href":"https:\/\/quehacerpolitico.mx\/index.php?rest_route=%2Fwp%2Fv2%2Ftags&post=108455"}],"curies":[{"name":"wp","href":"https:\/\/api.w.org\/{rel}","templated":true}]}}