{"id":108449,"date":"2024-03-05T17:06:16","date_gmt":"2024-03-05T17:06:16","guid":{"rendered":"https:\/\/quehacerpolitico.mx\/?p=108449"},"modified":"2024-03-05T17:06:23","modified_gmt":"2024-03-05T17:06:23","slug":"internacionales-carolina-alonso-romei-hamas-e-israel-acordaron-los-puntos-basicos-para-alcanzar-una-tregua-de-40-dias","status":"publish","type":"post","link":"https:\/\/quehacerpolitico.mx\/?p=108449","title":{"rendered":"Internacionales\/\/\/Carolina Alonso Romei\/\/\/Ham\u00e1s\u00a0e\u00a0Israel\u00a0acordaron los \u201cpuntos\u00a0b\u00e1sicos\u201d para alcanzar una\u00a0tregua\u00a0de\u00a040 d\u00edas"},"content":{"rendered":"\n<p>Por Carolina Alonso Romei<\/p>\n\n\n\n<p>Internacionalista <\/p>\n\n\n\n<p>El acuerdo ser\u00eda para una tregua de 40 d\u00edas, plazo en el que se liberar\u00edan 40 rehenes israel\u00edes a cambio de la excarcelaci\u00f3n de 404 presos palestinos<\/p>\n\n\n\n<p>El grupo islamista palestino&nbsp;<strong>Ham\u00e1s<\/strong>&nbsp;e&nbsp;<strong>Israel<\/strong>&nbsp;acordaron los \u201c<strong>puntos<\/strong>&nbsp;<strong>b\u00e1sicos<\/strong>\u201d para alcanzar una&nbsp;<strong>tregua<\/strong>&nbsp;de&nbsp;<strong>40 d\u00edas<\/strong>, entre los que se incluye el canje de 40 rehenes israel\u00edes por 404 presos palestinos en c\u00e1rceles israel\u00edes, indicaron a EFE fuentes palestinas y egipcias cercanas a las conversaciones en El Cairo.<\/p>\n\n\n\n<p>Hasta el momento, ambas partes habr\u00edan llegado a un acuerdo en el que la tregua durar\u00eda 40 d\u00edas, un plazo en el que se&nbsp;<strong>liberar\u00edan 40 rehenes israel\u00edes<\/strong>, entre ellos mujeres, ni\u00f1os y hombres mayores de 60 a\u00f1os, a cambio de la&nbsp;<strong>excarcelaci\u00f3n de 404 presos palestinos<\/strong>&nbsp;en c\u00e1rceles de Israel, de acuerdo a fuentes que pidieron el anonimato dado que las negociaciones siguen en curso en la capital egipcia.<\/p>\n\n\n\n<p>Dentro de este acuerdo marco, se habr\u00eda pactado tambi\u00e9n la\u00a0<strong>retirada<\/strong>\u00a0de\u00a0<strong>Israel<\/strong>\u00a0de los centros de las ciudades de toda la\u00a0<strong>Franja de Gaza<\/strong>\u00a0en una primera fase y permitir que los\u00a0<strong>desplazados<\/strong>\u00a0en la ciudad palestina de Rafah, en el extremo sur del enclave y fronteriza con Egipto,\u00a0<strong>regresen<\/strong>\u00a0a las regiones del\u00a0<strong>norte<\/strong>\u00a0y el\u00a0<strong>centro<\/strong>\u00a0del\u00a0<strong>enclave<\/strong>\u00a0<strong>palestino<\/strong>.<\/p>\n\n\n\n<p>Asimismo -indican las fuentes- dentro de estos puntos b\u00e1sicos estar\u00eda tambi\u00e9n la entrada en la Franja de al menos&nbsp;<strong>500 camiones<\/strong>&nbsp;de&nbsp;<strong>ayuda humanitaria<\/strong>&nbsp;cada d\u00eda.<\/p>\n\n\n\n<p>Siempre seg\u00fan las fuentes, dado que Ham\u00e1s e Israel no se han pronunciado oficialmente hasta el momento sobre esta informaci\u00f3n, Israel no quiere hacer ninguna promesa de no invadir Rafah, y a\u00f1adieron que se prev\u00e9 que se llegue a un acuerdo que entre en vigor para el pr\u00f3ximo viernes, 8 de marzo, justo antes del inicio del mes sagrado de ramad\u00e1n.<\/p>\n\n\n\n<h3 class=\"wp-block-heading\">&nbsp;Puntos discordantes<\/h3>\n\n\n\n<p>Pese al acuerdo de estos puntos b\u00e1sicos, habr\u00eda otros discordantes que impiden que se anuncie ya un pacto de tregua.<\/p>\n\n\n\n<p>Las fuentes aseguraron que cada d\u00eda de las negociaciones suelen aparecer puntos diferentes y, por ejemplo, una de los informantes indic\u00f3 que Ham\u00e1s pidi\u00f3 el regreso de \u201cfamilias\u201d y no de \u201cpersonas\u201d hacia la zona norte del territorio.<\/p>\n\n\n\n<p>Asimismo, las fuentes no detallaron si entre los rehenes que ser\u00edan \u201cliberados\u201d se cuentan cautivos que han muerto, y cuyos cad\u00e1veres siguen bajo control de las facciones palestinas, o si est\u00e1n vivos.<\/p>\n\n\n\n<p>Recordaron que uno de los puntos en conflicto sigue siendo el de los nombres en las listas, dado que Ham\u00e1s no puede proporcionar todos los nombres de los cautivos ya que otras facciones tambi\u00e9n tienen retenidos en Gaza.<\/p>\n\n\n\n<p>Uno de ellos es la facci\u00f3n Yihad Isl\u00e1mica Palestina (YIP) que Egipto -pa\u00eds mediador junto a Qatar y Estados Unidos- ha invitado a acudir a la capital egipcia para estas negociaciones que se desarrollan desde hace dos d\u00edas en el pa\u00eds \u00e1rabe, pero hasta el momento dicho grupo no ha mandado ninguna delegaci\u00f3n.<\/p>\n\n\n\n<p>Israel tampoco ha enviado ninguna delegaci\u00f3n a El Cairo ya que, seg\u00fan expres\u00f3 el primer ministro israel\u00ed, Benjam\u00edn Netanyahu, solo enviar\u00eda un equipo a negociar a la capital egipcia si Ham\u00e1s difund\u00eda el listado de rehenes que siguen con vida desde su secuestro el 7 de octubre, cuando tomaron cautivos a m\u00e1s de 250 personas.<\/p>\n\n\n\n<p>Ham\u00e1s eleva la cifra de rehenes muertos \u201cpor bombardeos israel\u00edes\u201d a 70, aunque Israel solo ha confirmado la muerte de una treintena, de los 130 que siguen dentro.<\/p>\n\n\n\n<p>Con informaci\u00f3n de EFE<\/p>\n","protected":false},"excerpt":{"rendered":"<p>Por Carolina Alonso Romei Internacionalista El acuerdo ser\u00eda para una tregua de 40 d\u00edas, plazo&#8230;<\/p>\n","protected":false},"author":2,"featured_media":108450,"comment_status":"open","ping_status":"open","sticky":false,"template":"","format":"standard","meta":{"_monsterinsights_skip_tracking":false,"_monsterinsights_sitenote_active":false,"_monsterinsights_sitenote_note":"","_monsterinsights_sitenote_category":0,"footnotes":""},"categories":[1],"tags":[],"class_list":["post-108449","post","type-post","status-publish","format-standard","has-post-thumbnail","hentry","category-sin-categoria"],"yoast_head":"<!-- This site is optimized with the Yoast SEO plugin v27.3 - https:\/\/yoast.com\/product\/yoast-seo-wordpress\/ -->\n<title>Internacionales\/\/\/Carolina Alonso Romei\/\/\/Ham\u00e1s\u00a0e\u00a0Israel\u00a0acordaron los \u201cpuntos\u00a0b\u00e1sicos\u201d para alcanzar una\u00a0tregua\u00a0de\u00a040 d\u00edas -<\/title>\n<meta name=\"robots\" content=\"index, follow, max-snippet:-1, max-image-preview:large, max-video-preview:-1\" \/>\n<link rel=\"canonical\" href=\"https:\/\/quehacerpolitico.mx\/?p=108449\" \/>\n<meta property=\"og:locale\" content=\"es_MX\" \/>\n<meta property=\"og:type\" content=\"article\" \/>\n<meta property=\"og:title\" content=\"Internacionales\/\/\/Carolina Alonso Romei\/\/\/Ham\u00e1s\u00a0e\u00a0Israel\u00a0acordaron los \u201cpuntos\u00a0b\u00e1sicos\u201d para alcanzar una\u00a0tregua\u00a0de\u00a040 d\u00edas -\" \/>\n<meta property=\"og:description\" content=\"Por Carolina Alonso Romei Internacionalista El acuerdo ser\u00eda para una tregua de 40 d\u00edas, plazo...\" \/>\n<meta property=\"og:url\" content=\"https:\/\/quehacerpolitico.mx\/?p=108449\" \/>\n<meta property=\"article:published_time\" content=\"2024-03-05T17:06:16+00:00\" \/>\n<meta property=\"article:modified_time\" content=\"2024-03-05T17:06:23+00:00\" \/>\n<meta property=\"og:image\" content=\"https:\/\/quehacerpolitico.mx\/wp-content\/uploads\/2024\/03\/IMG_4059.webp\" \/>\n\t<meta property=\"og:image:width\" content=\"790\" \/>\n\t<meta property=\"og:image:height\" content=\"527\" \/>\n\t<meta property=\"og:image:type\" content=\"image\/webp\" \/>\n<meta name=\"author\" content=\"Redacci\u00f3n QP\" \/>\n<meta name=\"twitter:card\" content=\"summary_large_image\" \/>\n<meta name=\"twitter:label1\" content=\"Escrito por\" \/>\n\t<meta name=\"twitter:data1\" content=\"Redacci\u00f3n QP\" \/>\n\t<meta name=\"twitter:label2\" content=\"Tiempo de lectura\" \/>\n\t<meta name=\"twitter:data2\" content=\"3 minutos\" \/>\n<script type=\"application\/ld+json\" class=\"yoast-schema-graph\">{\"@context\":\"https:\\\/\\\/schema.org\",\"@graph\":[{\"@type\":\"Article\",\"@id\":\"https:\\\/\\\/quehacerpolitico.mx\\\/?p=108449#article\",\"isPartOf\":{\"@id\":\"https:\\\/\\\/quehacerpolitico.mx\\\/?p=108449\"},\"author\":{\"name\":\"Redacci\u00f3n QP\",\"@id\":\"https:\\\/\\\/quehacerpolitico.mx\\\/#\\\/schema\\\/person\\\/496d8ad2d1d3f8036101dca7ee39e585\"},\"headline\":\"Internacionales\\\/\\\/\\\/Carolina Alonso Romei\\\/\\\/\\\/Ham\u00e1s\u00a0e\u00a0Israel\u00a0acordaron los \u201cpuntos\u00a0b\u00e1sicos\u201d para alcanzar una\u00a0tregua\u00a0de\u00a040 d\u00edas\",\"datePublished\":\"2024-03-05T17:06:16+00:00\",\"dateModified\":\"2024-03-05T17:06:23+00:00\",\"mainEntityOfPage\":{\"@id\":\"https:\\\/\\\/quehacerpolitico.mx\\\/?p=108449\"},\"wordCount\":648,\"commentCount\":0,\"image\":{\"@id\":\"https:\\\/\\\/quehacerpolitico.mx\\\/?p=108449#primaryimage\"},\"thumbnailUrl\":\"https:\\\/\\\/quehacerpolitico.mx\\\/wp-content\\\/uploads\\\/2024\\\/03\\\/IMG_4059.webp\",\"articleSection\":[\"Internacionales\"],\"inLanguage\":\"es\",\"potentialAction\":[{\"@type\":\"CommentAction\",\"name\":\"Comment\",\"target\":[\"https:\\\/\\\/quehacerpolitico.mx\\\/?p=108449#respond\"]}]},{\"@type\":\"WebPage\",\"@id\":\"https:\\\/\\\/quehacerpolitico.mx\\\/?p=108449\",\"url\":\"https:\\\/\\\/quehacerpolitico.mx\\\/?p=108449\",\"name\":\"Internacionales\\\/\\\/\\\/Carolina Alonso Romei\\\/\\\/\\\/Ham\u00e1s\u00a0e\u00a0Israel\u00a0acordaron los \u201cpuntos\u00a0b\u00e1sicos\u201d para alcanzar una\u00a0tregua\u00a0de\u00a040 d\u00edas -\",\"isPartOf\":{\"@id\":\"https:\\\/\\\/quehacerpolitico.mx\\\/#website\"},\"primaryImageOfPage\":{\"@id\":\"https:\\\/\\\/quehacerpolitico.mx\\\/?p=108449#primaryimage\"},\"image\":{\"@id\":\"https:\\\/\\\/quehacerpolitico.mx\\\/?p=108449#primaryimage\"},\"thumbnailUrl\":\"https:\\\/\\\/quehacerpolitico.mx\\\/wp-content\\\/uploads\\\/2024\\\/03\\\/IMG_4059.webp\",\"datePublished\":\"2024-03-05T17:06:16+00:00\",\"dateModified\":\"2024-03-05T17:06:23+00:00\",\"author\":{\"@id\":\"https:\\\/\\\/quehacerpolitico.mx\\\/#\\\/schema\\\/person\\\/496d8ad2d1d3f8036101dca7ee39e585\"},\"breadcrumb\":{\"@id\":\"https:\\\/\\\/quehacerpolitico.mx\\\/?p=108449#breadcrumb\"},\"inLanguage\":\"es\",\"potentialAction\":[{\"@type\":\"ReadAction\",\"target\":[\"https:\\\/\\\/quehacerpolitico.mx\\\/?p=108449\"]}]},{\"@type\":\"ImageObject\",\"inLanguage\":\"es\",\"@id\":\"https:\\\/\\\/quehacerpolitico.mx\\\/?p=108449#primaryimage\",\"url\":\"https:\\\/\\\/quehacerpolitico.mx\\\/wp-content\\\/uploads\\\/2024\\\/03\\\/IMG_4059.webp\",\"contentUrl\":\"https:\\\/\\\/quehacerpolitico.mx\\\/wp-content\\\/uploads\\\/2024\\\/03\\\/IMG_4059.webp\",\"width\":790,\"height\":527},{\"@type\":\"BreadcrumbList\",\"@id\":\"https:\\\/\\\/quehacerpolitico.mx\\\/?p=108449#breadcrumb\",\"itemListElement\":[{\"@type\":\"ListItem\",\"position\":1,\"name\":\"Inicio\",\"item\":\"https:\\\/\\\/quehacerpolitico.mx\\\/\"},{\"@type\":\"ListItem\",\"position\":2,\"name\":\"Internacionales\\\/\\\/\\\/Carolina Alonso Romei\\\/\\\/\\\/Ham\u00e1s\u00a0e\u00a0Israel\u00a0acordaron los \u201cpuntos\u00a0b\u00e1sicos\u201d para alcanzar una\u00a0tregua\u00a0de\u00a040 d\u00edas\"}]},{\"@type\":\"WebSite\",\"@id\":\"https:\\\/\\\/quehacerpolitico.mx\\\/#website\",\"url\":\"https:\\\/\\\/quehacerpolitico.mx\\\/\",\"name\":\"\",\"description\":\"\",\"potentialAction\":[{\"@type\":\"SearchAction\",\"target\":{\"@type\":\"EntryPoint\",\"urlTemplate\":\"https:\\\/\\\/quehacerpolitico.mx\\\/?s={search_term_string}\"},\"query-input\":{\"@type\":\"PropertyValueSpecification\",\"valueRequired\":true,\"valueName\":\"search_term_string\"}}],\"inLanguage\":\"es\"},{\"@type\":\"Person\",\"@id\":\"https:\\\/\\\/quehacerpolitico.mx\\\/#\\\/schema\\\/person\\\/496d8ad2d1d3f8036101dca7ee39e585\",\"name\":\"Redacci\u00f3n QP\",\"image\":{\"@type\":\"ImageObject\",\"inLanguage\":\"es\",\"@id\":\"https:\\\/\\\/secure.gravatar.com\\\/avatar\\\/c7164ed6fdec453195284ad24a5ae5b6e1eed2b848477fa2a4787ba9adf39a41?s=96&d=mm&r=g\",\"url\":\"https:\\\/\\\/secure.gravatar.com\\\/avatar\\\/c7164ed6fdec453195284ad24a5ae5b6e1eed2b848477fa2a4787ba9adf39a41?s=96&d=mm&r=g\",\"contentUrl\":\"https:\\\/\\\/secure.gravatar.com\\\/avatar\\\/c7164ed6fdec453195284ad24a5ae5b6e1eed2b848477fa2a4787ba9adf39a41?s=96&d=mm&r=g\",\"caption\":\"Redacci\u00f3n QP\"},\"url\":\"https:\\\/\\\/quehacerpolitico.mx\\\/?author=2\"}]}<\/script>\n<!-- \/ Yoast SEO plugin. -->","yoast_head_json":{"title":"Internacionales\/\/\/Carolina Alonso Romei\/\/\/Ham\u00e1s\u00a0e\u00a0Israel\u00a0acordaron los \u201cpuntos\u00a0b\u00e1sicos\u201d para alcanzar una\u00a0tregua\u00a0de\u00a040 d\u00edas -","robots":{"index":"index","follow":"follow","max-snippet":"max-snippet:-1","max-image-preview":"max-image-preview:large","max-video-preview":"max-video-preview:-1"},"canonical":"https:\/\/quehacerpolitico.mx\/?p=108449","og_locale":"es_MX","og_type":"article","og_title":"Internacionales\/\/\/Carolina Alonso Romei\/\/\/Ham\u00e1s\u00a0e\u00a0Israel\u00a0acordaron los \u201cpuntos\u00a0b\u00e1sicos\u201d para alcanzar una\u00a0tregua\u00a0de\u00a040 d\u00edas -","og_description":"Por Carolina Alonso Romei Internacionalista El acuerdo ser\u00eda para una tregua de 40 d\u00edas, plazo...","og_url":"https:\/\/quehacerpolitico.mx\/?p=108449","article_published_time":"2024-03-05T17:06:16+00:00","article_modified_time":"2024-03-05T17:06:23+00:00","og_image":[{"width":790,"height":527,"url":"https:\/\/quehacerpolitico.mx\/wp-content\/uploads\/2024\/03\/IMG_4059.webp","type":"image\/webp"}],"author":"Redacci\u00f3n QP","twitter_card":"summary_large_image","twitter_misc":{"Escrito por":"Redacci\u00f3n QP","Tiempo de lectura":"3 minutos"},"schema":{"@context":"https:\/\/schema.org","@graph":[{"@type":"Article","@id":"https:\/\/quehacerpolitico.mx\/?p=108449#article","isPartOf":{"@id":"https:\/\/quehacerpolitico.mx\/?p=108449"},"author":{"name":"Redacci\u00f3n QP","@id":"https:\/\/quehacerpolitico.mx\/#\/schema\/person\/496d8ad2d1d3f8036101dca7ee39e585"},"headline":"Internacionales\/\/\/Carolina Alonso Romei\/\/\/Ham\u00e1s\u00a0e\u00a0Israel\u00a0acordaron los \u201cpuntos\u00a0b\u00e1sicos\u201d para alcanzar una\u00a0tregua\u00a0de\u00a040 d\u00edas","datePublished":"2024-03-05T17:06:16+00:00","dateModified":"2024-03-05T17:06:23+00:00","mainEntityOfPage":{"@id":"https:\/\/quehacerpolitico.mx\/?p=108449"},"wordCount":648,"commentCount":0,"image":{"@id":"https:\/\/quehacerpolitico.mx\/?p=108449#primaryimage"},"thumbnailUrl":"https:\/\/quehacerpolitico.mx\/wp-content\/uploads\/2024\/03\/IMG_4059.webp","articleSection":["Internacionales"],"inLanguage":"es","potentialAction":[{"@type":"CommentAction","name":"Comment","target":["https:\/\/quehacerpolitico.mx\/?p=108449#respond"]}]},{"@type":"WebPage","@id":"https:\/\/quehacerpolitico.mx\/?p=108449","url":"https:\/\/quehacerpolitico.mx\/?p=108449","name":"Internacionales\/\/\/Carolina Alonso Romei\/\/\/Ham\u00e1s\u00a0e\u00a0Israel\u00a0acordaron los \u201cpuntos\u00a0b\u00e1sicos\u201d para alcanzar una\u00a0tregua\u00a0de\u00a040 d\u00edas -","isPartOf":{"@id":"https:\/\/quehacerpolitico.mx\/#website"},"primaryImageOfPage":{"@id":"https:\/\/quehacerpolitico.mx\/?p=108449#primaryimage"},"image":{"@id":"https:\/\/quehacerpolitico.mx\/?p=108449#primaryimage"},"thumbnailUrl":"https:\/\/quehacerpolitico.mx\/wp-content\/uploads\/2024\/03\/IMG_4059.webp","datePublished":"2024-03-05T17:06:16+00:00","dateModified":"2024-03-05T17:06:23+00:00","author":{"@id":"https:\/\/quehacerpolitico.mx\/#\/schema\/person\/496d8ad2d1d3f8036101dca7ee39e585"},"breadcrumb":{"@id":"https:\/\/quehacerpolitico.mx\/?p=108449#breadcrumb"},"inLanguage":"es","potentialAction":[{"@type":"ReadAction","target":["https:\/\/quehacerpolitico.mx\/?p=108449"]}]},{"@type":"ImageObject","inLanguage":"es","@id":"https:\/\/quehacerpolitico.mx\/?p=108449#primaryimage","url":"https:\/\/quehacerpolitico.mx\/wp-content\/uploads\/2024\/03\/IMG_4059.webp","contentUrl":"https:\/\/quehacerpolitico.mx\/wp-content\/uploads\/2024\/03\/IMG_4059.webp","width":790,"height":527},{"@type":"BreadcrumbList","@id":"https:\/\/quehacerpolitico.mx\/?p=108449#breadcrumb","itemListElement":[{"@type":"ListItem","position":1,"name":"Inicio","item":"https:\/\/quehacerpolitico.mx\/"},{"@type":"ListItem","position":2,"name":"Internacionales\/\/\/Carolina Alonso Romei\/\/\/Ham\u00e1s\u00a0e\u00a0Israel\u00a0acordaron los \u201cpuntos\u00a0b\u00e1sicos\u201d para alcanzar una\u00a0tregua\u00a0de\u00a040 d\u00edas"}]},{"@type":"WebSite","@id":"https:\/\/quehacerpolitico.mx\/#website","url":"https:\/\/quehacerpolitico.mx\/","name":"","description":"","potentialAction":[{"@type":"SearchAction","target":{"@type":"EntryPoint","urlTemplate":"https:\/\/quehacerpolitico.mx\/?s={search_term_string}"},"query-input":{"@type":"PropertyValueSpecification","valueRequired":true,"valueName":"search_term_string"}}],"inLanguage":"es"},{"@type":"Person","@id":"https:\/\/quehacerpolitico.mx\/#\/schema\/person\/496d8ad2d1d3f8036101dca7ee39e585","name":"Redacci\u00f3n QP","image":{"@type":"ImageObject","inLanguage":"es","@id":"https:\/\/secure.gravatar.com\/avatar\/c7164ed6fdec453195284ad24a5ae5b6e1eed2b848477fa2a4787ba9adf39a41?s=96&d=mm&r=g","url":"https:\/\/secure.gravatar.com\/avatar\/c7164ed6fdec453195284ad24a5ae5b6e1eed2b848477fa2a4787ba9adf39a41?s=96&d=mm&r=g","contentUrl":"https:\/\/secure.gravatar.com\/avatar\/c7164ed6fdec453195284ad24a5ae5b6e1eed2b848477fa2a4787ba9adf39a41?s=96&d=mm&r=g","caption":"Redacci\u00f3n QP"},"url":"https:\/\/quehacerpolitico.mx\/?author=2"}]}},"featured_image_urls":{"full":["https:\/\/quehacerpolitico.mx\/wp-content\/uploads\/2024\/03\/IMG_4059.webp",790,527,false],"thumbnail":["https:\/\/quehacerpolitico.mx\/wp-content\/uploads\/2024\/03\/IMG_4059-150x150.webp",150,150,true],"medium":["https:\/\/quehacerpolitico.mx\/wp-content\/uploads\/2024\/03\/IMG_4059-300x200.webp",300,200,true],"medium_large":["https:\/\/quehacerpolitico.mx\/wp-content\/uploads\/2024\/03\/IMG_4059-768x512.webp",640,427,true],"large":["https:\/\/quehacerpolitico.mx\/wp-content\/uploads\/2024\/03\/IMG_4059.webp",640,427,false],"1536x1536":["https:\/\/quehacerpolitico.mx\/wp-content\/uploads\/2024\/03\/IMG_4059.webp",790,527,false],"2048x2048":["https:\/\/quehacerpolitico.mx\/wp-content\/uploads\/2024\/03\/IMG_4059.webp",790,527,false],"covernews-featured":["https:\/\/quehacerpolitico.mx\/wp-content\/uploads\/2024\/03\/IMG_4059.webp",790,527,false],"covernews-medium":["https:\/\/quehacerpolitico.mx\/wp-content\/uploads\/2024\/03\/IMG_4059.webp",510,340,false]},"author_info":{"display_name":"Redacci\u00f3n QP","author_link":"https:\/\/quehacerpolitico.mx\/?author=2"},"category_info":"<a href=\"https:\/\/quehacerpolitico.mx\/?cat=1\" rel=\"category\">Internacionales<\/a>","tag_info":"Internacionales","comment_count":"0","_links":{"self":[{"href":"https:\/\/quehacerpolitico.mx\/index.php?rest_route=\/wp\/v2\/posts\/108449","targetHints":{"allow":["GET"]}}],"collection":[{"href":"https:\/\/quehacerpolitico.mx\/index.php?rest_route=\/wp\/v2\/posts"}],"about":[{"href":"https:\/\/quehacerpolitico.mx\/index.php?rest_route=\/wp\/v2\/types\/post"}],"author":[{"embeddable":true,"href":"https:\/\/quehacerpolitico.mx\/index.php?rest_route=\/wp\/v2\/users\/2"}],"replies":[{"embeddable":true,"href":"https:\/\/quehacerpolitico.mx\/index.php?rest_route=%2Fwp%2Fv2%2Fcomments&post=108449"}],"version-history":[{"count":1,"href":"https:\/\/quehacerpolitico.mx\/index.php?rest_route=\/wp\/v2\/posts\/108449\/revisions"}],"predecessor-version":[{"id":108451,"href":"https:\/\/quehacerpolitico.mx\/index.php?rest_route=\/wp\/v2\/posts\/108449\/revisions\/108451"}],"wp:featuredmedia":[{"embeddable":true,"href":"https:\/\/quehacerpolitico.mx\/index.php?rest_route=\/wp\/v2\/media\/108450"}],"wp:attachment":[{"href":"https:\/\/quehacerpolitico.mx\/index.php?rest_route=%2Fwp%2Fv2%2Fmedia&parent=108449"}],"wp:term":[{"taxonomy":"category","embeddable":true,"href":"https:\/\/quehacerpolitico.mx\/index.php?rest_route=%2Fwp%2Fv2%2Fcategories&post=108449"},{"taxonomy":"post_tag","embeddable":true,"href":"https:\/\/quehacerpolitico.mx\/index.php?rest_route=%2Fwp%2Fv2%2Ftags&post=108449"}],"curies":[{"name":"wp","href":"https:\/\/api.w.org\/{rel}","templated":true}]}}