{"id":108446,"date":"2024-03-05T16:22:31","date_gmt":"2024-03-05T16:22:31","guid":{"rendered":"https:\/\/quehacerpolitico.mx\/?p=108446"},"modified":"2024-03-05T16:22:33","modified_gmt":"2024-03-05T16:22:33","slug":"las-marchas-para-este-5-de-marzo-en-la-cdmx","status":"publish","type":"post","link":"https:\/\/quehacerpolitico.mx\/?p=108446","title":{"rendered":"Las Marchas para este 5 de marzo en la CDMX"},"content":{"rendered":"\n<p>Por Redacci\u00f3n QP<\/p>\n\n\n\n<p>Este 5 de marzo se llevar\u00e1n a cabo al menos 9 movilizaciones en la Ciudad de M\u00e9xico.<\/p>\n\n\n\n<p>En la\u00a0Ciudad de M\u00e9xico, diariamente se realizan protestas y manifestaciones en diferentes puntos. Los ciudadanos salen a las vialidades primarias de la capital del pa\u00eds para atraer la atenci\u00f3n de las autoridades y as\u00ed expresar su inconformidad con algunas situaciones o realizar peticiones.<\/p>\n\n\n\n<p>De acuerdo con el Centro de Comando, Control, C\u00f3mputo, Comunicaciones y Contacto Ciudadano de la Ciudad de M\u00e9xico (C5) este<strong>\u00a05 de marzo se esperan al menos 9 marchas y concentraciones<\/strong>\u00a0a lo largo del d\u00eda, las cuales podr\u00edan afectar la circulaci\u00f3n en vialidades de la capital.<\/p>\n\n\n\n<figure class=\"wp-block-embed is-type-rich is-provider-twitter wp-block-embed-twitter\"><div class=\"wp-block-embed__wrapper\">\n<blockquote class=\"twitter-tweet\" data-width=\"550\" data-dnt=\"true\"><p lang=\"es\" dir=\"ltr\">\u26a0 <a href=\"https:\/\/twitter.com\/hashtag\/ENT%C3%89RATE?src=hash&amp;ref_src=twsrc%5Etfw\">#ENT\u00c9RATE<\/a> | Para hoy, 5 de marzo 2024, estas son las movilizaciones sociales previstas en la Ciudad de M\u00e9xico. <a href=\"https:\/\/twitter.com\/hashtag\/C5ConConfianza?src=hash&amp;ref_src=twsrc%5Etfw\">#C5ConConfianza<\/a> <a href=\"https:\/\/twitter.com\/hashtag\/MovilidadCDMX?src=hash&amp;ref_src=twsrc%5Etfw\">#MovilidadCDMX<\/a> <a href=\"https:\/\/t.co\/ru6kCONzvX\">pic.twitter.com\/ru6kCONzvX<\/a><\/p>&mdash; C5 CDMX (@C5_CDMX) <a href=\"https:\/\/twitter.com\/C5_CDMX\/status\/1764981815779926510?ref_src=twsrc%5Etfw\">March 5, 2024<\/a><\/blockquote><script async src=\"https:\/\/platform.twitter.com\/widgets.js\" charset=\"utf-8\"><\/script>\n<\/div><\/figure>\n\n\n\n<p>Durante el d\u00eda se tienen previstas seis manifestaciones en la alcald\u00eda&nbsp;<strong>Cuauht\u00e9moc<\/strong>, una en&nbsp;<strong>Miguel Hidalgo<\/strong>, una en&nbsp;<strong>\u00c1lvaro Obreg\u00f3n<\/strong>&nbsp;y una m\u00e1s en&nbsp;<strong>Tlalpan<\/strong>.&nbsp;<\/p>\n\n\n\n<ul class=\"wp-block-list\">\n<li><strong>Alcald\u00eda Cuauht\u00e9moc<\/strong><\/li>\n<\/ul>\n\n\n\n<p>09:00 Concentraci\u00f3n-marcha en avenida Insurgentes Sur 20, colonia Roma Norte rumbo a Palacio Nacional.<\/p>\n\n\n\n<p>10:00 Concentraci\u00f3n en avenida Paseo de la Reforma y avenida de la Rep\u00fablica, colonia Tabacalera<\/p>\n\n\n\n<p>12:00 Concentraci\u00f3n en avenida Ju\u00e1rez, colonia Cnetro<\/p>\n\n\n\n<p>12:00 Concentraci\u00f3n en James Sullivan y Serapio Rend\u00f3n, colonia San Rafael<\/p>\n\n\n\n<p>13:00 Concentraci\u00f3n en Plaza de la Constituci\u00f3n, colonia Centro Hist\u00f3rico<\/p>\n\n\n\n<p>Durante el d\u00eda: Concentraci\u00f3n en avenida Ju\u00e1rez, colonia Centro<\/p>\n\n\n\n<ul class=\"wp-block-list\">\n<li><strong>Alcald\u00eda Miguel Hidalgo<\/strong><\/li>\n<\/ul>\n\n\n\n<p>09:00 Concentraci\u00f3n en Lieja 270, Bosque de Chapultepec 1a secci\u00f3n<\/p>\n\n\n\n<ul class=\"wp-block-list\">\n<li><strong>Alcald\u00eda \u00c1lvaro Obreg\u00f3n<\/strong><\/li>\n<\/ul>\n\n\n\n<p>11:00 Concentraci\u00f3n en Blvd Aldolfo L\u00f3pez Mateos, colonia Los Alpes<\/p>\n\n\n\n<ul class=\"wp-block-list\">\n<li><strong>Alcald\u00eda Tlalpan<\/strong><\/li>\n<\/ul>\n\n\n\n<p>15:30 Concentraci\u00f3n en avenida Chicoasen y Chemax, colonia Pedregal de San Nicol\u00e1s 1a secci\u00f3n<\/p>\n\n\n\n<h2 class=\"wp-block-heading\">\u00bfQu\u00e9 autos NO circulan hoy martes en CdMx?<\/h2>\n\n\n\n<p>Este martes 5 de marzo no circulan los autos con&nbsp;<strong>engomado color rosa<\/strong>&nbsp;con holograma 1 y 2 y terminaci\u00f3n de&nbsp;<strong>placa 7 y 8.<\/strong><\/p>\n\n\n\n<p>La medida aplica para las 16 alcald\u00edas de la Ciudad de M\u00e9xico.<\/p>\n\n\n\n<p>La medida<strong>&nbsp;no aplica para autos con holograma de verificaci\u00f3n 0 y 00<\/strong>, al igual que los autom\u00f3viles h\u00edbridos o el\u00e9ctricos, con matr\u00edcula de auto antiguo o que porten pase tur\u00edstico, as\u00ed como para motocicletas y de servicios de emergencia.<\/p>\n\n\n\n<p>Adem\u00e1s, quedan exentos de esta medida los veh\u00edculos de personas con discapacidad, el transporte escolar, de perecederos, de residuos peligrosos y de servicios de seguridad p\u00fablica, protecci\u00f3n civil y unidades que funcionen con gas natural.<\/p>\n\n\n\n<h2 class=\"wp-block-heading\">\u00bfCu\u00e1l es la multa por no respetar el Hoy No Circula?<\/h2>\n\n\n\n<p>La multa por no respetar el programa Hoy No Circula es de entre&nbsp;<strong>20 a 30 UMAS<\/strong>&nbsp;(Unidad de Medida de Actualizaci\u00f3n) que actualmente tiene un valor de 108.57 pesos, por lo que la sanci\u00f3n ser\u00eda entre<strong>&nbsp;2 mil 171.4 pesos a 3 mil 257.1 pesos.&nbsp;<\/strong><\/p>\n\n\n\n<p>Adem\u00e1s, el auto podr\u00eda ser llevado al corral\u00f3n, cuyo traslado se cobra aparte.<\/p>\n","protected":false},"excerpt":{"rendered":"<p>Por Redacci\u00f3n QP Este 5 de marzo se llevar\u00e1n a cabo al menos 9 movilizaciones&#8230;<\/p>\n","protected":false},"author":2,"featured_media":108447,"comment_status":"open","ping_status":"open","sticky":false,"template":"","format":"standard","meta":{"_monsterinsights_skip_tracking":false,"_monsterinsights_sitenote_active":false,"_monsterinsights_sitenote_note":"","_monsterinsights_sitenote_category":0,"footnotes":""},"categories":[55],"tags":[],"class_list":["post-108446","post","type-post","status-publish","format-standard","has-post-thumbnail","hentry","category-cdmx"],"yoast_head":"<!-- This site is optimized with the Yoast SEO plugin v27.3 - https:\/\/yoast.com\/product\/yoast-seo-wordpress\/ -->\n<title>Las Marchas para este 5 de marzo en la CDMX -<\/title>\n<meta name=\"robots\" content=\"index, follow, max-snippet:-1, max-image-preview:large, max-video-preview:-1\" \/>\n<link rel=\"canonical\" href=\"https:\/\/quehacerpolitico.mx\/?p=108446\" \/>\n<meta property=\"og:locale\" content=\"es_MX\" \/>\n<meta property=\"og:type\" content=\"article\" \/>\n<meta property=\"og:title\" content=\"Las Marchas para este 5 de marzo en la CDMX -\" \/>\n<meta property=\"og:description\" content=\"Por Redacci\u00f3n QP Este 5 de marzo se llevar\u00e1n a cabo al menos 9 movilizaciones...\" \/>\n<meta property=\"og:url\" content=\"https:\/\/quehacerpolitico.mx\/?p=108446\" \/>\n<meta property=\"article:published_time\" content=\"2024-03-05T16:22:31+00:00\" \/>\n<meta property=\"article:modified_time\" content=\"2024-03-05T16:22:33+00:00\" \/>\n<meta property=\"og:image\" content=\"https:\/\/quehacerpolitico.mx\/wp-content\/uploads\/2024\/03\/IMG_4057.jpeg\" \/>\n\t<meta property=\"og:image:width\" content=\"701\" \/>\n\t<meta property=\"og:image:height\" content=\"437\" \/>\n\t<meta property=\"og:image:type\" content=\"image\/jpeg\" \/>\n<meta name=\"author\" content=\"Redacci\u00f3n QP\" \/>\n<meta name=\"twitter:card\" content=\"summary_large_image\" \/>\n<meta name=\"twitter:label1\" content=\"Escrito por\" \/>\n\t<meta name=\"twitter:data1\" content=\"Redacci\u00f3n QP\" \/>\n\t<meta name=\"twitter:label2\" content=\"Tiempo de lectura\" \/>\n\t<meta name=\"twitter:data2\" content=\"2 minutos\" \/>\n<script type=\"application\/ld+json\" class=\"yoast-schema-graph\">{\"@context\":\"https:\\\/\\\/schema.org\",\"@graph\":[{\"@type\":\"Article\",\"@id\":\"https:\\\/\\\/quehacerpolitico.mx\\\/?p=108446#article\",\"isPartOf\":{\"@id\":\"https:\\\/\\\/quehacerpolitico.mx\\\/?p=108446\"},\"author\":{\"name\":\"Redacci\u00f3n QP\",\"@id\":\"https:\\\/\\\/quehacerpolitico.mx\\\/#\\\/schema\\\/person\\\/496d8ad2d1d3f8036101dca7ee39e585\"},\"headline\":\"Las Marchas para este 5 de marzo en la CDMX\",\"datePublished\":\"2024-03-05T16:22:31+00:00\",\"dateModified\":\"2024-03-05T16:22:33+00:00\",\"mainEntityOfPage\":{\"@id\":\"https:\\\/\\\/quehacerpolitico.mx\\\/?p=108446\"},\"wordCount\":504,\"commentCount\":0,\"image\":{\"@id\":\"https:\\\/\\\/quehacerpolitico.mx\\\/?p=108446#primaryimage\"},\"thumbnailUrl\":\"https:\\\/\\\/quehacerpolitico.mx\\\/wp-content\\\/uploads\\\/2024\\\/03\\\/IMG_4057.jpeg\",\"articleSection\":[\"CDMX\"],\"inLanguage\":\"es\",\"potentialAction\":[{\"@type\":\"CommentAction\",\"name\":\"Comment\",\"target\":[\"https:\\\/\\\/quehacerpolitico.mx\\\/?p=108446#respond\"]}]},{\"@type\":\"WebPage\",\"@id\":\"https:\\\/\\\/quehacerpolitico.mx\\\/?p=108446\",\"url\":\"https:\\\/\\\/quehacerpolitico.mx\\\/?p=108446\",\"name\":\"Las Marchas para este 5 de marzo en la CDMX -\",\"isPartOf\":{\"@id\":\"https:\\\/\\\/quehacerpolitico.mx\\\/#website\"},\"primaryImageOfPage\":{\"@id\":\"https:\\\/\\\/quehacerpolitico.mx\\\/?p=108446#primaryimage\"},\"image\":{\"@id\":\"https:\\\/\\\/quehacerpolitico.mx\\\/?p=108446#primaryimage\"},\"thumbnailUrl\":\"https:\\\/\\\/quehacerpolitico.mx\\\/wp-content\\\/uploads\\\/2024\\\/03\\\/IMG_4057.jpeg\",\"datePublished\":\"2024-03-05T16:22:31+00:00\",\"dateModified\":\"2024-03-05T16:22:33+00:00\",\"author\":{\"@id\":\"https:\\\/\\\/quehacerpolitico.mx\\\/#\\\/schema\\\/person\\\/496d8ad2d1d3f8036101dca7ee39e585\"},\"breadcrumb\":{\"@id\":\"https:\\\/\\\/quehacerpolitico.mx\\\/?p=108446#breadcrumb\"},\"inLanguage\":\"es\",\"potentialAction\":[{\"@type\":\"ReadAction\",\"target\":[\"https:\\\/\\\/quehacerpolitico.mx\\\/?p=108446\"]}]},{\"@type\":\"ImageObject\",\"inLanguage\":\"es\",\"@id\":\"https:\\\/\\\/quehacerpolitico.mx\\\/?p=108446#primaryimage\",\"url\":\"https:\\\/\\\/quehacerpolitico.mx\\\/wp-content\\\/uploads\\\/2024\\\/03\\\/IMG_4057.jpeg\",\"contentUrl\":\"https:\\\/\\\/quehacerpolitico.mx\\\/wp-content\\\/uploads\\\/2024\\\/03\\\/IMG_4057.jpeg\",\"width\":701,\"height\":437},{\"@type\":\"BreadcrumbList\",\"@id\":\"https:\\\/\\\/quehacerpolitico.mx\\\/?p=108446#breadcrumb\",\"itemListElement\":[{\"@type\":\"ListItem\",\"position\":1,\"name\":\"Inicio\",\"item\":\"https:\\\/\\\/quehacerpolitico.mx\\\/\"},{\"@type\":\"ListItem\",\"position\":2,\"name\":\"Las Marchas para este 5 de marzo en la CDMX\"}]},{\"@type\":\"WebSite\",\"@id\":\"https:\\\/\\\/quehacerpolitico.mx\\\/#website\",\"url\":\"https:\\\/\\\/quehacerpolitico.mx\\\/\",\"name\":\"\",\"description\":\"\",\"potentialAction\":[{\"@type\":\"SearchAction\",\"target\":{\"@type\":\"EntryPoint\",\"urlTemplate\":\"https:\\\/\\\/quehacerpolitico.mx\\\/?s={search_term_string}\"},\"query-input\":{\"@type\":\"PropertyValueSpecification\",\"valueRequired\":true,\"valueName\":\"search_term_string\"}}],\"inLanguage\":\"es\"},{\"@type\":\"Person\",\"@id\":\"https:\\\/\\\/quehacerpolitico.mx\\\/#\\\/schema\\\/person\\\/496d8ad2d1d3f8036101dca7ee39e585\",\"name\":\"Redacci\u00f3n QP\",\"image\":{\"@type\":\"ImageObject\",\"inLanguage\":\"es\",\"@id\":\"https:\\\/\\\/secure.gravatar.com\\\/avatar\\\/c7164ed6fdec453195284ad24a5ae5b6e1eed2b848477fa2a4787ba9adf39a41?s=96&d=mm&r=g\",\"url\":\"https:\\\/\\\/secure.gravatar.com\\\/avatar\\\/c7164ed6fdec453195284ad24a5ae5b6e1eed2b848477fa2a4787ba9adf39a41?s=96&d=mm&r=g\",\"contentUrl\":\"https:\\\/\\\/secure.gravatar.com\\\/avatar\\\/c7164ed6fdec453195284ad24a5ae5b6e1eed2b848477fa2a4787ba9adf39a41?s=96&d=mm&r=g\",\"caption\":\"Redacci\u00f3n QP\"},\"url\":\"https:\\\/\\\/quehacerpolitico.mx\\\/?author=2\"}]}<\/script>\n<!-- \/ Yoast SEO plugin. -->","yoast_head_json":{"title":"Las Marchas para este 5 de marzo en la CDMX -","robots":{"index":"index","follow":"follow","max-snippet":"max-snippet:-1","max-image-preview":"max-image-preview:large","max-video-preview":"max-video-preview:-1"},"canonical":"https:\/\/quehacerpolitico.mx\/?p=108446","og_locale":"es_MX","og_type":"article","og_title":"Las Marchas para este 5 de marzo en la CDMX -","og_description":"Por Redacci\u00f3n QP Este 5 de marzo se llevar\u00e1n a cabo al menos 9 movilizaciones...","og_url":"https:\/\/quehacerpolitico.mx\/?p=108446","article_published_time":"2024-03-05T16:22:31+00:00","article_modified_time":"2024-03-05T16:22:33+00:00","og_image":[{"width":701,"height":437,"url":"https:\/\/quehacerpolitico.mx\/wp-content\/uploads\/2024\/03\/IMG_4057.jpeg","type":"image\/jpeg"}],"author":"Redacci\u00f3n QP","twitter_card":"summary_large_image","twitter_misc":{"Escrito por":"Redacci\u00f3n QP","Tiempo de lectura":"2 minutos"},"schema":{"@context":"https:\/\/schema.org","@graph":[{"@type":"Article","@id":"https:\/\/quehacerpolitico.mx\/?p=108446#article","isPartOf":{"@id":"https:\/\/quehacerpolitico.mx\/?p=108446"},"author":{"name":"Redacci\u00f3n QP","@id":"https:\/\/quehacerpolitico.mx\/#\/schema\/person\/496d8ad2d1d3f8036101dca7ee39e585"},"headline":"Las Marchas para este 5 de marzo en la CDMX","datePublished":"2024-03-05T16:22:31+00:00","dateModified":"2024-03-05T16:22:33+00:00","mainEntityOfPage":{"@id":"https:\/\/quehacerpolitico.mx\/?p=108446"},"wordCount":504,"commentCount":0,"image":{"@id":"https:\/\/quehacerpolitico.mx\/?p=108446#primaryimage"},"thumbnailUrl":"https:\/\/quehacerpolitico.mx\/wp-content\/uploads\/2024\/03\/IMG_4057.jpeg","articleSection":["CDMX"],"inLanguage":"es","potentialAction":[{"@type":"CommentAction","name":"Comment","target":["https:\/\/quehacerpolitico.mx\/?p=108446#respond"]}]},{"@type":"WebPage","@id":"https:\/\/quehacerpolitico.mx\/?p=108446","url":"https:\/\/quehacerpolitico.mx\/?p=108446","name":"Las Marchas para este 5 de marzo en la CDMX -","isPartOf":{"@id":"https:\/\/quehacerpolitico.mx\/#website"},"primaryImageOfPage":{"@id":"https:\/\/quehacerpolitico.mx\/?p=108446#primaryimage"},"image":{"@id":"https:\/\/quehacerpolitico.mx\/?p=108446#primaryimage"},"thumbnailUrl":"https:\/\/quehacerpolitico.mx\/wp-content\/uploads\/2024\/03\/IMG_4057.jpeg","datePublished":"2024-03-05T16:22:31+00:00","dateModified":"2024-03-05T16:22:33+00:00","author":{"@id":"https:\/\/quehacerpolitico.mx\/#\/schema\/person\/496d8ad2d1d3f8036101dca7ee39e585"},"breadcrumb":{"@id":"https:\/\/quehacerpolitico.mx\/?p=108446#breadcrumb"},"inLanguage":"es","potentialAction":[{"@type":"ReadAction","target":["https:\/\/quehacerpolitico.mx\/?p=108446"]}]},{"@type":"ImageObject","inLanguage":"es","@id":"https:\/\/quehacerpolitico.mx\/?p=108446#primaryimage","url":"https:\/\/quehacerpolitico.mx\/wp-content\/uploads\/2024\/03\/IMG_4057.jpeg","contentUrl":"https:\/\/quehacerpolitico.mx\/wp-content\/uploads\/2024\/03\/IMG_4057.jpeg","width":701,"height":437},{"@type":"BreadcrumbList","@id":"https:\/\/quehacerpolitico.mx\/?p=108446#breadcrumb","itemListElement":[{"@type":"ListItem","position":1,"name":"Inicio","item":"https:\/\/quehacerpolitico.mx\/"},{"@type":"ListItem","position":2,"name":"Las Marchas para este 5 de marzo en la CDMX"}]},{"@type":"WebSite","@id":"https:\/\/quehacerpolitico.mx\/#website","url":"https:\/\/quehacerpolitico.mx\/","name":"","description":"","potentialAction":[{"@type":"SearchAction","target":{"@type":"EntryPoint","urlTemplate":"https:\/\/quehacerpolitico.mx\/?s={search_term_string}"},"query-input":{"@type":"PropertyValueSpecification","valueRequired":true,"valueName":"search_term_string"}}],"inLanguage":"es"},{"@type":"Person","@id":"https:\/\/quehacerpolitico.mx\/#\/schema\/person\/496d8ad2d1d3f8036101dca7ee39e585","name":"Redacci\u00f3n QP","image":{"@type":"ImageObject","inLanguage":"es","@id":"https:\/\/secure.gravatar.com\/avatar\/c7164ed6fdec453195284ad24a5ae5b6e1eed2b848477fa2a4787ba9adf39a41?s=96&d=mm&r=g","url":"https:\/\/secure.gravatar.com\/avatar\/c7164ed6fdec453195284ad24a5ae5b6e1eed2b848477fa2a4787ba9adf39a41?s=96&d=mm&r=g","contentUrl":"https:\/\/secure.gravatar.com\/avatar\/c7164ed6fdec453195284ad24a5ae5b6e1eed2b848477fa2a4787ba9adf39a41?s=96&d=mm&r=g","caption":"Redacci\u00f3n QP"},"url":"https:\/\/quehacerpolitico.mx\/?author=2"}]}},"featured_image_urls":{"full":["https:\/\/quehacerpolitico.mx\/wp-content\/uploads\/2024\/03\/IMG_4057.jpeg",701,437,false],"thumbnail":["https:\/\/quehacerpolitico.mx\/wp-content\/uploads\/2024\/03\/IMG_4057-150x150.jpeg",150,150,true],"medium":["https:\/\/quehacerpolitico.mx\/wp-content\/uploads\/2024\/03\/IMG_4057-300x187.jpeg",300,187,true],"medium_large":["https:\/\/quehacerpolitico.mx\/wp-content\/uploads\/2024\/03\/IMG_4057.jpeg",640,399,false],"large":["https:\/\/quehacerpolitico.mx\/wp-content\/uploads\/2024\/03\/IMG_4057.jpeg",640,399,false],"1536x1536":["https:\/\/quehacerpolitico.mx\/wp-content\/uploads\/2024\/03\/IMG_4057.jpeg",701,437,false],"2048x2048":["https:\/\/quehacerpolitico.mx\/wp-content\/uploads\/2024\/03\/IMG_4057.jpeg",701,437,false],"covernews-featured":["https:\/\/quehacerpolitico.mx\/wp-content\/uploads\/2024\/03\/IMG_4057.jpeg",701,437,false],"covernews-medium":["https:\/\/quehacerpolitico.mx\/wp-content\/uploads\/2024\/03\/IMG_4057.jpeg",540,337,false]},"author_info":{"display_name":"Redacci\u00f3n QP","author_link":"https:\/\/quehacerpolitico.mx\/?author=2"},"category_info":"<a href=\"https:\/\/quehacerpolitico.mx\/?cat=55\" rel=\"category\">CDMX<\/a>","tag_info":"CDMX","comment_count":"0","_links":{"self":[{"href":"https:\/\/quehacerpolitico.mx\/index.php?rest_route=\/wp\/v2\/posts\/108446","targetHints":{"allow":["GET"]}}],"collection":[{"href":"https:\/\/quehacerpolitico.mx\/index.php?rest_route=\/wp\/v2\/posts"}],"about":[{"href":"https:\/\/quehacerpolitico.mx\/index.php?rest_route=\/wp\/v2\/types\/post"}],"author":[{"embeddable":true,"href":"https:\/\/quehacerpolitico.mx\/index.php?rest_route=\/wp\/v2\/users\/2"}],"replies":[{"embeddable":true,"href":"https:\/\/quehacerpolitico.mx\/index.php?rest_route=%2Fwp%2Fv2%2Fcomments&post=108446"}],"version-history":[{"count":1,"href":"https:\/\/quehacerpolitico.mx\/index.php?rest_route=\/wp\/v2\/posts\/108446\/revisions"}],"predecessor-version":[{"id":108448,"href":"https:\/\/quehacerpolitico.mx\/index.php?rest_route=\/wp\/v2\/posts\/108446\/revisions\/108448"}],"wp:featuredmedia":[{"embeddable":true,"href":"https:\/\/quehacerpolitico.mx\/index.php?rest_route=\/wp\/v2\/media\/108447"}],"wp:attachment":[{"href":"https:\/\/quehacerpolitico.mx\/index.php?rest_route=%2Fwp%2Fv2%2Fmedia&parent=108446"}],"wp:term":[{"taxonomy":"category","embeddable":true,"href":"https:\/\/quehacerpolitico.mx\/index.php?rest_route=%2Fwp%2Fv2%2Fcategories&post=108446"},{"taxonomy":"post_tag","embeddable":true,"href":"https:\/\/quehacerpolitico.mx\/index.php?rest_route=%2Fwp%2Fv2%2Ftags&post=108446"}],"curies":[{"name":"wp","href":"https:\/\/api.w.org\/{rel}","templated":true}]}}