{"id":108443,"date":"2024-03-05T14:32:09","date_gmt":"2024-03-05T14:32:09","guid":{"rendered":"https:\/\/quehacerpolitico.mx\/?p=108443"},"modified":"2024-03-05T14:32:11","modified_gmt":"2024-03-05T14:32:11","slug":"internacionales-carolina-alonso-romei-joe-biden-y-su-gran-rival-el-exmandatario-donald-trump-se-someten-a-un-atipico-supermartes","status":"publish","type":"post","link":"https:\/\/quehacerpolitico.mx\/?p=108443","title":{"rendered":"Internacionales\/\/\/Carolina Alonso Romei\/\/\/Joe Biden, y su gran rival, el exmandatario\u00a0Donald Trump, se someten a un at\u00edpico \u2018supermartes\u2018"},"content":{"rendered":"\n<p>Por Carolina Alonso Romei<\/p>\n\n\n\n<p>Internacionalista <\/p>\n\n\n\n<p>El \u2018supermartes\u2019 es el d\u00eda en el que m\u00e1s estados votan para definir a candidatos presidenciales: este a\u00f1o son 15 de los 50 que forman el pa\u00eds<\/p>\n\n\n\n<p>El presidente de\u00a0<strong>Estados Unidos<\/strong>,\u00a0Joe Biden, y su gran rival, el exmandatario\u00a0Donald Trump, se someten a un at\u00edpico \u2018<strong>supermartes<\/strong>\u2018, el d\u00eda grande de las\u00a0<strong>primarias<\/strong>\u00a0para las\u00a0<strong>elecciones<\/strong>\u00a0presidenciales de noviembre, en las que las nominaciones de ambos est\u00e1n pr\u00e1cticamente garantizadas.<\/p>\n\n\n\n<p>Biden no tiene adversario dentro de las filas dem\u00f3cratas porque es el presidente en ejercicio, mientras que Trump goza de una inusual ventaja en las primarias republicanas, donde ya solo queda la exembajadora de EE.UU. ante la ONU<strong>&nbsp;Nikki Haley<\/strong>intentando hacerle sombra sin demasiado \u00e9xito.<\/p>\n\n\n\n<p>El \u2018supermartes\u2019 es el d\u00eda en el que m\u00e1s estados votan para definir a los candidatos presidenciales: este a\u00f1o son 15 de los 50 que forman el pa\u00eds, entre ellos, California y Texas, los m\u00e1s grandes de Estados Unidos.<\/p>\n\n\n\n<p>Tambi\u00e9n acuden a las urnas los votantes dem\u00f3cratas y republicanos de Alabama, Arkansas, Colorado, Maine, Massachusetts, Minnesota, Carolina del Norte, Oklahoma, Tennessee, Utah, Vermont y Virginia.<\/p>\n\n\n\n<p>Alaska celebra adem\u00e1s las primarias republicanas y tambi\u00e9n votan los dem\u00f3cratas en el extranjero y en los territorios de Samoa Americana y de las Islas Marianas del Norte.<\/p>\n\n\n\n<p>Est\u00e1n en juego m\u00e1s del 35 por ciento de los delegados que en verano se reunir\u00e1n en las convenciones republicana de Milwaukee (Wisconsin) y dem\u00f3crata de Chicago (Illinois) para escoger a su candidato a la Casa Blanca.<\/p>\n\n\n\n<p>Tradicionalmente, el \u2018supermartes\u2019 ha servido como un punto de inflexi\u00f3n en la elecci\u00f3n del candidato de la oposici\u00f3n por el gran n\u00famero de delegados que se reparten.<\/p>\n\n\n\n<p>Sin embargo, Trump llega a este d\u00eda con la etiqueta de imbatible, despu\u00e9s de haber arrasado en casi todas las citas desde que arrancaron las primarias republicanas con los caucus de Iowa del 15 de enero.<\/p>\n\n\n\n<p>Todos sus rivales se han bajado ya de la contienda excepto Haley, quien solo se impuso al magnate neoyorquino en las primarias del Distrito de Columbia este pasado fin de semana, una victoria sin apenas peso pol\u00edtico.<\/p>\n\n\n\n<p>De hecho, la gran inc\u00f3gnita es si la candidatura de Haley sobrevivir\u00e1 al \u2018supermartes\u2019 o si ceder\u00e1 a las crecientes presiones de su partido y de los donantes para que tire la toalla.<\/p>\n\n\n\n<p>Adem\u00e1s, Trump (2017-2021) se somete envalentonado a las urnas tras su\u00a0victoria judicial del lunes, cuando el\u00a0<strong>Tribunal Supremo de EE.UU.<\/strong>\u00a0orden\u00f3 levantar su inhabilitaci\u00f3n de las primarias de Colorado, estado que tambi\u00e9n vota este martes.<\/p>\n\n\n\n<p>El fallo, adoptado por unanimidad, puso fin adem\u00e1s a los intentos de Illinois y Maine de sacar al expresidente republicano del proceso.<\/p>\n\n\n\n<p>Por su parte, Biden se impuso en el Supermartes de 2020 a su entonces rival dem\u00f3crata, el senador Bernie Sanders, y cuatro a\u00f1os despu\u00e9s llega a esta cita sin casi disputa interna.<\/p>\n\n\n\n<p>Desde que arrancaron las primarias dem\u00f3cratas el 3 de febrero en Carolina del Sur, solo ha perdido dos delegados en juego en las elecciones internas de Michigan, donde se organiz\u00f3 un voto de protesta por la guerra de Gaza.<\/p>\n\n\n\n<p>A pesar de su indiscutible ventaja, ni Biden ni Trump lograr\u00e1n este \u2018supermartes\u2019 ganar matem\u00e1ticamente la nominaci\u00f3n y tendr\u00e1n que esperar unos d\u00edas m\u00e1s.<\/p>\n\n\n\n<p>Ni en el hipot\u00e9tico caso de que se hicieran con todos los delegados en liza, ni Biden lograr\u00eda todav\u00eda la cifra m\u00e1gica de mil 968 que debe conseguir para hacerse con la candidatura dem\u00f3crata ni Trump los mil 215 que necesita.<\/p>\n\n\n\n<p>Con informaci\u00f3n de EFE<\/p>\n","protected":false},"excerpt":{"rendered":"<p>Por Carolina Alonso Romei Internacionalista El \u2018supermartes\u2019 es el d\u00eda en el que m\u00e1s estados&#8230;<\/p>\n","protected":false},"author":2,"featured_media":108444,"comment_status":"open","ping_status":"open","sticky":false,"template":"","format":"standard","meta":{"_monsterinsights_skip_tracking":false,"_monsterinsights_sitenote_active":false,"_monsterinsights_sitenote_note":"","_monsterinsights_sitenote_category":0,"footnotes":""},"categories":[1],"tags":[],"class_list":["post-108443","post","type-post","status-publish","format-standard","has-post-thumbnail","hentry","category-sin-categoria"],"yoast_head":"<!-- This site is optimized with the Yoast SEO plugin v27.3 - https:\/\/yoast.com\/product\/yoast-seo-wordpress\/ -->\n<title>Internacionales\/\/\/Carolina Alonso Romei\/\/\/Joe Biden, y su gran rival, el exmandatario\u00a0Donald Trump, se someten a un at\u00edpico \u2018supermartes\u2018 -<\/title>\n<meta name=\"robots\" content=\"index, follow, max-snippet:-1, max-image-preview:large, max-video-preview:-1\" \/>\n<link rel=\"canonical\" href=\"https:\/\/quehacerpolitico.mx\/?p=108443\" \/>\n<meta property=\"og:locale\" content=\"es_MX\" \/>\n<meta property=\"og:type\" content=\"article\" \/>\n<meta property=\"og:title\" content=\"Internacionales\/\/\/Carolina Alonso Romei\/\/\/Joe Biden, y su gran rival, el exmandatario\u00a0Donald Trump, se someten a un at\u00edpico \u2018supermartes\u2018 -\" \/>\n<meta property=\"og:description\" content=\"Por Carolina Alonso Romei Internacionalista El \u2018supermartes\u2019 es el d\u00eda en el que m\u00e1s estados...\" \/>\n<meta property=\"og:url\" content=\"https:\/\/quehacerpolitico.mx\/?p=108443\" \/>\n<meta property=\"article:published_time\" content=\"2024-03-05T14:32:09+00:00\" \/>\n<meta property=\"article:modified_time\" content=\"2024-03-05T14:32:11+00:00\" \/>\n<meta property=\"og:image\" content=\"https:\/\/quehacerpolitico.mx\/wp-content\/uploads\/2024\/03\/IMG_4056.jpeg\" \/>\n\t<meta property=\"og:image:width\" content=\"740\" \/>\n\t<meta property=\"og:image:height\" content=\"414\" \/>\n\t<meta property=\"og:image:type\" content=\"image\/jpeg\" \/>\n<meta name=\"author\" content=\"Redacci\u00f3n QP\" \/>\n<meta name=\"twitter:card\" content=\"summary_large_image\" \/>\n<meta name=\"twitter:label1\" content=\"Escrito por\" \/>\n\t<meta name=\"twitter:data1\" content=\"Redacci\u00f3n QP\" \/>\n\t<meta name=\"twitter:label2\" content=\"Tiempo de lectura\" \/>\n\t<meta name=\"twitter:data2\" content=\"3 minutos\" \/>\n<script type=\"application\/ld+json\" class=\"yoast-schema-graph\">{\"@context\":\"https:\\\/\\\/schema.org\",\"@graph\":[{\"@type\":\"Article\",\"@id\":\"https:\\\/\\\/quehacerpolitico.mx\\\/?p=108443#article\",\"isPartOf\":{\"@id\":\"https:\\\/\\\/quehacerpolitico.mx\\\/?p=108443\"},\"author\":{\"name\":\"Redacci\u00f3n QP\",\"@id\":\"https:\\\/\\\/quehacerpolitico.mx\\\/#\\\/schema\\\/person\\\/496d8ad2d1d3f8036101dca7ee39e585\"},\"headline\":\"Internacionales\\\/\\\/\\\/Carolina Alonso Romei\\\/\\\/\\\/Joe Biden, y su gran rival, el exmandatario\u00a0Donald Trump, se someten a un at\u00edpico \u2018supermartes\u2018\",\"datePublished\":\"2024-03-05T14:32:09+00:00\",\"dateModified\":\"2024-03-05T14:32:11+00:00\",\"mainEntityOfPage\":{\"@id\":\"https:\\\/\\\/quehacerpolitico.mx\\\/?p=108443\"},\"wordCount\":646,\"commentCount\":0,\"image\":{\"@id\":\"https:\\\/\\\/quehacerpolitico.mx\\\/?p=108443#primaryimage\"},\"thumbnailUrl\":\"https:\\\/\\\/quehacerpolitico.mx\\\/wp-content\\\/uploads\\\/2024\\\/03\\\/IMG_4056.jpeg\",\"articleSection\":[\"Internacionales\"],\"inLanguage\":\"es\",\"potentialAction\":[{\"@type\":\"CommentAction\",\"name\":\"Comment\",\"target\":[\"https:\\\/\\\/quehacerpolitico.mx\\\/?p=108443#respond\"]}]},{\"@type\":\"WebPage\",\"@id\":\"https:\\\/\\\/quehacerpolitico.mx\\\/?p=108443\",\"url\":\"https:\\\/\\\/quehacerpolitico.mx\\\/?p=108443\",\"name\":\"Internacionales\\\/\\\/\\\/Carolina Alonso Romei\\\/\\\/\\\/Joe Biden, y su gran rival, el exmandatario\u00a0Donald Trump, se someten a un at\u00edpico \u2018supermartes\u2018 -\",\"isPartOf\":{\"@id\":\"https:\\\/\\\/quehacerpolitico.mx\\\/#website\"},\"primaryImageOfPage\":{\"@id\":\"https:\\\/\\\/quehacerpolitico.mx\\\/?p=108443#primaryimage\"},\"image\":{\"@id\":\"https:\\\/\\\/quehacerpolitico.mx\\\/?p=108443#primaryimage\"},\"thumbnailUrl\":\"https:\\\/\\\/quehacerpolitico.mx\\\/wp-content\\\/uploads\\\/2024\\\/03\\\/IMG_4056.jpeg\",\"datePublished\":\"2024-03-05T14:32:09+00:00\",\"dateModified\":\"2024-03-05T14:32:11+00:00\",\"author\":{\"@id\":\"https:\\\/\\\/quehacerpolitico.mx\\\/#\\\/schema\\\/person\\\/496d8ad2d1d3f8036101dca7ee39e585\"},\"breadcrumb\":{\"@id\":\"https:\\\/\\\/quehacerpolitico.mx\\\/?p=108443#breadcrumb\"},\"inLanguage\":\"es\",\"potentialAction\":[{\"@type\":\"ReadAction\",\"target\":[\"https:\\\/\\\/quehacerpolitico.mx\\\/?p=108443\"]}]},{\"@type\":\"ImageObject\",\"inLanguage\":\"es\",\"@id\":\"https:\\\/\\\/quehacerpolitico.mx\\\/?p=108443#primaryimage\",\"url\":\"https:\\\/\\\/quehacerpolitico.mx\\\/wp-content\\\/uploads\\\/2024\\\/03\\\/IMG_4056.jpeg\",\"contentUrl\":\"https:\\\/\\\/quehacerpolitico.mx\\\/wp-content\\\/uploads\\\/2024\\\/03\\\/IMG_4056.jpeg\",\"width\":740,\"height\":414},{\"@type\":\"BreadcrumbList\",\"@id\":\"https:\\\/\\\/quehacerpolitico.mx\\\/?p=108443#breadcrumb\",\"itemListElement\":[{\"@type\":\"ListItem\",\"position\":1,\"name\":\"Inicio\",\"item\":\"https:\\\/\\\/quehacerpolitico.mx\\\/\"},{\"@type\":\"ListItem\",\"position\":2,\"name\":\"Internacionales\\\/\\\/\\\/Carolina Alonso Romei\\\/\\\/\\\/Joe Biden, y su gran rival, el exmandatario\u00a0Donald Trump, se someten a un at\u00edpico \u2018supermartes\u2018\"}]},{\"@type\":\"WebSite\",\"@id\":\"https:\\\/\\\/quehacerpolitico.mx\\\/#website\",\"url\":\"https:\\\/\\\/quehacerpolitico.mx\\\/\",\"name\":\"\",\"description\":\"\",\"potentialAction\":[{\"@type\":\"SearchAction\",\"target\":{\"@type\":\"EntryPoint\",\"urlTemplate\":\"https:\\\/\\\/quehacerpolitico.mx\\\/?s={search_term_string}\"},\"query-input\":{\"@type\":\"PropertyValueSpecification\",\"valueRequired\":true,\"valueName\":\"search_term_string\"}}],\"inLanguage\":\"es\"},{\"@type\":\"Person\",\"@id\":\"https:\\\/\\\/quehacerpolitico.mx\\\/#\\\/schema\\\/person\\\/496d8ad2d1d3f8036101dca7ee39e585\",\"name\":\"Redacci\u00f3n QP\",\"image\":{\"@type\":\"ImageObject\",\"inLanguage\":\"es\",\"@id\":\"https:\\\/\\\/secure.gravatar.com\\\/avatar\\\/c7164ed6fdec453195284ad24a5ae5b6e1eed2b848477fa2a4787ba9adf39a41?s=96&d=mm&r=g\",\"url\":\"https:\\\/\\\/secure.gravatar.com\\\/avatar\\\/c7164ed6fdec453195284ad24a5ae5b6e1eed2b848477fa2a4787ba9adf39a41?s=96&d=mm&r=g\",\"contentUrl\":\"https:\\\/\\\/secure.gravatar.com\\\/avatar\\\/c7164ed6fdec453195284ad24a5ae5b6e1eed2b848477fa2a4787ba9adf39a41?s=96&d=mm&r=g\",\"caption\":\"Redacci\u00f3n QP\"},\"url\":\"https:\\\/\\\/quehacerpolitico.mx\\\/?author=2\"}]}<\/script>\n<!-- \/ Yoast SEO plugin. -->","yoast_head_json":{"title":"Internacionales\/\/\/Carolina Alonso Romei\/\/\/Joe Biden, y su gran rival, el exmandatario\u00a0Donald Trump, se someten a un at\u00edpico \u2018supermartes\u2018 -","robots":{"index":"index","follow":"follow","max-snippet":"max-snippet:-1","max-image-preview":"max-image-preview:large","max-video-preview":"max-video-preview:-1"},"canonical":"https:\/\/quehacerpolitico.mx\/?p=108443","og_locale":"es_MX","og_type":"article","og_title":"Internacionales\/\/\/Carolina Alonso Romei\/\/\/Joe Biden, y su gran rival, el exmandatario\u00a0Donald Trump, se someten a un at\u00edpico \u2018supermartes\u2018 -","og_description":"Por Carolina Alonso Romei Internacionalista El \u2018supermartes\u2019 es el d\u00eda en el que m\u00e1s estados...","og_url":"https:\/\/quehacerpolitico.mx\/?p=108443","article_published_time":"2024-03-05T14:32:09+00:00","article_modified_time":"2024-03-05T14:32:11+00:00","og_image":[{"width":740,"height":414,"url":"https:\/\/quehacerpolitico.mx\/wp-content\/uploads\/2024\/03\/IMG_4056.jpeg","type":"image\/jpeg"}],"author":"Redacci\u00f3n QP","twitter_card":"summary_large_image","twitter_misc":{"Escrito por":"Redacci\u00f3n QP","Tiempo de lectura":"3 minutos"},"schema":{"@context":"https:\/\/schema.org","@graph":[{"@type":"Article","@id":"https:\/\/quehacerpolitico.mx\/?p=108443#article","isPartOf":{"@id":"https:\/\/quehacerpolitico.mx\/?p=108443"},"author":{"name":"Redacci\u00f3n QP","@id":"https:\/\/quehacerpolitico.mx\/#\/schema\/person\/496d8ad2d1d3f8036101dca7ee39e585"},"headline":"Internacionales\/\/\/Carolina Alonso Romei\/\/\/Joe Biden, y su gran rival, el exmandatario\u00a0Donald Trump, se someten a un at\u00edpico \u2018supermartes\u2018","datePublished":"2024-03-05T14:32:09+00:00","dateModified":"2024-03-05T14:32:11+00:00","mainEntityOfPage":{"@id":"https:\/\/quehacerpolitico.mx\/?p=108443"},"wordCount":646,"commentCount":0,"image":{"@id":"https:\/\/quehacerpolitico.mx\/?p=108443#primaryimage"},"thumbnailUrl":"https:\/\/quehacerpolitico.mx\/wp-content\/uploads\/2024\/03\/IMG_4056.jpeg","articleSection":["Internacionales"],"inLanguage":"es","potentialAction":[{"@type":"CommentAction","name":"Comment","target":["https:\/\/quehacerpolitico.mx\/?p=108443#respond"]}]},{"@type":"WebPage","@id":"https:\/\/quehacerpolitico.mx\/?p=108443","url":"https:\/\/quehacerpolitico.mx\/?p=108443","name":"Internacionales\/\/\/Carolina Alonso Romei\/\/\/Joe Biden, y su gran rival, el exmandatario\u00a0Donald Trump, se someten a un at\u00edpico \u2018supermartes\u2018 -","isPartOf":{"@id":"https:\/\/quehacerpolitico.mx\/#website"},"primaryImageOfPage":{"@id":"https:\/\/quehacerpolitico.mx\/?p=108443#primaryimage"},"image":{"@id":"https:\/\/quehacerpolitico.mx\/?p=108443#primaryimage"},"thumbnailUrl":"https:\/\/quehacerpolitico.mx\/wp-content\/uploads\/2024\/03\/IMG_4056.jpeg","datePublished":"2024-03-05T14:32:09+00:00","dateModified":"2024-03-05T14:32:11+00:00","author":{"@id":"https:\/\/quehacerpolitico.mx\/#\/schema\/person\/496d8ad2d1d3f8036101dca7ee39e585"},"breadcrumb":{"@id":"https:\/\/quehacerpolitico.mx\/?p=108443#breadcrumb"},"inLanguage":"es","potentialAction":[{"@type":"ReadAction","target":["https:\/\/quehacerpolitico.mx\/?p=108443"]}]},{"@type":"ImageObject","inLanguage":"es","@id":"https:\/\/quehacerpolitico.mx\/?p=108443#primaryimage","url":"https:\/\/quehacerpolitico.mx\/wp-content\/uploads\/2024\/03\/IMG_4056.jpeg","contentUrl":"https:\/\/quehacerpolitico.mx\/wp-content\/uploads\/2024\/03\/IMG_4056.jpeg","width":740,"height":414},{"@type":"BreadcrumbList","@id":"https:\/\/quehacerpolitico.mx\/?p=108443#breadcrumb","itemListElement":[{"@type":"ListItem","position":1,"name":"Inicio","item":"https:\/\/quehacerpolitico.mx\/"},{"@type":"ListItem","position":2,"name":"Internacionales\/\/\/Carolina Alonso Romei\/\/\/Joe Biden, y su gran rival, el exmandatario\u00a0Donald Trump, se someten a un at\u00edpico \u2018supermartes\u2018"}]},{"@type":"WebSite","@id":"https:\/\/quehacerpolitico.mx\/#website","url":"https:\/\/quehacerpolitico.mx\/","name":"","description":"","potentialAction":[{"@type":"SearchAction","target":{"@type":"EntryPoint","urlTemplate":"https:\/\/quehacerpolitico.mx\/?s={search_term_string}"},"query-input":{"@type":"PropertyValueSpecification","valueRequired":true,"valueName":"search_term_string"}}],"inLanguage":"es"},{"@type":"Person","@id":"https:\/\/quehacerpolitico.mx\/#\/schema\/person\/496d8ad2d1d3f8036101dca7ee39e585","name":"Redacci\u00f3n QP","image":{"@type":"ImageObject","inLanguage":"es","@id":"https:\/\/secure.gravatar.com\/avatar\/c7164ed6fdec453195284ad24a5ae5b6e1eed2b848477fa2a4787ba9adf39a41?s=96&d=mm&r=g","url":"https:\/\/secure.gravatar.com\/avatar\/c7164ed6fdec453195284ad24a5ae5b6e1eed2b848477fa2a4787ba9adf39a41?s=96&d=mm&r=g","contentUrl":"https:\/\/secure.gravatar.com\/avatar\/c7164ed6fdec453195284ad24a5ae5b6e1eed2b848477fa2a4787ba9adf39a41?s=96&d=mm&r=g","caption":"Redacci\u00f3n QP"},"url":"https:\/\/quehacerpolitico.mx\/?author=2"}]}},"featured_image_urls":{"full":["https:\/\/quehacerpolitico.mx\/wp-content\/uploads\/2024\/03\/IMG_4056.jpeg",740,414,false],"thumbnail":["https:\/\/quehacerpolitico.mx\/wp-content\/uploads\/2024\/03\/IMG_4056-150x150.jpeg",150,150,true],"medium":["https:\/\/quehacerpolitico.mx\/wp-content\/uploads\/2024\/03\/IMG_4056-300x168.jpeg",300,168,true],"medium_large":["https:\/\/quehacerpolitico.mx\/wp-content\/uploads\/2024\/03\/IMG_4056.jpeg",640,358,false],"large":["https:\/\/quehacerpolitico.mx\/wp-content\/uploads\/2024\/03\/IMG_4056.jpeg",640,358,false],"1536x1536":["https:\/\/quehacerpolitico.mx\/wp-content\/uploads\/2024\/03\/IMG_4056.jpeg",740,414,false],"2048x2048":["https:\/\/quehacerpolitico.mx\/wp-content\/uploads\/2024\/03\/IMG_4056.jpeg",740,414,false],"covernews-featured":["https:\/\/quehacerpolitico.mx\/wp-content\/uploads\/2024\/03\/IMG_4056.jpeg",740,414,false],"covernews-medium":["https:\/\/quehacerpolitico.mx\/wp-content\/uploads\/2024\/03\/IMG_4056.jpeg",540,302,false]},"author_info":{"display_name":"Redacci\u00f3n QP","author_link":"https:\/\/quehacerpolitico.mx\/?author=2"},"category_info":"<a href=\"https:\/\/quehacerpolitico.mx\/?cat=1\" rel=\"category\">Internacionales<\/a>","tag_info":"Internacionales","comment_count":"0","_links":{"self":[{"href":"https:\/\/quehacerpolitico.mx\/index.php?rest_route=\/wp\/v2\/posts\/108443","targetHints":{"allow":["GET"]}}],"collection":[{"href":"https:\/\/quehacerpolitico.mx\/index.php?rest_route=\/wp\/v2\/posts"}],"about":[{"href":"https:\/\/quehacerpolitico.mx\/index.php?rest_route=\/wp\/v2\/types\/post"}],"author":[{"embeddable":true,"href":"https:\/\/quehacerpolitico.mx\/index.php?rest_route=\/wp\/v2\/users\/2"}],"replies":[{"embeddable":true,"href":"https:\/\/quehacerpolitico.mx\/index.php?rest_route=%2Fwp%2Fv2%2Fcomments&post=108443"}],"version-history":[{"count":1,"href":"https:\/\/quehacerpolitico.mx\/index.php?rest_route=\/wp\/v2\/posts\/108443\/revisions"}],"predecessor-version":[{"id":108445,"href":"https:\/\/quehacerpolitico.mx\/index.php?rest_route=\/wp\/v2\/posts\/108443\/revisions\/108445"}],"wp:featuredmedia":[{"embeddable":true,"href":"https:\/\/quehacerpolitico.mx\/index.php?rest_route=\/wp\/v2\/media\/108444"}],"wp:attachment":[{"href":"https:\/\/quehacerpolitico.mx\/index.php?rest_route=%2Fwp%2Fv2%2Fmedia&parent=108443"}],"wp:term":[{"taxonomy":"category","embeddable":true,"href":"https:\/\/quehacerpolitico.mx\/index.php?rest_route=%2Fwp%2Fv2%2Fcategories&post=108443"},{"taxonomy":"post_tag","embeddable":true,"href":"https:\/\/quehacerpolitico.mx\/index.php?rest_route=%2Fwp%2Fv2%2Ftags&post=108443"}],"curies":[{"name":"wp","href":"https:\/\/api.w.org\/{rel}","templated":true}]}}