{"id":108433,"date":"2024-03-04T20:51:45","date_gmt":"2024-03-04T20:51:45","guid":{"rendered":"https:\/\/quehacerpolitico.mx\/?p=108433"},"modified":"2024-03-04T20:51:47","modified_gmt":"2024-03-04T20:51:47","slug":"el-cancer-colorrectal-se-convierte-en-la-principal-causa-de-muerte-en-mexico","status":"publish","type":"post","link":"https:\/\/quehacerpolitico.mx\/?p=108433","title":{"rendered":"El c\u00e1ncer colorrectal se convierte en la principal causa de muerte en M\u00e9xico"},"content":{"rendered":"\n<p>Por Redacci\u00f3n QP<\/p>\n\n\n\n<p>La Asociaci\u00f3n Mexicana de Lucha Contra el C\u00e1ncer\u00a0revel\u00f3\u00a0que el c\u00e1ncer colorrectal super\u00f3\u00a0a otros\u00a0tipos de c\u00e1ncer<\/p>\n\n\n\n<p>El\u00a0gerente de vinculaci\u00f3n y asuntos p\u00fablicos de la\u00a0Asociaci\u00f3n Mexicana de Lucha Contra el C\u00e1ncer (AMLCC),\u00a0Luis Acevedo,\u00a0indic\u00f3 que el c\u00e1ncer colorrectal sorprendentemente\u00a0es la principal causa de muerte en M\u00e9xico.<\/p>\n\n\n\n<p>Durante la presentaci\u00f3n del libro Acci\u00f3n Conjunta contra el C\u00e1ncer:&nbsp;una deuda con la salud de los mexicanos, se revel\u00f3&nbsp;que el c\u00e1ncer colorrectal supero a otros&nbsp;tipos de c\u00e1ncercomo&nbsp;el de pr\u00f3stata, que encabez\u00f3&nbsp;la lista&nbsp;hasta el 2023,&nbsp;como la nueva principal causa de muerte.&nbsp;Este cambio&nbsp;<strong>acent\u00faa la necesidad urgente de tomar conciencia en cuanto a la dieta y el estilo de vida que pueden contribuir al desarrollo de esta&nbsp;enfermedad.<\/strong><\/p>\n\n\n\n<p>De la misma manera, el dato sobre<strong>\u00a0el posicionamiento del c\u00e1ncer\u00a0fue revelado d\u00edas previos al D\u00eda Mundial del C\u00e1ncer.<\/strong>\u00a0&#8220;Nos brinc\u00f3 en M\u00e9xico que hab\u00eda habido un cambio en t\u00e9rminos de los c\u00e1nceres m\u00e1s letales&#8221;, mencion\u00f3 Acevedo.<\/p>\n\n\n\n<figure class=\"wp-block-embed is-type-video is-provider-youtube wp-block-embed-youtube wp-embed-aspect-16-9 wp-has-aspect-ratio\"><div class=\"wp-block-embed__wrapper\">\n<iframe loading=\"lazy\" title=\"S\u00edntomas del c\u00e1ncer de colon\" width=\"640\" height=\"360\" src=\"https:\/\/www.youtube.com\/embed\/v-OE40hbNLA?feature=oembed\" frameborder=\"0\" allow=\"accelerometer; autoplay; clipboard-write; encrypted-media; gyroscope; picture-in-picture; web-share\" referrerpolicy=\"strict-origin-when-cross-origin\" allowfullscreen><\/iframe>\n<\/div><\/figure>\n\n\n\n<p>As\u00ed mismo, en una charla con periodistas,\u00a0la AMLCC asegur\u00f3 que\u00a0buscan llevar a candidatos a la presidencia, diputados y otros actores que participen en elecciones, los pendientes\u00a0en salud de M\u00e9xico.<\/p>\n\n\n\n<p>Acevedo\u00a0destaca que la batalla contra\u00a0las dietas da\u00f1inas contin\u00faa siendo un desaf\u00edo significativo, ya que afirma\u00a0que\u00a0existe una relaci\u00f3n directa entre\u00a0el consumo excesivo de carbohidratos, grasas animales y alimentos procesados con el aumento de casos de c\u00e1ncer colorrectal, y que a pesar de los esfuerzos\u00a0por etiquetar los productos y promover una alimentaci\u00f3n saludable a\u00fan no se tiene un resultado satisfactorio.<\/p>\n\n\n\n<p>La educaci\u00f3n sobre nutrici\u00f3n desde edades tempranas, propuesta como parte de la soluci\u00f3n, apunta a la necesidad de una campa\u00f1a m\u00e1s fuerte que promueva el retorno a los alimentos naturales y una dieta balanceada.<\/p>\n\n\n\n<p>Y la sorpresiva prevalencia del c\u00e1ncer colorrectal en las estad\u00edsticas m\u00e1s recientes&nbsp;obliga a las autoridades de salud y a la sociedad en general a reconsiderar y reforzar las estrategias de prevenci\u00f3n.<\/p>\n\n\n\n<p>Esta situaci\u00f3n pone en relieve la importancia de normalizar conversaciones y pol\u00edticas enfocadas en mejorar la nutrici\u00f3n, especialmente en entornos cercanos a las escuelas y de integrar la educaci\u00f3n nutricional en los curr\u00edculos escolares desde la infancia.<\/p>\n\n\n\n<p>&#8220;Hay much\u00edsima presi\u00f3n de la industria&#8221;, agreg\u00f3 Acevedo. Si bien el libro no ahonda en las causas del c\u00e1ncer colorrectal,&nbsp;<strong>el conocimiento existente sobre el impacto de la alimentaci\u00f3n orienta que su origen se relaciona con estilos de vida que llevan a una alimentaci\u00f3n perjudicial para la salud.<\/strong><\/p>\n\n\n\n<p>Acevedo ofreci\u00f3 una pista de\u00a0la conexi\u00f3n entre la alimentaci\u00f3n y el c\u00e1ncer colorrectal y tambi\u00e9n hizo un llamado a una acci\u00f3n colectiva para abordar este problema de salud p\u00fablica.\u00a0Con el c\u00e1ncer colorrectal convirti\u00e9ndose en un foco emergente, se hace evidente la necesidad de adaptar y ampliar los esfuerzos de prevenci\u00f3n para enfrentar esta amenaza creciente.<\/p>\n\n\n\n<p>Con informaci\u00f3n de NotiPress<\/p>\n","protected":false},"excerpt":{"rendered":"<p>Por Redacci\u00f3n QP La Asociaci\u00f3n Mexicana de Lucha Contra el C\u00e1ncer\u00a0revel\u00f3\u00a0que el c\u00e1ncer colorrectal super\u00f3\u00a0a&#8230;<\/p>\n","protected":false},"author":2,"featured_media":108434,"comment_status":"open","ping_status":"open","sticky":false,"template":"","format":"standard","meta":{"_monsterinsights_skip_tracking":false,"_monsterinsights_sitenote_active":false,"_monsterinsights_sitenote_note":"","_monsterinsights_sitenote_category":0,"footnotes":""},"categories":[2],"tags":[],"class_list":["post-108433","post","type-post","status-publish","format-standard","has-post-thumbnail","hentry","category-noticias"],"yoast_head":"<!-- This site is optimized with the Yoast SEO plugin v27.3 - https:\/\/yoast.com\/product\/yoast-seo-wordpress\/ -->\n<title>El c\u00e1ncer colorrectal se convierte en la principal causa de muerte en M\u00e9xico -<\/title>\n<meta name=\"robots\" content=\"index, follow, max-snippet:-1, max-image-preview:large, max-video-preview:-1\" \/>\n<link rel=\"canonical\" href=\"https:\/\/quehacerpolitico.mx\/?p=108433\" \/>\n<meta property=\"og:locale\" content=\"es_MX\" \/>\n<meta property=\"og:type\" content=\"article\" \/>\n<meta property=\"og:title\" content=\"El c\u00e1ncer colorrectal se convierte en la principal causa de muerte en M\u00e9xico -\" \/>\n<meta property=\"og:description\" content=\"Por Redacci\u00f3n QP La Asociaci\u00f3n Mexicana de Lucha Contra el C\u00e1ncer\u00a0revel\u00f3\u00a0que el c\u00e1ncer colorrectal super\u00f3\u00a0a...\" \/>\n<meta property=\"og:url\" content=\"https:\/\/quehacerpolitico.mx\/?p=108433\" \/>\n<meta property=\"article:published_time\" content=\"2024-03-04T20:51:45+00:00\" \/>\n<meta property=\"article:modified_time\" content=\"2024-03-04T20:51:47+00:00\" \/>\n<meta property=\"og:image\" content=\"https:\/\/quehacerpolitico.mx\/wp-content\/uploads\/2024\/03\/IMG_4046.jpeg\" \/>\n\t<meta property=\"og:image:width\" content=\"716\" \/>\n\t<meta property=\"og:image:height\" content=\"428\" \/>\n\t<meta property=\"og:image:type\" content=\"image\/jpeg\" \/>\n<meta name=\"author\" content=\"Redacci\u00f3n QP\" \/>\n<meta name=\"twitter:card\" content=\"summary_large_image\" \/>\n<meta name=\"twitter:label1\" content=\"Escrito por\" \/>\n\t<meta name=\"twitter:data1\" content=\"Redacci\u00f3n QP\" \/>\n\t<meta name=\"twitter:label2\" content=\"Tiempo de lectura\" \/>\n\t<meta name=\"twitter:data2\" content=\"3 minutos\" \/>\n<script type=\"application\/ld+json\" class=\"yoast-schema-graph\">{\"@context\":\"https:\\\/\\\/schema.org\",\"@graph\":[{\"@type\":\"Article\",\"@id\":\"https:\\\/\\\/quehacerpolitico.mx\\\/?p=108433#article\",\"isPartOf\":{\"@id\":\"https:\\\/\\\/quehacerpolitico.mx\\\/?p=108433\"},\"author\":{\"name\":\"Redacci\u00f3n QP\",\"@id\":\"https:\\\/\\\/quehacerpolitico.mx\\\/#\\\/schema\\\/person\\\/496d8ad2d1d3f8036101dca7ee39e585\"},\"headline\":\"El c\u00e1ncer colorrectal se convierte en la principal causa de muerte en M\u00e9xico\",\"datePublished\":\"2024-03-04T20:51:45+00:00\",\"dateModified\":\"2024-03-04T20:51:47+00:00\",\"mainEntityOfPage\":{\"@id\":\"https:\\\/\\\/quehacerpolitico.mx\\\/?p=108433\"},\"wordCount\":574,\"commentCount\":0,\"image\":{\"@id\":\"https:\\\/\\\/quehacerpolitico.mx\\\/?p=108433#primaryimage\"},\"thumbnailUrl\":\"https:\\\/\\\/quehacerpolitico.mx\\\/wp-content\\\/uploads\\\/2024\\\/03\\\/IMG_4046.jpeg\",\"articleSection\":[\"Noticias\"],\"inLanguage\":\"es\",\"potentialAction\":[{\"@type\":\"CommentAction\",\"name\":\"Comment\",\"target\":[\"https:\\\/\\\/quehacerpolitico.mx\\\/?p=108433#respond\"]}]},{\"@type\":\"WebPage\",\"@id\":\"https:\\\/\\\/quehacerpolitico.mx\\\/?p=108433\",\"url\":\"https:\\\/\\\/quehacerpolitico.mx\\\/?p=108433\",\"name\":\"El c\u00e1ncer colorrectal se convierte en la principal causa de muerte en M\u00e9xico -\",\"isPartOf\":{\"@id\":\"https:\\\/\\\/quehacerpolitico.mx\\\/#website\"},\"primaryImageOfPage\":{\"@id\":\"https:\\\/\\\/quehacerpolitico.mx\\\/?p=108433#primaryimage\"},\"image\":{\"@id\":\"https:\\\/\\\/quehacerpolitico.mx\\\/?p=108433#primaryimage\"},\"thumbnailUrl\":\"https:\\\/\\\/quehacerpolitico.mx\\\/wp-content\\\/uploads\\\/2024\\\/03\\\/IMG_4046.jpeg\",\"datePublished\":\"2024-03-04T20:51:45+00:00\",\"dateModified\":\"2024-03-04T20:51:47+00:00\",\"author\":{\"@id\":\"https:\\\/\\\/quehacerpolitico.mx\\\/#\\\/schema\\\/person\\\/496d8ad2d1d3f8036101dca7ee39e585\"},\"breadcrumb\":{\"@id\":\"https:\\\/\\\/quehacerpolitico.mx\\\/?p=108433#breadcrumb\"},\"inLanguage\":\"es\",\"potentialAction\":[{\"@type\":\"ReadAction\",\"target\":[\"https:\\\/\\\/quehacerpolitico.mx\\\/?p=108433\"]}]},{\"@type\":\"ImageObject\",\"inLanguage\":\"es\",\"@id\":\"https:\\\/\\\/quehacerpolitico.mx\\\/?p=108433#primaryimage\",\"url\":\"https:\\\/\\\/quehacerpolitico.mx\\\/wp-content\\\/uploads\\\/2024\\\/03\\\/IMG_4046.jpeg\",\"contentUrl\":\"https:\\\/\\\/quehacerpolitico.mx\\\/wp-content\\\/uploads\\\/2024\\\/03\\\/IMG_4046.jpeg\",\"width\":716,\"height\":428},{\"@type\":\"BreadcrumbList\",\"@id\":\"https:\\\/\\\/quehacerpolitico.mx\\\/?p=108433#breadcrumb\",\"itemListElement\":[{\"@type\":\"ListItem\",\"position\":1,\"name\":\"Inicio\",\"item\":\"https:\\\/\\\/quehacerpolitico.mx\\\/\"},{\"@type\":\"ListItem\",\"position\":2,\"name\":\"El c\u00e1ncer colorrectal se convierte en la principal causa de muerte en M\u00e9xico\"}]},{\"@type\":\"WebSite\",\"@id\":\"https:\\\/\\\/quehacerpolitico.mx\\\/#website\",\"url\":\"https:\\\/\\\/quehacerpolitico.mx\\\/\",\"name\":\"\",\"description\":\"\",\"potentialAction\":[{\"@type\":\"SearchAction\",\"target\":{\"@type\":\"EntryPoint\",\"urlTemplate\":\"https:\\\/\\\/quehacerpolitico.mx\\\/?s={search_term_string}\"},\"query-input\":{\"@type\":\"PropertyValueSpecification\",\"valueRequired\":true,\"valueName\":\"search_term_string\"}}],\"inLanguage\":\"es\"},{\"@type\":\"Person\",\"@id\":\"https:\\\/\\\/quehacerpolitico.mx\\\/#\\\/schema\\\/person\\\/496d8ad2d1d3f8036101dca7ee39e585\",\"name\":\"Redacci\u00f3n QP\",\"image\":{\"@type\":\"ImageObject\",\"inLanguage\":\"es\",\"@id\":\"https:\\\/\\\/secure.gravatar.com\\\/avatar\\\/c7164ed6fdec453195284ad24a5ae5b6e1eed2b848477fa2a4787ba9adf39a41?s=96&d=mm&r=g\",\"url\":\"https:\\\/\\\/secure.gravatar.com\\\/avatar\\\/c7164ed6fdec453195284ad24a5ae5b6e1eed2b848477fa2a4787ba9adf39a41?s=96&d=mm&r=g\",\"contentUrl\":\"https:\\\/\\\/secure.gravatar.com\\\/avatar\\\/c7164ed6fdec453195284ad24a5ae5b6e1eed2b848477fa2a4787ba9adf39a41?s=96&d=mm&r=g\",\"caption\":\"Redacci\u00f3n QP\"},\"url\":\"https:\\\/\\\/quehacerpolitico.mx\\\/?author=2\"}]}<\/script>\n<!-- \/ Yoast SEO plugin. -->","yoast_head_json":{"title":"El c\u00e1ncer colorrectal se convierte en la principal causa de muerte en M\u00e9xico -","robots":{"index":"index","follow":"follow","max-snippet":"max-snippet:-1","max-image-preview":"max-image-preview:large","max-video-preview":"max-video-preview:-1"},"canonical":"https:\/\/quehacerpolitico.mx\/?p=108433","og_locale":"es_MX","og_type":"article","og_title":"El c\u00e1ncer colorrectal se convierte en la principal causa de muerte en M\u00e9xico -","og_description":"Por Redacci\u00f3n QP La Asociaci\u00f3n Mexicana de Lucha Contra el C\u00e1ncer\u00a0revel\u00f3\u00a0que el c\u00e1ncer colorrectal super\u00f3\u00a0a...","og_url":"https:\/\/quehacerpolitico.mx\/?p=108433","article_published_time":"2024-03-04T20:51:45+00:00","article_modified_time":"2024-03-04T20:51:47+00:00","og_image":[{"width":716,"height":428,"url":"https:\/\/quehacerpolitico.mx\/wp-content\/uploads\/2024\/03\/IMG_4046.jpeg","type":"image\/jpeg"}],"author":"Redacci\u00f3n QP","twitter_card":"summary_large_image","twitter_misc":{"Escrito por":"Redacci\u00f3n QP","Tiempo de lectura":"3 minutos"},"schema":{"@context":"https:\/\/schema.org","@graph":[{"@type":"Article","@id":"https:\/\/quehacerpolitico.mx\/?p=108433#article","isPartOf":{"@id":"https:\/\/quehacerpolitico.mx\/?p=108433"},"author":{"name":"Redacci\u00f3n QP","@id":"https:\/\/quehacerpolitico.mx\/#\/schema\/person\/496d8ad2d1d3f8036101dca7ee39e585"},"headline":"El c\u00e1ncer colorrectal se convierte en la principal causa de muerte en M\u00e9xico","datePublished":"2024-03-04T20:51:45+00:00","dateModified":"2024-03-04T20:51:47+00:00","mainEntityOfPage":{"@id":"https:\/\/quehacerpolitico.mx\/?p=108433"},"wordCount":574,"commentCount":0,"image":{"@id":"https:\/\/quehacerpolitico.mx\/?p=108433#primaryimage"},"thumbnailUrl":"https:\/\/quehacerpolitico.mx\/wp-content\/uploads\/2024\/03\/IMG_4046.jpeg","articleSection":["Noticias"],"inLanguage":"es","potentialAction":[{"@type":"CommentAction","name":"Comment","target":["https:\/\/quehacerpolitico.mx\/?p=108433#respond"]}]},{"@type":"WebPage","@id":"https:\/\/quehacerpolitico.mx\/?p=108433","url":"https:\/\/quehacerpolitico.mx\/?p=108433","name":"El c\u00e1ncer colorrectal se convierte en la principal causa de muerte en M\u00e9xico -","isPartOf":{"@id":"https:\/\/quehacerpolitico.mx\/#website"},"primaryImageOfPage":{"@id":"https:\/\/quehacerpolitico.mx\/?p=108433#primaryimage"},"image":{"@id":"https:\/\/quehacerpolitico.mx\/?p=108433#primaryimage"},"thumbnailUrl":"https:\/\/quehacerpolitico.mx\/wp-content\/uploads\/2024\/03\/IMG_4046.jpeg","datePublished":"2024-03-04T20:51:45+00:00","dateModified":"2024-03-04T20:51:47+00:00","author":{"@id":"https:\/\/quehacerpolitico.mx\/#\/schema\/person\/496d8ad2d1d3f8036101dca7ee39e585"},"breadcrumb":{"@id":"https:\/\/quehacerpolitico.mx\/?p=108433#breadcrumb"},"inLanguage":"es","potentialAction":[{"@type":"ReadAction","target":["https:\/\/quehacerpolitico.mx\/?p=108433"]}]},{"@type":"ImageObject","inLanguage":"es","@id":"https:\/\/quehacerpolitico.mx\/?p=108433#primaryimage","url":"https:\/\/quehacerpolitico.mx\/wp-content\/uploads\/2024\/03\/IMG_4046.jpeg","contentUrl":"https:\/\/quehacerpolitico.mx\/wp-content\/uploads\/2024\/03\/IMG_4046.jpeg","width":716,"height":428},{"@type":"BreadcrumbList","@id":"https:\/\/quehacerpolitico.mx\/?p=108433#breadcrumb","itemListElement":[{"@type":"ListItem","position":1,"name":"Inicio","item":"https:\/\/quehacerpolitico.mx\/"},{"@type":"ListItem","position":2,"name":"El c\u00e1ncer colorrectal se convierte en la principal causa de muerte en M\u00e9xico"}]},{"@type":"WebSite","@id":"https:\/\/quehacerpolitico.mx\/#website","url":"https:\/\/quehacerpolitico.mx\/","name":"","description":"","potentialAction":[{"@type":"SearchAction","target":{"@type":"EntryPoint","urlTemplate":"https:\/\/quehacerpolitico.mx\/?s={search_term_string}"},"query-input":{"@type":"PropertyValueSpecification","valueRequired":true,"valueName":"search_term_string"}}],"inLanguage":"es"},{"@type":"Person","@id":"https:\/\/quehacerpolitico.mx\/#\/schema\/person\/496d8ad2d1d3f8036101dca7ee39e585","name":"Redacci\u00f3n QP","image":{"@type":"ImageObject","inLanguage":"es","@id":"https:\/\/secure.gravatar.com\/avatar\/c7164ed6fdec453195284ad24a5ae5b6e1eed2b848477fa2a4787ba9adf39a41?s=96&d=mm&r=g","url":"https:\/\/secure.gravatar.com\/avatar\/c7164ed6fdec453195284ad24a5ae5b6e1eed2b848477fa2a4787ba9adf39a41?s=96&d=mm&r=g","contentUrl":"https:\/\/secure.gravatar.com\/avatar\/c7164ed6fdec453195284ad24a5ae5b6e1eed2b848477fa2a4787ba9adf39a41?s=96&d=mm&r=g","caption":"Redacci\u00f3n QP"},"url":"https:\/\/quehacerpolitico.mx\/?author=2"}]}},"featured_image_urls":{"full":["https:\/\/quehacerpolitico.mx\/wp-content\/uploads\/2024\/03\/IMG_4046.jpeg",716,428,false],"thumbnail":["https:\/\/quehacerpolitico.mx\/wp-content\/uploads\/2024\/03\/IMG_4046-150x150.jpeg",150,150,true],"medium":["https:\/\/quehacerpolitico.mx\/wp-content\/uploads\/2024\/03\/IMG_4046-300x179.jpeg",300,179,true],"medium_large":["https:\/\/quehacerpolitico.mx\/wp-content\/uploads\/2024\/03\/IMG_4046.jpeg",640,383,false],"large":["https:\/\/quehacerpolitico.mx\/wp-content\/uploads\/2024\/03\/IMG_4046.jpeg",640,383,false],"1536x1536":["https:\/\/quehacerpolitico.mx\/wp-content\/uploads\/2024\/03\/IMG_4046.jpeg",716,428,false],"2048x2048":["https:\/\/quehacerpolitico.mx\/wp-content\/uploads\/2024\/03\/IMG_4046.jpeg",716,428,false],"covernews-featured":["https:\/\/quehacerpolitico.mx\/wp-content\/uploads\/2024\/03\/IMG_4046.jpeg",716,428,false],"covernews-medium":["https:\/\/quehacerpolitico.mx\/wp-content\/uploads\/2024\/03\/IMG_4046.jpeg",540,323,false]},"author_info":{"display_name":"Redacci\u00f3n QP","author_link":"https:\/\/quehacerpolitico.mx\/?author=2"},"category_info":"<a href=\"https:\/\/quehacerpolitico.mx\/?cat=2\" rel=\"category\">Noticias<\/a>","tag_info":"Noticias","comment_count":"0","_links":{"self":[{"href":"https:\/\/quehacerpolitico.mx\/index.php?rest_route=\/wp\/v2\/posts\/108433","targetHints":{"allow":["GET"]}}],"collection":[{"href":"https:\/\/quehacerpolitico.mx\/index.php?rest_route=\/wp\/v2\/posts"}],"about":[{"href":"https:\/\/quehacerpolitico.mx\/index.php?rest_route=\/wp\/v2\/types\/post"}],"author":[{"embeddable":true,"href":"https:\/\/quehacerpolitico.mx\/index.php?rest_route=\/wp\/v2\/users\/2"}],"replies":[{"embeddable":true,"href":"https:\/\/quehacerpolitico.mx\/index.php?rest_route=%2Fwp%2Fv2%2Fcomments&post=108433"}],"version-history":[{"count":1,"href":"https:\/\/quehacerpolitico.mx\/index.php?rest_route=\/wp\/v2\/posts\/108433\/revisions"}],"predecessor-version":[{"id":108435,"href":"https:\/\/quehacerpolitico.mx\/index.php?rest_route=\/wp\/v2\/posts\/108433\/revisions\/108435"}],"wp:featuredmedia":[{"embeddable":true,"href":"https:\/\/quehacerpolitico.mx\/index.php?rest_route=\/wp\/v2\/media\/108434"}],"wp:attachment":[{"href":"https:\/\/quehacerpolitico.mx\/index.php?rest_route=%2Fwp%2Fv2%2Fmedia&parent=108433"}],"wp:term":[{"taxonomy":"category","embeddable":true,"href":"https:\/\/quehacerpolitico.mx\/index.php?rest_route=%2Fwp%2Fv2%2Fcategories&post=108433"},{"taxonomy":"post_tag","embeddable":true,"href":"https:\/\/quehacerpolitico.mx\/index.php?rest_route=%2Fwp%2Fv2%2Ftags&post=108433"}],"curies":[{"name":"wp","href":"https:\/\/api.w.org\/{rel}","templated":true}]}}