{"id":108430,"date":"2024-03-04T20:22:54","date_gmt":"2024-03-04T20:22:54","guid":{"rendered":"https:\/\/quehacerpolitico.mx\/?p=108430"},"modified":"2024-03-04T20:22:56","modified_gmt":"2024-03-04T20:22:56","slug":"estas-fueron-las-declaraciones-que-no-le-gustaron-al-presidente-lopez-obrador-del-alto-comisionado-de-la-onu-para-los-derechos-humanos-volker-turk-urgiendo-a-salvaguardar-de-la-violencia-a-las-elecc","status":"publish","type":"post","link":"https:\/\/quehacerpolitico.mx\/?p=108430","title":{"rendered":"Estas fueron las declaraciones que no le gustaron al presidente L\u00f3pez Obrador del alto comisionado de la ONU para los Derechos Humanos, Volker T\u00fcrk, urgiendo a salvaguardar de la violencia a las elecciones en M\u00e9xico"},"content":{"rendered":"\n<p>Por Redacci\u00f3n QP<\/p>\n\n\n\n<p>El alto comisionado de la ONU para los derechos humanos, Volker T\u00fcrk, dijo que se debe proteger la elecciones electorales de M\u00e9xico ante la violencia, sacudidas por una serie de asesinatos de candidatos y funcionarios.<\/p>\n\n\n\n<h3 class=\"wp-block-heading\"><strong>Alto comisionado de la ONU pide proteger elecciones ante violencia en M\u00e9xico<\/strong><\/h3>\n\n\n\n<p>\u201cEste inmenso ejercicio de los derechos pol\u00edticos y civiles debe salvaguardarse de la violencia\u201d, declar\u00f3 T\u00fcrk en el Consejo de Derechos Humanos, reunido en Ginebra.<\/p>\n\n\n\n<p>Record\u00f3 que en junio se celebrar\u00e1n comicios que, en conjunto, supondr\u00e1n la elecci\u00f3n de m\u00e1s de 20 mil funcionarios p\u00fablicos, incluido el Presidente; as\u00ed como los integrantes de las c\u00e1maras de Senadores y Diputados y un amplio abanico de representantes y autoridades estatales y locales.<\/p>\n\n\n\n<figure class=\"wp-block-embed is-type-rich is-provider-twitter wp-block-embed-twitter\"><div class=\"wp-block-embed__wrapper\">\n<blockquote class=\"twitter-tweet\" data-width=\"550\" data-dnt=\"true\"><p lang=\"es\" dir=\"ltr\">En la ma\u00f1ana AMLO se enoj\u00f3 con un alto comisionado de la ONU y lo calific\u00f3 de &quot;tendencioso&quot;.<br><br>\u00bfQu\u00e9 fue lo que dijo Volker T\u00fcrk? Bueno&#8230; \u00c9l s\u00f3lo pidi\u00f3 que se garantizara la seguridad a los candidatos en las <a href=\"https:\/\/twitter.com\/hashtag\/elecciones2024?src=hash&amp;ref_src=twsrc%5Etfw\">#elecciones2024<\/a> y no le gust\u00f3 a <a href=\"https:\/\/twitter.com\/lopezobrador_?ref_src=twsrc%5Etfw\">@lopezobrador_<\/a>. <a href=\"https:\/\/t.co\/oi6b6Y6FxK\">pic.twitter.com\/oi6b6Y6FxK<\/a><\/p>&mdash; Ruido en la Red (@RuidoEnLaRed) <a href=\"https:\/\/twitter.com\/RuidoEnLaRed\/status\/1764729907349770294?ref_src=twsrc%5Etfw\">March 4, 2024<\/a><\/blockquote><script async src=\"https:\/\/platform.twitter.com\/widgets.js\" charset=\"utf-8\"><\/script>\n<\/div><\/figure>\n\n\n\n<p>Seg\u00fan datos recopilados por Data C\u00edvica en M\u00e9xico, desde julio pasado hasta febrero de 2024 se registraron 11 homicidios de candidatos, precandidatos y ex candidatos asesinados; documentados por Data C\u00edvica, una organizaci\u00f3n civil mexicana especializada en el an\u00e1lisis de datos.<\/p>\n\n\n\n<p>A esa cifra debe sumarse la del homicidio de uno de los aspirantes a la alcald\u00eda de Atoyac de \u00c1lvarez, en Guerrero; quien fue asesinado este fin de semana cuando viajaba en su veh\u00edculo.<\/p>\n\n\n\n<p>El n\u00famero de homicidios relacionados con la violencia pol\u00edtico-electoral se eleva a 22 si se tienen en cuenta a funcionarios p\u00fablicos y familiares de los pol\u00edticos.<\/p>\n\n\n\n<h3 class=\"wp-block-heading\"><strong>M\u00e9xico vivir\u00e1 el proceso electoral m\u00e1s amplio de su historia<\/strong><\/h3>\n\n\n\n<p>El gobierno de M\u00e9xico tiene un mecanismo de protecci\u00f3n de candidatos en el que participan varias entidades de seguridad; que tambi\u00e9n est\u00e1 a cargo de la seguridad de funcionarios e instalaciones relacionadas con las elecciones, as\u00ed como del material electoral.<\/p>\n\n\n\n<p>El 2 de junio, M\u00e9xico vivir\u00e1 el proceso electoral m\u00e1s amplio de su historia; al que est\u00e1n convocadas m\u00e1s de 97 millones de personas.<\/p>\n\n\n\n<p>El objetivo es renovar 20 mil 375 cargos federales, incluida la Presidencia de la Rep\u00fablica; los 500 esca\u00f1os de la C\u00e1mara de Diputados y los 128 del Senado, as\u00ed como nueve gobiernos estatales.<\/p>\n","protected":false},"excerpt":{"rendered":"<p>Por Redacci\u00f3n QP El alto comisionado de la ONU para los derechos humanos, Volker T\u00fcrk,&#8230;<\/p>\n","protected":false},"author":2,"featured_media":108431,"comment_status":"open","ping_status":"open","sticky":false,"template":"","format":"standard","meta":{"_monsterinsights_skip_tracking":false,"_monsterinsights_sitenote_active":false,"_monsterinsights_sitenote_note":"","_monsterinsights_sitenote_category":0,"footnotes":""},"categories":[2],"tags":[],"class_list":["post-108430","post","type-post","status-publish","format-standard","has-post-thumbnail","hentry","category-noticias"],"yoast_head":"<!-- This site is optimized with the Yoast SEO plugin v27.3 - https:\/\/yoast.com\/product\/yoast-seo-wordpress\/ -->\n<title>Estas fueron las declaraciones que no le gustaron al presidente L\u00f3pez Obrador del alto comisionado de la ONU para los Derechos Humanos, Volker T\u00fcrk, urgiendo a salvaguardar de la violencia a las elecciones en M\u00e9xico -<\/title>\n<meta name=\"robots\" content=\"index, follow, max-snippet:-1, max-image-preview:large, max-video-preview:-1\" \/>\n<link rel=\"canonical\" href=\"https:\/\/quehacerpolitico.mx\/?p=108430\" \/>\n<meta property=\"og:locale\" content=\"es_MX\" \/>\n<meta property=\"og:type\" content=\"article\" \/>\n<meta property=\"og:title\" content=\"Estas fueron las declaraciones que no le gustaron al presidente L\u00f3pez Obrador del alto comisionado de la ONU para los Derechos Humanos, Volker T\u00fcrk, urgiendo a salvaguardar de la violencia a las elecciones en M\u00e9xico -\" \/>\n<meta property=\"og:description\" content=\"Por Redacci\u00f3n QP El alto comisionado de la ONU para los derechos humanos, Volker T\u00fcrk,...\" \/>\n<meta property=\"og:url\" content=\"https:\/\/quehacerpolitico.mx\/?p=108430\" \/>\n<meta property=\"article:published_time\" content=\"2024-03-04T20:22:54+00:00\" \/>\n<meta property=\"article:modified_time\" content=\"2024-03-04T20:22:56+00:00\" \/>\n<meta property=\"og:image\" content=\"https:\/\/quehacerpolitico.mx\/wp-content\/uploads\/2024\/03\/IMG_4045.jpeg\" \/>\n\t<meta property=\"og:image:width\" content=\"679\" \/>\n\t<meta property=\"og:image:height\" content=\"452\" \/>\n\t<meta property=\"og:image:type\" content=\"image\/jpeg\" \/>\n<meta name=\"author\" content=\"Redacci\u00f3n QP\" \/>\n<meta name=\"twitter:card\" content=\"summary_large_image\" \/>\n<meta name=\"twitter:label1\" content=\"Escrito por\" \/>\n\t<meta name=\"twitter:data1\" content=\"Redacci\u00f3n QP\" \/>\n\t<meta name=\"twitter:label2\" content=\"Tiempo de lectura\" \/>\n\t<meta name=\"twitter:data2\" content=\"2 minutos\" \/>\n<script type=\"application\/ld+json\" class=\"yoast-schema-graph\">{\"@context\":\"https:\\\/\\\/schema.org\",\"@graph\":[{\"@type\":\"Article\",\"@id\":\"https:\\\/\\\/quehacerpolitico.mx\\\/?p=108430#article\",\"isPartOf\":{\"@id\":\"https:\\\/\\\/quehacerpolitico.mx\\\/?p=108430\"},\"author\":{\"name\":\"Redacci\u00f3n QP\",\"@id\":\"https:\\\/\\\/quehacerpolitico.mx\\\/#\\\/schema\\\/person\\\/496d8ad2d1d3f8036101dca7ee39e585\"},\"headline\":\"Estas fueron las declaraciones que no le gustaron al presidente L\u00f3pez Obrador del alto comisionado de la ONU para los Derechos Humanos, Volker T\u00fcrk, urgiendo a salvaguardar de la violencia a las elecciones en M\u00e9xico\",\"datePublished\":\"2024-03-04T20:22:54+00:00\",\"dateModified\":\"2024-03-04T20:22:56+00:00\",\"mainEntityOfPage\":{\"@id\":\"https:\\\/\\\/quehacerpolitico.mx\\\/?p=108430\"},\"wordCount\":402,\"commentCount\":0,\"image\":{\"@id\":\"https:\\\/\\\/quehacerpolitico.mx\\\/?p=108430#primaryimage\"},\"thumbnailUrl\":\"https:\\\/\\\/quehacerpolitico.mx\\\/wp-content\\\/uploads\\\/2024\\\/03\\\/IMG_4045.jpeg\",\"articleSection\":[\"Noticias\"],\"inLanguage\":\"es\",\"potentialAction\":[{\"@type\":\"CommentAction\",\"name\":\"Comment\",\"target\":[\"https:\\\/\\\/quehacerpolitico.mx\\\/?p=108430#respond\"]}]},{\"@type\":\"WebPage\",\"@id\":\"https:\\\/\\\/quehacerpolitico.mx\\\/?p=108430\",\"url\":\"https:\\\/\\\/quehacerpolitico.mx\\\/?p=108430\",\"name\":\"Estas fueron las declaraciones que no le gustaron al presidente L\u00f3pez Obrador del alto comisionado de la ONU para los Derechos Humanos, Volker T\u00fcrk, urgiendo a salvaguardar de la violencia a las elecciones en M\u00e9xico -\",\"isPartOf\":{\"@id\":\"https:\\\/\\\/quehacerpolitico.mx\\\/#website\"},\"primaryImageOfPage\":{\"@id\":\"https:\\\/\\\/quehacerpolitico.mx\\\/?p=108430#primaryimage\"},\"image\":{\"@id\":\"https:\\\/\\\/quehacerpolitico.mx\\\/?p=108430#primaryimage\"},\"thumbnailUrl\":\"https:\\\/\\\/quehacerpolitico.mx\\\/wp-content\\\/uploads\\\/2024\\\/03\\\/IMG_4045.jpeg\",\"datePublished\":\"2024-03-04T20:22:54+00:00\",\"dateModified\":\"2024-03-04T20:22:56+00:00\",\"author\":{\"@id\":\"https:\\\/\\\/quehacerpolitico.mx\\\/#\\\/schema\\\/person\\\/496d8ad2d1d3f8036101dca7ee39e585\"},\"breadcrumb\":{\"@id\":\"https:\\\/\\\/quehacerpolitico.mx\\\/?p=108430#breadcrumb\"},\"inLanguage\":\"es\",\"potentialAction\":[{\"@type\":\"ReadAction\",\"target\":[\"https:\\\/\\\/quehacerpolitico.mx\\\/?p=108430\"]}]},{\"@type\":\"ImageObject\",\"inLanguage\":\"es\",\"@id\":\"https:\\\/\\\/quehacerpolitico.mx\\\/?p=108430#primaryimage\",\"url\":\"https:\\\/\\\/quehacerpolitico.mx\\\/wp-content\\\/uploads\\\/2024\\\/03\\\/IMG_4045.jpeg\",\"contentUrl\":\"https:\\\/\\\/quehacerpolitico.mx\\\/wp-content\\\/uploads\\\/2024\\\/03\\\/IMG_4045.jpeg\",\"width\":679,\"height\":452},{\"@type\":\"BreadcrumbList\",\"@id\":\"https:\\\/\\\/quehacerpolitico.mx\\\/?p=108430#breadcrumb\",\"itemListElement\":[{\"@type\":\"ListItem\",\"position\":1,\"name\":\"Inicio\",\"item\":\"https:\\\/\\\/quehacerpolitico.mx\\\/\"},{\"@type\":\"ListItem\",\"position\":2,\"name\":\"Estas fueron las declaraciones que no le gustaron al presidente L\u00f3pez Obrador del alto comisionado de la ONU para los Derechos Humanos, Volker T\u00fcrk, urgiendo a salvaguardar de la violencia a las elecciones en M\u00e9xico\"}]},{\"@type\":\"WebSite\",\"@id\":\"https:\\\/\\\/quehacerpolitico.mx\\\/#website\",\"url\":\"https:\\\/\\\/quehacerpolitico.mx\\\/\",\"name\":\"\",\"description\":\"\",\"potentialAction\":[{\"@type\":\"SearchAction\",\"target\":{\"@type\":\"EntryPoint\",\"urlTemplate\":\"https:\\\/\\\/quehacerpolitico.mx\\\/?s={search_term_string}\"},\"query-input\":{\"@type\":\"PropertyValueSpecification\",\"valueRequired\":true,\"valueName\":\"search_term_string\"}}],\"inLanguage\":\"es\"},{\"@type\":\"Person\",\"@id\":\"https:\\\/\\\/quehacerpolitico.mx\\\/#\\\/schema\\\/person\\\/496d8ad2d1d3f8036101dca7ee39e585\",\"name\":\"Redacci\u00f3n QP\",\"image\":{\"@type\":\"ImageObject\",\"inLanguage\":\"es\",\"@id\":\"https:\\\/\\\/secure.gravatar.com\\\/avatar\\\/c7164ed6fdec453195284ad24a5ae5b6e1eed2b848477fa2a4787ba9adf39a41?s=96&d=mm&r=g\",\"url\":\"https:\\\/\\\/secure.gravatar.com\\\/avatar\\\/c7164ed6fdec453195284ad24a5ae5b6e1eed2b848477fa2a4787ba9adf39a41?s=96&d=mm&r=g\",\"contentUrl\":\"https:\\\/\\\/secure.gravatar.com\\\/avatar\\\/c7164ed6fdec453195284ad24a5ae5b6e1eed2b848477fa2a4787ba9adf39a41?s=96&d=mm&r=g\",\"caption\":\"Redacci\u00f3n QP\"},\"url\":\"https:\\\/\\\/quehacerpolitico.mx\\\/?author=2\"}]}<\/script>\n<!-- \/ Yoast SEO plugin. -->","yoast_head_json":{"title":"Estas fueron las declaraciones que no le gustaron al presidente L\u00f3pez Obrador del alto comisionado de la ONU para los Derechos Humanos, Volker T\u00fcrk, urgiendo a salvaguardar de la violencia a las elecciones en M\u00e9xico -","robots":{"index":"index","follow":"follow","max-snippet":"max-snippet:-1","max-image-preview":"max-image-preview:large","max-video-preview":"max-video-preview:-1"},"canonical":"https:\/\/quehacerpolitico.mx\/?p=108430","og_locale":"es_MX","og_type":"article","og_title":"Estas fueron las declaraciones que no le gustaron al presidente L\u00f3pez Obrador del alto comisionado de la ONU para los Derechos Humanos, Volker T\u00fcrk, urgiendo a salvaguardar de la violencia a las elecciones en M\u00e9xico -","og_description":"Por Redacci\u00f3n QP El alto comisionado de la ONU para los derechos humanos, Volker T\u00fcrk,...","og_url":"https:\/\/quehacerpolitico.mx\/?p=108430","article_published_time":"2024-03-04T20:22:54+00:00","article_modified_time":"2024-03-04T20:22:56+00:00","og_image":[{"width":679,"height":452,"url":"https:\/\/quehacerpolitico.mx\/wp-content\/uploads\/2024\/03\/IMG_4045.jpeg","type":"image\/jpeg"}],"author":"Redacci\u00f3n QP","twitter_card":"summary_large_image","twitter_misc":{"Escrito por":"Redacci\u00f3n QP","Tiempo de lectura":"2 minutos"},"schema":{"@context":"https:\/\/schema.org","@graph":[{"@type":"Article","@id":"https:\/\/quehacerpolitico.mx\/?p=108430#article","isPartOf":{"@id":"https:\/\/quehacerpolitico.mx\/?p=108430"},"author":{"name":"Redacci\u00f3n QP","@id":"https:\/\/quehacerpolitico.mx\/#\/schema\/person\/496d8ad2d1d3f8036101dca7ee39e585"},"headline":"Estas fueron las declaraciones que no le gustaron al presidente L\u00f3pez Obrador del alto comisionado de la ONU para los Derechos Humanos, Volker T\u00fcrk, urgiendo a salvaguardar de la violencia a las elecciones en M\u00e9xico","datePublished":"2024-03-04T20:22:54+00:00","dateModified":"2024-03-04T20:22:56+00:00","mainEntityOfPage":{"@id":"https:\/\/quehacerpolitico.mx\/?p=108430"},"wordCount":402,"commentCount":0,"image":{"@id":"https:\/\/quehacerpolitico.mx\/?p=108430#primaryimage"},"thumbnailUrl":"https:\/\/quehacerpolitico.mx\/wp-content\/uploads\/2024\/03\/IMG_4045.jpeg","articleSection":["Noticias"],"inLanguage":"es","potentialAction":[{"@type":"CommentAction","name":"Comment","target":["https:\/\/quehacerpolitico.mx\/?p=108430#respond"]}]},{"@type":"WebPage","@id":"https:\/\/quehacerpolitico.mx\/?p=108430","url":"https:\/\/quehacerpolitico.mx\/?p=108430","name":"Estas fueron las declaraciones que no le gustaron al presidente L\u00f3pez Obrador del alto comisionado de la ONU para los Derechos Humanos, Volker T\u00fcrk, urgiendo a salvaguardar de la violencia a las elecciones en M\u00e9xico -","isPartOf":{"@id":"https:\/\/quehacerpolitico.mx\/#website"},"primaryImageOfPage":{"@id":"https:\/\/quehacerpolitico.mx\/?p=108430#primaryimage"},"image":{"@id":"https:\/\/quehacerpolitico.mx\/?p=108430#primaryimage"},"thumbnailUrl":"https:\/\/quehacerpolitico.mx\/wp-content\/uploads\/2024\/03\/IMG_4045.jpeg","datePublished":"2024-03-04T20:22:54+00:00","dateModified":"2024-03-04T20:22:56+00:00","author":{"@id":"https:\/\/quehacerpolitico.mx\/#\/schema\/person\/496d8ad2d1d3f8036101dca7ee39e585"},"breadcrumb":{"@id":"https:\/\/quehacerpolitico.mx\/?p=108430#breadcrumb"},"inLanguage":"es","potentialAction":[{"@type":"ReadAction","target":["https:\/\/quehacerpolitico.mx\/?p=108430"]}]},{"@type":"ImageObject","inLanguage":"es","@id":"https:\/\/quehacerpolitico.mx\/?p=108430#primaryimage","url":"https:\/\/quehacerpolitico.mx\/wp-content\/uploads\/2024\/03\/IMG_4045.jpeg","contentUrl":"https:\/\/quehacerpolitico.mx\/wp-content\/uploads\/2024\/03\/IMG_4045.jpeg","width":679,"height":452},{"@type":"BreadcrumbList","@id":"https:\/\/quehacerpolitico.mx\/?p=108430#breadcrumb","itemListElement":[{"@type":"ListItem","position":1,"name":"Inicio","item":"https:\/\/quehacerpolitico.mx\/"},{"@type":"ListItem","position":2,"name":"Estas fueron las declaraciones que no le gustaron al presidente L\u00f3pez Obrador del alto comisionado de la ONU para los Derechos Humanos, Volker T\u00fcrk, urgiendo a salvaguardar de la violencia a las elecciones en M\u00e9xico"}]},{"@type":"WebSite","@id":"https:\/\/quehacerpolitico.mx\/#website","url":"https:\/\/quehacerpolitico.mx\/","name":"","description":"","potentialAction":[{"@type":"SearchAction","target":{"@type":"EntryPoint","urlTemplate":"https:\/\/quehacerpolitico.mx\/?s={search_term_string}"},"query-input":{"@type":"PropertyValueSpecification","valueRequired":true,"valueName":"search_term_string"}}],"inLanguage":"es"},{"@type":"Person","@id":"https:\/\/quehacerpolitico.mx\/#\/schema\/person\/496d8ad2d1d3f8036101dca7ee39e585","name":"Redacci\u00f3n QP","image":{"@type":"ImageObject","inLanguage":"es","@id":"https:\/\/secure.gravatar.com\/avatar\/c7164ed6fdec453195284ad24a5ae5b6e1eed2b848477fa2a4787ba9adf39a41?s=96&d=mm&r=g","url":"https:\/\/secure.gravatar.com\/avatar\/c7164ed6fdec453195284ad24a5ae5b6e1eed2b848477fa2a4787ba9adf39a41?s=96&d=mm&r=g","contentUrl":"https:\/\/secure.gravatar.com\/avatar\/c7164ed6fdec453195284ad24a5ae5b6e1eed2b848477fa2a4787ba9adf39a41?s=96&d=mm&r=g","caption":"Redacci\u00f3n QP"},"url":"https:\/\/quehacerpolitico.mx\/?author=2"}]}},"featured_image_urls":{"full":["https:\/\/quehacerpolitico.mx\/wp-content\/uploads\/2024\/03\/IMG_4045.jpeg",679,452,false],"thumbnail":["https:\/\/quehacerpolitico.mx\/wp-content\/uploads\/2024\/03\/IMG_4045-150x150.jpeg",150,150,true],"medium":["https:\/\/quehacerpolitico.mx\/wp-content\/uploads\/2024\/03\/IMG_4045-300x200.jpeg",300,200,true],"medium_large":["https:\/\/quehacerpolitico.mx\/wp-content\/uploads\/2024\/03\/IMG_4045.jpeg",640,426,false],"large":["https:\/\/quehacerpolitico.mx\/wp-content\/uploads\/2024\/03\/IMG_4045.jpeg",640,426,false],"1536x1536":["https:\/\/quehacerpolitico.mx\/wp-content\/uploads\/2024\/03\/IMG_4045.jpeg",679,452,false],"2048x2048":["https:\/\/quehacerpolitico.mx\/wp-content\/uploads\/2024\/03\/IMG_4045.jpeg",679,452,false],"covernews-featured":["https:\/\/quehacerpolitico.mx\/wp-content\/uploads\/2024\/03\/IMG_4045.jpeg",679,452,false],"covernews-medium":["https:\/\/quehacerpolitico.mx\/wp-content\/uploads\/2024\/03\/IMG_4045.jpeg",511,340,false]},"author_info":{"display_name":"Redacci\u00f3n QP","author_link":"https:\/\/quehacerpolitico.mx\/?author=2"},"category_info":"<a href=\"https:\/\/quehacerpolitico.mx\/?cat=2\" rel=\"category\">Noticias<\/a>","tag_info":"Noticias","comment_count":"0","_links":{"self":[{"href":"https:\/\/quehacerpolitico.mx\/index.php?rest_route=\/wp\/v2\/posts\/108430","targetHints":{"allow":["GET"]}}],"collection":[{"href":"https:\/\/quehacerpolitico.mx\/index.php?rest_route=\/wp\/v2\/posts"}],"about":[{"href":"https:\/\/quehacerpolitico.mx\/index.php?rest_route=\/wp\/v2\/types\/post"}],"author":[{"embeddable":true,"href":"https:\/\/quehacerpolitico.mx\/index.php?rest_route=\/wp\/v2\/users\/2"}],"replies":[{"embeddable":true,"href":"https:\/\/quehacerpolitico.mx\/index.php?rest_route=%2Fwp%2Fv2%2Fcomments&post=108430"}],"version-history":[{"count":1,"href":"https:\/\/quehacerpolitico.mx\/index.php?rest_route=\/wp\/v2\/posts\/108430\/revisions"}],"predecessor-version":[{"id":108432,"href":"https:\/\/quehacerpolitico.mx\/index.php?rest_route=\/wp\/v2\/posts\/108430\/revisions\/108432"}],"wp:featuredmedia":[{"embeddable":true,"href":"https:\/\/quehacerpolitico.mx\/index.php?rest_route=\/wp\/v2\/media\/108431"}],"wp:attachment":[{"href":"https:\/\/quehacerpolitico.mx\/index.php?rest_route=%2Fwp%2Fv2%2Fmedia&parent=108430"}],"wp:term":[{"taxonomy":"category","embeddable":true,"href":"https:\/\/quehacerpolitico.mx\/index.php?rest_route=%2Fwp%2Fv2%2Fcategories&post=108430"},{"taxonomy":"post_tag","embeddable":true,"href":"https:\/\/quehacerpolitico.mx\/index.php?rest_route=%2Fwp%2Fv2%2Ftags&post=108430"}],"curies":[{"name":"wp","href":"https:\/\/api.w.org\/{rel}","templated":true}]}}